{"id":2118837,"date":"2026-08-30T05:00:11","date_gmt":"2026-08-30T02:00:11","guid":{"rendered":"https:\/\/analyse.optim.biz\/?p=2118837"},"modified":"2026-08-30T05:00:11","modified_gmt":"2026-08-30T02:00:11","slug":"cum-se-pregateste-la-cotroceni-un-guvern-politic-controlat-de-psd-nicusor-dan-l-ar-nominaliza-din-nou-pe-eugen-tomac","status":"publish","type":"post","link":"https:\/\/analyse.optim.biz\/?p=2118837","title":{"rendered":"Cum se preg\u0103te\u0219te la Cotroceni un guvern politic controlat de PSD. Nicu\u0219or Dan l-ar nominaliza din nou pe Eugen Tomac"},"content":{"rendered":"<p>[analyse_image type=&#8221;featured&#8221; src=&#8221;https:\/\/s2.ziareromania.ro\/?mmid=000b856b17c30b5112&#8243;]<\/p>\n<div id=\"article__container\" class=\"news__container news__image__container\">\n<h1 class=\"news__title\" title=\"Cum se preg\u0103te\u0219te la Cotroceni un guvern politic controlat de PSD. Nicu\u0219or Dan l-ar nominaliza din nou pe Eugen Tomac\">Cum se preg\u0103te\u0219te la Cotroceni un guvern politic controlat de PSD. Nicu\u0219or Dan l-ar nominaliza din nou pe Eugen Tomac<\/h1>\n<\/div>\n<div class=\"news__info__content d-flex\">\n<div class=\"d-flex \">\n<div class=\"news__author mar10r\"> Autor: <span><a href=\"https:\/\/ziare.com\/autor\/catalina-sirbu\"> Catalina Sirbu <\/a><\/span><\/div>\n<div class=\"news__publish\">Sambata, 29 August 2026, ora 20:45<\/div>\n<\/div>\n<div class=\"news__views\">3117 citiri<\/div>\n<\/div>\n<div class=\"stanga_stire news__image fleft article__marker\">\n<div class=\"news-image__content news__image__item\"><a class=\"news__image\" data-href=\"https:\/\/s1.ziareromania.ro\/?mmid=000b856b17c30b5112\" data-size=\"960x540\" title=\"Cum se preg\u0103te\u0219te la Cotroceni un guvern politic controlat de PSD. Nicu\u0219or Dan l-ar nominaliza din nou pe Eugen Tomac\"><img decoding=\"async\" src=\"https:\/\/tb.ziareromania.ro\/Cum-se-preg--te--te-la-Cotroceni-un-guvern-politic-controlat-de-PSD--Nicu--or-Dan-l-ar-nominaliza-din-nou-pe-Eugen-Tomac\/000b856b17c30b5112\/400\/225\/2\/100\/Cum-se-preg--te--te-la-Cotroceni-un-guvern-politic-controlat-de-PSD--Nicu--or-Dan-l-ar-nominaliza-din-nou-pe-Eugen-Tomac.jpg\" alt=\"Cum se preg\u0103te\u0219te la Cotroceni un guvern politic controlat de PSD. Nicu\u0219or Dan l-ar nominaliza din nou pe Eugen Tomac\" title=\"Cum se preg\u0103te\u0219te la Cotroceni un guvern politic controlat de PSD. Nicu\u0219or Dan l-ar nominaliza din nou pe Eugen Tomac\" class=\"img-responsive\"><\/a><\/p>\n<div class=\"news__caption\">Nicu\u0219or Dan al\u0103turi de Eugen Tomac &#8211; FOTO: presidency.ro<\/div>\n<\/div>\n<\/div>\n<div class=\"news__content descriere_main article__marker\">\n<p>Pre\u0219edintele Nicu\u0219or Dan a anun\u021bat c\u0103 la \u00eenceputul lunii septembrie va organiza o nou\u0103 rund\u0103 de consult\u0103ri cu partidele pentru desemnarea premierului.<\/p>\n<p>Rom\u00e2nia nu are <a href=\"https:\/\/ziare.com\/politica\/guvern\/\" title=\"guvern\">guvern<\/a> cu puteri depline de 115 zile. S\u0103pt\u0103m\u00e2na viitoare, pre\u0219edintele Nicu\u0219or Dan ar putea desemna un nou premier. <a href=\"https:\/\/ziare.com\/eugen-tomac\/\" title=\"Eugen Tomac\">Eugen Tomac<\/a> ar putea fi din nou nominalizat, potrivit observatornews.ro, astfela m putea avea un Guvern politic, controlat de <a href=\"https:\/\/ziare.com\/psd\/\" title=\"PSD\">PSD<\/a>. Un astfel de Cabinet ar fi votat \u0219i de <a href=\"https:\/\/ziare.com\/udmr\/\" title=\"UDMR\">UDMR<\/a>, spun surse politice, iar maghiarii ar putea avea c\u00e2teva ministere \u00een noul Guvern.<\/p>\n<p>La prima nominalizare, Tomac \u0219i-a depus mandatul \u0219i nu a mai ajuns la votul din Parlament. \u00cen c\u0103r\u021bi pentru pozi\u021bia de Prim Ministru r\u0103m\u00e2n \u0219i liderul <a href=\"https:\/\/ziare.com\/politica\/psd\/\" title=\"PSD\">PSD<\/a>, <a href=\"https:\/\/ziare.com\/sorin-grindeanu\/\" title=\"Sorin Grindeanu\">Sorin Grindeanu<\/a>, dar \u0219i ministrul Finan\u021belor, <a href=\"https:\/\/ziare.com\/alexandru-nazare\/\" title=\"Alexandru Nazare\">Alexandru Nazare<\/a>.<\/p>\n<\/div>\n<p>Surse citat\u0103 scrie c\u0103 pre\u0219edintele Nicu\u0219or Dan ar vrea s\u0103-\u0219i impun\u0103 favori\u021bii la Ministerul Ap\u0103r\u0103rii \u0219i Ministerul de Externe, dar numele ar trebui agreate de social-democra\u021bi.<\/p>\n<h2>Ce spune pre\u0219edintele<\/h2>\n<p>\u0218eful statului a explicat, joi seara, \u00een cadrul unei conferin\u021be de pres\u0103 sus\u021binut\u0103 la Ambasada Rom\u00e2niei la Chi\u0219in\u0103u, c\u0103 o eventual\u0103 nominalizare urmat\u0103 de un nou e\u0219ec \u00een Parlament ar fi transmis un semnal negativ inclusiv agen\u021biilor de rating.<\/p>\n<p>&#8216;Cred c\u0103 con\u0219tientiz\u0103m cu to\u021bii c\u0103 ar fi fost bine ca varianta Tomac s\u0103 treac\u0103 acum 3 sau 4 luni, c\u00e2nd a fost, s\u0103 nu facem toat\u0103 aceast\u0103 echilibristic\u0103 cu Parlamentul, cu sesiuni extraordinare&#8217;, a declarat pre\u0219edintele Nicu\u0219or Dan.<\/p>\n<p>Nicu\u0219or Dan a declarat totodat\u0103 c\u0103 dup\u0103 primele dou\u0103 nominaliz\u0103ri de premier a concluzionat c\u0103 nu exist\u0103 suficiente \u0219anse pentru formarea unei majorit\u0103\u021bi \u00een perioada vacan\u021bei parlamentare.<\/p>\n<p>&#8216;Dup\u0103 cele dou\u0103 nominaliz\u0103ri am realizat c\u0103 nu exist\u0103 \u0219anse de majoritate pe perioada vacan\u021bei parlamentare \u0219i atunci, inclusiv din perspectiva agen\u021biilor de rating care urmau s\u0103 vin\u0103 s\u0103 evalueze Rom\u00e2nia, ar fi fost tare nefericit c\u0103 \u0219tirile din presa global\u0103 s\u0103 fie: al treilea guvern n-a fost investit, al patrulea guvern n-a fost investit \u00een Rom\u00e2nia, \u0103sta e motivul pentru care pe lunile iulie-august, \u00een afar\u0103 de discu\u021bii permanente, ca s\u0103 spun, cu partidele politice, n-am f\u0103cut o desemnare. Acum, imediat, la 1 septembrie, o s\u0103 avem o nou\u0103 consultare, o s\u0103 vedem, formal\u0103 sau informal\u0103, \u0219i eu cred c\u0103 vom g\u0103si o majoritate pentru un guvern care s\u0103 fie stabil\u0103&#8217;, a r\u0103spuns jurnali\u0219tilor pre\u0219edintele Nicu\u0219or Dan.<\/p>\n","protected":false},"excerpt":{"rendered":"<p>[analyse_image type=&#8221;featured&#8221; src=&#8221;https:\/\/s2.ziareromania.ro\/?mmid=000b856b17c30b5112&#8243;] Cum se preg\u0103te\u0219te la Cotroceni un guvern politic controlat de PSD. Nicu\u0219or Dan l-ar nominaliza din nou pe Eugen Tomac Autor: Catalina Sirbu Sambata, 29 August 2026, ora 20:45 3117 citiri Nicu\u0219or Dan al\u0103turi de Eugen Tomac &#8211; FOTO: presidency.ro Pre\u0219edintele Nicu\u0219or Dan a anun\u021bat c\u0103 la \u00eenceputul lunii septembrie va organiza [&hellip;]<\/p>\n","protected":false},"author":1,"featured_media":0,"comment_status":"open","ping_status":"","sticky":false,"template":"","format":"standard","meta":{"footnotes":""},"categories":[89],"tags":[226,22],"class_list":["post-2118837","post","type-post","status-publish","format-standard","hentry","category-romania","tag-crawlmanager","tag-ziare-com"],"_links":{"self":[{"href":"https:\/\/analyse.optim.biz\/index.php?rest_route=\/wp\/v2\/posts\/2118837","targetHints":{"allow":["GET"]}}],"collection":[{"href":"https:\/\/analyse.optim.biz\/index.php?rest_route=\/wp\/v2\/posts"}],"about":[{"href":"https:\/\/analyse.optim.biz\/index.php?rest_route=\/wp\/v2\/types\/post"}],"author":[{"embeddable":true,"href":"https:\/\/analyse.optim.biz\/index.php?rest_route=\/wp\/v2\/users\/1"}],"replies":[{"embeddable":true,"href":"https:\/\/analyse.optim.biz\/index.php?rest_route=%2Fwp%2Fv2%2Fcomments&post=2118837"}],"version-history":[{"count":0,"href":"https:\/\/analyse.optim.biz\/index.php?rest_route=\/wp\/v2\/posts\/2118837\/revisions"}],"wp:attachment":[{"href":"https:\/\/analyse.optim.biz\/index.php?rest_route=%2Fwp%2Fv2%2Fmedia&parent=2118837"}],"wp:term":[{"taxonomy":"category","embeddable":true,"href":"https:\/\/analyse.optim.biz\/index.php?rest_route=%2Fwp%2Fv2%2Fcategories&post=2118837"},{"taxonomy":"post_tag","embeddable":true,"href":"https:\/\/analyse.optim.biz\/index.php?rest_route=%2Fwp%2Fv2%2Ftags&post=2118837"}],"curies":[{"name":"wp","href":"https:\/\/api.w.org\/{rel}","templated":true}]}}