{"id":2118835,"date":"2026-08-30T04:56:40","date_gmt":"2026-08-30T01:56:40","guid":{"rendered":"https:\/\/analyse.optim.biz\/?p=2118835"},"modified":"2026-08-30T04:56:40","modified_gmt":"2026-08-30T01:56:40","slug":"tensiunile-dintre-turcia-si-israel-cresc-pe-fondul-luptei-pentru-influenta-in-regiune","status":"publish","type":"post","link":"https:\/\/analyse.optim.biz\/?p=2118835","title":{"rendered":"Tensiunile dintre Turcia \u0219i Israel cresc pe fondul luptei pentru influen\u021b\u0103 \u00een regiune"},"content":{"rendered":"<p>[analyse_image type=&#8221;featured&#8221; src=&#8221;https:\/\/s2.ziareromania.ro\/?mmid=133b056a755c863a8c&#8221;]<\/p>\n<div id=\"article__container\" class=\"news__container news__image__container\">\n<h1 class=\"news__title\" title=\"Tensiunile dintre Turcia \u0219i Israel cresc pe fondul luptei pentru influen\u021b\u0103 \u00een regiune\">Tensiunile dintre Turcia \u0219i Israel cresc pe fondul luptei pentru influen\u021b\u0103 \u00een regiune<\/h1>\n<\/div>\n<div class=\"news__info__content d-flex\">\n<div class=\"d-flex \">\n<div class=\"news__author mar10r\"> Autor: <span><a href=\"https:\/\/ziare.com\/autor\/veronica-andrei\"> Veronica Andrei <\/a><\/span><\/div>\n<div class=\"news__publish\">Sambata, 29 August 2026, ora 20:28<\/div>\n<\/div>\n<div class=\"news__views\">1547 citiri<\/div>\n<\/div>\n<div class=\"stanga_stire news__image fleft article__marker\">\n<div class=\"news-image__content news__image__item\"><a class=\"news__image\" data-href=\"https:\/\/s2.ziareromania.ro\/?mmid=133b056a755c863a8c\" data-size=\"1024x576\" title=\"Tensiunile dintre Turcia \u0219i Israel cresc pe fondul luptei pentru influen\u021b\u0103 \u00een regiune\"><img decoding=\"async\" src=\"https:\/\/tb.ziareromania.ro\/Tensiunile-dintre-Turcia---i-Israel-cresc-pe-fondul-luptei-pentru-influen-------n-regiune\/133b056a755c863a8c\/400\/225\/2\/100\/Tensiunile-dintre-Turcia---i-Israel-cresc-pe-fondul-luptei-pentru-influen-------n-regiune.jpg\" alt=\"Tensiunile dintre Turcia \u0219i Israel cresc pe fondul luptei pentru influen\u021b\u0103 \u00een regiune\" title=\"Tensiunile dintre Turcia \u0219i Israel cresc pe fondul luptei pentru influen\u021b\u0103 \u00een regiune\" class=\"img-responsive\"><\/a><\/p>\n<div class=\"news__caption\">Recept Erdogan \u0219i Benjamin Netanyahu\/ FOTO:X\/@CerfiaFR<\/div>\n<\/div>\n<\/div>\n<div class=\"news__content descriere_main article__marker\">\n<p>Rela\u021biile dintre <a href=\"https:\/\/ziare.com\/international\/turcia\/\" title=\"Turcia\">Turcia<\/a> \u0219i <a href=\"https:\/\/ziare.com\/international\/israel\/\" title=\"Israel\">Israel<\/a> se afl\u0103 \u00eentr-unul dintre cele mai tensionate momente din ultimii ani. Rivalitatea dintre cele dou\u0103 puteri regionale se extinde de la <a href=\"https:\/\/ziare.com\/international\/siria\/\" title=\"Siria\">Siria<\/a> \u0219i <a href=\"https:\/\/ziare.com\/international\/gaza\/\" title=\"Gaza\">Gaza<\/a> p\u00e2n\u0103 \u00een estul Mediteranei \u0219i Cornul Africii, iar recentele confrunt\u0103ri diplomatice \u0219i militare ridic\u0103 temeri privind riscul unor incidente directe.<\/p>\n<p>Atacul Israelului asupra unei baze militare din Siria, despre care oficialii israelieni spun c\u0103 a avut rolul de a preveni o posibil\u0103 desf\u0103\u0219urare de <a href=\"https:\/\/ziare.com\/international\/trupe\/\" title=\"trupe\">trupe<\/a> turce\u0219ti, este cel mai recent episod al rivalit\u0103\u021bii tot mai accentuate dintre cele dou\u0103 \u021b\u0103ri, scrie The New York Times.<\/p>\n<p>Pre\u0219edintele Turciei, Recep Tayyip Erdogan, a descris \u00een ultimii ani Israelul drept un \u201estat terorist\u201d, l-a comparat pe premierul <a href=\"https:\/\/ziare.com\/benjamin-netanyahu\/\" title=\"Benjamin Netanyahu\">Benjamin Netanyahu<\/a> cu <a href=\"https:\/\/ziare.com\/international\/adolf-hitler\/\" title=\"Adolf Hitler\">Adolf Hitler<\/a> \u0219i a sugerat chiar posibilitatea unei interven\u021bii militare turce \u00een Israel.<\/p>\n<\/div>\n<p>La r\u00e2ndul s\u0103u, Benjamin Netanyahu l-a numit pe Erdogan un \u201edictator antisemit\u201d, \u00een timp ce membri ai guvernului israelian au acuzat Turcia c\u0103 sprijin\u0103 terorismul \u0219i se comport\u0103 ca \u201eun stat inamic\u201d.<\/p>\n<p>Schimbul de acuza\u021bii este cea mai vizibil\u0103 manifestare a unei rivalit\u0103\u021bi \u00een cre\u0219tere \u00eentre Turcia \u0219i Israel. Anali\u0219tii \u0219i oficialii se tem c\u0103 aceasta ar putea amplifica instabilitatea \u00eentr-un Orient Mijlociu deja afectat de r\u0103zboaiele \u0219i consecin\u021bele acestora \u00een Siria, <a href=\"https:\/\/ziare.com\/international\/liban\/\" title=\"Liban\">Liban<\/a>, Gaza \u0219i <a href=\"https:\/\/ziare.com\/international\/iran\/\" title=\"Iran\">Iran<\/a>.<\/p>\n<p>At\u00e2t Turcia, c\u00e2t \u0219i Israelul sunt alia\u021bi ai Statelor Unite \u0219i au rela\u021bii apropiate cu administra\u021bia Trump. Cele dou\u0103 \u021b\u0103ri au \u00eens\u0103 viziuni strategice tot mai diferite asupra Orientului Mijlociu, Cornului Africii \u0219i Mediteranei de Est.<\/p>\n<p>Ambele dispun de armate puternice \u0219i \u00ee\u0219i extind activitatea militar\u0103 dincolo de propriile frontiere.<\/p>\n<p>\u201eO competi\u021bie \u0219i o rivalitate geostrategic\u0103 devin inevitabile\u201d, spune Ziya Meral, director al Raven Research and Advisory, o firm\u0103 de consultan\u021b\u0103 privind riscurile globale din Londra.<\/p>\n","protected":false},"excerpt":{"rendered":"<p>[analyse_image type=&#8221;featured&#8221; src=&#8221;https:\/\/s2.ziareromania.ro\/?mmid=133b056a755c863a8c&#8221;] Tensiunile dintre Turcia \u0219i Israel cresc pe fondul luptei pentru influen\u021b\u0103 \u00een regiune Autor: Veronica Andrei Sambata, 29 August 2026, ora 20:28 1547 citiri Recept Erdogan \u0219i Benjamin Netanyahu\/ FOTO:X\/@CerfiaFR Rela\u021biile dintre Turcia \u0219i Israel se afl\u0103 \u00eentr-unul dintre cele mai tensionate momente din ultimii ani. Rivalitatea dintre cele dou\u0103 puteri regionale [&hellip;]<\/p>\n","protected":false},"author":1,"featured_media":0,"comment_status":"open","ping_status":"","sticky":false,"template":"","format":"standard","meta":{"footnotes":""},"categories":[89],"tags":[226,22],"class_list":["post-2118835","post","type-post","status-publish","format-standard","hentry","category-romania","tag-crawlmanager","tag-ziare-com"],"_links":{"self":[{"href":"https:\/\/analyse.optim.biz\/index.php?rest_route=\/wp\/v2\/posts\/2118835","targetHints":{"allow":["GET"]}}],"collection":[{"href":"https:\/\/analyse.optim.biz\/index.php?rest_route=\/wp\/v2\/posts"}],"about":[{"href":"https:\/\/analyse.optim.biz\/index.php?rest_route=\/wp\/v2\/types\/post"}],"author":[{"embeddable":true,"href":"https:\/\/analyse.optim.biz\/index.php?rest_route=\/wp\/v2\/users\/1"}],"replies":[{"embeddable":true,"href":"https:\/\/analyse.optim.biz\/index.php?rest_route=%2Fwp%2Fv2%2Fcomments&post=2118835"}],"version-history":[{"count":0,"href":"https:\/\/analyse.optim.biz\/index.php?rest_route=\/wp\/v2\/posts\/2118835\/revisions"}],"wp:attachment":[{"href":"https:\/\/analyse.optim.biz\/index.php?rest_route=%2Fwp%2Fv2%2Fmedia&parent=2118835"}],"wp:term":[{"taxonomy":"category","embeddable":true,"href":"https:\/\/analyse.optim.biz\/index.php?rest_route=%2Fwp%2Fv2%2Fcategories&post=2118835"},{"taxonomy":"post_tag","embeddable":true,"href":"https:\/\/analyse.optim.biz\/index.php?rest_route=%2Fwp%2Fv2%2Ftags&post=2118835"}],"curies":[{"name":"wp","href":"https:\/\/api.w.org\/{rel}","templated":true}]}}