{"id":2118834,"date":"2026-08-30T04:58:20","date_gmt":"2026-08-30T01:58:20","guid":{"rendered":"https:\/\/analyse.optim.biz\/?p=2118834"},"modified":"2026-08-30T04:58:20","modified_gmt":"2026-08-30T01:58:20","slug":"cazatura-violenta-pentru-cel-mai-bun-ciclist-al-lumii-in-turul-spaniei-primul-diagnostic-al-medicilor-video","status":"publish","type":"post","link":"https:\/\/analyse.optim.biz\/?p=2118834","title":{"rendered":"C\u0103z\u0103tur\u0103 violent\u0103 pentru cel mai bun ciclist al lumii, \u00een Turul Spaniei. Primul diagnostic al medicilor VIDEO"},"content":{"rendered":"<p>[analyse_image type=&#8221;featured&#8221; src=&#8221;https:\/\/s1.ziareromania.ro\/?mmid=5f31e56b29918bc31c&#8221;]<\/p>\n<div id=\"article__container\" class=\"news__container news__image__container\">\n<h1 class=\"news__title\" title=\"C\u0103z\u0103tur\u0103 violent\u0103 pentru cel mai bun ciclist al lumii, \u00een Turul Spaniei. Primul diagnostic al medicilor VIDEO\">C\u0103z\u0103tur\u0103 violent\u0103 pentru cel mai bun ciclist al lumii, \u00een Turul Spaniei. Primul diagnostic al medicilor <font color=\"red\">VIDEO<\/font><\/h1>\n<\/div>\n<div class=\"news__info__content d-flex\">\n<div class=\"d-flex \">\n<div class=\"news__author mar10r\"> Autor: <span> <a href=\"https:\/\/ziare.com\/autor\/teodor-serban\"> Teodor Serban <\/a> <\/span> <\/div>\n<div class=\"news__publish\">Sambata, 29 August 2026, ora 20:26<\/div>\n<\/div>\n<div class=\"news__views\">2319 citiri<\/div>\n<\/div>\n<div class=\"stanga_stire news__image fleft article__marker\">\n<div class=\"news-image__content news__image__item\"><a class=\"news__image\" data-href=\"https:\/\/s2.ziareromania.ro\/?mmid=5f31e56b29918bc31c\" data-size=\"435x307\" title=\"C\u0103z\u0103tur\u0103 violent\u0103 pentru cel mai bun ciclist al lumii, \u00een Turul Spaniei. Primul diagnostic al medicilor VIDEO\"><img decoding=\"async\" src=\"https:\/\/tb.ziareromania.ro\/C--z--tur---violent---pentru-cel-mai-bun-ciclist-al-lumii----n-Turul-Spaniei--Primul-diagnostic-al-medicilor--font-color--red--VIDEO--font-\/5f31e56b29918bc31c\/400\/225\/2\/100\/C--z--tur---violent---pentru-cel-mai-bun-ciclist-al-lumii----n-Turul-Spaniei--Primul-diagnostic-al-medicilor--font-color--red--VIDEO--font-.jpg\" alt=\"C\u0103z\u0103tur\u0103 violent\u0103 pentru cel mai bun ciclist al lumii, \u00een Turul Spaniei. Primul diagnostic al medicilor VIDEO\" title=\"C\u0103z\u0103tur\u0103 violent\u0103 pentru cel mai bun ciclist al lumii, \u00een Turul Spaniei. Primul diagnostic al medicilor VIDEO\" class=\"img-responsive\"><\/a><\/p>\n<div class=\"news__caption\">Pogacar a c\u0103zut \u00een Turul Spaniei FOTO Captura X<\/div>\n<\/div>\n<\/div>\n<div class=\"news__content descriere_main article__marker\">\n<p>Ciclistul sloven Tadej Pogacar, marele favorit la c\u00e2\u0219tigarea Turului Spaniei, a fost nevoit s\u0103 abandoneze cursa iberic\u0103 s\u00e2mb\u0103t\u0103, dup\u0103 o c\u0103z\u0103tur\u0103 violent\u0103 \u00een timpul etapei a opta, informeaz\u0103 EFE.<\/p>\n<p>Cvintuplul c\u00e2\u0219tig\u0103tor al Turului Fran\u021bei a c\u0103zut cu 32,8 km \u00eenainte de sosire \u0219i a p\u0103r\u0103sit cursa la bordul unei ambulan\u021be, cu um\u0103rul st\u00e2ng \u00eens\u00e2ngerat. Acesta este primul abandon al slovenului \u00eentr-o curs\u0103 pe etape.<\/p>\n<p>\u201dPogacar a suferit o c\u0103z\u0103tur\u0103 grav\u0103, prezent\u00e2nd un traumatism craniocerebral \u0219i o luxa\u021bie-fractur\u0103 la nivelul claviculei. Acesta a prezentat dureri intense \u0219i o limitare func\u021bional\u0103 semnificativ\u0103 la nivelul bra\u021bului st\u00e2ng, fiind \u00een imposibilitatea de a sus\u021bine greutate sau de a exercita presiune. Av\u00e2nd \u00een vedere caracteristicile leziunii, este posibil s\u0103 fie necesar un tratament chirurgical\u201d, a fost comunicatul oficialilor Turului Spaniei.<\/p>\n<\/p>\n<blockquote class=\"twitter-tweet\" data-media-max-width=\"560\">\n<p lang=\"it\" dir=\"ltr\">Durante la frazione di Xeraco, a 33 km dalla conclusione, Tadej Poga\u010dar \u00e8 caduto a terra insieme a Tulett e Cort Nielsen, a causa di una borraccia.<\/p>\n<\/blockquote>\n<\/div>\n<p>Il campione del mondo in carica \u00e8 stato costretto al ritiro dalla corsa\ud83d\udc94<a href=\"https:\/\/x.com\/hashtag\/LaVuelta26?src=hash&amp;ref_src=twsrc%5Etfw\">#LaVuelta26<\/a> <a href=\"https:\/\/x.com\/hashtag\/Ciclismo?src=hash&amp;ref_src=twsrc%5Etfw\">#Ciclismo<\/a> <a href=\"https:\/\/x.com\/hashtag\/Cycling?src=hash&amp;ref_src=twsrc%5Etfw\">#Cycling<\/a> <a href=\"https:\/\/x.com\/hashtag\/Pogacar?src=hash&amp;ref_src=twsrc%5Etfw\">#Pogacar<\/a> <a href=\"https:\/\/t.co\/Mo72D2ISke\">pic.twitter.com\/Mo72D2ISke<\/a><\/p>\n<p>\u2014 Eurosport IT (@Eurosport_IT) <a href=\"https:\/\/x.com\/Eurosport_IT\/status\/2093725381610164352?ref_src=twsrc%5Etfw\">August 29, 2026<\/a> <\/p>\n<p>Tadej Pogacar a dominat cu autoritate actuala edi\u021bie din Vuelta. El era liderul clasamentului general \u00eenaintea etapei de s\u00e2mb\u0103t\u0103, cu un avans de 3 minute \u0219i 50 de secunde fa\u021b\u0103 de spaniolul Enric Mas (Movistar Team).<\/p>\n<p>Acest accident pune sub semnul \u00eentreb\u0103rii participarea slovenului la Campionatele Mondiale pe \u0219osea, programate \u00een perioada 20-27 septembrie la Montreal (Canada), unde ar trebui s\u0103-\u0219i apere titlul \u00een cursa de fond.<\/p>\n","protected":false},"excerpt":{"rendered":"<p>[analyse_image type=&#8221;featured&#8221; src=&#8221;https:\/\/s1.ziareromania.ro\/?mmid=5f31e56b29918bc31c&#8221;] C\u0103z\u0103tur\u0103 violent\u0103 pentru cel mai bun ciclist al lumii, \u00een Turul Spaniei. Primul diagnostic al medicilor VIDEO Autor: Teodor Serban Sambata, 29 August 2026, ora 20:26 2319 citiri Pogacar a c\u0103zut \u00een Turul Spaniei FOTO Captura X Ciclistul sloven Tadej Pogacar, marele favorit la c\u00e2\u0219tigarea Turului Spaniei, a fost nevoit s\u0103 abandoneze [&hellip;]<\/p>\n","protected":false},"author":1,"featured_media":0,"comment_status":"open","ping_status":"","sticky":false,"template":"","format":"standard","meta":{"footnotes":""},"categories":[89],"tags":[226,22],"class_list":["post-2118834","post","type-post","status-publish","format-standard","hentry","category-romania","tag-crawlmanager","tag-ziare-com"],"_links":{"self":[{"href":"https:\/\/analyse.optim.biz\/index.php?rest_route=\/wp\/v2\/posts\/2118834","targetHints":{"allow":["GET"]}}],"collection":[{"href":"https:\/\/analyse.optim.biz\/index.php?rest_route=\/wp\/v2\/posts"}],"about":[{"href":"https:\/\/analyse.optim.biz\/index.php?rest_route=\/wp\/v2\/types\/post"}],"author":[{"embeddable":true,"href":"https:\/\/analyse.optim.biz\/index.php?rest_route=\/wp\/v2\/users\/1"}],"replies":[{"embeddable":true,"href":"https:\/\/analyse.optim.biz\/index.php?rest_route=%2Fwp%2Fv2%2Fcomments&post=2118834"}],"version-history":[{"count":0,"href":"https:\/\/analyse.optim.biz\/index.php?rest_route=\/wp\/v2\/posts\/2118834\/revisions"}],"wp:attachment":[{"href":"https:\/\/analyse.optim.biz\/index.php?rest_route=%2Fwp%2Fv2%2Fmedia&parent=2118834"}],"wp:term":[{"taxonomy":"category","embeddable":true,"href":"https:\/\/analyse.optim.biz\/index.php?rest_route=%2Fwp%2Fv2%2Fcategories&post=2118834"},{"taxonomy":"post_tag","embeddable":true,"href":"https:\/\/analyse.optim.biz\/index.php?rest_route=%2Fwp%2Fv2%2Ftags&post=2118834"}],"curies":[{"name":"wp","href":"https:\/\/api.w.org\/{rel}","templated":true}]}}