{"id":2118832,"date":"2026-08-30T04:54:05","date_gmt":"2026-08-30T01:54:05","guid":{"rendered":"https:\/\/analyse.optim.biz\/?p=2118832"},"modified":"2026-08-30T04:54:05","modified_gmt":"2026-08-30T01:54:05","slug":"ce-va-face-dominic-fritz-in-cele-30-de-zile-pe-care-le-mai-are-la-primarie-refuz-sa-ne-lasam-umiliti","status":"publish","type":"post","link":"https:\/\/analyse.optim.biz\/?p=2118832","title":{"rendered":"Ce va face Dominic Fritz \u00een cele 30 de zile pe care le mai are la prim\u0103rie. \u201eRefuz s\u0103 ne l\u0103s\u0103m umili\u021bi\u201d"},"content":{"rendered":"<p>[analyse_image type=&#8221;featured&#8221; src=&#8221;https:\/\/s1.ziareromania.ro\/?mmid=1e68856b1a378a8a01&#8243;]<\/p>\n<div id=\"article__container\" class=\"news__container news__image__container\">\n<h1 class=\"news__title\" title=\"Ce va face Dominic Fritz \u00een cele 30 de zile pe care le mai are la prim\u0103rie. \u201eRefuz s\u0103 ne l\u0103s\u0103m umili\u021bi\u201d\">Ce va face Dominic Fritz \u00een cele 30 de zile pe care le mai are la prim\u0103rie. \u201eRefuz s\u0103 ne l\u0103s\u0103m umili\u021bi\u201d<\/h1>\n<\/div>\n<div class=\"news__info__content d-flex\">\n<div class=\"d-flex \">\n<div class=\"news__author mar10r\"> Autor: <span><a href=\"https:\/\/ziare.com\/autor\/catalina-sirbu\"> Catalina Sirbu <\/a><\/span><\/div>\n<div class=\"news__publish\">Sambata, 29 August 2026, ora 20:14<\/div>\n<\/div>\n<div class=\"news__views\">2653 citiri<\/div>\n<\/div>\n<div class=\"stanga_stire news__image fleft article__marker\">\n<div class=\"news-image__content news__image__item\"><a class=\"news__image\" data-href=\"https:\/\/s2.ziareromania.ro\/?mmid=1e68856b1a378a8a01\" data-size=\"1024x589\" title=\"Ce va face Dominic Fritz \u00een cele 30 de zile pe care le mai are la prim\u0103rie. \u201eRefuz s\u0103 ne l\u0103s\u0103m umili\u021bi\u201d\"><img decoding=\"async\" src=\"https:\/\/tb.ziareromania.ro\/Ce-va-face-Dominic-Fritz---n-cele-30-de-zile-pe-care-le-mai-are-la-prim--rie-----Refuz-s---ne-l--s--m-umili--i---\/1e68856b1a378a8a01\/400\/225\/2\/100\/Ce-va-face-Dominic-Fritz---n-cele-30-de-zile-pe-care-le-mai-are-la-prim--rie-----Refuz-s---ne-l--s--m-umili--i---.jpg\" alt=\"Ce va face Dominic Fritz \u00een cele 30 de zile pe care le mai are la prim\u0103rie. \u201eRefuz s\u0103 ne l\u0103s\u0103m umili\u021bi\u201d\" title=\"Ce va face Dominic Fritz \u00een cele 30 de zile pe care le mai are la prim\u0103rie. \u201eRefuz s\u0103 ne l\u0103s\u0103m umili\u021bi\u201d\" class=\"img-responsive\"><\/a><\/p>\n<div class=\"news__caption\">Dominic Fritz, pre\u0219edintele USR FOTO Facebook\/ USR<\/div>\n<\/div>\n<\/div>\n<div class=\"news__content descriere_main article__marker\">\n<p>Pre\u0219edintele <a href=\"https:\/\/ziare.com\/usr\/\" title=\"USR\">USR<\/a>, <a href=\"https:\/\/ziare.com\/dominic-fritz\/\" title=\"Dominic Fritz\">Dominic Fritz<\/a>, declar\u0103 s\u00e2mb\u0103t\u0103, dup\u0103 ce legea ANI a fost publicat\u0103 \u00een Monitorul Oficial, c\u0103 \u021binta <a href=\"https:\/\/ziare.com\/psd\/\" title=\"PSD\">PSD<\/a>+<a href=\"https:\/\/ziare.com\/politica\/aur\/\" title=\"AUR\">AUR<\/a> cu aceast\u0103 lege este s\u0103 omoare speran\u021ba \u0219i anun\u021b\u0103 c\u0103 va transforma aceste 30 de zile dintr-un abuz \u00eentr-un festival al faptelor prin care am schimbat Timi\u0219oara.<\/p>\n<p>\u201dLegea anti-Timi\u0219oara a fost publicat\u0103 \u00een Monitorul Oficial. \u021ainta <a href=\"https:\/\/ziare.com\/politica\/psd\/\" title=\"PSD\">PSD<\/a>+AUR cu aceast\u0103 lege: s\u0103 v\u0103 omoare speran\u021ba. Eu am o alt\u0103 agend\u0103: Timi\u0219oara \u0219i Rom\u00e2nia\u201d, este mesajul postat de pre\u0219edintele <a href=\"https:\/\/ziare.com\/politica\/usr\/\" title=\"USR\">USR<\/a> pe <a href=\"https:\/\/ziare.com\/facebook\/\" title=\"Facebook\">Facebook<\/a>.<\/p>\n<p>Dominic Fritz continu\u0103: \u201d\u00cempreun\u0103 cu voi, refuz s\u0103 ne l\u0103s\u0103m umili\u021bi. \u00cempreun\u0103 cu voi, refuz s\u0103 ne l\u0103s\u0103m descuraja\u021bi\u201d.<\/p>\n<\/div>\n<p>El anun\u021b\u0103 c\u0103 vor transforma aceste 30 de zile dintr-un abuz \u00eentr-un festival al faptelor prin care a schimbat Timi\u0219oara.<\/p>\n<p>\u201dPentru c\u0103 asta \u00eei sperie cel mai tare: c\u0103 Rom\u00e2nia se poate schimba prin munc\u0103, seriozitate \u0219i f\u0103r\u0103 fur\u0103ciuni. \u0218i din ziua 31 &#8211; \u00een care eu tot timi\u0219orean voi fi &#8211; continu\u0103m. Eu voi fi tot aici. Cu voi. \u00cenainte, \u00eempreun\u0103\u201d, mai spune el.<\/p>\n<p>Pre\u0219edintele Nicu\u0219or Dan a anun\u021bat, vineri dup\u0103-amiaz\u0103, c\u0103 a promulgat Legea integrit\u0103\u021bii, votat\u0103 miercuri \u00een plenul Senatului, \u00een urma deciziei Cur\u021bii Constitu\u021bionale, p\u0103str\u00e2nd forma adoptat\u0103 anterior de Camera Deputa\u021bilor, legea fiind \u0219i jalon \u00een <a href=\"https:\/\/ziare.com\/politica\/pnrr\/\" title=\"PNRR\">PNRR<\/a>.<\/p>\n<p>\u0218eful statului a subliniat c\u0103, \u00eentr-un alt context, \u00een care nu ar fi existat riscul pierderii banilor din PNRR din cauza neadopt\u0103rii acestei legi \u0219i ar fi existat timpul necesar pentru <a href=\"https:\/\/ziare.com\/politica\/dezbatere\/\" title=\"dezbatere\">dezbatere<\/a>, ar fi retrimis proiectul \u00een Parlament pentru reexaminare.<\/p>\n<p>\u00cen acest context, el cere Parlamentului ca, \u00een sesiunea de toamn\u0103, &#8220;s\u0103 reia \u0219i s\u0103 aprofundeze discu\u021biile asupra acestei legi&#8221;.<\/p>\n","protected":false},"excerpt":{"rendered":"<p>[analyse_image type=&#8221;featured&#8221; src=&#8221;https:\/\/s1.ziareromania.ro\/?mmid=1e68856b1a378a8a01&#8243;] Ce va face Dominic Fritz \u00een cele 30 de zile pe care le mai are la prim\u0103rie. \u201eRefuz s\u0103 ne l\u0103s\u0103m umili\u021bi\u201d Autor: Catalina Sirbu Sambata, 29 August 2026, ora 20:14 2653 citiri Dominic Fritz, pre\u0219edintele USR FOTO Facebook\/ USR Pre\u0219edintele USR, Dominic Fritz, declar\u0103 s\u00e2mb\u0103t\u0103, dup\u0103 ce legea ANI a fost [&hellip;]<\/p>\n","protected":false},"author":1,"featured_media":0,"comment_status":"open","ping_status":"","sticky":false,"template":"","format":"standard","meta":{"footnotes":""},"categories":[89],"tags":[226,22],"class_list":["post-2118832","post","type-post","status-publish","format-standard","hentry","category-romania","tag-crawlmanager","tag-ziare-com"],"_links":{"self":[{"href":"https:\/\/analyse.optim.biz\/index.php?rest_route=\/wp\/v2\/posts\/2118832","targetHints":{"allow":["GET"]}}],"collection":[{"href":"https:\/\/analyse.optim.biz\/index.php?rest_route=\/wp\/v2\/posts"}],"about":[{"href":"https:\/\/analyse.optim.biz\/index.php?rest_route=\/wp\/v2\/types\/post"}],"author":[{"embeddable":true,"href":"https:\/\/analyse.optim.biz\/index.php?rest_route=\/wp\/v2\/users\/1"}],"replies":[{"embeddable":true,"href":"https:\/\/analyse.optim.biz\/index.php?rest_route=%2Fwp%2Fv2%2Fcomments&post=2118832"}],"version-history":[{"count":0,"href":"https:\/\/analyse.optim.biz\/index.php?rest_route=\/wp\/v2\/posts\/2118832\/revisions"}],"wp:attachment":[{"href":"https:\/\/analyse.optim.biz\/index.php?rest_route=%2Fwp%2Fv2%2Fmedia&parent=2118832"}],"wp:term":[{"taxonomy":"category","embeddable":true,"href":"https:\/\/analyse.optim.biz\/index.php?rest_route=%2Fwp%2Fv2%2Fcategories&post=2118832"},{"taxonomy":"post_tag","embeddable":true,"href":"https:\/\/analyse.optim.biz\/index.php?rest_route=%2Fwp%2Fv2%2Ftags&post=2118832"}],"curies":[{"name":"wp","href":"https:\/\/api.w.org\/{rel}","templated":true}]}}