{"id":2118829,"date":"2026-08-30T04:52:19","date_gmt":"2026-08-30T01:52:19","guid":{"rendered":"https:\/\/analyse.optim.biz\/?p=2118829"},"modified":"2026-08-30T04:52:19","modified_gmt":"2026-08-30T01:52:19","slug":"turcia-l-a-convocat-pe-ambasadorul-ucrainei-la-ankara-dupa-atacurile-din-marea-neagra","status":"publish","type":"post","link":"https:\/\/analyse.optim.biz\/?p=2118829","title":{"rendered":"Turcia l-a convocat pe ambasadorul Ucrainei la Ankara dup\u0103 atacurile din Marea Neagr\u0103"},"content":{"rendered":"<p>[analyse_image type=&#8221;featured&#8221; src=&#8221;https:\/\/s2.ziareromania.ro\/?mmid=1e77456b0a5a86781d&#8221;]<\/p>\n<div id=\"article__container\" class=\"news__container news__image__container\">\n<h1 class=\"news__title\" title=\"Turcia l-a convocat pe ambasadorul Ucrainei la Ankara dup\u0103 atacurile din Marea Neagr\u0103\">Turcia l-a convocat pe ambasadorul Ucrainei la Ankara dup\u0103 atacurile din Marea Neagr\u0103<\/h1>\n<\/div>\n<div class=\"news__info__content d-flex\">\n<div class=\"d-flex \">\n<div class=\"news__author mar10r\"> Autor: <span><a href=\"https:\/\/ziare.com\/autor\/catalina-sirbu\"> Catalina Sirbu <\/a><\/span><\/div>\n<div class=\"news__publish\">Sambata, 29 August 2026, ora 20:02<\/div>\n<\/div>\n<div class=\"news__views\">1520 citiri<\/div>\n<\/div>\n<div class=\"stanga_stire news__image fleft article__marker\">\n<div class=\"news-image__content news__image__item\"><a class=\"news__image\" data-href=\"https:\/\/s1.ziareromania.ro\/?mmid=1e77456b0a5a86781d\" data-size=\"1024x744\" title=\"Turcia l-a convocat pe ambasadorul Ucrainei la Ankara dup\u0103 atacurile din Marea Neagr\u0103\"><img decoding=\"async\" src=\"https:\/\/tb.ziareromania.ro\/Turcia-l-a-convocat-pe-ambasadorul-Ucrainei-la-Ankara-dup---atacurile-din-Marea-Neagr--\/1e77456b0a5a86781d\/400\/225\/2\/100\/Turcia-l-a-convocat-pe-ambasadorul-Ucrainei-la-Ankara-dup---atacurile-din-Marea-Neagr--.jpg\" alt=\"Turcia l-a convocat pe ambasadorul Ucrainei la Ankara dup\u0103 atacurile din Marea Neagr\u0103\" title=\"Turcia l-a convocat pe ambasadorul Ucrainei la Ankara dup\u0103 atacurile din Marea Neagr\u0103\" class=\"img-responsive\"><\/a><\/p>\n<div class=\"news__caption\">Zelenski \u0219i Erdogan FOTO X\/ @LogHaber<\/div>\n<\/div>\n<\/div>\n<div class=\"news__content descriere_main article__marker\">\n<p><a href=\"https:\/\/ziare.com\/international\/turcia\/\" title=\"Turcia\">Turcia<\/a> l-a convocat pe ambasadorul Ucrainei la Ankara dup\u0103 atacul din aceast\u0103 s\u0103pt\u0103m\u00e2n\u0103 asupra unei nave turce\u0219ti \u00een Marea Neagr\u0103 \u0219i apoi asupra unei a doua nave, venite s\u0103 o remorcheze pe prima, a anun\u021bat s\u00e2mb\u0103t\u0103 Ministerul turc al Afacerilor Externe.<\/p>\n<p>Aceste atacuri au avut loc pe 26 \u0219i 27 august, a precizat ministerul pentru AFP.<\/p>\n<p>&#8216;\u00cen cursul acestei \u00eentrevederi, Turcia \u0219i-a exprimat avertismentele privind necesitatea imperativ\u0103 de a asigura securitatea persoanelor, bunurilor, naviga\u021biei \u0219i mediului \u00een Marea Neagr\u0103&#8217;, a precizat ministerul \u00eentr-un comunicat.<\/p>\n<p>Pe 27 august, nava turc\u0103 &#8216;Lider Bordo Mavi&#8217; a fost lovit\u0103 \u00een largul Tuapse, ora\u0219 de coast\u0103 rusesc la Marea Neagr\u0103. A doua zi, vasul &#8216;Lider Kocatepe&#8217;, trimis s\u0103 remorcheze prima nav\u0103, a fost de asemenea vizat, a precizat ministerul, f\u0103r\u0103 a men\u021biona dac\u0103 aceste atacuri s-au soldat cu victime la bord.<\/p>\n<p>Nava avariat\u0103 a putut fi remorcat\u0103 p\u00e2n\u0103 \u00een portul turc Samsun (nord), potrivit presei locale.<\/p>\n<\/div>\n<p>Turcia a cerut \u00een august Rusiei \u0219i Ucrainei instituirea unui &#8216;moratoriu&#8217; asupra atacurilor care vizeaz\u0103 navele comerciale \u00een Marea Neagr\u0103, la care are ie\u0219ire \u0219i unde opereaz\u0103 numeroase nave apar\u021bin\u00e2nd unor armatori turci dar care navigheaz\u0103 sub diverse pavilioane.<\/p>\n<p>Mai multe dintre aceste nave comerciale au fost vizate de atacuri cu drone atribuite Ucrainei, care \u00eencearc\u0103 s\u0103 \u00eempiedice astfel transportul de cereale \u0219i hidrocarburi \u00een beneficiul Rusiei.<\/p>\n<p>Ankara, care \u00eentre\u021bine rela\u021bii cu cele dou\u0103 \u021b\u0103ri, nu s-a al\u0103turat sanc\u021biunilor comerciale occidentale \u00eempotriva Moscovei.<\/p>\n<p>&#8216;Conflictul s-a extins \u00een toat\u0103 Marea Neagr\u0103. La \u00eenceput, vizau porturile \u0219i navele militare. Acum, atac\u0103 toate navele comerciale, f\u0103r\u0103 nicio distinc\u021bie&#8217;, a declarat pe 8 august ministrul turc al afacerilor externe Hakan Fidan, exprim\u00e2ndu-\u0219i regretul c\u0103 &#8216;nave apar\u021bin\u00e2nd unor turci sau sub pavilion turc sunt de asemenea vizate&#8217;.<\/p>\n","protected":false},"excerpt":{"rendered":"<p>[analyse_image type=&#8221;featured&#8221; src=&#8221;https:\/\/s2.ziareromania.ro\/?mmid=1e77456b0a5a86781d&#8221;] Turcia l-a convocat pe ambasadorul Ucrainei la Ankara dup\u0103 atacurile din Marea Neagr\u0103 Autor: Catalina Sirbu Sambata, 29 August 2026, ora 20:02 1520 citiri Zelenski \u0219i Erdogan FOTO X\/ @LogHaber Turcia l-a convocat pe ambasadorul Ucrainei la Ankara dup\u0103 atacul din aceast\u0103 s\u0103pt\u0103m\u00e2n\u0103 asupra unei nave turce\u0219ti \u00een Marea Neagr\u0103 \u0219i apoi [&hellip;]<\/p>\n","protected":false},"author":1,"featured_media":0,"comment_status":"open","ping_status":"","sticky":false,"template":"","format":"standard","meta":{"footnotes":""},"categories":[89],"tags":[226,22],"class_list":["post-2118829","post","type-post","status-publish","format-standard","hentry","category-romania","tag-crawlmanager","tag-ziare-com"],"_links":{"self":[{"href":"https:\/\/analyse.optim.biz\/index.php?rest_route=\/wp\/v2\/posts\/2118829","targetHints":{"allow":["GET"]}}],"collection":[{"href":"https:\/\/analyse.optim.biz\/index.php?rest_route=\/wp\/v2\/posts"}],"about":[{"href":"https:\/\/analyse.optim.biz\/index.php?rest_route=\/wp\/v2\/types\/post"}],"author":[{"embeddable":true,"href":"https:\/\/analyse.optim.biz\/index.php?rest_route=\/wp\/v2\/users\/1"}],"replies":[{"embeddable":true,"href":"https:\/\/analyse.optim.biz\/index.php?rest_route=%2Fwp%2Fv2%2Fcomments&post=2118829"}],"version-history":[{"count":0,"href":"https:\/\/analyse.optim.biz\/index.php?rest_route=\/wp\/v2\/posts\/2118829\/revisions"}],"wp:attachment":[{"href":"https:\/\/analyse.optim.biz\/index.php?rest_route=%2Fwp%2Fv2%2Fmedia&parent=2118829"}],"wp:term":[{"taxonomy":"category","embeddable":true,"href":"https:\/\/analyse.optim.biz\/index.php?rest_route=%2Fwp%2Fv2%2Fcategories&post=2118829"},{"taxonomy":"post_tag","embeddable":true,"href":"https:\/\/analyse.optim.biz\/index.php?rest_route=%2Fwp%2Fv2%2Ftags&post=2118829"}],"curies":[{"name":"wp","href":"https:\/\/api.w.org\/{rel}","templated":true}]}}