{"id":2118821,"date":"2026-08-30T04:45:49","date_gmt":"2026-08-30T01:45:49","guid":{"rendered":"https:\/\/analyse.optim.biz\/?p=2118821"},"modified":"2026-08-30T04:45:49","modified_gmt":"2026-08-30T01:45:49","slug":"escaladarea-din-partea-rusiei-avanseaza-anuntul-premierului-polonez-dupa-o-discutie-cu-seful-nato","status":"publish","type":"post","link":"https:\/\/analyse.optim.biz\/?p=2118821","title":{"rendered":"\u201eEscaladarea din partea Rusiei avanseaz\u0103\u201d. Anun\u021bul premierului polonez dup\u0103 o discu\u021bie cu \u0219eful NATO"},"content":{"rendered":"<p>[analyse_image type=&#8221;featured&#8221; src=&#8221;https:\/\/s2.ziareromania.ro\/?mmid=90dd556b13e5824584&#8243;]<\/p>\n<div id=\"article__container\" class=\"news__container news__image__container\">\n<h1 class=\"news__title\" title=\"\u201eEscaladarea din partea Rusiei avanseaz\u0103\u201d. Anun\u021bul premierului polonez dup\u0103 o discu\u021bie cu \u0219eful NATO\">\u201eEscaladarea din partea Rusiei avanseaz\u0103\u201d. Anun\u021bul premierului polonez dup\u0103 o discu\u021bie cu \u0219eful NATO<\/h1>\n<\/div>\n<div class=\"news__info__content d-flex\">\n<div class=\"d-flex \">\n<div class=\"news__author mar10r\"> Autor: <span><a href=\"https:\/\/ziare.com\/autor\/catalina-sirbu\"> Catalina Sirbu <\/a><\/span><\/div>\n<div class=\"news__publish\">Sambata, 29 August 2026, ora 18:10<\/div>\n<\/div>\n<div class=\"news__views\">2377 citiri<\/div>\n<\/div>\n<div class=\"stanga_stire news__image fleft article__marker\">\n<div class=\"news-image__content news__image__item\"><a class=\"news__image\" data-href=\"https:\/\/s1.ziareromania.ro\/?mmid=90dd556b13e5824584\" data-size=\"579x442\" title=\"\u201eEscaladarea din partea Rusiei avanseaz\u0103\u201d. Anun\u021bul premierului polonez dup\u0103 o discu\u021bie cu \u0219eful NATO\"><img decoding=\"async\" src=\"https:\/\/tb.ziareromania.ro\/---Escaladarea-din-partea-Rusiei-avanseaz-------Anun--ul-premierului-polonez-dup---o-discu--ie-cu---eful-NATO\/90dd556b13e5824584\/400\/225\/2\/100\/---Escaladarea-din-partea-Rusiei-avanseaz-------Anun--ul-premierului-polonez-dup---o-discu--ie-cu---eful-NATO.jpg\" alt=\"\u201eEscaladarea din partea Rusiei avanseaz\u0103\u201d. Anun\u021bul premierului polonez dup\u0103 o discu\u021bie cu \u0219eful NATO\" title=\"\u201eEscaladarea din partea Rusiei avanseaz\u0103\u201d. Anun\u021bul premierului polonez dup\u0103 o discu\u021bie cu \u0219eful NATO\" class=\"img-responsive\"><\/a><\/p>\n<div class=\"news__caption\">Donald Tusk, premierul polonez FOTO X\/ @RpsAgainstTrump<\/div>\n<\/div>\n<\/div>\n<div class=\"news__content descriere_main article__marker\">\n<p>Prim-ministrul polonez Donald Tusk a avertizat c\u0103 <a href=\"https:\/\/ziare.com\/international\/rusia\/\" title=\"Rusia\">Rusia<\/a> ar putea escalada r\u0103zboiul din <a href=\"https:\/\/ziare.com\/international\/ucraina\/\" title=\"Ucraina\">Ucraina<\/a> \u0219i provoca <a href=\"https:\/\/ziare.com\/international\/nato\/\" title=\"NATO\">NATO<\/a>, post\u00e2nd s\u00e2mb\u0103t\u0103 pe platforma X dup\u0103 o discu\u021bie cu secretarul general al NATO <a href=\"https:\/\/ziare.com\/mark-rutte\/\" title=\"Mark Rutte\">Mark Rutte<\/a> c\u0103 &#8221;escaladarea din partea Rusiei avanseaz\u0103&#8221;, relateaz\u0103 dpa.<\/p>\n<p>&#8221;Cum am avertizat deja, escaladarea din partea Rusiei avanseaz\u0103&#8221;, a postat Tusk. Urm\u0103toarele \u0219ase luni vor fi decisive, a spus el. &#8221;Nu trebuie s\u0103 excludem provoc\u0103ri din partea Rusiei \u00eempotriva unuia dintre membrii NATO&#8221;, a ad\u0103ugat premierul polonez.<\/p>\n<p>O vizit\u0103 a directorului <a href=\"https:\/\/ziare.com\/international\/cia\/\" title=\"CIA\">CIA<\/a> John Ratcliffe la <a href=\"https:\/\/ziare.com\/international\/moscova\/\" title=\"Moscova\">Moscova<\/a>, miercuri, a alimentat specula\u021biile \u00een toat\u0103 lumea.<\/p>\n<\/div>\n<p>Media americane au relatat c\u0103 Ratcliffe a avertizat Rusia \u00eempotriva atac\u0103rii unuia dintre statele membre NATO. \u00centrebat despre aceste relat\u0103ri, Kremlinul a negat \u0219i a acuzat Occidentul.<\/p>\n<p><a href=\"https:\/\/ziare.com\/international\/polonia\/\" title=\"Polonia\">Polonia<\/a> este unul dintre cei mai importan\u021bi sus\u021bin\u0103tori politici \u0219i militari ai Ucrainei, care a fost invadat\u0103 de Rusia. \u021aara se simte de asemenea amenin\u021bat\u0103 de Moscova \u0219i \u00ee\u0219i spore\u0219te masiv cheltuielile militare, noteaz\u0103 dpa.<\/p>\n","protected":false},"excerpt":{"rendered":"<p>[analyse_image type=&#8221;featured&#8221; src=&#8221;https:\/\/s2.ziareromania.ro\/?mmid=90dd556b13e5824584&#8243;] \u201eEscaladarea din partea Rusiei avanseaz\u0103\u201d. Anun\u021bul premierului polonez dup\u0103 o discu\u021bie cu \u0219eful NATO Autor: Catalina Sirbu Sambata, 29 August 2026, ora 18:10 2377 citiri Donald Tusk, premierul polonez FOTO X\/ @RpsAgainstTrump Prim-ministrul polonez Donald Tusk a avertizat c\u0103 Rusia ar putea escalada r\u0103zboiul din Ucraina \u0219i provoca NATO, post\u00e2nd s\u00e2mb\u0103t\u0103 pe [&hellip;]<\/p>\n","protected":false},"author":1,"featured_media":0,"comment_status":"open","ping_status":"","sticky":false,"template":"","format":"standard","meta":{"footnotes":""},"categories":[89],"tags":[226,22],"class_list":["post-2118821","post","type-post","status-publish","format-standard","hentry","category-romania","tag-crawlmanager","tag-ziare-com"],"_links":{"self":[{"href":"https:\/\/analyse.optim.biz\/index.php?rest_route=\/wp\/v2\/posts\/2118821","targetHints":{"allow":["GET"]}}],"collection":[{"href":"https:\/\/analyse.optim.biz\/index.php?rest_route=\/wp\/v2\/posts"}],"about":[{"href":"https:\/\/analyse.optim.biz\/index.php?rest_route=\/wp\/v2\/types\/post"}],"author":[{"embeddable":true,"href":"https:\/\/analyse.optim.biz\/index.php?rest_route=\/wp\/v2\/users\/1"}],"replies":[{"embeddable":true,"href":"https:\/\/analyse.optim.biz\/index.php?rest_route=%2Fwp%2Fv2%2Fcomments&post=2118821"}],"version-history":[{"count":0,"href":"https:\/\/analyse.optim.biz\/index.php?rest_route=\/wp\/v2\/posts\/2118821\/revisions"}],"wp:attachment":[{"href":"https:\/\/analyse.optim.biz\/index.php?rest_route=%2Fwp%2Fv2%2Fmedia&parent=2118821"}],"wp:term":[{"taxonomy":"category","embeddable":true,"href":"https:\/\/analyse.optim.biz\/index.php?rest_route=%2Fwp%2Fv2%2Fcategories&post=2118821"},{"taxonomy":"post_tag","embeddable":true,"href":"https:\/\/analyse.optim.biz\/index.php?rest_route=%2Fwp%2Fv2%2Ftags&post=2118821"}],"curies":[{"name":"wp","href":"https:\/\/api.w.org\/{rel}","templated":true}]}}