{"id":2118808,"date":"2026-08-30T04:32:13","date_gmt":"2026-08-30T01:32:13","guid":{"rendered":"https:\/\/analyse.optim.biz\/?p=2118808"},"modified":"2026-08-30T04:32:13","modified_gmt":"2026-08-30T01:32:13","slug":"cand-va-fi-gata-amenajarea-malurilor-dambovitei-intre-piata-unirii-si-podul-izvor-din-bucuresti-si-podul-calicilor-primaria-capitalei-a-demarat-licitatia","status":"publish","type":"post","link":"https:\/\/analyse.optim.biz\/?p=2118808","title":{"rendered":"C\u00e2nd va fi gata amenajarea malurilor D\u00e2mbovi\u021bei, \u00eentre Pia\u021ba Unirii \u0219i Podul Izvor din Bucure\u0219ti \u0219i podul Calicilor. Prim\u0103ria Capitalei a demarat licita\u021bia"},"content":{"rendered":"<p>[analyse_image type=&#8221;featured&#8221; src=&#8221;https:\/\/s1.ziareromania.ro\/?mmid=1673f56b298d04b9dd&#8221;]<\/p>\n<div id=\"article__container\" class=\"news__container news__image__container\">\n<h1 class=\"news__title\" title=\"C\u00e2nd va fi gata amenajarea malurilor D\u00e2mbovi\u021bei, \u00eentre Pia\u021ba Unirii \u0219i Podul Izvor din Bucure\u0219ti \u0219i podul Calicilor. Prim\u0103ria Capitalei a demarat licita\u021bia\">C\u00e2nd va fi gata amenajarea malurilor D\u00e2mbovi\u021bei, \u00eentre Pia\u021ba Unirii \u0219i Podul Izvor din Bucure\u0219ti \u0219i podul Calicilor. Prim\u0103ria Capitalei a demarat licita\u021bia<\/h1>\n<\/div>\n<div class=\"news__info__content d-flex\">\n<div class=\"d-flex \">\n<div class=\"news__author mar10r\"> Autor: <span><a href=\"https:\/\/ziare.com\/autor\/catalina-sirbu\"> Catalina Sirbu <\/a><\/span><\/div>\n<div class=\"news__publish\">Sambata, 29 August 2026, ora 16:32<\/div>\n<\/div>\n<div class=\"news__views\">5740 citiri<\/div>\n<\/div>\n<div class=\"stanga_stire news__image fleft article__marker\">\n<div class=\"news-image__content news__image__item\"><a class=\"news__image\" data-href=\"https:\/\/s2.ziareromania.ro\/?mmid=1673f56b298d04b9dd\" data-size=\"540x380\" title=\"C\u00e2nd va fi gata amenajarea malurilor D\u00e2mbovi\u021bei, \u00eentre Pia\u021ba Unirii \u0219i Podul Izvor din Bucure\u0219ti \u0219i podul Calicilor. Prim\u0103ria Capitalei a demarat licita\u021bia\"><img decoding=\"async\" src=\"https:\/\/tb.ziareromania.ro\/C--nd-va-fi-gata-amenajarea-malurilor-D--mbovi--ei----ntre-Pia--a-Unirii---i-Podul-Izvor-din-Bucure--ti---i-podul-Calicilor--Prim--ria-Capitalei-a-demarat-licita--ia\/1673f56b298d04b9dd\/400\/225\/2\/100\/C--nd-va-fi-gata-amenajarea-malurilor-D--mbovi--ei----ntre-Pia--a-Unirii---i-Podul-Izvor-din-Bucure--ti---i-podul-Calicilor--Prim--ria-Capitalei-a-demarat-licita--ia.jpg\" alt=\"C\u00e2nd va fi gata amenajarea malurilor D\u00e2mbovi\u021bei, \u00eentre Pia\u021ba Unirii \u0219i Podul Izvor din Bucure\u0219ti \u0219i podul Calicilor. Prim\u0103ria Capitalei a demarat licita\u021bia\" title=\"C\u00e2nd va fi gata amenajarea malurilor D\u00e2mbovi\u021bei, \u00eentre Pia\u021ba Unirii \u0219i Podul Izvor din Bucure\u0219ti \u0219i podul Calicilor. Prim\u0103ria Capitalei a demarat licita\u021bia\" class=\"img-responsive\"><\/a><\/p>\n<div class=\"news__caption\">Lucr\u0103rile vor fi \u00eemp\u0103r\u0163ite \u00een dou\u0103 obiective FOTO Prim\u0103ria Municipiului Bucure\u015fti<\/div>\n<\/div>\n<\/div>\n<div class=\"news__content descriere_main article__marker\">\n<p>Prim\u0103ria Municipiului Bucure\u0219ti scoate la licita\u021bie un contract de aproape 64 de milioane de lei f\u0103r\u0103 TVA care vizeaz\u0103 lucr\u0103ri de amenajare a malurilor D\u00e2mbovi\u021bei, \u00eentre Pia\u021ba Unirii \u0219i Podul Izvor \u0219i de reconstruire a podului Calicilor. Durata execu\u021biei lucr\u0103rilor este de un an \u0219i jum\u0103tate, iar termenul limit\u0103 pentru depunerea ofertelor este 1 octombrie, ora 15:00.<\/p>\n<p>Potrivit datelor publicate s\u00e2mb\u0103t\u0103 pe Primpria Capitalei, proiectul privind reconstruirea podului Calicilor \u0219i amenajarea malurilor r\u00e2ului D\u00e2mbovi\u021ba \u00eentre Pia\u021ba Unirii \u0219i Podul Izvor a fost deblocat \u00een luna aprilie.<\/p>\n<p>Contractul are o valoare total\u0103 de 63,96 milioane lei f\u0103r\u0103 TVA, iar durata lucr\u0103rilor este estimat\u0103 la 18 luni.<\/p>\n<p>Lucr\u0103rile vor fi \u00eemp\u0103r\u021bite \u00een dou\u0103 obiective. Unul dintre acestea vizeaz\u0103 reconstruirea de la zero \u201ePodului Calicilor\u201d, peste r\u00e2ul D\u00e2mbovi\u021ba, care va face leg\u0103tura pietonal\u0103 \u00eentre strada \u0218elari \u0219i strada Sfin\u021bii Apostoli, \u00een zona Palatului de Justi\u021bie \u0219i Bisericii Domni\u021ba B\u0103la\u0219a.<\/p>\n<p>Podul va avea 32 de metri lungime \u0219i 23 de metri l\u0103\u021bime, cadru metalic, deck din lemn de stejar \u0219i balustrad\u0103 din sticl\u0103 securizat\u0103.<\/p>\n<\/div>\n<p>Al doilea obiectiv vizeaz\u0103 amenajarea malurilor D\u00e2mbovi\u021bei \u00eentre Pia\u021ba Unirii Podul Izvor pe o suprafa\u021b\u0103 de 11.000 de metri p\u0103tra\u021bi, de-a lungul r\u00e2ului.<\/p>\n<p>Pe acest tronson va fi extins trotuarul prin platforme pietonale \u00een consol\u0103, suspendate la circa 2 metri deasupra apei. Lucr\u0103rile includ o platform\u0103 special\u0103 de belvedere la Izvor, treceri de pietoni direct pe poduri, reabilitarea debarcaderului \u0219i a podului pietonal existent, reconfigurarea pistei de biciclete de 1,2 m l\u0103\u021bime, refacerea spa\u021biior verzi, cu men\u021binerea \u0219i completarea vegeta\u021biei existente. Odat\u0103 cu reabilitarea malurilor r\u00e2ului, \u00een zon\u0103 va fi montat mobilier urban nou, respectiv b\u0103nci, suporturi de biciclete, co\u0219uri, va fi modernizat iluminatul public cu tehnologie LED, iar \u00eentregul spa\u021biu va fi complet accesibilizat pentru persoanele cu dizabilit\u0103\u021bi.<\/p>\n<p>Termenul limit\u0103 pentru depunerea ofertelor pentru lucr\u0103ri este 1 octombrie, ora 15:00, criteriul de atribuire fiind cel mai bun raport calitate-pre\u021b.<\/p>\n","protected":false},"excerpt":{"rendered":"<p>[analyse_image type=&#8221;featured&#8221; src=&#8221;https:\/\/s1.ziareromania.ro\/?mmid=1673f56b298d04b9dd&#8221;] C\u00e2nd va fi gata amenajarea malurilor D\u00e2mbovi\u021bei, \u00eentre Pia\u021ba Unirii \u0219i Podul Izvor din Bucure\u0219ti \u0219i podul Calicilor. Prim\u0103ria Capitalei a demarat licita\u021bia Autor: Catalina Sirbu Sambata, 29 August 2026, ora 16:32 5740 citiri Lucr\u0103rile vor fi \u00eemp\u0103r\u0163ite \u00een dou\u0103 obiective FOTO Prim\u0103ria Municipiului Bucure\u015fti Prim\u0103ria Municipiului Bucure\u0219ti scoate la licita\u021bie un [&hellip;]<\/p>\n","protected":false},"author":1,"featured_media":0,"comment_status":"open","ping_status":"","sticky":false,"template":"","format":"standard","meta":{"footnotes":""},"categories":[89],"tags":[226,22],"class_list":["post-2118808","post","type-post","status-publish","format-standard","hentry","category-romania","tag-crawlmanager","tag-ziare-com"],"_links":{"self":[{"href":"https:\/\/analyse.optim.biz\/index.php?rest_route=\/wp\/v2\/posts\/2118808","targetHints":{"allow":["GET"]}}],"collection":[{"href":"https:\/\/analyse.optim.biz\/index.php?rest_route=\/wp\/v2\/posts"}],"about":[{"href":"https:\/\/analyse.optim.biz\/index.php?rest_route=\/wp\/v2\/types\/post"}],"author":[{"embeddable":true,"href":"https:\/\/analyse.optim.biz\/index.php?rest_route=\/wp\/v2\/users\/1"}],"replies":[{"embeddable":true,"href":"https:\/\/analyse.optim.biz\/index.php?rest_route=%2Fwp%2Fv2%2Fcomments&post=2118808"}],"version-history":[{"count":0,"href":"https:\/\/analyse.optim.biz\/index.php?rest_route=\/wp\/v2\/posts\/2118808\/revisions"}],"wp:attachment":[{"href":"https:\/\/analyse.optim.biz\/index.php?rest_route=%2Fwp%2Fv2%2Fmedia&parent=2118808"}],"wp:term":[{"taxonomy":"category","embeddable":true,"href":"https:\/\/analyse.optim.biz\/index.php?rest_route=%2Fwp%2Fv2%2Fcategories&post=2118808"},{"taxonomy":"post_tag","embeddable":true,"href":"https:\/\/analyse.optim.biz\/index.php?rest_route=%2Fwp%2Fv2%2Ftags&post=2118808"}],"curies":[{"name":"wp","href":"https:\/\/api.w.org\/{rel}","templated":true}]}}