{"id":2118791,"date":"2026-08-26T07:55:38","date_gmt":"2026-08-26T04:55:38","guid":{"rendered":"https:\/\/analyse.optim.biz\/?p=2118791"},"modified":"2026-08-26T07:55:38","modified_gmt":"2026-08-26T04:55:38","slug":"mesaj-de-la-multi-ani-de-ziua-internationala-a-cainilor-transmis-de-deputatul-ion-marcel-vela","status":"publish","type":"post","link":"https:\/\/analyse.optim.biz\/?p=2118791","title":{"rendered":"Mesaj de \u201eLa mul\u021bi ani!\u201d de Ziua Interna\u021bional\u0103 a C\u00e2inilor, transmis de deputatul Ion Marcel Vela"},"content":{"rendered":"<p>[analyse_image type=&#8221;featured&#8221; src=&#8221;https:\/\/cdn.expressdebanat.ro\/wp-content\/uploads\/2026\/08\/vela-caini.jpeg&#8221;]<\/p>\n<div id=\"post-area\" class=\"post-981723 post type-post status-publish format-standard has-post-thumbnail hentry category-anina category-baile-herculane category-bocsa category-caransebes category-caras category-life-style category-moldova-noua category-oravita category-otelu-rosu-2 category-resita\">\n<div id=\"social-box\">\n<ul class=\"post-social\">\n<li class=\"social-share-button\">\n<li class=\"social-share-button\">\n<li class=\"social-share-button\"><\/ul>\n<\/div>\n<div id=\"content-area\">\n<div class=\"post-image\"><img loading=\"lazy\" decoding=\"async\" width=\"620\" height=\"400\" src=\"https:\/\/cdn.expressdebanat.ro\/wp-content\/uploads\/2026\/08\/vela-caini-620x400.jpeg\" class=\"attachment-post-thumb size-post-thumb wp-post-image perfmatters-lazy\" alt=\"vela caini\"><img loading=\"lazy\" decoding=\"async\" width=\"620\" height=\"400\" src=\"https:\/\/cdn.expressdebanat.ro\/wp-content\/uploads\/2026\/08\/vela-caini-620x400.jpeg\" class=\"attachment-post-thumb size-post-thumb wp-post-image\" alt=\"vela caini\"><\/div>\n<p class=\"isSelectedEnd\"><strong>Cu prilejul Zilei Interna\u021bionale a C\u00e2inilor, s\u0103rb\u0103torit\u0103 anual pe 26 august, deputatul \u0219i pre\u0219edintele PNL Cara\u0219-Severin, Ion Marcel Vela, a transmis un mesaj dedicat tuturor iubitorilor de animale \u0219i celor care contribuie la protejarea acestora.<\/strong><\/p>\n<p class=\"isSelectedEnd\">\u00cen mesajul s\u0103u, parlamentarul a eviden\u021biat loialitatea \u0219i afec\u021biunea c\u00e2inilor, dar \u0219i rolul important pe care ace\u0219tia \u00eel au \u00een societate \u2013 de la c\u00e2ini ghizi \u0219i de salvare, p\u00e2n\u0103 la c\u00e2ini de terapie, paz\u0103 sau detectare.<\/p>\n<p class=\"isSelectedEnd\">Ion Marcel Vela a vorbit \u0219i despre implicarea sa \u00een protejarea animalelor, amintind c\u0103, \u00een perioada \u00een care a ocupat func\u021bia de ministru al Afacerilor Interne, a sus\u021binut \u00eenfiin\u021barea Poli\u021biei Animalelor, structur\u0103 destinat\u0103 combaterii actelor de cruzime \u0219i protej\u0103rii animalelor.<\/p>\n<p class=\"isSelectedEnd\">Totodat\u0103, acesta a amintit c\u0103, \u00een calitate de senator, a fost coini\u021biator al unui act normativ prin care au fost majorate pedepsele cu \u00eenchisoarea pentru persoanele care agreseaz\u0103 animalele.<\/p>\n<p class=\"isSelectedEnd\"><em>\u201eAdopta\u021bi, steriliza\u021bi \u0219i nu-i abandona\u021bi!\u201d,<\/em> este \u00eendemnul transmis de Ion Marcel Vela, care a subliniat c\u0103 un c\u00e2ine nu este doar un animal de companie, ci poate deveni un adev\u0103rat membru al familiei.<\/p>\n<p>Mesajul se \u00eencheie cu un g\u00e2nd de recuno\u0219tin\u021b\u0103 pentru to\u021bi cei care iubesc \u0219i protejeaz\u0103 animalele \u0219i cu urarea de<em> \u201eLa mul\u021bi ani!\u201d<\/em> pentru to\u021bi prietenii necuv\u00e2nt\u0103tori ai oamenilor: <em>\u201d Ziua Interna\u021bional\u0103 a C\u00e2inilor este, de asemenea, o oportunitate de a sensibiliza opinia public\u0103 cu privire la importan\u021ba adop\u021biei c\u00e2inilor f\u0103r\u0103 st\u0103p\u00e2n. \u00cen \u00eentreaga lume, milioane de c\u00e2ini tr\u0103iesc \u00een ad\u0103posturi sau pe str\u0103zi, a\u0219tept\u00e2nd s\u0103 fie adopta\u021bi. Prin adoptarea unui c\u00e2ine, nu doar c\u0103 \u00eei oferim acestuia o via\u021b\u0103 mai bun\u0103, dar contribuim \u0219i la reducerea suprapopul\u0103rii din ad\u0103posturi. Indiferent dac\u0103 ave\u021bi deja un c\u00e2ine sau v\u0103 g\u00e2ndi\u021bi s\u0103 adopta\u021bi unul, aminti\u021bi-v\u0103 c\u0103 un c\u00e2ine nu este doar un animal de companie, ci un membru al familiei. Lumea ar fi un loc mai bun, dac\u0103 to\u021bi oamenii ar iubi necondi\u021bionat, a\u0219a cum o fac c\u00e2inii.\u201d<\/em><\/p>\n<\/div>\n<div id=\"social-box\">\n<ul class=\"post-social\">\n<li class=\"fb-line\">\n<li><a href=\"http:\/\/twitter.com\/share\" class=\"twitter-share-button\" data-lang=\"en\" data-count=\"horizontal\">Tweet<\/a><\/li>\n<li>\n<li><a href=\"http:\/\/pinterest.com\/pin\/create\/button\/?url=https%3A%2F%2Fexpressdebanat.ro%2Fmesaj-de-la-multi-ani-de-ziua-internationala-a-cainilor-transmis-de-deputatul-ion-marcel-vela%2F&amp;media=https:\/\/cdn.expressdebanat.ro\/wp-content\/uploads\/2026\/08\/vela-caini.jpeg&amp;description=Mesaj%20de%20%E2%80%9ELa%20mul%C8%9Bi%20ani!%E2%80%9D%20de%20Ziua%20Interna%C8%9Bional%C4%83%20a%20C%C3%A2inilor,%20transmis%20de%20deputatul%20Ion%20Marcel%20Vela\" class=\"pin-it-button\">Pin It<\/a><\/li>\n<\/ul>\n<\/div>\n<\/div>\n<div id=\"content-area\">\n<div class=\"post-image\"><img loading=\"lazy\" decoding=\"async\" width=\"620\" height=\"400\" src=\"https:\/\/cdn.expressdebanat.ro\/wp-content\/uploads\/2026\/08\/vela-caini-620x400.jpeg\" class=\"attachment-post-thumb size-post-thumb wp-post-image perfmatters-lazy\" alt=\"vela caini\"><img loading=\"lazy\" decoding=\"async\" width=\"620\" height=\"400\" src=\"https:\/\/cdn.expressdebanat.ro\/wp-content\/uploads\/2026\/08\/vela-caini-620x400.jpeg\" class=\"attachment-post-thumb size-post-thumb wp-post-image\" alt=\"vela caini\"><\/div>\n<p class=\"isSelectedEnd\"><strong>Cu prilejul Zilei Interna\u021bionale a C\u00e2inilor, s\u0103rb\u0103torit\u0103 anual pe 26 august, deputatul \u0219i pre\u0219edintele PNL Cara\u0219-Severin, Ion Marcel Vela, a transmis un mesaj dedicat tuturor iubitorilor de animale \u0219i celor care contribuie la protejarea acestora.<\/strong><\/p>\n<p class=\"isSelectedEnd\">\u00cen mesajul s\u0103u, parlamentarul a eviden\u021biat loialitatea \u0219i afec\u021biunea c\u00e2inilor, dar \u0219i rolul important pe care ace\u0219tia \u00eel au \u00een societate \u2013 de la c\u00e2ini ghizi \u0219i de salvare, p\u00e2n\u0103 la c\u00e2ini de terapie, paz\u0103 sau detectare.<\/p>\n<p class=\"isSelectedEnd\">Ion Marcel Vela a vorbit \u0219i despre implicarea sa \u00een protejarea animalelor, amintind c\u0103, \u00een perioada \u00een care a ocupat func\u021bia de ministru al Afacerilor Interne, a sus\u021binut \u00eenfiin\u021barea Poli\u021biei Animalelor, structur\u0103 destinat\u0103 combaterii actelor de cruzime \u0219i protej\u0103rii animalelor.<\/p>\n<p class=\"isSelectedEnd\">Totodat\u0103, acesta a amintit c\u0103, \u00een calitate de senator, a fost coini\u021biator al unui act normativ prin care au fost majorate pedepsele cu \u00eenchisoarea pentru persoanele care agreseaz\u0103 animalele.<\/p>\n<p class=\"isSelectedEnd\"><em>\u201eAdopta\u021bi, steriliza\u021bi \u0219i nu-i abandona\u021bi!\u201d,<\/em> este \u00eendemnul transmis de Ion Marcel Vela, care a subliniat c\u0103 un c\u00e2ine nu este doar un animal de companie, ci poate deveni un adev\u0103rat membru al familiei.<\/p>\n<p>Mesajul se \u00eencheie cu un g\u00e2nd de recuno\u0219tin\u021b\u0103 pentru to\u021bi cei care iubesc \u0219i protejeaz\u0103 animalele \u0219i cu urarea de<em> \u201eLa mul\u021bi ani!\u201d<\/em> pentru to\u021bi prietenii necuv\u00e2nt\u0103tori ai oamenilor: <em>\u201d Ziua Interna\u021bional\u0103 a C\u00e2inilor este, de asemenea, o oportunitate de a sensibiliza opinia public\u0103 cu privire la importan\u021ba adop\u021biei c\u00e2inilor f\u0103r\u0103 st\u0103p\u00e2n. \u00cen \u00eentreaga lume, milioane de c\u00e2ini tr\u0103iesc \u00een ad\u0103posturi sau pe str\u0103zi, a\u0219tept\u00e2nd s\u0103 fie adopta\u021bi. Prin adoptarea unui c\u00e2ine, nu doar c\u0103 \u00eei oferim acestuia o via\u021b\u0103 mai bun\u0103, dar contribuim \u0219i la reducerea suprapopul\u0103rii din ad\u0103posturi. Indiferent dac\u0103 ave\u021bi deja un c\u00e2ine sau v\u0103 g\u00e2ndi\u021bi s\u0103 adopta\u021bi unul, aminti\u021bi-v\u0103 c\u0103 un c\u00e2ine nu este doar un animal de companie, ci un membru al familiei. Lumea ar fi un loc mai bun, dac\u0103 to\u021bi oamenii ar iubi necondi\u021bionat, a\u0219a cum o fac c\u00e2inii.\u201d<\/em><\/p>\n<\/div>\n<p>[analyse_source url=&#8221;https:\/\/expressdebanat.ro\/mesaj-de-la-multi-ani-de-ziua-internationala-a-cainilor-transmis-de-deputatul-ion-marcel-vela\/&#8221;]<\/p>\n","protected":false},"excerpt":{"rendered":"<p>[analyse_image type=&#8221;featured&#8221; src=&#8221;https:\/\/cdn.expressdebanat.ro\/wp-content\/uploads\/2026\/08\/vela-caini.jpeg&#8221;] Cu prilejul Zilei Interna\u021bionale a C\u00e2inilor, s\u0103rb\u0103torit\u0103 anual pe 26 august, deputatul \u0219i pre\u0219edintele PNL Cara\u0219-Severin, Ion Marcel Vela, a transmis un mesaj dedicat tuturor iubitorilor de animale \u0219i celor care contribuie la protejarea acestora. \u00cen mesajul s\u0103u, parlamentarul a eviden\u021biat loialitatea \u0219i afec\u021biunea c\u00e2inilor, dar \u0219i rolul important pe care ace\u0219tia [&hellip;]<\/p>\n","protected":false},"author":1,"featured_media":0,"comment_status":"open","ping_status":"","sticky":false,"template":"","format":"standard","meta":{"footnotes":""},"categories":[89],"tags":[226,196],"class_list":["post-2118791","post","type-post","status-publish","format-standard","hentry","category-romania","tag-crawlmanager","tag-expressdebanat-ro"],"_links":{"self":[{"href":"https:\/\/analyse.optim.biz\/index.php?rest_route=\/wp\/v2\/posts\/2118791","targetHints":{"allow":["GET"]}}],"collection":[{"href":"https:\/\/analyse.optim.biz\/index.php?rest_route=\/wp\/v2\/posts"}],"about":[{"href":"https:\/\/analyse.optim.biz\/index.php?rest_route=\/wp\/v2\/types\/post"}],"author":[{"embeddable":true,"href":"https:\/\/analyse.optim.biz\/index.php?rest_route=\/wp\/v2\/users\/1"}],"replies":[{"embeddable":true,"href":"https:\/\/analyse.optim.biz\/index.php?rest_route=%2Fwp%2Fv2%2Fcomments&post=2118791"}],"version-history":[{"count":0,"href":"https:\/\/analyse.optim.biz\/index.php?rest_route=\/wp\/v2\/posts\/2118791\/revisions"}],"wp:attachment":[{"href":"https:\/\/analyse.optim.biz\/index.php?rest_route=%2Fwp%2Fv2%2Fmedia&parent=2118791"}],"wp:term":[{"taxonomy":"category","embeddable":true,"href":"https:\/\/analyse.optim.biz\/index.php?rest_route=%2Fwp%2Fv2%2Fcategories&post=2118791"},{"taxonomy":"post_tag","embeddable":true,"href":"https:\/\/analyse.optim.biz\/index.php?rest_route=%2Fwp%2Fv2%2Ftags&post=2118791"}],"curies":[{"name":"wp","href":"https:\/\/api.w.org\/{rel}","templated":true}]}}