{"id":2118787,"date":"2026-08-25T13:02:44","date_gmt":"2026-08-25T10:02:44","guid":{"rendered":"https:\/\/analyse.optim.biz\/?p=2118787"},"modified":"2026-08-25T13:02:44","modified_gmt":"2026-08-25T10:02:44","slug":"saalg-ii-cere-demisia-lui-ilie-bolojan-controversele-din-jurul-guvernului-ridica-grave-probleme-de-integritate","status":"publish","type":"post","link":"https:\/\/analyse.optim.biz\/?p=2118787","title":{"rendered":"SAALG \u00eei cere demisia lui Ilie Bolojan: \u201eControversele din jurul Guvernului ridic\u0103 grave probleme de integritate\u201d"},"content":{"rendered":"<p>[analyse_image type=&#8221;featured&#8221; src=&#8221;https:\/\/cdn.expressdebanat.ro\/wp-content\/uploads\/2026\/05\/bolojan_ilie-2-scaled.jpg&#8221;]<\/p>\n<div id=\"post-area\" class=\"post-981693 post type-post status-publish format-standard has-post-thumbnail hentry category-caras category-lugoj category-national category-resita category-timis\">\n<div id=\"social-box\">\n<ul class=\"post-social\">\n<li class=\"social-share-button\">\n<li class=\"social-share-button\">\n<li class=\"social-share-button\"><\/ul>\n<\/div>\n<div id=\"content-area\">\n<div class=\"post-image\"><img loading=\"lazy\" decoding=\"async\" width=\"620\" height=\"400\" src=\"https:\/\/cdn.expressdebanat.ro\/wp-content\/uploads\/2026\/05\/bolojan_ilie-2-620x400.jpg\" class=\"attachment-post-thumb size-post-thumb wp-post-image perfmatters-lazy\" alt=\"bolojan ilie (2)\"><img loading=\"lazy\" decoding=\"async\" width=\"620\" height=\"400\" src=\"https:\/\/cdn.expressdebanat.ro\/wp-content\/uploads\/2026\/05\/bolojan_ilie-2-620x400.jpg\" class=\"attachment-post-thumb size-post-thumb wp-post-image\" alt=\"bolojan ilie (2)\"><\/div>\n<p><strong>\u00a0SAALG \u00eei cere premierului Ilie Bolojan s\u0103 demisioneze, invoc\u00e2nd controversele \u0219i anchetele care vizeaz\u0103 persoane din proximitatea Guvernului.<\/strong><\/p>\n<p>Sindicatul Angaja\u021bilor din Aparatul de Lucru al Guvernului (SAALG) \u00eei cere premierului Ilie Bolojan s\u0103 demisioneze, acuz\u00e2nd existen\u021ba unor probleme de integritate \u00een jurul unor persoane aflate \u00een proximitatea Guvernului \u0219i a premierului.<\/p>\n<p>\u00centr-un comunicat transmis mar\u021bi, sindicali\u0219tii reiau avertismentele f\u0103cute \u00een luna ianuarie, c\u00e2nd spuneau c\u0103 o serie de \u201ecoinciden\u021be\u201d legate de premier \u00eencep s\u0103 semene cu \u201eun simptom de sistem\u201d.<\/p>\n<p>SAALG sus\u021bine c\u0103 a cerut atunci \u201eexplica\u021bii publice despre cine ajunge la Palatul Victoria, prin cine, \u00een ce condi\u021bii \u0219i cu ce filtre de integritate\u201d.<\/p>\n<p><em>\u201eAst\u0103zi, 25 august, \u00eentreb\u0103rile noastre nu mai pot fi expediate cu o ironie \u0219i nici cu celebra explica\u021bie c\u0103 unii oameni \u00abse folosesc de o poz\u0103\u00bb, deoarece o parte dintre ele se reg\u0103sesc \u00een chiar miezul unor anchete \u0219i audieri DNA. Potrivit informa\u021biilor publicate de mass-media, Cristina Tr\u0103in\u0103, secretar general adjunct al Guvernului, este audiat\u0103 \u00een calitate de suspect \u00een dosarul omului de afaceri F\u0103nel Bogo\u0219, afaceristul despre care presa a relatat c\u0103 ar fi ajuns, prin intermediari politici, la o \u00eent\u00e2lnire cu Ilie-Gavril Bolojan la Palatul Victoria\u201d<\/em>, este transmis \u00een comunicat.<\/p>\n<p>SAALG subliniaz\u0103 c\u0103 \u201eCristina Tr\u0103il\u0103 nu este o persoan\u0103 care s-a fotografiat \u00eent\u00e2mpl\u0103tor cu Ilie Bolojan\u201d, dar totodat\u0103 \u201enici o cuno\u0219tin\u021b\u0103 \u00eendep\u0103rtat\u0103 pe care premierul ar putea spune c\u0103 nu o poate controla\u201d.<\/p>\n<p>Sindicali\u0219tii amintesc c\u0103, dup\u0103 ce Bolojan a eliberat-o din func\u021bia de secretar general al Guvernului, pe 27 iunie 2025, tot el a numit-o secretar general adjunct al Guvernului, cu rang de secretar de stat.<\/p>\n<p><em>\u201eCu alte cuvinte, de aceast\u0103 dat\u0103 nu discut\u0103m despre cineva care a g\u0103sit o u\u0219\u0103 lateral\u0103 spre putere, ci despre cineva c\u0103ruia premierul \u00eensu\u0219i i-a dat cheia unei func\u021bii aflate la v\u00e2rful aparatului guvernamental. Tocmai de aceea nu mai este suficient ca premierul s\u0103 ridice din umeri \u0219i s\u0103 explice c\u0103 nu poate dezmin\u021bi toat\u0103 ziua ceea ce spun al\u021bii despre el\u201d<\/em>, transmite SAALG.<\/p>\n<p>Sindicatul critic\u0103 \u0219i modul \u00een care este discutat\u0103 integritatea \u00een interiorul administra\u021biei publice.<\/p>\n<p><em>\u201ePalatul Victoria nu poate func\u021biona ca o cl\u0103dire cu dou\u0103 intr\u0103ri, una \u00een fa\u021b\u0103, bine luminat\u0103, pe unde cet\u0103\u021benilor li se vorbe\u0219te despre austeritate, disciplin\u0103, sacrificiu \u0219i responsabilitate, \u0219i alta, lateral\u0103, ferit\u0103 de lumin\u0103, pe unde circul\u0103 recomand\u0103ri, intermediari, acces \u0219i rela\u021bii pe care nimeni nu pare obligat s\u0103 le explice\u201d<\/em>, se arat\u0103 \u00een comunicat.<\/p>\n<p>Ace\u0219tia afirm\u0103 c\u0103, \u00een ultimele luni, aten\u021bia Guvernului \u201ea fost \u00eendreptat\u0103 obsesiv \u00een jos, spre salariat, spre func\u021bionarul public, spre profesor, spre medic, spre omul aflat \u00een concediu medical. Numai c\u0103 reflectorul integrit\u0103\u021bii pare s\u0103-\u0219i piard\u0103 inexplicabil intensitatea c\u00e2nd trebuie \u00eendreptat \u00een sus\u201d.<\/p>\n<p>\u00cen comunicat sunt enumerate mai multe controverse \u0219i anchete despre care SAALG spune c\u0103 au ajuns s\u0103 se intersecteze cu zona politic\u0103 \u0219i cu persoane apropiate de putere.<\/p>\n<p><em>\u201ePe 31 ianuarie am \u00eentrebat dac\u0103 nu cumva \u00abcoinciden\u021bele\u00bb au devenit deja simptom in sistemul Bolojan. \u00centre timp, Mihai Jurca, \u0219eful Cancelariei premierului, ne-a recomandat nou\u0103, salaria\u021bilor din aparatul guvernamental, s\u0103 ne uit\u0103m \u00een oglind\u0103. Am f\u0103cut-o, domnule Jurca. \u0218i acum \u00eentoarcem oglinda spre Palatul Victoria. Iar la 25 august reflexia devine din ce \u00een ce mai aglomerat\u0103\u201d<\/em>, transmite SAALG.<\/p>\n<p><strong>Cazurile men\u021bionate de SAALG<\/strong><\/p>\n<p>Sunt men\u021bionate cazul lui Drago\u0219 Anastasiu \u0219i controversa privind \u201e\u0219paga de supravie\u021buire\u201d, pl\u00e2ngerea penal\u0103 depus\u0103 la DNA de fostul \u0219ef al ADR, \u201ecare reclam\u0103 presiuni privind achizi\u021biile publice\u201d, care \u00eei vizeaz\u0103 pe Oana Gheorghiu \u0219i Irineu Dar\u0103u, scandalul legat de CV-ul lui Ionu\u021b Mo\u0219teanu, controversele privind Beniamin Rus \u0219i discu\u021biile \u201epublice privind lunga proximitate, contractele publice \u0219i inaugur\u0103rile de la Oradea\u201d, cazul avocatei PNL Adriana Georgescu, situa\u021bia lui Mihai Barbu, \u201etrezorierul PNL care l-a dus pe F\u0103nel Bogo\u0219 chiar \u00een biroul lui Ilie Bolojan \u0219i care a ajuns ulterior sub control judiciar\u201d, cazul lui Ciprian Ciucu, \u201epus \u0219i el sub control judiciar de DNA pentru luare de mit\u0103\u201d \u0219i, mai nou, cazul Cristinei Tr\u0103il\u0103.<\/p>\n<p>Sindicatul sus\u021bine c\u0103 fiecare dintre aceste situa\u021bii poate avea explica\u021bii separate, dar consider\u0103 c\u0103, privite \u00eempreun\u0103, acestea \u201edeseneaz\u0103 o hart\u0103 pe care apar prea des acelea\u0219i repere, precum putere, acces, intermediere, numiri, influen\u021b\u0103, Palatul Victoria\u201d.<\/p>\n<p>Problema, declar\u0103 ei, nu este doar dac\u0103 anumite persoane au invocat numele premierului, ci dac\u0103 exist\u0103 \u201emecanisme\u201d suficiente pentru verificarea persoanelor care ajung \u00een apropierea conducerii Guvernului.<\/p>\n<p><em>\u201e\u00cen ianuarie am avertizat c\u0103 problema nu era simplul fapt c\u0103 cineva rostea numele premierului \u00eentr-o conversa\u021bie, ci existen\u021ba unui mediu \u00een care asemenea afirma\u021bii puteau p\u0103rea credibile. Ast\u0103zi \u00eentrebarea este \u0219i mai grav\u0103: Ce mecanism de integritate exist\u0103 \u00een interiorul Guvernului dac\u0103 un om aflat la unul dintre cele mai \u00eenalte niveluri ale aparatului guvernamental, numit \u00een acea pozi\u021bie prin semn\u0103tura premierului, ajunge, potrivit informa\u021biilor publicate de pres\u0103, suspect \u00eentr-un dosar care are deja fire politice ajunse p\u00e2n\u0103 la Palatul Victoria?\u201d<\/em>, se arat\u0103 \u00een comunicat.<\/p>\n<p>Pre\u0219edintele SAALG, Noni-Emil Iordache, spune c\u0103 num\u0103rul episoadelor controversate face tot mai dificil\u0103 explica\u021bia prin simple \u201ecoinciden\u021be\u201d.<\/p>\n<p><em>\u201eLa un moment dat, matematica bunului-sim\u021b \u00eencepe s\u0103 bat\u0103 teoria coinciden\u021belor de vreme ce sunt prea multe umbre \u00een jurul aceleia\u0219i \u00ablumini\u00bb, prea multe u\u0219i laterale care duc spre aceea\u0219i cl\u0103dire \u0219i prea multe episoade explicate separat pentru ca nimeni s\u0103 nu mai fie obligat s\u0103 explice tabloul \u00eentreg.\u201d<\/em>, spune el.<\/p>\n<p><em>\u201eC\u00e2nd prea multe drumuri ale influen\u021bei ajung \u00een aceea\u0219i curte, problema nu mai este cine a b\u0103tut la poart\u0103. Problema este cine a deschis poarta. Domnule Bolojan, a venit timpul S\u0102 PLECA\u021aI ACAS\u0102.\u201d<\/em>, declar\u0103 Iordache.<\/p>\n<\/div>\n<div id=\"social-box\">\n<ul class=\"post-social\">\n<li class=\"fb-line\">\n<li><a href=\"http:\/\/twitter.com\/share\" class=\"twitter-share-button\" data-lang=\"en\" data-count=\"horizontal\">Tweet<\/a><\/li>\n<li>\n<li><a href=\"http:\/\/pinterest.com\/pin\/create\/button\/?url=https%3A%2F%2Fexpressdebanat.ro%2Fsaalg-ii-cere-demisia-lui-ilie-bolojan-controversele-din-jurul-guvernului-ridica-grave-probleme-de-integritate%2F&amp;media=https:\/\/cdn.expressdebanat.ro\/wp-content\/uploads\/2026\/05\/bolojan_ilie-2-scaled.jpg&amp;description=SAALG%20%C3%AEi%20cere%20demisia%20lui%20Ilie%20Bolojan:%20%E2%80%9EControversele%20din%20jurul%20Guvernului%20ridic%C4%83%20grave%20probleme%20de%20integritate%E2%80%9D\" class=\"pin-it-button\">Pin It<\/a><\/li>\n<\/ul>\n<\/div>\n<\/div>\n<div id=\"content-area\">\n<div class=\"post-image\"><img loading=\"lazy\" decoding=\"async\" width=\"620\" height=\"400\" src=\"https:\/\/cdn.expressdebanat.ro\/wp-content\/uploads\/2026\/05\/bolojan_ilie-2-620x400.jpg\" class=\"attachment-post-thumb size-post-thumb wp-post-image perfmatters-lazy\" alt=\"bolojan ilie (2)\"><img loading=\"lazy\" decoding=\"async\" width=\"620\" height=\"400\" src=\"https:\/\/cdn.expressdebanat.ro\/wp-content\/uploads\/2026\/05\/bolojan_ilie-2-620x400.jpg\" class=\"attachment-post-thumb size-post-thumb wp-post-image\" alt=\"bolojan ilie (2)\"><\/div>\n<p><strong>\u00a0SAALG \u00eei cere premierului Ilie Bolojan s\u0103 demisioneze, invoc\u00e2nd controversele \u0219i anchetele care vizeaz\u0103 persoane din proximitatea Guvernului.<\/strong><\/p>\n<p>Sindicatul Angaja\u021bilor din Aparatul de Lucru al Guvernului (SAALG) \u00eei cere premierului Ilie Bolojan s\u0103 demisioneze, acuz\u00e2nd existen\u021ba unor probleme de integritate \u00een jurul unor persoane aflate \u00een proximitatea Guvernului \u0219i a premierului.<\/p>\n<p>\u00centr-un comunicat transmis mar\u021bi, sindicali\u0219tii reiau avertismentele f\u0103cute \u00een luna ianuarie, c\u00e2nd spuneau c\u0103 o serie de \u201ecoinciden\u021be\u201d legate de premier \u00eencep s\u0103 semene cu \u201eun simptom de sistem\u201d.<\/p>\n<p>SAALG sus\u021bine c\u0103 a cerut atunci \u201eexplica\u021bii publice despre cine ajunge la Palatul Victoria, prin cine, \u00een ce condi\u021bii \u0219i cu ce filtre de integritate\u201d.<\/p>\n<p><em>\u201eAst\u0103zi, 25 august, \u00eentreb\u0103rile noastre nu mai pot fi expediate cu o ironie \u0219i nici cu celebra explica\u021bie c\u0103 unii oameni \u00abse folosesc de o poz\u0103\u00bb, deoarece o parte dintre ele se reg\u0103sesc \u00een chiar miezul unor anchete \u0219i audieri DNA. Potrivit informa\u021biilor publicate de mass-media, Cristina Tr\u0103in\u0103, secretar general adjunct al Guvernului, este audiat\u0103 \u00een calitate de suspect \u00een dosarul omului de afaceri F\u0103nel Bogo\u0219, afaceristul despre care presa a relatat c\u0103 ar fi ajuns, prin intermediari politici, la o \u00eent\u00e2lnire cu Ilie-Gavril Bolojan la Palatul Victoria\u201d<\/em>, este transmis \u00een comunicat.<\/p>\n<p>SAALG subliniaz\u0103 c\u0103 \u201eCristina Tr\u0103il\u0103 nu este o persoan\u0103 care s-a fotografiat \u00eent\u00e2mpl\u0103tor cu Ilie Bolojan\u201d, dar totodat\u0103 \u201enici o cuno\u0219tin\u021b\u0103 \u00eendep\u0103rtat\u0103 pe care premierul ar putea spune c\u0103 nu o poate controla\u201d.<\/p>\n<p>Sindicali\u0219tii amintesc c\u0103, dup\u0103 ce Bolojan a eliberat-o din func\u021bia de secretar general al Guvernului, pe 27 iunie 2025, tot el a numit-o secretar general adjunct al Guvernului, cu rang de secretar de stat.<\/p>\n<p><em>\u201eCu alte cuvinte, de aceast\u0103 dat\u0103 nu discut\u0103m despre cineva care a g\u0103sit o u\u0219\u0103 lateral\u0103 spre putere, ci despre cineva c\u0103ruia premierul \u00eensu\u0219i i-a dat cheia unei func\u021bii aflate la v\u00e2rful aparatului guvernamental. Tocmai de aceea nu mai este suficient ca premierul s\u0103 ridice din umeri \u0219i s\u0103 explice c\u0103 nu poate dezmin\u021bi toat\u0103 ziua ceea ce spun al\u021bii despre el\u201d<\/em>, transmite SAALG.<\/p>\n<p>Sindicatul critic\u0103 \u0219i modul \u00een care este discutat\u0103 integritatea \u00een interiorul administra\u021biei publice.<\/p>\n<p><em>\u201ePalatul Victoria nu poate func\u021biona ca o cl\u0103dire cu dou\u0103 intr\u0103ri, una \u00een fa\u021b\u0103, bine luminat\u0103, pe unde cet\u0103\u021benilor li se vorbe\u0219te despre austeritate, disciplin\u0103, sacrificiu \u0219i responsabilitate, \u0219i alta, lateral\u0103, ferit\u0103 de lumin\u0103, pe unde circul\u0103 recomand\u0103ri, intermediari, acces \u0219i rela\u021bii pe care nimeni nu pare obligat s\u0103 le explice\u201d<\/em>, se arat\u0103 \u00een comunicat.<\/p>\n<p>Ace\u0219tia afirm\u0103 c\u0103, \u00een ultimele luni, aten\u021bia Guvernului \u201ea fost \u00eendreptat\u0103 obsesiv \u00een jos, spre salariat, spre func\u021bionarul public, spre profesor, spre medic, spre omul aflat \u00een concediu medical. Numai c\u0103 reflectorul integrit\u0103\u021bii pare s\u0103-\u0219i piard\u0103 inexplicabil intensitatea c\u00e2nd trebuie \u00eendreptat \u00een sus\u201d.<\/p>\n<p>\u00cen comunicat sunt enumerate mai multe controverse \u0219i anchete despre care SAALG spune c\u0103 au ajuns s\u0103 se intersecteze cu zona politic\u0103 \u0219i cu persoane apropiate de putere.<\/p>\n<p><em>\u201ePe 31 ianuarie am \u00eentrebat dac\u0103 nu cumva \u00abcoinciden\u021bele\u00bb au devenit deja simptom in sistemul Bolojan. \u00centre timp, Mihai Jurca, \u0219eful Cancelariei premierului, ne-a recomandat nou\u0103, salaria\u021bilor din aparatul guvernamental, s\u0103 ne uit\u0103m \u00een oglind\u0103. Am f\u0103cut-o, domnule Jurca. \u0218i acum \u00eentoarcem oglinda spre Palatul Victoria. Iar la 25 august reflexia devine din ce \u00een ce mai aglomerat\u0103\u201d<\/em>, transmite SAALG.<\/p>\n<p><strong>Cazurile men\u021bionate de SAALG<\/strong><\/p>\n<p>Sunt men\u021bionate cazul lui Drago\u0219 Anastasiu \u0219i controversa privind \u201e\u0219paga de supravie\u021buire\u201d, pl\u00e2ngerea penal\u0103 depus\u0103 la DNA de fostul \u0219ef al ADR, \u201ecare reclam\u0103 presiuni privind achizi\u021biile publice\u201d, care \u00eei vizeaz\u0103 pe Oana Gheorghiu \u0219i Irineu Dar\u0103u, scandalul legat de CV-ul lui Ionu\u021b Mo\u0219teanu, controversele privind Beniamin Rus \u0219i discu\u021biile \u201epublice privind lunga proximitate, contractele publice \u0219i inaugur\u0103rile de la Oradea\u201d, cazul avocatei PNL Adriana Georgescu, situa\u021bia lui Mihai Barbu, \u201etrezorierul PNL care l-a dus pe F\u0103nel Bogo\u0219 chiar \u00een biroul lui Ilie Bolojan \u0219i care a ajuns ulterior sub control judiciar\u201d, cazul lui Ciprian Ciucu, \u201epus \u0219i el sub control judiciar de DNA pentru luare de mit\u0103\u201d \u0219i, mai nou, cazul Cristinei Tr\u0103il\u0103.<\/p>\n<p>Sindicatul sus\u021bine c\u0103 fiecare dintre aceste situa\u021bii poate avea explica\u021bii separate, dar consider\u0103 c\u0103, privite \u00eempreun\u0103, acestea \u201edeseneaz\u0103 o hart\u0103 pe care apar prea des acelea\u0219i repere, precum putere, acces, intermediere, numiri, influen\u021b\u0103, Palatul Victoria\u201d.<\/p>\n<p>Problema, declar\u0103 ei, nu este doar dac\u0103 anumite persoane au invocat numele premierului, ci dac\u0103 exist\u0103 \u201emecanisme\u201d suficiente pentru verificarea persoanelor care ajung \u00een apropierea conducerii Guvernului.<\/p>\n<p><em>\u201e\u00cen ianuarie am avertizat c\u0103 problema nu era simplul fapt c\u0103 cineva rostea numele premierului \u00eentr-o conversa\u021bie, ci existen\u021ba unui mediu \u00een care asemenea afirma\u021bii puteau p\u0103rea credibile. Ast\u0103zi \u00eentrebarea este \u0219i mai grav\u0103: Ce mecanism de integritate exist\u0103 \u00een interiorul Guvernului dac\u0103 un om aflat la unul dintre cele mai \u00eenalte niveluri ale aparatului guvernamental, numit \u00een acea pozi\u021bie prin semn\u0103tura premierului, ajunge, potrivit informa\u021biilor publicate de pres\u0103, suspect \u00eentr-un dosar care are deja fire politice ajunse p\u00e2n\u0103 la Palatul Victoria?\u201d<\/em>, se arat\u0103 \u00een comunicat.<\/p>\n<p>Pre\u0219edintele SAALG, Noni-Emil Iordache, spune c\u0103 num\u0103rul episoadelor controversate face tot mai dificil\u0103 explica\u021bia prin simple \u201ecoinciden\u021be\u201d.<\/p>\n<p><em>\u201eLa un moment dat, matematica bunului-sim\u021b \u00eencepe s\u0103 bat\u0103 teoria coinciden\u021belor de vreme ce sunt prea multe umbre \u00een jurul aceleia\u0219i \u00ablumini\u00bb, prea multe u\u0219i laterale care duc spre aceea\u0219i cl\u0103dire \u0219i prea multe episoade explicate separat pentru ca nimeni s\u0103 nu mai fie obligat s\u0103 explice tabloul \u00eentreg.\u201d<\/em>, spune el.<\/p>\n<p><em>\u201eC\u00e2nd prea multe drumuri ale influen\u021bei ajung \u00een aceea\u0219i curte, problema nu mai este cine a b\u0103tut la poart\u0103. Problema este cine a deschis poarta. Domnule Bolojan, a venit timpul S\u0102 PLECA\u021aI ACAS\u0102.\u201d<\/em>, declar\u0103 Iordache.<\/p>\n<\/div>\n<p>[analyse_source url=&#8221;https:\/\/expressdebanat.ro\/saalg-ii-cere-demisia-lui-ilie-bolojan-controversele-din-jurul-guvernului-ridica-grave-probleme-de-integritate\/&#8221;]<\/p>\n","protected":false},"excerpt":{"rendered":"<p>[analyse_image type=&#8221;featured&#8221; src=&#8221;https:\/\/cdn.expressdebanat.ro\/wp-content\/uploads\/2026\/05\/bolojan_ilie-2-scaled.jpg&#8221;] \u00a0SAALG \u00eei cere premierului Ilie Bolojan s\u0103 demisioneze, invoc\u00e2nd controversele \u0219i anchetele care vizeaz\u0103 persoane din proximitatea Guvernului. Sindicatul Angaja\u021bilor din Aparatul de Lucru al Guvernului (SAALG) \u00eei cere premierului Ilie Bolojan s\u0103 demisioneze, acuz\u00e2nd existen\u021ba unor probleme de integritate \u00een jurul unor persoane aflate \u00een proximitatea Guvernului \u0219i a premierului. \u00centr-un [&hellip;]<\/p>\n","protected":false},"author":1,"featured_media":0,"comment_status":"open","ping_status":"","sticky":false,"template":"","format":"standard","meta":{"footnotes":""},"categories":[89],"tags":[226,196],"class_list":["post-2118787","post","type-post","status-publish","format-standard","hentry","category-romania","tag-crawlmanager","tag-expressdebanat-ro"],"_links":{"self":[{"href":"https:\/\/analyse.optim.biz\/index.php?rest_route=\/wp\/v2\/posts\/2118787","targetHints":{"allow":["GET"]}}],"collection":[{"href":"https:\/\/analyse.optim.biz\/index.php?rest_route=\/wp\/v2\/posts"}],"about":[{"href":"https:\/\/analyse.optim.biz\/index.php?rest_route=\/wp\/v2\/types\/post"}],"author":[{"embeddable":true,"href":"https:\/\/analyse.optim.biz\/index.php?rest_route=\/wp\/v2\/users\/1"}],"replies":[{"embeddable":true,"href":"https:\/\/analyse.optim.biz\/index.php?rest_route=%2Fwp%2Fv2%2Fcomments&post=2118787"}],"version-history":[{"count":0,"href":"https:\/\/analyse.optim.biz\/index.php?rest_route=\/wp\/v2\/posts\/2118787\/revisions"}],"wp:attachment":[{"href":"https:\/\/analyse.optim.biz\/index.php?rest_route=%2Fwp%2Fv2%2Fmedia&parent=2118787"}],"wp:term":[{"taxonomy":"category","embeddable":true,"href":"https:\/\/analyse.optim.biz\/index.php?rest_route=%2Fwp%2Fv2%2Fcategories&post=2118787"},{"taxonomy":"post_tag","embeddable":true,"href":"https:\/\/analyse.optim.biz\/index.php?rest_route=%2Fwp%2Fv2%2Ftags&post=2118787"}],"curies":[{"name":"wp","href":"https:\/\/api.w.org\/{rel}","templated":true}]}}