{"id":2118785,"date":"2026-08-25T08:57:38","date_gmt":"2026-08-25T05:57:38","guid":{"rendered":"https:\/\/analyse.optim.biz\/?p=2118785"},"modified":"2026-08-25T08:57:38","modified_gmt":"2026-08-25T05:57:38","slug":"secretarul-general-al-guvernului-bolojan-audiat-la-dna-nelu-popa-nu-crede-in-legende","status":"publish","type":"post","link":"https:\/\/analyse.optim.biz\/?p=2118785","title":{"rendered":"Secretarul general al Guvernului Bolojan, audiat la DNA! Nelu Popa nu crede \u00een legende!"},"content":{"rendered":"<p>[analyse_image type=&#8221;featured&#8221; src=&#8221;https:\/\/cdn.expressdebanat.ro\/wp-content\/uploads\/2026\/08\/cristina_traila_secretar_guvern_bolojan.jpg&#8221;]<\/p>\n<div id=\"post-area\" class=\"post-981675 post type-post status-publish format-standard has-post-thumbnail hentry category-anina category-baile-herculane category-bocsa category-caransebes category-caras category-moldova-noua category-oravita category-otelu-rosu-2 category-politica category-resita tag-articol-principal tag-cristina-traila tag-express-de-banat tag-fanel-bogos tag-important tag-nelu-popa tag-pnl tag-primaria-resita tag-secretar-general-al-guvernului-la-dna\">\n<div id=\"social-box\">\n<ul class=\"post-social\">\n<li class=\"social-share-button\">\n<li class=\"social-share-button\">\n<li class=\"social-share-button\"><\/ul>\n<\/div>\n<div id=\"content-area\">\n<div class=\"post-image\"><img loading=\"lazy\" decoding=\"async\" width=\"620\" height=\"400\" src=\"https:\/\/cdn.expressdebanat.ro\/wp-content\/uploads\/2026\/08\/cristina_traila_secretar_guvern_bolojan-620x400.jpg\" class=\"attachment-post-thumb size-post-thumb wp-post-image perfmatters-lazy\" alt=\"cristina traila secretar guvern bolojan\"><img loading=\"lazy\" decoding=\"async\" width=\"620\" height=\"400\" src=\"https:\/\/cdn.expressdebanat.ro\/wp-content\/uploads\/2026\/08\/cristina_traila_secretar_guvern_bolojan-620x400.jpg\" class=\"attachment-post-thumb size-post-thumb wp-post-image\" alt=\"cristina traila secretar guvern bolojan\"><\/div>\n<p><strong>Cristina Tr\u0103il\u0103 este suspect\u0103 \u00een dosarul omului de afaceri F\u0103nel Bogos, arestat preventiv pentru cump\u0103rare de influen\u021b\u0103 \u00een dosarul DNA Vaslui!<\/strong><\/p>\n<p>Surse politice au declarat pentru MEDIAFAX c\u0103 omul de \u00eencredere al premierului Ilie Bolojan are calitatea de suspect \u00een cauz\u0103. Dosarul ar fi fost deschis \u00een perioada \u00een care Cristina Chiriac conducea DNA Ia\u0219i, iar Cristina Tr\u0103il\u0103 este vizat\u0103 \u00een leg\u0103tur\u0103 cu o fapt\u0103 de complicitate la infrac\u021biunea prev\u0103zut\u0103 de articolul 13 din Legea 78\/2000.<\/p>\n<p>P\u00e2n\u0103 la acest moment, DNA nu a comunicat oficial informa\u021bii cu privire la audierea Cristinei Tr\u0103il\u0103, la calitatea procesual\u0103 a acesteia sau la acuza\u021biile care \u00eei sunt aduse.<\/p>\n<p>Fost deputat PNL, Cristina Tr\u0103il\u0103 a fost numit\u0103 \u00een aprilie 2025 \u00een func\u021bia de secretar general al Guvernului, cu rang de ministru.<\/p>\n<p>Nelu Popa, \u00een calitatea sa de vicepre\u0219edinte PNL, a comentat news alert-ul zilei la Antena 3.<\/p>\n<p><em>\u201eExist\u0103 aceste teorii \u0219i aceste legende c\u0103 cineva ne atac\u0103 ca s\u0103 \u00een\u021belegem ni\u0219te lucruri \u0219i s\u0103 avem un comportament de o anumit\u0103 manier\u0103. E posibil, dar eu nu a\u0219 puncta pe acest aspect. Oamenii politici trebuie s\u0103 \u00een\u021beleag\u0103 c\u0103, fiind persoane publice, ei sunt ni\u0219te \u021binte. Dac\u0103 au for\u021b\u0103 \u0219i putere, rezist\u0103. Dac\u0103 nu au, se duc acas\u0103. Noi trebuie s\u0103 ne asum\u0103m!\u201d,<\/em> a afirmat Popa.<\/p>\n<p>\u00a0<\/p>\n<p>FOTO: Inquam Photos \/<a href=\"https:\/\/inquamphotos.com\/user\/george-calin\">George\u00a0C\u0103lin<\/a><\/p>\n<\/div>\n<div id=\"social-box\">\n<ul class=\"post-social\">\n<li class=\"fb-line\">\n<li><a href=\"http:\/\/twitter.com\/share\" class=\"twitter-share-button\" data-lang=\"en\" data-count=\"horizontal\">Tweet<\/a><\/li>\n<li>\n<li><a href=\"http:\/\/pinterest.com\/pin\/create\/button\/?url=https%3A%2F%2Fexpressdebanat.ro%2Fsecretarul-general-al-guvernului-bolojan-audiat-la-dna-nelu-popa-nu-crede-in-legende%2F&amp;media=https:\/\/cdn.expressdebanat.ro\/wp-content\/uploads\/2026\/08\/cristina_traila_secretar_guvern_bolojan.jpg&amp;description=Secretarul%20general%20al%20Guvernului%20Bolojan,%20audiat%20la%20DNA!%20Nelu%20Popa%20nu%20crede%20%C3%AEn%20legende!\" class=\"pin-it-button\">Pin It<\/a><\/li>\n<\/ul>\n<\/div>\n<\/div>\n<div id=\"content-area\">\n<div class=\"post-image\"><img loading=\"lazy\" decoding=\"async\" width=\"620\" height=\"400\" src=\"https:\/\/cdn.expressdebanat.ro\/wp-content\/uploads\/2026\/08\/cristina_traila_secretar_guvern_bolojan-620x400.jpg\" class=\"attachment-post-thumb size-post-thumb wp-post-image perfmatters-lazy\" alt=\"cristina traila secretar guvern bolojan\"><img loading=\"lazy\" decoding=\"async\" width=\"620\" height=\"400\" src=\"https:\/\/cdn.expressdebanat.ro\/wp-content\/uploads\/2026\/08\/cristina_traila_secretar_guvern_bolojan-620x400.jpg\" class=\"attachment-post-thumb size-post-thumb wp-post-image\" alt=\"cristina traila secretar guvern bolojan\"><\/div>\n<p><strong>Cristina Tr\u0103il\u0103 este suspect\u0103 \u00een dosarul omului de afaceri F\u0103nel Bogos, arestat preventiv pentru cump\u0103rare de influen\u021b\u0103 \u00een dosarul DNA Vaslui!<\/strong><\/p>\n<p>Surse politice au declarat pentru MEDIAFAX c\u0103 omul de \u00eencredere al premierului Ilie Bolojan are calitatea de suspect \u00een cauz\u0103. Dosarul ar fi fost deschis \u00een perioada \u00een care Cristina Chiriac conducea DNA Ia\u0219i, iar Cristina Tr\u0103il\u0103 este vizat\u0103 \u00een leg\u0103tur\u0103 cu o fapt\u0103 de complicitate la infrac\u021biunea prev\u0103zut\u0103 de articolul 13 din Legea 78\/2000.<\/p>\n<p>P\u00e2n\u0103 la acest moment, DNA nu a comunicat oficial informa\u021bii cu privire la audierea Cristinei Tr\u0103il\u0103, la calitatea procesual\u0103 a acesteia sau la acuza\u021biile care \u00eei sunt aduse.<\/p>\n<p>Fost deputat PNL, Cristina Tr\u0103il\u0103 a fost numit\u0103 \u00een aprilie 2025 \u00een func\u021bia de secretar general al Guvernului, cu rang de ministru.<\/p>\n<p>Nelu Popa, \u00een calitatea sa de vicepre\u0219edinte PNL, a comentat news alert-ul zilei la Antena 3.<\/p>\n<p><em>\u201eExist\u0103 aceste teorii \u0219i aceste legende c\u0103 cineva ne atac\u0103 ca s\u0103 \u00een\u021belegem ni\u0219te lucruri \u0219i s\u0103 avem un comportament de o anumit\u0103 manier\u0103. E posibil, dar eu nu a\u0219 puncta pe acest aspect. Oamenii politici trebuie s\u0103 \u00een\u021beleag\u0103 c\u0103, fiind persoane publice, ei sunt ni\u0219te \u021binte. Dac\u0103 au for\u021b\u0103 \u0219i putere, rezist\u0103. Dac\u0103 nu au, se duc acas\u0103. Noi trebuie s\u0103 ne asum\u0103m!\u201d,<\/em> a afirmat Popa.<\/p>\n<p>\u00a0<\/p>\n<p>FOTO: Inquam Photos \/<a href=\"https:\/\/inquamphotos.com\/user\/george-calin\">George\u00a0C\u0103lin<\/a><\/p>\n<\/div>\n<p>[analyse_source url=&#8221;https:\/\/expressdebanat.ro\/secretarul-general-al-guvernului-bolojan-audiat-la-dna-nelu-popa-nu-crede-in-legende\/&#8221;]<\/p>\n","protected":false},"excerpt":{"rendered":"<p>[analyse_image type=&#8221;featured&#8221; src=&#8221;https:\/\/cdn.expressdebanat.ro\/wp-content\/uploads\/2026\/08\/cristina_traila_secretar_guvern_bolojan.jpg&#8221;] Cristina Tr\u0103il\u0103 este suspect\u0103 \u00een dosarul omului de afaceri F\u0103nel Bogos, arestat preventiv pentru cump\u0103rare de influen\u021b\u0103 \u00een dosarul DNA Vaslui! Surse politice au declarat pentru MEDIAFAX c\u0103 omul de \u00eencredere al premierului Ilie Bolojan are calitatea de suspect \u00een cauz\u0103. Dosarul ar fi fost deschis \u00een perioada \u00een care Cristina Chiriac [&hellip;]<\/p>\n","protected":false},"author":1,"featured_media":0,"comment_status":"open","ping_status":"","sticky":false,"template":"","format":"standard","meta":{"footnotes":""},"categories":[89],"tags":[226,196],"class_list":["post-2118785","post","type-post","status-publish","format-standard","hentry","category-romania","tag-crawlmanager","tag-expressdebanat-ro"],"_links":{"self":[{"href":"https:\/\/analyse.optim.biz\/index.php?rest_route=\/wp\/v2\/posts\/2118785","targetHints":{"allow":["GET"]}}],"collection":[{"href":"https:\/\/analyse.optim.biz\/index.php?rest_route=\/wp\/v2\/posts"}],"about":[{"href":"https:\/\/analyse.optim.biz\/index.php?rest_route=\/wp\/v2\/types\/post"}],"author":[{"embeddable":true,"href":"https:\/\/analyse.optim.biz\/index.php?rest_route=\/wp\/v2\/users\/1"}],"replies":[{"embeddable":true,"href":"https:\/\/analyse.optim.biz\/index.php?rest_route=%2Fwp%2Fv2%2Fcomments&post=2118785"}],"version-history":[{"count":0,"href":"https:\/\/analyse.optim.biz\/index.php?rest_route=\/wp\/v2\/posts\/2118785\/revisions"}],"wp:attachment":[{"href":"https:\/\/analyse.optim.biz\/index.php?rest_route=%2Fwp%2Fv2%2Fmedia&parent=2118785"}],"wp:term":[{"taxonomy":"category","embeddable":true,"href":"https:\/\/analyse.optim.biz\/index.php?rest_route=%2Fwp%2Fv2%2Fcategories&post=2118785"},{"taxonomy":"post_tag","embeddable":true,"href":"https:\/\/analyse.optim.biz\/index.php?rest_route=%2Fwp%2Fv2%2Ftags&post=2118785"}],"curies":[{"name":"wp","href":"https:\/\/api.w.org\/{rel}","templated":true}]}}