{"id":2118783,"date":"2026-08-25T07:36:44","date_gmt":"2026-08-25T04:36:44","guid":{"rendered":"https:\/\/analyse.optim.biz\/?p=2118783"},"modified":"2026-08-25T07:36:44","modified_gmt":"2026-08-25T04:36:44","slug":"partiile-de-pe-semenic-ajung-in-sala-de-judecata-lucrarile-actuale-nu-pot-fi-legale-e-un-mare-fals-in-acte","status":"publish","type":"post","link":"https:\/\/analyse.optim.biz\/?p=2118783","title":{"rendered":"P\u00e2rtiile de pe Semenic ajung \u00een sala de judecat\u0103! \u201eLucr\u0103rile actuale nu pot fi legale! E un mare fals \u00een acte\u201d"},"content":{"rendered":"<p>[analyse_image type=&#8221;featured&#8221; src=&#8221;https:\/\/cdn.expressdebanat.ro\/wp-content\/uploads\/2026\/08\/agent-green-semenic.jpg&#8221;]<\/p>\n<div id=\"post-area\" class=\"post-981662 post type-post status-publish format-standard has-post-thumbnail hentry category-anina category-baile-herculane category-bocsa category-caransebes category-caras category-moldova-noua category-oravita category-otelu-rosu-2 category-resita category-turism tag-agent-green tag-articol-principal tag-domeniul-turistic-semenic tag-express-de-banat tag-important tag-lucrari-ilegale-semenic tag-ministerul-mediului tag-nelu-popa tag-romsilva\">\n<div id=\"social-box\">\n<ul class=\"post-social\">\n<li class=\"social-share-button\">\n<li class=\"social-share-button\">\n<li class=\"social-share-button\"><\/ul>\n<\/div>\n<div id=\"content-area\">\n<div class=\"post-image\"><img loading=\"lazy\" decoding=\"async\" width=\"620\" height=\"400\" src=\"https:\/\/cdn.expressdebanat.ro\/wp-content\/uploads\/2026\/08\/agent-green-semenic-620x400.jpg\" class=\"attachment-post-thumb size-post-thumb wp-post-image perfmatters-lazy\" alt=\"agent green semenic\"><img loading=\"lazy\" decoding=\"async\" width=\"620\" height=\"400\" src=\"https:\/\/cdn.expressdebanat.ro\/wp-content\/uploads\/2026\/08\/agent-green-semenic-620x400.jpg\" class=\"attachment-post-thumb size-post-thumb wp-post-image\" alt=\"agent green semenic\"><\/div>\n<p><strong>Agent Green a dat \u00een judecat\u0103 Ministerul Mediului \u0219i Romsilva din cauza lucr\u0103rilor pe care le-a autorizat \u00een vederea realiz\u0103rii Domeniului Turistic Semenic!<\/strong><\/p>\n<p>Activi\u0219tii de mediu nu pun la \u00eendoial\u0103 doar oportunitatea proiectului ini\u021biat de Nelu Popa, primarul Re\u0219i\u021bei, ci \u0219i legalitatea acestuia.<\/p>\n<p><em>\u201eLucr\u0103rile actuale din Parcul Na\u021bional Semenic nu pot fi legale c\u0103ci Romsilva care a administrat zeci de ani aria protejat\u0103 cu contract expirat nu are plan de management aprobat \u0219i nici zonare intern\u0103 \u00een baza c\u0103rora s\u0103 se aprobe vreo activitate cu impact asupra mediului. Cu at\u00e2t mai mult defri\u0219\u0103ri \u0219i zone schiabile. Din acest motiv, Agent Green a dat \u00een judecat\u0103 Ministerul Mediului \u0219i Romsilva, procesul fiind \u00een derulare. Astfel, de principiu, nu ar trebui s\u0103 se taie niciun copac \u0219i \u00eentreg proiectul Ministerul Dezvolt\u0103rii, Lucr\u0103rilor Publice \u015fi Administra\u0163iei \u00een aceast\u0103 arie protejat\u0103 este un mare fals \u00een acte!<\/em>\u201d, acuz\u0103 Agent Green.<\/p>\n<div class=\"hxtsf6a93800536997\"><a href=\"https:\/\/www.bacoluxhotels.ro\/\"><img loading=\"lazy\" decoding=\"async\" class=\"size-full wp-image-943602 perfmatters-lazy\" src=\"https:\/\/cdn.expressdebanat.ro\/wp-content\/uploads\/2025\/09\/WhatsApp-Image-2025-09-29-at-12.42.18.jpeg\" alt=\"Afrodita 1000x200 \" width=\"1000\" height=\"200\"><img loading=\"lazy\" decoding=\"async\" class=\"size-full wp-image-943602\" src=\"https:\/\/cdn.expressdebanat.ro\/wp-content\/uploads\/2025\/09\/WhatsApp-Image-2025-09-29-at-12.42.18.jpeg\" alt=\"Afrodita 1000x200 \" width=\"1000\" height=\"200\"><\/a><\/div>\n<p>Planul de management a fost trimis spre aprobare la Ministerul Mediului \u2013 Rom\u00e2nia, \u00eens\u0103 potrivit ong-i\u0219tilor de la Agent Green acesta este at\u00e2t de prost f\u0103cut \u00eenc\u00e2t validarea ar constitui o alt\u0103 ilegalitate.<\/p>\n<p>A\u0219tia subliniaz\u0103 c\u0103 PUZ-ul se suprapune peste Parcul Na\u021bional Semenic \u2013 Cheile Cara\u0219ului \u0219i se afl\u0103 integral \u00een dou\u0103 situri Natura 2000, motiv pentru care vor solicita documenta\u021bia care a stat la baza lucr\u0103rilor distructive. Agent Green avertizeaz\u0103 c\u0103, dac\u0103 va constata evalu\u0103ri de impact asupra mediului f\u0103cute abuziv, va sesiza institu\u021biile europene.<\/p>\n<\/div>\n<div id=\"social-box\">\n<ul class=\"post-social\">\n<li class=\"fb-line\">\n<li><a href=\"http:\/\/twitter.com\/share\" class=\"twitter-share-button\" data-lang=\"en\" data-count=\"horizontal\">Tweet<\/a><\/li>\n<li>\n<li><a href=\"http:\/\/pinterest.com\/pin\/create\/button\/?url=https%3A%2F%2Fexpressdebanat.ro%2Fpartiile-de-pe-semenic-ajung-in-sala-de-judecata-lucrarile-actuale-nu-pot-fi-legale-e-un-mare-fals-in-acte%2F&amp;media=https:\/\/cdn.expressdebanat.ro\/wp-content\/uploads\/2026\/08\/agent-green-semenic.jpg&amp;description=P%C3%A2rtiile%20de%20pe%20Semenic%20ajung%20%C3%AEn%20sala%20de%20judecat%C4%83!%20%E2%80%9ELucr%C4%83rile%20actuale%20nu%20pot%20fi%20legale!%20E%20un%20mare%20fals%20%C3%AEn%20acte%E2%80%9D\" class=\"pin-it-button\">Pin It<\/a><\/li>\n<\/ul>\n<\/div>\n<\/div>\n<div id=\"content-area\">\n<div class=\"post-image\"><img loading=\"lazy\" decoding=\"async\" width=\"620\" height=\"400\" src=\"https:\/\/cdn.expressdebanat.ro\/wp-content\/uploads\/2026\/08\/agent-green-semenic-620x400.jpg\" class=\"attachment-post-thumb size-post-thumb wp-post-image perfmatters-lazy\" alt=\"agent green semenic\"><img loading=\"lazy\" decoding=\"async\" width=\"620\" height=\"400\" src=\"https:\/\/cdn.expressdebanat.ro\/wp-content\/uploads\/2026\/08\/agent-green-semenic-620x400.jpg\" class=\"attachment-post-thumb size-post-thumb wp-post-image\" alt=\"agent green semenic\"><\/div>\n<p><strong>Agent Green a dat \u00een judecat\u0103 Ministerul Mediului \u0219i Romsilva din cauza lucr\u0103rilor pe care le-a autorizat \u00een vederea realiz\u0103rii Domeniului Turistic Semenic!<\/strong><\/p>\n<p>Activi\u0219tii de mediu nu pun la \u00eendoial\u0103 doar oportunitatea proiectului ini\u021biat de Nelu Popa, primarul Re\u0219i\u021bei, ci \u0219i legalitatea acestuia.<\/p>\n<p><em>\u201eLucr\u0103rile actuale din Parcul Na\u021bional Semenic nu pot fi legale c\u0103ci Romsilva care a administrat zeci de ani aria protejat\u0103 cu contract expirat nu are plan de management aprobat \u0219i nici zonare intern\u0103 \u00een baza c\u0103rora s\u0103 se aprobe vreo activitate cu impact asupra mediului. Cu at\u00e2t mai mult defri\u0219\u0103ri \u0219i zone schiabile. Din acest motiv, Agent Green a dat \u00een judecat\u0103 Ministerul Mediului \u0219i Romsilva, procesul fiind \u00een derulare. Astfel, de principiu, nu ar trebui s\u0103 se taie niciun copac \u0219i \u00eentreg proiectul Ministerul Dezvolt\u0103rii, Lucr\u0103rilor Publice \u015fi Administra\u0163iei \u00een aceast\u0103 arie protejat\u0103 este un mare fals \u00een acte!<\/em>\u201d, acuz\u0103 Agent Green.<\/p>\n<div class=\"hxtsf6a93800536997\"><a href=\"https:\/\/www.bacoluxhotels.ro\/\"><img loading=\"lazy\" decoding=\"async\" class=\"size-full wp-image-943602 perfmatters-lazy\" src=\"https:\/\/cdn.expressdebanat.ro\/wp-content\/uploads\/2025\/09\/WhatsApp-Image-2025-09-29-at-12.42.18.jpeg\" alt=\"Afrodita 1000x200 \" width=\"1000\" height=\"200\"><img loading=\"lazy\" decoding=\"async\" class=\"size-full wp-image-943602\" src=\"https:\/\/cdn.expressdebanat.ro\/wp-content\/uploads\/2025\/09\/WhatsApp-Image-2025-09-29-at-12.42.18.jpeg\" alt=\"Afrodita 1000x200 \" width=\"1000\" height=\"200\"><\/a><\/div>\n<p>Planul de management a fost trimis spre aprobare la Ministerul Mediului \u2013 Rom\u00e2nia, \u00eens\u0103 potrivit ong-i\u0219tilor de la Agent Green acesta este at\u00e2t de prost f\u0103cut \u00eenc\u00e2t validarea ar constitui o alt\u0103 ilegalitate.<\/p>\n<p>A\u0219tia subliniaz\u0103 c\u0103 PUZ-ul se suprapune peste Parcul Na\u021bional Semenic \u2013 Cheile Cara\u0219ului \u0219i se afl\u0103 integral \u00een dou\u0103 situri Natura 2000, motiv pentru care vor solicita documenta\u021bia care a stat la baza lucr\u0103rilor distructive. Agent Green avertizeaz\u0103 c\u0103, dac\u0103 va constata evalu\u0103ri de impact asupra mediului f\u0103cute abuziv, va sesiza institu\u021biile europene.<\/p>\n<\/div>\n<p>[analyse_source url=&#8221;https:\/\/expressdebanat.ro\/partiile-de-pe-semenic-ajung-in-sala-de-judecata-lucrarile-actuale-nu-pot-fi-legale-e-un-mare-fals-in-acte\/&#8221;]<\/p>\n","protected":false},"excerpt":{"rendered":"<p>[analyse_image type=&#8221;featured&#8221; src=&#8221;https:\/\/cdn.expressdebanat.ro\/wp-content\/uploads\/2026\/08\/agent-green-semenic.jpg&#8221;] Agent Green a dat \u00een judecat\u0103 Ministerul Mediului \u0219i Romsilva din cauza lucr\u0103rilor pe care le-a autorizat \u00een vederea realiz\u0103rii Domeniului Turistic Semenic! Activi\u0219tii de mediu nu pun la \u00eendoial\u0103 doar oportunitatea proiectului ini\u021biat de Nelu Popa, primarul Re\u0219i\u021bei, ci \u0219i legalitatea acestuia. \u201eLucr\u0103rile actuale din Parcul Na\u021bional Semenic nu pot fi [&hellip;]<\/p>\n","protected":false},"author":1,"featured_media":0,"comment_status":"open","ping_status":"","sticky":false,"template":"","format":"standard","meta":{"footnotes":""},"categories":[89],"tags":[226,196],"class_list":["post-2118783","post","type-post","status-publish","format-standard","hentry","category-romania","tag-crawlmanager","tag-expressdebanat-ro"],"_links":{"self":[{"href":"https:\/\/analyse.optim.biz\/index.php?rest_route=\/wp\/v2\/posts\/2118783","targetHints":{"allow":["GET"]}}],"collection":[{"href":"https:\/\/analyse.optim.biz\/index.php?rest_route=\/wp\/v2\/posts"}],"about":[{"href":"https:\/\/analyse.optim.biz\/index.php?rest_route=\/wp\/v2\/types\/post"}],"author":[{"embeddable":true,"href":"https:\/\/analyse.optim.biz\/index.php?rest_route=\/wp\/v2\/users\/1"}],"replies":[{"embeddable":true,"href":"https:\/\/analyse.optim.biz\/index.php?rest_route=%2Fwp%2Fv2%2Fcomments&post=2118783"}],"version-history":[{"count":0,"href":"https:\/\/analyse.optim.biz\/index.php?rest_route=\/wp\/v2\/posts\/2118783\/revisions"}],"wp:attachment":[{"href":"https:\/\/analyse.optim.biz\/index.php?rest_route=%2Fwp%2Fv2%2Fmedia&parent=2118783"}],"wp:term":[{"taxonomy":"category","embeddable":true,"href":"https:\/\/analyse.optim.biz\/index.php?rest_route=%2Fwp%2Fv2%2Fcategories&post=2118783"},{"taxonomy":"post_tag","embeddable":true,"href":"https:\/\/analyse.optim.biz\/index.php?rest_route=%2Fwp%2Fv2%2Ftags&post=2118783"}],"curies":[{"name":"wp","href":"https:\/\/api.w.org\/{rel}","templated":true}]}}