{"id":2118762,"date":"2026-08-30T03:59:04","date_gmt":"2026-08-30T00:59:04","guid":{"rendered":"https:\/\/analyse.optim.biz\/?p=2118762"},"modified":"2026-08-30T03:59:04","modified_gmt":"2026-08-30T00:59:04","slug":"transferul-carierei-pentru-andrei-ratiu-dorit-in-premier-league-de-fostul-antrenor-de-la-real-madrid","status":"publish","type":"post","link":"https:\/\/analyse.optim.biz\/?p=2118762","title":{"rendered":"Transferul carierei pentru Andrei Ra\u021biu, dorit \u00een Premier League de fostul antrenor de la Real Madrid"},"content":{"rendered":"<p>[analyse_image type=&#8221;featured&#8221; src=&#8221;https:\/\/s1.ziareromania.ro\/?mmid=12ab456b16048d99b6&#8243;]<\/p>\n<div id=\"article__container\" class=\"news__container news__image__container\">\n<h1 class=\"news__title\" title=\"Transferul carierei pentru Andrei Ra\u021biu, dorit \u00een Premier League de fostul antrenor de la Real Madrid\">Transferul carierei pentru Andrei Ra\u021biu, dorit \u00een Premier League de fostul antrenor de la Real Madrid<\/h1>\n<\/div>\n<div class=\"news__info__content d-flex\">\n<div class=\"d-flex \">\n<div class=\"news__author mar10r\"> Autor: <span><a href=\"https:\/\/ziare.com\/autor\/teodor-serban\"> Teodor Serban <\/a><\/span><\/div>\n<div class=\"news__publish\">Sambata, 29 August 2026, ora 11:50<\/div>\n<\/div>\n<div class=\"news__views\">12082 citiri<\/div>\n<\/div>\n<div class=\"stanga_stire news__image fleft article__marker\">\n<div class=\"news-image__content news__image__item\"><a class=\"news__image\" data-href=\"https:\/\/s2.ziareromania.ro\/?mmid=12ab456b16048d99b6\" data-size=\"470x308\" title=\"Transferul carierei pentru Andrei Ra\u021biu, dorit \u00een Premier League de fostul antrenor de la Real Madrid\"><img decoding=\"async\" src=\"https:\/\/tb.ziareromania.ro\/Transferul-carierei-pentru-Andrei-Ra--iu--dorit---n-Premier-League-de-fostul-antrenor-de-la-Real-Madrid\/12ab456b16048d99b6\/400\/225\/2\/100\/Transferul-carierei-pentru-Andrei-Ra--iu--dorit---n-Premier-League-de-fostul-antrenor-de-la-Real-Madrid.jpg\" alt=\"Transferul carierei pentru Andrei Ra\u021biu, dorit \u00een Premier League de fostul antrenor de la Real Madrid\" title=\"Transferul carierei pentru Andrei Ra\u021biu, dorit \u00een Premier League de fostul antrenor de la Real Madrid\" class=\"img-responsive\"><\/a><\/p>\n<div class=\"news__caption\">Andrei Ra\u021biu FOTO X @LigActu<\/div>\n<\/div>\n<\/div>\n<div class=\"news__content descriere_main article__marker\">\n<p>Interna\u021bionalul rom\u00e2n Andrei Ra\u021biu (28 de ani) de la Rayo Vallecano e aproape de un <a href=\"https:\/\/ziare.com\/fotbal\/transfer\/\" title=\"transfer\">transfer<\/a> spectaculos \u00een <a href=\"https:\/\/ziare.com\/fotbal\/premier-league\/\" title=\"Premier League\">Premier League<\/a>.<\/p>\n<p>Astfel, \u00een ultimele zile ale perioadei de transferuri, Andrei Ra\u021biu a ajuns la un acord cu echipa <a href=\"https:\/\/ziare.com\/fc-fulham\/\" title=\"Fulham\">Fulham<\/a>, unde este dorit cu insisten\u021b\u0103 de noul antrenor, Alvaro Arbeloa (43 de ani), care a preg\u0103tit-o recent \u0219i pe <a href=\"https:\/\/ziare.com\/real-madrid\/\" title=\"Real Madrid\">Real Madrid<\/a>.<\/p>\n<p>\u201eFulham se afl\u0103 \u00een negocieri avansate cu Rayo Vallecano pentru Andrei Ra\u021biu. Situa\u021bia pare \u00eembucur\u0103toare pentru juc\u0103tor, care \u00ee\u0219i dore\u0219te s\u0103 ajung\u0103 \u00een Premier League. Exist\u0103 deja un acord \u00eentre Andrei Ra\u021biu \u0219i Fulham\u201d, a anun\u021bat jurnalistul spaniol Matteo Moretto, colaborator Marca.<\/p>\n<p>Evaluat la 18 milioane de euro de site-ul Transfermarkt, Andrei Ra\u021biu a str\u00e2ns 104 <a href=\"https:\/\/ziare.com\/fotbal\/meciuri\/\" title=\"meciuri\">meciuri<\/a> pentru Rayo Vallecano \u00een toate competi\u021biile, reu\u0219ind s\u0103 marcheze 4 <a href=\"https:\/\/ziare.com\/fotbal\/goluri\/\" title=\"goluri\">goluri<\/a>.<\/p>\n<\/div>\n","protected":false},"excerpt":{"rendered":"<p>[analyse_image type=&#8221;featured&#8221; src=&#8221;https:\/\/s1.ziareromania.ro\/?mmid=12ab456b16048d99b6&#8243;] Transferul carierei pentru Andrei Ra\u021biu, dorit \u00een Premier League de fostul antrenor de la Real Madrid Autor: Teodor Serban Sambata, 29 August 2026, ora 11:50 12082 citiri Andrei Ra\u021biu FOTO X @LigActu Interna\u021bionalul rom\u00e2n Andrei Ra\u021biu (28 de ani) de la Rayo Vallecano e aproape de un transfer spectaculos \u00een Premier League. [&hellip;]<\/p>\n","protected":false},"author":1,"featured_media":0,"comment_status":"open","ping_status":"","sticky":false,"template":"","format":"standard","meta":{"footnotes":""},"categories":[89],"tags":[226,22],"class_list":["post-2118762","post","type-post","status-publish","format-standard","hentry","category-romania","tag-crawlmanager","tag-ziare-com"],"_links":{"self":[{"href":"https:\/\/analyse.optim.biz\/index.php?rest_route=\/wp\/v2\/posts\/2118762","targetHints":{"allow":["GET"]}}],"collection":[{"href":"https:\/\/analyse.optim.biz\/index.php?rest_route=\/wp\/v2\/posts"}],"about":[{"href":"https:\/\/analyse.optim.biz\/index.php?rest_route=\/wp\/v2\/types\/post"}],"author":[{"embeddable":true,"href":"https:\/\/analyse.optim.biz\/index.php?rest_route=\/wp\/v2\/users\/1"}],"replies":[{"embeddable":true,"href":"https:\/\/analyse.optim.biz\/index.php?rest_route=%2Fwp%2Fv2%2Fcomments&post=2118762"}],"version-history":[{"count":0,"href":"https:\/\/analyse.optim.biz\/index.php?rest_route=\/wp\/v2\/posts\/2118762\/revisions"}],"wp:attachment":[{"href":"https:\/\/analyse.optim.biz\/index.php?rest_route=%2Fwp%2Fv2%2Fmedia&parent=2118762"}],"wp:term":[{"taxonomy":"category","embeddable":true,"href":"https:\/\/analyse.optim.biz\/index.php?rest_route=%2Fwp%2Fv2%2Fcategories&post=2118762"},{"taxonomy":"post_tag","embeddable":true,"href":"https:\/\/analyse.optim.biz\/index.php?rest_route=%2Fwp%2Fv2%2Ftags&post=2118762"}],"curies":[{"name":"wp","href":"https:\/\/api.w.org\/{rel}","templated":true}]}}