{"id":2118743,"date":"2026-08-28T13:49:03","date_gmt":"2026-08-28T10:49:03","guid":{"rendered":"https:\/\/analyse.optim.biz\/?p=2118743"},"modified":"2026-08-28T13:49:03","modified_gmt":"2026-08-28T10:49:03","slug":"noi-plangeri-privind-activitatea-femeilor-de-serviciu-de-la-tr-administrare-imobile-tot-noi-locatarii","status":"publish","type":"post","link":"https:\/\/analyse.optim.biz\/?p=2118743","title":{"rendered":"Noi pl\u00e2ngeri privind activitatea femeilor de serviciu de la TR Administrare Imobile: \u201eTot noi, locatarii,"},"content":{"rendered":"<p>[analyse_image type=&#8221;featured&#8221; src=&#8221;https:\/\/liberinteleorman.ro\/wp-content\/uploads\/2026\/08\/curatenie-alexandria-2.jpeg&#8221;]<\/p>\n<div class=\"entry-content single56__content single56__post_content single56__body_area\">\n<p><strong>O locatar\u0103 reclam\u0103 modul \u00een care este f\u0103cut\u0103 cur\u0103\u021benia \u00een imobilul \u00een care locuie\u0219te \u0219i spune c\u0103 ajunge s\u0103 cure\u021be singur\u0103 palierul \u0219i spa\u021biile comune. Femeia, care afirm\u0103 c\u0103 este pensionar\u0103 \u0219i locuie\u0219te singur\u0103, acuz\u0103 c\u0103 angajatele TR Administrare Imobile nu vin regulat \u0219i c\u0103, atunci c\u00e2nd apar la cur\u0103\u021benie, lucr\u0103rile sunt incomplete.<\/strong><\/p>\n<p>\u201eS\u0103tul\u0103 sa fac curat \u00een locul lor \u0219i sa ma sup\u0103r am g\u0103sit num\u0103rul de telefon al dumneavoastr\u0103 \u0219i am decis sa va scriu. Sunt o femeie singura, pl\u0103tesc din pensia mea mica, nu am datorii, dar unii ne iau de pro\u0219ti.<br \/>Aproape zilnic fac curat la u\u0219a mea \u0219i la palierul meu pentru ca femeia de serviciu de la administrare imobile vine c\u00e2nd vrea \u0219i atunci cu gura mare \u0219i cu c\u0103\u0219tile \u00een urechi. C\u00e2nd am \u00eentrebat-o de ce nu a venit dou\u0103 s\u0103pt\u0103m\u00e2ni, m-a luat la zor ca \u0219efii \u0219tiu ca a fost \u00een concediu \u0219i trei zile a fost la o gr\u0103dini\u021b\u0103 sa fac\u0103 curat, cu altele trimisa de director la ordinul primarului. A zis ca este vorba de gr\u0103dini\u021b\u0103 Sf. Ana pe Turnu Magurele.<br \/>Am fost la ei la birou sa vorbesc cu cineva care se ocupa de femeile de serviciu, dar la ora 8 nu g\u0103se\u0219ti dec\u00e2t casiera, to\u021bi ceilal\u021bi vin dup\u0103 8:30, chiar \u0219i directorul, asa mi sa spus , atunci ce sa mai zic de femeia de serviciu.<br \/>Sa-i pl\u0103teasc\u0103 primarul dac\u0103 le permite \u0219i sa pl\u0103teasc\u0103 \u0219i femeia de serviciu pe care o trimite unde are nevoie. Duceti-va m\u00e2ine diminea\u021b\u0103 la ei sa va convinge\u021bi.<br \/>Nu vreau sa-mi dau adresa \u0219i numele tocmai ca sunt singura \u0219i or trimite pe cineva peste mine. Le las \u0219i apa cu solu\u021bie pe scara ca zic ca nu au materiale.<br \/>Sa le fie ru\u0219ine ca m-am s\u0103turat sa dea tot \u00een noi pensionarii\u201d, ne-a scris o doamn\u0103 din Alexandria.<\/p>\n<h3 class=\"wp-block-heading\">\u201eTot noi locatarii facem curat pe scar\u0103\u201d<\/h3>\n<p><strong>\u00cen mesajele transmise ulterior, femeia spune c\u0103 situa\u021bia nu s-ar fi schimbat \u0219i afirm\u0103 c\u0103, dup\u0103 trecerea unei alte s\u0103pt\u0103m\u00e2ni, locatarii continu\u0103 s\u0103 se ocupe de cur\u0103\u021benia spa\u021biilor comune. Ea reclam\u0103 inclusiv lipsa materialelor de cur\u0103\u021benie \u0219i cere explica\u021bii despre modul \u00een care sunt pl\u0103tite serviciile.<\/strong><\/p>\n<p>\u201eA l\u0103sat matura \u0219i gunoiul \u0219i a plecat. De ce sa platim sa \u021binem o armata de oameni la administrare, nu se mai satur\u0103\u2026 <\/p>\n<p>Acestea sunt ast\u0103zi dup\u0103 asa zisa cur\u0103\u021benie, nu a sp\u0103lat nu a str\u00e2ns gunoiul pentru ca a zis ca doamna Luiza \u0219i domnul B\u0103lan nu le dau materiale spun\u00e2nd sa spele \u0219i cu apa goal\u0103. A plecat ca a sunat-o de la birou sa se duc\u0103 sa-si ia salariul la ora 10 \u0219i 10 minute. Doamn\u0103, chiar suntem prostii lor, toat\u0103 lumea de pe scara e nemul\u021bumit\u0103, dar unde sa ne pl\u00e2ngem. A mai trecut o s\u0103pt\u0103m\u00e2n\u0103 \u0219i tot noi locatarii facem curat pe scar\u0103 ca nu vine nimeni. Am fost la sediu \u0219i am vorbit cu doamna secretara \u0219i a zis ca nu are cine sa se ocupe de ele.<br \/>Pentru ce le pl\u0103tim, chiar nu face nimeni nimic? O fi bine sa-si ia banii degeaba \u0219i aia de la birou care stau \u0219i rad c\u00e2nd vorbe\u0219ti cu ei?\u201d, a mai spus doamna.<\/p>\n<figure class=\"wp-block-gallery has-nested-images columns-default is-cropped wp-block-gallery-1 is-layout-flex wp-block-gallery-is-layout-flex\">\n<figure class=\"wp-block-image size-large\"><a href=\"https:\/\/liberinteleorman.ro\/wp-content\/uploads\/2026\/08\/curatenie-alexandria-1.jpeg\"><img decoding=\"async\" loading=\"lazy\" width=\"576\" height=\"1024\" data-id=\"43030\" src=\"https:\/\/liberinteleorman.ro\/wp-content\/uploads\/2026\/08\/curatenie-alexandria-1-576x1024.jpeg\" alt class=\"wp-image-43030\"><\/a><\/figure>\n<figure class=\"wp-block-image size-large\"><a href=\"https:\/\/liberinteleorman.ro\/wp-content\/uploads\/2026\/08\/curatenie-alexandria-3.jpeg\"><img decoding=\"async\" loading=\"lazy\" width=\"849\" height=\"1024\" data-id=\"43029\" src=\"https:\/\/liberinteleorman.ro\/wp-content\/uploads\/2026\/08\/curatenie-alexandria-3-849x1024.jpeg\" alt class=\"wp-image-43029\"><\/a><\/figure>\n<figure class=\"wp-block-image size-large\"><a href=\"https:\/\/liberinteleorman.ro\/wp-content\/uploads\/2026\/08\/curatenie-alexandria-4.jpeg\"><img decoding=\"async\" loading=\"lazy\" width=\"768\" height=\"1024\" data-id=\"43031\" src=\"https:\/\/liberinteleorman.ro\/wp-content\/uploads\/2026\/08\/curatenie-alexandria-4-768x1024.jpeg\" alt class=\"wp-image-43031\"><\/a><\/figure>\n<\/figure>\n<\/div>\n<p>[analyse_source url=&#8221;https:\/\/liberinteleorman.ro\/noi-plangeri-privind-activitatea-femeilor-de-serviciu-de-la-tr-administrare-imobile-tot-noi-locatarii-facem-curat-pe-scara\/&#8221;]<\/p>\n","protected":false},"excerpt":{"rendered":"<p>[analyse_image type=&#8221;featured&#8221; src=&#8221;https:\/\/liberinteleorman.ro\/wp-content\/uploads\/2026\/08\/curatenie-alexandria-2.jpeg&#8221;] O locatar\u0103 reclam\u0103 modul \u00een care este f\u0103cut\u0103 cur\u0103\u021benia \u00een imobilul \u00een care locuie\u0219te \u0219i spune c\u0103 ajunge s\u0103 cure\u021be singur\u0103 palierul \u0219i spa\u021biile comune. Femeia, care afirm\u0103 c\u0103 este pensionar\u0103 \u0219i locuie\u0219te singur\u0103, acuz\u0103 c\u0103 angajatele TR Administrare Imobile nu vin regulat \u0219i c\u0103, atunci c\u00e2nd apar la cur\u0103\u021benie, lucr\u0103rile sunt [&hellip;]<\/p>\n","protected":false},"author":1,"featured_media":0,"comment_status":"open","ping_status":"","sticky":false,"template":"","format":"standard","meta":{"footnotes":""},"categories":[89],"tags":[226,181],"class_list":["post-2118743","post","type-post","status-publish","format-standard","hentry","category-romania","tag-crawlmanager","tag-liberinteleorman-ro"],"_links":{"self":[{"href":"https:\/\/analyse.optim.biz\/index.php?rest_route=\/wp\/v2\/posts\/2118743","targetHints":{"allow":["GET"]}}],"collection":[{"href":"https:\/\/analyse.optim.biz\/index.php?rest_route=\/wp\/v2\/posts"}],"about":[{"href":"https:\/\/analyse.optim.biz\/index.php?rest_route=\/wp\/v2\/types\/post"}],"author":[{"embeddable":true,"href":"https:\/\/analyse.optim.biz\/index.php?rest_route=\/wp\/v2\/users\/1"}],"replies":[{"embeddable":true,"href":"https:\/\/analyse.optim.biz\/index.php?rest_route=%2Fwp%2Fv2%2Fcomments&post=2118743"}],"version-history":[{"count":0,"href":"https:\/\/analyse.optim.biz\/index.php?rest_route=\/wp\/v2\/posts\/2118743\/revisions"}],"wp:attachment":[{"href":"https:\/\/analyse.optim.biz\/index.php?rest_route=%2Fwp%2Fv2%2Fmedia&parent=2118743"}],"wp:term":[{"taxonomy":"category","embeddable":true,"href":"https:\/\/analyse.optim.biz\/index.php?rest_route=%2Fwp%2Fv2%2Fcategories&post=2118743"},{"taxonomy":"post_tag","embeddable":true,"href":"https:\/\/analyse.optim.biz\/index.php?rest_route=%2Fwp%2Fv2%2Ftags&post=2118743"}],"curies":[{"name":"wp","href":"https:\/\/api.w.org\/{rel}","templated":true}]}}