{"id":2118739,"date":"2026-08-26T15:02:17","date_gmt":"2026-08-26T12:02:17","guid":{"rendered":"https:\/\/analyse.optim.biz\/?p=2118739"},"modified":"2026-08-26T15:02:17","modified_gmt":"2026-08-26T12:02:17","slug":"restrictii-de-circulatie-in-alexandria-precizarile-politiei-ziarul-liber-in-teleorman","status":"publish","type":"post","link":"https:\/\/analyse.optim.biz\/?p=2118739","title":{"rendered":"Restric\u021bii de circula\u021bie \u00een Alexandria. Preciz\u0103rile Poli\u021biei &#8211; Ziarul Liber in Teleorman"},"content":{"rendered":"<p>[analyse_image type=&#8221;featured&#8221; src=&#8221;https:\/\/liberinteleorman.ro\/wp-content\/uploads\/2026\/08\/alexandria.jpeg&#8221;]<\/p>\n<div class=\"entry-content single56__content single56__post_content single56__body_area\">\n<p>Inspectoratul de Poli\u021bie Jude\u021bean Teleorman informeaz\u0103 participan\u021bii la trafic c\u0103, \u00een perioada 29 august a.c., ora 07:00 \u2013 01 septembrie a.c., ora 16:00, \u00een zona Catedralei Episcopale \u201eSf\u00e2ntul Alexandru\u201d din municipiul Alexandria, jude\u021bul Teleorman, vor fi instituite restric\u021bii de circula\u021bie, dup\u0103 cum urmeaz\u0103:<\/p>\n<ul>\n<li>pe strada Dun\u0103rii, pe tronsonul cuprins \u00eentre str\u0103zile Avocat Alexandru Colfescu \u0219i Gheorghe Doja;<\/li>\n<li>pe strada Avocat Alexandru Colfescu, \u00eentre str\u0103zile Dun\u0103rii \u0219i Negru Vod\u0103;<\/li>\n<li>pe strada Independen\u021bei, \u00eentre str\u0103zile Gheorghe Doja \u0219i Avocat Alexandru Colfescu.<\/li>\n<\/ul>\n<p>Totodat\u0103, \u00een data de 29.08.2026, \u00eencep\u00e2nd cu ora 17:30, pentru desf\u0103\u0219urarea procesiunii religioase prilejuite de s\u0103rb\u0103toarea Sf\u00e2ntului Alexandru, se va dispune, pentru o perioad\u0103 de aproximativ 60 de minute, \u00eenchiderea temporar\u0103 a circula\u021biei pe urm\u0103toarele tronsoane:<\/p>\n<ul>\n<li>strada Dun\u0103rii, \u00eentre str\u0103zile Avocat Alexandru Colfescu \u0219i Ion Creang\u0103;<\/li>\n<li>strada Ion Creang\u0103, \u00eentre str\u0103zile Libert\u0103\u021bii \u0219i Dun\u0103rii;<\/li>\n<li>strada Avocat Alexandru Colfescu, \u00eentre str\u0103zile Carpa\u021bi \u0219i Dun\u0103rii;<\/li>\n<li>strada Dun\u0103rii, \u00eentre str\u0103zile Constantin Br\u00e2ncoveanu \u0219i Gheorghe Doja.<\/li>\n<\/ul>\n<p>M\u0103surile sunt necesare \u00een vederea asigur\u0103rii desf\u0103\u0219ur\u0103rii \u00een condi\u021bii de siguran\u021b\u0103 a traficului rutier \u0219i pentru protejarea tuturor participan\u021bilor.<\/p>\n<p>Conduc\u0103torii auto sunt ruga\u021bi s\u0103 manifeste \u00een\u021belegere \u0219i s\u0103 respecte semnalizarea rutier\u0103 temporar\u0103 \u0219i dispozi\u021biile poli\u021bi\u0219tilor, pentru prevenirea incidentelor \u0219i asigurarea fluen\u021bei traficului rutier.<\/p>\n<\/div>\n<p>[analyse_source url=&#8221;https:\/\/liberinteleorman.ro\/restrictii-de-circulatie-in-alexandria-precizarile-politiei\/&#8221;]<\/p>\n","protected":false},"excerpt":{"rendered":"<p>[analyse_image type=&#8221;featured&#8221; src=&#8221;https:\/\/liberinteleorman.ro\/wp-content\/uploads\/2026\/08\/alexandria.jpeg&#8221;] Inspectoratul de Poli\u021bie Jude\u021bean Teleorman informeaz\u0103 participan\u021bii la trafic c\u0103, \u00een perioada 29 august a.c., ora 07:00 \u2013 01 septembrie a.c., ora 16:00, \u00een zona Catedralei Episcopale \u201eSf\u00e2ntul Alexandru\u201d din municipiul Alexandria, jude\u021bul Teleorman, vor fi instituite restric\u021bii de circula\u021bie, dup\u0103 cum urmeaz\u0103: pe strada Dun\u0103rii, pe tronsonul cuprins \u00eentre str\u0103zile Avocat [&hellip;]<\/p>\n","protected":false},"author":1,"featured_media":0,"comment_status":"open","ping_status":"","sticky":false,"template":"","format":"standard","meta":{"footnotes":""},"categories":[89],"tags":[226,181],"class_list":["post-2118739","post","type-post","status-publish","format-standard","hentry","category-romania","tag-crawlmanager","tag-liberinteleorman-ro"],"_links":{"self":[{"href":"https:\/\/analyse.optim.biz\/index.php?rest_route=\/wp\/v2\/posts\/2118739","targetHints":{"allow":["GET"]}}],"collection":[{"href":"https:\/\/analyse.optim.biz\/index.php?rest_route=\/wp\/v2\/posts"}],"about":[{"href":"https:\/\/analyse.optim.biz\/index.php?rest_route=\/wp\/v2\/types\/post"}],"author":[{"embeddable":true,"href":"https:\/\/analyse.optim.biz\/index.php?rest_route=\/wp\/v2\/users\/1"}],"replies":[{"embeddable":true,"href":"https:\/\/analyse.optim.biz\/index.php?rest_route=%2Fwp%2Fv2%2Fcomments&post=2118739"}],"version-history":[{"count":0,"href":"https:\/\/analyse.optim.biz\/index.php?rest_route=\/wp\/v2\/posts\/2118739\/revisions"}],"wp:attachment":[{"href":"https:\/\/analyse.optim.biz\/index.php?rest_route=%2Fwp%2Fv2%2Fmedia&parent=2118739"}],"wp:term":[{"taxonomy":"category","embeddable":true,"href":"https:\/\/analyse.optim.biz\/index.php?rest_route=%2Fwp%2Fv2%2Fcategories&post=2118739"},{"taxonomy":"post_tag","embeddable":true,"href":"https:\/\/analyse.optim.biz\/index.php?rest_route=%2Fwp%2Fv2%2Ftags&post=2118739"}],"curies":[{"name":"wp","href":"https:\/\/api.w.org\/{rel}","templated":true}]}}