{"id":2118737,"date":"2026-08-29T08:13:17","date_gmt":"2026-08-29T05:13:17","guid":{"rendered":"https:\/\/analyse.optim.biz\/?p=2118737"},"modified":"2026-08-29T08:13:17","modified_gmt":"2026-08-29T05:13:17","slug":"debut-in-ritm-de-sarbatoare-si-traditie-la-zilele-municipiului-alexandria-2026-hora-folclor-autentic-si","status":"publish","type":"post","link":"https:\/\/analyse.optim.biz\/?p=2118737","title":{"rendered":"Debut \u00een ritm de s\u0103rb\u0103toare \u0219i tradi\u021bie la Zilele Municipiului Alexandria 2026: hor\u0103, folclor autentic \u0219i"},"content":{"rendered":"<p>[analyse_image type=&#8221;featured&#8221; src=&#8221;https:\/\/liberinteleorman.ro\/wp-content\/uploads\/2026\/08\/WhatsApp-Image-2026-08-29-at-00.49.091.jpeg&#8221;]<\/p>\n<div class=\"entry-content single56__content single56__post_content single56__body_area\">\n<p>Vineri, 28 august, a debutat oficial edi\u021bia din acest an a Zilelor Municipiului Alexandria, un eveniment de tradi\u021bie care adun\u0103 an de an \u00eentreaga comunitate laolalt\u0103. \u00cenc\u0103 dinainte de l\u0103sarea serii, sute de locuitori de toate v\u00e2rstele s-au str\u00e2ns \u00een num\u0103r mare \u00een fa\u021ba scenei, dornici s\u0103 ia parte la festivit\u0103\u021bi, s\u0103 se bucure de muzica popular\u0103 de calitate \u0219i s\u0103 marcheze \u00eenceputul weekendului de s\u0103rb\u0103toare a ora\u0219ului.<\/p>\n<p>Spectacolul a fost prezentat de MC Tom Cr\u00eengureanu, care a deschis oficial seria concertelor, ur\u00e2nd bun venit alex\u0103ndrenilor \u0219i introduc\u00e2nd cu voie bun\u0103 momentele artistice preg\u0103tite pentru aceast\u0103 prim\u0103 zi.<\/p>\n<p>Deschiderea muzical\u0103 a apar\u021binut Ansamblului Profesionist \u201eBurnasul\u201d, al\u0103turi de interpreta Luisiana V\u00eerdol. Arti\u0219tii au oferit un program folcloric amplu, pun\u00e2nd \u00een valoare c\u00e2ntecele \u0219i jocurile populare specifice zonei Teleormanului. Costumele tradi\u021bionale, coregrafiile lucrate \u00een detaliu \u0219i pasiunea tinerilor dansatori au animat rapid atmosfera, d\u00e2nd tonul primei hore din fa\u021ba scenei.<\/p>\n<p>Un moment aparte \u00een cadrul serii l-a constituit prezen\u021ba oaspe\u021bilor de la sud de Dun\u0103re, membrii Ansamblului Folcloric \u201eRadostina\u201d din Bulgaria. Cu ritmuri specifice \u0219i port tradi\u021bional vecin, ace\u0219tia au demonstrat c\u0103 tradi\u021bia \u0219i folclorul leag\u0103 comunit\u0103\u021bi dincolo de grani\u021be, fiind r\u0103spl\u0103ti\u021bi cu aplauze generoase din partea publicului alex\u0103ndrean.<\/p>\n<p>Scena a fost apoi pus\u0103 la dispozi\u021bia noii genera\u021bii de interpre\u021bi locali. Tinerele Teodora Oprea \u0219i Natalia Andreea Matei au impresionat prin sensibilitate \u0219i for\u021b\u0103 vocal\u0103, demonstr\u00e2nd c\u0103 folclorul rom\u00e2nesc are viitor \u0219i este dus mai departe cu drag de tinerii talenta\u021bi ai jude\u021bului. Programul a continuat f\u0103r\u0103 pauz\u0103 cu presta\u021bia Ansamblului de C\u00e2ntece \u0219i Dansuri \u201eCununa Burnasului\u201d, urmat de Grupul Folcloric \u201eDATINA\u201d, fiecare dintre aceste forma\u021bii aduc\u00e2nd \u00een fa\u021ba celor prezen\u021bi suite spectaculoase \u0219i momente corale de \u021binut\u0103.<\/p>\n<p>Pe m\u0103sur\u0103 ce seara a avansat, ritmurile de petrecere s-au intensificat odat\u0103 cu urcarea pe scen\u0103 a solistului Costi Dumitru. Cu un repertoriu plin de via\u021b\u0103 \u0219i energie, artistul a reu\u0219it s\u0103 pun\u0103 \u00een mi\u0219care asisten\u021ba \u0219i s\u0103 preg\u0103teasc\u0103 publicul pentru momentul principal al primei seri.<\/p>\n<p>Punctul culminant al zilei de vineri a fost atins odat\u0103 cu apari\u021bia pe scen\u0103 a interpre\u021bilor Olgu\u021ba Berbec \u0219i Remus Novac. \u00cendr\u0103gi\u021bii arti\u0219ti au creat o atmosfer\u0103 de neuitat, \u00eembin\u00e2nd piesele autentice de joc cu momente de mare \u00eenc\u0103rc\u0103tur\u0103 emo\u021bional\u0103. Miile de spectatori au c\u00e2ntat la unison fiecare melodie, iar \u00een fa\u021ba scenei s-au \u00eencins hore uria\u0219e, semn c\u0103 muzica popular\u0103 r\u0103m\u00e2ne ad\u00e2nc \u00eenr\u0103d\u0103cinat\u0103 \u00een sufletul alex\u0103ndrenilor.<\/p>\n<p>Prima zi a Zilelor Municipiului Alexandria 2026 s-a \u00eencheiat \u00eentr-o not\u0103 solemn\u0103 \u0219i plin\u0103 de emo\u021bie, pe acordurile Imnului Alexandriei, fredonat de cei prezen\u021bi, oferind comunit\u0103\u021bii un debut de s\u0103rb\u0103toare curat\u0103 \u0219i promi\u021b\u0103toare pentru restul weekendului.<\/p>\n<figure class=\"wp-block-gallery has-nested-images columns-default is-cropped wp-block-gallery-1 is-layout-flex wp-block-gallery-is-layout-flex\">\n<figure class=\"wp-block-image size-large\"><a href=\"https:\/\/liberinteleorman.ro\/wp-content\/uploads\/2026\/08\/WhatsApp-Image-2026-08-29-at-00.49.08.jpeg\"><img decoding=\"async\" loading=\"lazy\" width=\"576\" height=\"1024\" data-id=\"43048\" src=\"https:\/\/liberinteleorman.ro\/wp-content\/uploads\/2026\/08\/WhatsApp-Image-2026-08-29-at-00.49.08-576x1024.jpeg\" alt class=\"wp-image-43048\"><\/a><\/figure>\n<figure class=\"wp-block-image size-large\"><a href=\"https:\/\/liberinteleorman.ro\/wp-content\/uploads\/2026\/08\/WhatsApp-Image-2026-08-29-at-00.49.094.jpeg\"><img decoding=\"async\" loading=\"lazy\" width=\"609\" height=\"1024\" data-id=\"43040\" src=\"https:\/\/liberinteleorman.ro\/wp-content\/uploads\/2026\/08\/WhatsApp-Image-2026-08-29-at-00.49.094-609x1024.jpeg\" alt class=\"wp-image-43040\"><\/a><\/figure>\n<figure class=\"wp-block-image size-large\"><a href=\"https:\/\/liberinteleorman.ro\/wp-content\/uploads\/2026\/08\/WhatsApp-Image-2026-08-29-at-00.49.092.jpeg\"><img decoding=\"async\" loading=\"lazy\" width=\"1024\" height=\"576\" data-id=\"43039\" src=\"https:\/\/liberinteleorman.ro\/wp-content\/uploads\/2026\/08\/WhatsApp-Image-2026-08-29-at-00.49.092-1024x576.jpeg\" alt class=\"wp-image-43039\"><\/a><\/figure>\n<figure class=\"wp-block-image size-large\"><a href=\"https:\/\/liberinteleorman.ro\/wp-content\/uploads\/2026\/08\/WhatsApp-Image-2026-08-29-at-00.49.09.jpeg\"><img decoding=\"async\" loading=\"lazy\" width=\"576\" height=\"1024\" data-id=\"43041\" src=\"https:\/\/liberinteleorman.ro\/wp-content\/uploads\/2026\/08\/WhatsApp-Image-2026-08-29-at-00.49.09-576x1024.jpeg\" alt class=\"wp-image-43041\"><\/a><\/figure>\n<figure class=\"wp-block-image size-large\"><a href=\"https:\/\/liberinteleorman.ro\/wp-content\/uploads\/2026\/08\/WhatsApp-Image-2026-08-29-at-00.49.086.jpeg\"><img decoding=\"async\" loading=\"lazy\" width=\"1024\" height=\"576\" data-id=\"43042\" src=\"https:\/\/liberinteleorman.ro\/wp-content\/uploads\/2026\/08\/WhatsApp-Image-2026-08-29-at-00.49.086-1024x576.jpeg\" alt class=\"wp-image-43042\"><\/a><\/figure>\n<figure class=\"wp-block-image size-large\"><a href=\"https:\/\/liberinteleorman.ro\/wp-content\/uploads\/2026\/08\/WhatsApp-Image-2026-08-29-at-00.49.085.jpeg\"><img decoding=\"async\" loading=\"lazy\" width=\"1024\" height=\"576\" data-id=\"43043\" src=\"https:\/\/liberinteleorman.ro\/wp-content\/uploads\/2026\/08\/WhatsApp-Image-2026-08-29-at-00.49.085-1024x576.jpeg\" alt class=\"wp-image-43043\"><\/a><\/figure>\n<figure class=\"wp-block-image size-large\"><a href=\"https:\/\/liberinteleorman.ro\/wp-content\/uploads\/2026\/08\/WhatsApp-Image-2026-08-29-at-00.49.084.jpeg\"><img decoding=\"async\" loading=\"lazy\" width=\"1024\" height=\"576\" data-id=\"43044\" src=\"https:\/\/liberinteleorman.ro\/wp-content\/uploads\/2026\/08\/WhatsApp-Image-2026-08-29-at-00.49.084-1024x576.jpeg\" alt class=\"wp-image-43044\"><\/a><\/figure>\n<figure class=\"wp-block-image size-large\"><a href=\"https:\/\/liberinteleorman.ro\/wp-content\/uploads\/2026\/08\/WhatsApp-Image-2026-08-29-at-00.49.083.jpeg\"><img decoding=\"async\" loading=\"lazy\" width=\"1024\" height=\"576\" data-id=\"43045\" src=\"https:\/\/liberinteleorman.ro\/wp-content\/uploads\/2026\/08\/WhatsApp-Image-2026-08-29-at-00.49.083-1024x576.jpeg\" alt class=\"wp-image-43045\"><\/a><\/figure>\n<figure class=\"wp-block-image size-large\"><a href=\"https:\/\/liberinteleorman.ro\/wp-content\/uploads\/2026\/08\/WhatsApp-Image-2026-08-29-at-00.49.082.jpeg\"><img decoding=\"async\" loading=\"lazy\" width=\"576\" height=\"1024\" data-id=\"43047\" src=\"https:\/\/liberinteleorman.ro\/wp-content\/uploads\/2026\/08\/WhatsApp-Image-2026-08-29-at-00.49.082-576x1024.jpeg\" alt class=\"wp-image-43047\"><\/a><\/figure>\n<figure class=\"wp-block-image size-large\"><a href=\"https:\/\/liberinteleorman.ro\/wp-content\/uploads\/2026\/08\/WhatsApp-Image-2026-08-29-at-00.49.081.jpeg\"><img decoding=\"async\" loading=\"lazy\" width=\"1024\" height=\"576\" data-id=\"43046\" src=\"https:\/\/liberinteleorman.ro\/wp-content\/uploads\/2026\/08\/WhatsApp-Image-2026-08-29-at-00.49.081-1024x576.jpeg\" alt class=\"wp-image-43046\"><\/a><\/figure>\n<\/figure>\n<\/div>\n<p>[analyse_source url=&#8221;https:\/\/liberinteleorman.ro\/debut-in-ritm-de-sarbatoare-si-traditie-la-zilele-municipiului-alexandria-2026-hora-folclor-autentic-si-artisti-indragiti-in-prima-seara-de-spectacol\/&#8221;]<\/p>\n","protected":false},"excerpt":{"rendered":"<p>[analyse_image type=&#8221;featured&#8221; src=&#8221;https:\/\/liberinteleorman.ro\/wp-content\/uploads\/2026\/08\/WhatsApp-Image-2026-08-29-at-00.49.091.jpeg&#8221;] Vineri, 28 august, a debutat oficial edi\u021bia din acest an a Zilelor Municipiului Alexandria, un eveniment de tradi\u021bie care adun\u0103 an de an \u00eentreaga comunitate laolalt\u0103. \u00cenc\u0103 dinainte de l\u0103sarea serii, sute de locuitori de toate v\u00e2rstele s-au str\u00e2ns \u00een num\u0103r mare \u00een fa\u021ba scenei, dornici s\u0103 ia parte la festivit\u0103\u021bi, s\u0103 [&hellip;]<\/p>\n","protected":false},"author":1,"featured_media":0,"comment_status":"open","ping_status":"","sticky":false,"template":"","format":"standard","meta":{"footnotes":""},"categories":[89],"tags":[226,181],"class_list":["post-2118737","post","type-post","status-publish","format-standard","hentry","category-romania","tag-crawlmanager","tag-liberinteleorman-ro"],"_links":{"self":[{"href":"https:\/\/analyse.optim.biz\/index.php?rest_route=\/wp\/v2\/posts\/2118737","targetHints":{"allow":["GET"]}}],"collection":[{"href":"https:\/\/analyse.optim.biz\/index.php?rest_route=\/wp\/v2\/posts"}],"about":[{"href":"https:\/\/analyse.optim.biz\/index.php?rest_route=\/wp\/v2\/types\/post"}],"author":[{"embeddable":true,"href":"https:\/\/analyse.optim.biz\/index.php?rest_route=\/wp\/v2\/users\/1"}],"replies":[{"embeddable":true,"href":"https:\/\/analyse.optim.biz\/index.php?rest_route=%2Fwp%2Fv2%2Fcomments&post=2118737"}],"version-history":[{"count":0,"href":"https:\/\/analyse.optim.biz\/index.php?rest_route=\/wp\/v2\/posts\/2118737\/revisions"}],"wp:attachment":[{"href":"https:\/\/analyse.optim.biz\/index.php?rest_route=%2Fwp%2Fv2%2Fmedia&parent=2118737"}],"wp:term":[{"taxonomy":"category","embeddable":true,"href":"https:\/\/analyse.optim.biz\/index.php?rest_route=%2Fwp%2Fv2%2Fcategories&post=2118737"},{"taxonomy":"post_tag","embeddable":true,"href":"https:\/\/analyse.optim.biz\/index.php?rest_route=%2Fwp%2Fv2%2Ftags&post=2118737"}],"curies":[{"name":"wp","href":"https:\/\/api.w.org\/{rel}","templated":true}]}}