{"id":2118697,"date":"2026-08-29T00:56:19","date_gmt":"2026-08-28T21:56:19","guid":{"rendered":"https:\/\/analyse.optim.biz\/?p=2118697"},"modified":"2026-08-29T00:56:19","modified_gmt":"2026-08-28T21:56:19","slug":"close-race-as-iceland-votes-on-whether-to-restart-talks-on-joining-eu","status":"publish","type":"post","link":"https:\/\/analyse.optim.biz\/?p=2118697","title":{"rendered":"Close race as Iceland votes on whether to restart talks on joining EU"},"content":{"rendered":"<p>[analyse_image type=&#8221;featured&#8221; src=&#8221;https:\/\/ichef.bbci.co.uk\/news\/1024\/branded_news\/1ad8\/live\/d86c20a0-a31d-11f1-8937-ebc435db1160.jpg&#8221;]<\/p>\n<article>\n<div>\n<div data-component=\"image-block\" class=\"Container-styles__ContainerStyled-sc-8b855a6c-0 dYcznU\">\n<figure class=\"Grid-styles__GridStyled-sc-70d90311-0 ieGDnl\">\n<div class=\"GridItem-styles__GridItemStyled-sc-6cc20e4a-0 gvGaxq\">\n<div data-testid=\"hero-image\" class=\"Image-styles__ImageCardStyled-sc-8c99a12b-1 jJQpIc\"><img decoding=\"async\" src=\"https:\/\/static.files.bbci.co.uk\/bbcdotcom\/web\/20260821-111954-d28c495a96-web-3.19.0-2\/grey-placeholder.png\" class=\"Image-styles__ImageStyled-sc-8c99a12b-0 kpUtIW hide-when-no-script\" aria-label=\"image unavailable\"><img decoding=\"async\" src=\"https:\/\/ichef.bbci.co.uk\/news\/480\/cpsprodpb\/1ad8\/live\/d86c20a0-a31d-11f1-8937-ebc435db1160.jpg.webp\" loading=\"eager\" alt=\"AFP via Getty Images Supporters of the &apos;No&apos; campaign wave Icelandic flags during a rally against reopening Iceland&apos;s European Union accession negotiations in Reykjavik, Iceland, on August 27, 2026\" class=\"Image-styles__ImageStyled-sc-8c99a12b-0 cVsHni\"><span class=\"Image-styles__CreditStyled-sc-8c99a12b-2 dVFjVB\">AFP via Getty Images<\/span><\/div>\n<\/div>\n<div class=\"GridItem-styles__GridItemStyled-sc-6cc20e4a-0 tlbDj\"><figcaption class=\"Caption-styles__CaptionStyled-sc-70433723-0 fLsOPx\">Latest opinion polls have been so close that the result is impossible to call<\/figcaption><\/div>\n<\/figure>\n<\/div>\n<\/div>\n<div>\n<div data-component=\"text-block\" class=\"Container-styles__ContainerStyled-sc-8b855a6c-0 cPmzSx\">\n<div class=\"Grid-styles__GridStyled-sc-70d90311-0 hRsXiV\">\n<div class=\"GridItem-styles__GridItemStyled-sc-6cc20e4a-0 bnCeGm\">\n<p class=\"Paragraph-styles__ParagraphStyled-sc-ffb5f5ba-0 fqhmpl\">Icelanders are voting in a referendum to decide whether to resume talks on joining the European Union, 13 years after they were broken off.<\/p>\n<\/div>\n<\/div>\n<\/div>\n<\/div>\n<div>\n<div data-component=\"text-block\" class=\"Container-styles__ContainerStyled-sc-8b855a6c-0 cPmzSx\">\n<div class=\"Grid-styles__GridStyled-sc-70d90311-0 hRsXiV\">\n<div class=\"GridItem-styles__GridItemStyled-sc-6cc20e4a-0 bnCeGm\">\n<p class=\"Paragraph-styles__ParagraphStyled-sc-ffb5f5ba-0 fqhmpl\">In an indication of how tight the result is expected to be, the latest opinion poll put the No campaign in the lead with 51.6%. An earlier poll had put the Yes campaign ahead.<\/p>\n<\/div>\n<\/div>\n<\/div>\n<\/div>\n<div>\n<div data-component=\"text-block\" class=\"Container-styles__ContainerStyled-sc-8b855a6c-0 cPmzSx\">\n<div class=\"Grid-styles__GridStyled-sc-70d90311-0 hRsXiV\">\n<div class=\"GridItem-styles__GridItemStyled-sc-6cc20e4a-0 bnCeGm\">\n<p class=\"Paragraph-styles__ParagraphStyled-sc-ffb5f5ba-0 fqhmpl\">Prime Minister Kristr\u00fan Frostad\u00f3ttir&#8217;s centre-left government had already intended to hold a referendum, but turbulent international affairs prompted her to bring it forward.<\/p>\n<\/div>\n<\/div>\n<\/div>\n<\/div>\n<div>\n<div data-component=\"text-block\" class=\"Container-styles__ContainerStyled-sc-8b855a6c-0 cPmzSx\">\n<div class=\"Grid-styles__GridStyled-sc-70d90311-0 hRsXiV\">\n<div class=\"GridItem-styles__GridItemStyled-sc-6cc20e4a-0 bnCeGm\">\n<p class=\"Paragraph-styles__ParagraphStyled-sc-ffb5f5ba-0 fqhmpl\">But the debate was fought less over Nato member Iceland&#8217;s security concerns than over its vital fishing industry and sovereignty.<\/p>\n<\/div>\n<\/div>\n<\/div>\n<\/div>\n<div>\n<div data-component=\"text-block\" class=\"Container-styles__ContainerStyled-sc-8b855a6c-0 cPmzSx\">\n<div class=\"Grid-styles__GridStyled-sc-70d90311-0 hRsXiV\">\n<div class=\"GridItem-styles__GridItemStyled-sc-6cc20e4a-0 bnCeGm\">\n<p class=\"Paragraph-styles__ParagraphStyled-sc-ffb5f5ba-0 fqhmpl\">Voting is due to go on from 09:00 to 22:00 GMT on Saturday and the result is expected in the early hours of Sunday.<\/p>\n<\/div>\n<\/div>\n<\/div>\n<\/div>\n<div>\n<div data-component=\"text-block\" class=\"Container-styles__ContainerStyled-sc-8b855a6c-0 cPmzSx\">\n<div class=\"Grid-styles__GridStyled-sc-70d90311-0 hRsXiV\">\n<div class=\"GridItem-styles__GridItemStyled-sc-6cc20e4a-0 bnCeGm\">\n<p class=\"Paragraph-styles__ParagraphStyled-sc-ffb5f5ba-0 fqhmpl\">Iceland has a population of under 400,000. More than one in five voters had already cast their ballots in early voting before Saturday, according to Iceland&#8217;s public broadcaster RUV.<\/p>\n<\/div>\n<\/div>\n<\/div>\n<\/div>\n<div>\n<div data-component=\"subheadline-block\" class=\"Container-styles__ContainerStyled-sc-8b855a6c-0 fMCMex\">\n<div class=\"Grid-styles__GridStyled-sc-70d90311-0 hRsXiV\">\n<div class=\"GridItem-styles__GridItemStyled-sc-6cc20e4a-0 tlbDj\">\n<h2 class=\"Headline-styles__HeadlineStyled-sc-6b3bb442-0 knYLIy\">What is the vote about?<\/h2>\n<\/div>\n<\/div>\n<\/div>\n<\/div>\n<div>\n<div data-component=\"text-block\" class=\"Container-styles__ContainerStyled-sc-8b855a6c-0 cPmzSx\">\n<div class=\"Grid-styles__GridStyled-sc-70d90311-0 hRsXiV\">\n<div class=\"GridItem-styles__GridItemStyled-sc-6cc20e4a-0 bnCeGm\">\n<p class=\"Paragraph-styles__ParagraphStyled-sc-ffb5f5ba-0 fqhmpl\">The question on the ballot is: &#8220;Should Iceland resume accession negotiations with the European Union?&#8221;<\/p>\n<\/div>\n<\/div>\n<\/div>\n<\/div>\n<div>\n<div data-component=\"text-block\" class=\"Container-styles__ContainerStyled-sc-8b855a6c-0 cPmzSx\">\n<div class=\"Grid-styles__GridStyled-sc-70d90311-0 hRsXiV\">\n<div class=\"GridItem-styles__GridItemStyled-sc-6cc20e4a-0 bnCeGm\">\n<p class=\"Paragraph-styles__ParagraphStyled-sc-ffb5f5ba-0 fqhmpl\">Although Iceland is already part of the EU&#8217;s single market and Schengen border-free zone as part of the European Economic Area, EU membership would bring it into the customs union and eventually the euro.<\/p>\n<\/div>\n<\/div>\n<\/div>\n<\/div>\n<div>\n<div data-component=\"text-block\" class=\"Container-styles__ContainerStyled-sc-8b855a6c-0 cPmzSx\">\n<div class=\"Grid-styles__GridStyled-sc-70d90311-0 hRsXiV\">\n<div class=\"GridItem-styles__GridItemStyled-sc-6cc20e4a-0 bnCeGm\">\n<p class=\"Paragraph-styles__ParagraphStyled-sc-ffb5f5ba-0 fqhmpl\">Iceland&#8217;s application to join the EU was already well advanced when it put talks on hold in 2013, and European Commission officials have indicated that talks could be finalised in one or two years. Of the 35 so-called chapters of talks ranging from fisheries and economic policy to freedom of speech and free movement of goods, 27 had begun and 11 of them were provisionally complete.<\/p>\n<\/div>\n<\/div>\n<\/div>\n<\/div>\n<div>\n<div data-component=\"text-block\" class=\"Container-styles__ContainerStyled-sc-8b855a6c-0 cPmzSx\">\n<div class=\"Grid-styles__GridStyled-sc-70d90311-0 hRsXiV\">\n<div class=\"GridItem-styles__GridItemStyled-sc-6cc20e4a-0 bnCeGm\">\n<p class=\"Paragraph-styles__ParagraphStyled-sc-ffb5f5ba-0 fqhmpl\">A Yes vote would not be a final decision on joining the EU. It would mean backing a move towards an accession agreement. Any deal would then have to be approved by a second referendum, as well by parliament, and the constitution would have to be amended. The EU&#8217;s 27 member states would also have to sign it off.<\/p>\n<\/div>\n<\/div>\n<\/div>\n<\/div>\n<div>\n<div data-component=\"text-block\" class=\"Container-styles__ContainerStyled-sc-8b855a6c-0 cPmzSx\">\n<div class=\"Grid-styles__GridStyled-sc-70d90311-0 hRsXiV\">\n<div class=\"GridItem-styles__GridItemStyled-sc-6cc20e4a-0 bnCeGm\">\n<p class=\"Paragraph-styles__ParagraphStyled-sc-ffb5f5ba-0 fqhmpl\">One Yes-campaign group, &#8220;Yes to See&#8221;, says Icelanders should at least see what deal they can get, so they have all the information before a final decision.<\/p>\n<\/div>\n<\/div>\n<\/div>\n<\/div>\n<div>\n<div data-component=\"text-block\" class=\"Container-styles__ContainerStyled-sc-8b855a6c-0 cPmzSx\">\n<div class=\"Grid-styles__GridStyled-sc-70d90311-0 hRsXiV\">\n<div class=\"GridItem-styles__GridItemStyled-sc-6cc20e4a-0 bnCeGm\">\n<p class=\"Paragraph-styles__ParagraphStyled-sc-ffb5f5ba-0 fqhmpl\">Equally, a No vote would not rule out the chance of Iceland resuming talks in the future.<\/p>\n<\/div>\n<\/div>\n<\/div>\n<\/div>\n<div>\n<div data-component=\"subheadline-block\" class=\"Container-styles__ContainerStyled-sc-8b855a6c-0 fMCMex\">\n<div class=\"Grid-styles__GridStyled-sc-70d90311-0 hRsXiV\">\n<div class=\"GridItem-styles__GridItemStyled-sc-6cc20e4a-0 tlbDj\">\n<h2 class=\"Headline-styles__HeadlineStyled-sc-6b3bb442-0 knYLIy\">What are the key issues?<\/h2>\n<\/div>\n<\/div>\n<\/div>\n<\/div>\n<div>\n<div data-component=\"text-block\" class=\"Container-styles__ContainerStyled-sc-8b855a6c-0 cPmzSx\">\n<div class=\"Grid-styles__GridStyled-sc-70d90311-0 hRsXiV\">\n<div class=\"GridItem-styles__GridItemStyled-sc-6cc20e4a-0 bnCeGm\">\n<p class=\"Paragraph-styles__ParagraphStyled-sc-ffb5f5ba-0 fqhmpl\">Sovereignty has been a crucial issue in the pre-referendum debate. Iceland fought hard to become fully independent from Denmark in 1944, and its fishing and marine industries make up almost 40% of exports.<\/p>\n<\/div>\n<\/div>\n<\/div>\n<\/div>\n<div>\n<div data-component=\"text-block\" class=\"Container-styles__ContainerStyled-sc-8b855a6c-0 cPmzSx\">\n<div class=\"Grid-styles__GridStyled-sc-70d90311-0 hRsXiV\">\n<div class=\"GridItem-styles__GridItemStyled-sc-6cc20e4a-0 bnCeGm\">\n<p class=\"Paragraph-styles__ParagraphStyled-sc-ffb5f5ba-0 fqhmpl\">The No campaign fears losing control over Iceland&#8217;s prized fishing grounds under the EU&#8217;s Common Fisheries Policy and has vowed never to share the country&#8217;s waters with anyone. Brussels has indicated Iceland could earn some kind of exemption, but it is considered potentially the biggest obstacle to any agreement.<\/p>\n<\/div>\n<\/div>\n<\/div>\n<\/div>\n<div>\n<div data-component=\"text-block\" class=\"Container-styles__ContainerStyled-sc-8b855a6c-0 cPmzSx\">\n<div class=\"Grid-styles__GridStyled-sc-70d90311-0 hRsXiV\">\n<div class=\"GridItem-styles__GridItemStyled-sc-6cc20e4a-0 bnCeGm\">\n<p class=\"Paragraph-styles__ParagraphStyled-sc-ffb5f5ba-0 fqhmpl\">Many Icelanders remember the so-called Cod Wars with the UK that Iceland won in the 1970s. And fisheries was always the issue that stopped Iceland joining the EU before.<\/p>\n<\/div>\n<\/div>\n<\/div>\n<\/div>\n<div>\n<div data-component=\"text-block\" class=\"Container-styles__ContainerStyled-sc-8b855a6c-0 cPmzSx\">\n<div class=\"Grid-styles__GridStyled-sc-70d90311-0 hRsXiV\">\n<div class=\"GridItem-styles__GridItemStyled-sc-6cc20e4a-0 bnCeGm\">\n<p class=\"Paragraph-styles__ParagraphStyled-sc-ffb5f5ba-0 fqhmpl\">However, in the wake of the 2008 financial crisis and the collapse of Iceland&#8217;s banking system, Reykjavik moved to start accession talks in 2009, only to bring them to a halt in 2013. <\/p>\n<\/div>\n<\/div>\n<\/div>\n<\/div>\n<div>\n<div data-component=\"text-block\" class=\"Container-styles__ContainerStyled-sc-8b855a6c-0 cPmzSx\">\n<div class=\"Grid-styles__GridStyled-sc-70d90311-0 hRsXiV\">\n<div class=\"GridItem-styles__GridItemStyled-sc-6cc20e4a-0 bnCeGm\">\n<p class=\"Paragraph-styles__ParagraphStyled-sc-ffb5f5ba-0 fqhmpl\">Iceland is now one of Europe&#8217;s most affluent nations and Eirikur Bergmann, professor of politics at Bifr\u00f6st University, told the BBC that &#8220;many people attribute this to Iceland&#8217;s independence&#8221;.<\/p>\n<\/div>\n<\/div>\n<\/div>\n<\/div>\n<div>\n<div data-component=\"text-block\" class=\"Container-styles__ContainerStyled-sc-8b855a6c-0 cPmzSx\">\n<div class=\"Grid-styles__GridStyled-sc-70d90311-0 hRsXiV\">\n<div class=\"GridItem-styles__GridItemStyled-sc-6cc20e4a-0 bnCeGm\">\n<p class=\"Paragraph-styles__ParagraphStyled-sc-ffb5f5ba-0 fqhmpl\">One Icelandic trade union survey suggested this year that the country was the most expensive in the world, far pricier than its Nordic neighbours.<\/p>\n<\/div>\n<\/div>\n<\/div>\n<\/div>\n<div>\n<div data-component=\"text-block\" class=\"Container-styles__ContainerStyled-sc-8b855a6c-0 cPmzSx\">\n<div class=\"Grid-styles__GridStyled-sc-70d90311-0 hRsXiV\">\n<div class=\"GridItem-styles__GridItemStyled-sc-6cc20e4a-0 bnCeGm\">\n<p class=\"Paragraph-styles__ParagraphStyled-sc-ffb5f5ba-0 fqhmpl\">Although it has the fifth highest GDP (economic output) per capita in the world, interest rates are stubbornly high at 8% and inflation has climbed to 5.6%. <\/p>\n<\/div>\n<\/div>\n<\/div>\n<\/div>\n<div>\n<div data-component=\"text-block\" class=\"Container-styles__ContainerStyled-sc-8b855a6c-0 cPmzSx\">\n<div class=\"Grid-styles__GridStyled-sc-70d90311-0 hRsXiV\">\n<div class=\"GridItem-styles__GridItemStyled-sc-6cc20e4a-0 bnCeGm\">\n<p class=\"Paragraph-styles__ParagraphStyled-sc-ffb5f5ba-0 fqhmpl\">Yes campaigners argue that the economic benefits of the EU would help bring the rates down. <\/p>\n<\/div>\n<\/div>\n<\/div>\n<\/div>\n<div>\n<div data-component=\"image-block\" class=\"Container-styles__ContainerStyled-sc-8b855a6c-0 kugUwP\">\n<figure class=\"Grid-styles__GridStyled-sc-70d90311-0 ieGDnl\">\n<div class=\"GridItem-styles__GridItemStyled-sc-6cc20e4a-0 tlbDj\">\n<div data-testid=\"image\" class=\"Image-styles__ImageCardStyled-sc-8c99a12b-1 bOmCce\"><img decoding=\"async\" src=\"https:\/\/static.files.bbci.co.uk\/bbcdotcom\/web\/20260821-111954-d28c495a96-web-3.19.0-2\/grey-placeholder.png\" class=\"Image-styles__ImageStyled-sc-8c99a12b-0 kpUtIW hide-when-no-script\" aria-label=\"image unavailable\"><img decoding=\"async\" src=\"https:\/\/ichef.bbci.co.uk\/news\/480\/cpsprodpb\/35a4\/live\/db92f890-a31c-11f1-b109-879e35c24276.jpg.webp\" loading=\"lazy\" alt=\"Reuters A man poses outside the &quot;Yes to See&quot; movement&apos;s office ahead of a referendum on whether Iceland should resume accession negotiations with the European Union, in Reykjavik, Iceland, August 2\" class=\"Image-styles__ImageStyled-sc-8c99a12b-0 cVsHni\"><span class=\"Image-styles__CreditStyled-sc-8c99a12b-2 dVFjVB\">Reuters<\/span><\/div>\n<\/div>\n<div class=\"GridItem-styles__GridItemStyled-sc-6cc20e4a-0 tlbDj\"><figcaption class=\"Caption-styles__CaptionStyled-sc-70433723-0 fLsOPx\">The &#8220;Yes to See&#8221; campaign believes Icelanders should see what EU deal they can get<\/figcaption><\/div>\n<\/figure>\n<\/div>\n<\/div>\n<div>\n<div data-component=\"subheadline-block\" class=\"Container-styles__ContainerStyled-sc-8b855a6c-0 fMCMex\">\n<div class=\"Grid-styles__GridStyled-sc-70d90311-0 hRsXiV\">\n<div class=\"GridItem-styles__GridItemStyled-sc-6cc20e4a-0 tlbDj\">\n<h2 class=\"Headline-styles__HeadlineStyled-sc-6b3bb442-0 knYLIy\">What are Iceland&#8217;s security concerns?<\/h2>\n<\/div>\n<\/div>\n<\/div>\n<\/div>\n<div>\n<div data-component=\"text-block\" class=\"Container-styles__ContainerStyled-sc-8b855a6c-0 cPmzSx\">\n<div class=\"Grid-styles__GridStyled-sc-70d90311-0 hRsXiV\">\n<div class=\"GridItem-styles__GridItemStyled-sc-6cc20e4a-0 bnCeGm\">\n<p class=\"Paragraph-styles__ParagraphStyled-sc-ffb5f5ba-0 fqhmpl\">Iceland may be a founder member of Nato but it has no military and relies on its allies for defence. <\/p>\n<\/div>\n<\/div>\n<\/div>\n<\/div>\n<div>\n<div data-component=\"text-block\" class=\"Container-styles__ContainerStyled-sc-8b855a6c-0 cPmzSx\">\n<div class=\"Grid-styles__GridStyled-sc-70d90311-0 hRsXiV\">\n<div class=\"GridItem-styles__GridItemStyled-sc-6cc20e4a-0 bnCeGm\">\n<p class=\"Paragraph-styles__ParagraphStyled-sc-ffb5f5ba-0 fqhmpl\">A bilateral US defence agreement has been in place since 1951 and the No campaign has said Iceland&#8217;s security rests on both Nato and the US, and that EU membership is not a substitute for Nato.<\/p>\n<\/div>\n<\/div>\n<\/div>\n<\/div>\n<div>\n<div data-component=\"text-block\" class=\"Container-styles__ContainerStyled-sc-8b855a6c-0 cPmzSx\">\n<div class=\"Grid-styles__GridStyled-sc-70d90311-0 hRsXiV\">\n<div class=\"GridItem-styles__GridItemStyled-sc-6cc20e4a-0 bnCeGm\">\n<p class=\"Paragraph-styles__ParagraphStyled-sc-ffb5f5ba-0 fqhmpl\">Iceland has been a strong supporter of Ukraine during Russia&#8217;s full-scale invasion and officials have viewed Russia&#8217;s increased maritime manoeuvres near the island with alarm.<\/p>\n<\/div>\n<\/div>\n<\/div>\n<\/div>\n<div>\n<div data-component=\"text-block\" class=\"Container-styles__ContainerStyled-sc-8b855a6c-0 cPmzSx\">\n<div class=\"Grid-styles__GridStyled-sc-70d90311-0 hRsXiV\">\n<div class=\"GridItem-styles__GridItemStyled-sc-6cc20e4a-0 bnCeGm\">\n<p class=\"Paragraph-styles__ParagraphStyled-sc-ffb5f5ba-0 fqhmpl\">However, there has also been concern at US President Donald Trump&#8217;s expressed interest in taking over Greenland &#8211; especially the fact that he has confused it with Iceland.<\/p>\n<\/div>\n<\/div>\n<\/div>\n<\/div>\n<div>\n<div data-component=\"text-block\" class=\"Container-styles__ContainerStyled-sc-8b855a6c-0 cPmzSx\">\n<div class=\"Grid-styles__GridStyled-sc-70d90311-0 hRsXiV\">\n<div class=\"GridItem-styles__GridItemStyled-sc-6cc20e4a-0 bnCeGm\">\n<p class=\"Paragraph-styles__ParagraphStyled-sc-ffb5f5ba-0 fqhmpl\">This year the EU and Iceland signed a security and defence partnership, and EU officials said the EU &#8220;offers an anchor in a community of values, prosperity and security&#8221;. <\/p>\n<\/div>\n<\/div>\n<\/div>\n<\/div>\n<div>\n<div data-component=\"subheadline-block\" class=\"Container-styles__ContainerStyled-sc-8b855a6c-0 fMCMex\">\n<div class=\"Grid-styles__GridStyled-sc-70d90311-0 hRsXiV\">\n<div class=\"GridItem-styles__GridItemStyled-sc-6cc20e4a-0 tlbDj\">\n<h2 class=\"Headline-styles__HeadlineStyled-sc-6b3bb442-0 knYLIy\">What do the Yes and No campaigns say?<\/h2>\n<\/div>\n<\/div>\n<\/div>\n<\/div>\n<div>\n<div data-component=\"text-block\" class=\"Container-styles__ContainerStyled-sc-8b855a6c-0 cPmzSx\">\n<div class=\"Grid-styles__GridStyled-sc-70d90311-0 hRsXiV\">\n<div class=\"GridItem-styles__GridItemStyled-sc-6cc20e4a-0 bnCeGm\">\n<p class=\"Paragraph-styles__ParagraphStyled-sc-ffb5f5ba-0 fqhmpl\">Ahead of the referendum, the two sides held a televised debate where the Yes campaign team was headed by Prime Minister Kristr\u00fan Frostad\u00f3ttir and the No campaign was led by Gu\u00f0r\u00fan Hafsteinsd\u00f3ttir, chair of the opposition Independence Party.<\/p>\n<\/div>\n<\/div>\n<\/div>\n<\/div>\n<div>\n<div data-component=\"text-block\" class=\"Container-styles__ContainerStyled-sc-8b855a6c-0 cPmzSx\">\n<div class=\"Grid-styles__GridStyled-sc-70d90311-0 hRsXiV\">\n<div class=\"GridItem-styles__GridItemStyled-sc-6cc20e4a-0 bnCeGm\">\n<p class=\"Paragraph-styles__ParagraphStyled-sc-ffb5f5ba-0 fqhmpl\">Kristr\u00fan told the audience that Iceland was already well integrated in the European Union, and becoming a member would be &#8220;one of the biggest risk-reducing steps we can take&#8221;. <\/p>\n<\/div>\n<\/div>\n<\/div>\n<\/div>\n<div>\n<div data-component=\"text-block\" class=\"Container-styles__ContainerStyled-sc-8b855a6c-0 cPmzSx\">\n<div class=\"Grid-styles__GridStyled-sc-70d90311-0 hRsXiV\">\n<div class=\"GridItem-styles__GridItemStyled-sc-6cc20e4a-0 bnCeGm\">\n<p class=\"Paragraph-styles__ParagraphStyled-sc-ffb5f5ba-0 fqhmpl\">She also made clear that a Yes vote did not necessarily mean that Iceland would join, and that if there was a No vote, the result would be respected. <\/p>\n<\/div>\n<\/div>\n<\/div>\n<\/div>\n<div>\n<div data-component=\"text-block\" class=\"Container-styles__ContainerStyled-sc-8b855a6c-0 cPmzSx\">\n<div class=\"Grid-styles__GridStyled-sc-70d90311-0 hRsXiV\">\n<div class=\"GridItem-styles__GridItemStyled-sc-6cc20e4a-0 bnCeGm\">\n<p class=\"Paragraph-styles__ParagraphStyled-sc-ffb5f5ba-0 fqhmpl\">Gu\u00f0r\u00fan, meanwhile, stressed that the vote was not about whether Iceland should work well with Europe: &#8220;We already do, and we want that to continue.&#8221;<\/p>\n<\/div>\n<\/div>\n<\/div>\n<\/div>\n<div>\n<div data-component=\"text-block\" class=\"Container-styles__ContainerStyled-sc-8b855a6c-0 cPmzSx\">\n<div class=\"Grid-styles__GridStyled-sc-70d90311-0 hRsXiV\">\n<div class=\"GridItem-styles__GridItemStyled-sc-6cc20e4a-0 bnCeGm\">\n<p class=\"Paragraph-styles__ParagraphStyled-sc-ffb5f5ba-0 fqhmpl\">Instead, she portrayed the referendum as a vote on whether Icelanders wanted to hand &#8220;decision-making powers&#8221; to Brussels on fisheries, agriculture and their natural resources.<\/p>\n<\/div>\n<\/div>\n<\/div>\n<\/div>\n<div>\n<div data-component=\"text-block\" class=\"Container-styles__ContainerStyled-sc-8b855a6c-0 cPmzSx\">\n<div class=\"Grid-styles__GridStyled-sc-70d90311-0 hRsXiV\">\n<div class=\"GridItem-styles__GridItemStyled-sc-6cc20e4a-0 bnCeGm\">\n<p class=\"Paragraph-styles__ParagraphStyled-sc-ffb5f5ba-0 fqhmpl\">Although geopolitics kick-started the government&#8217;s decision to push for a return to EU talks, there has been little discussion of it during the campaign.<\/p>\n<\/div>\n<\/div>\n<\/div>\n<\/div>\n<div>\n<div data-component=\"text-block\" class=\"Container-styles__ContainerStyled-sc-8b855a6c-0 cPmzSx\">\n<div class=\"Grid-styles__GridStyled-sc-70d90311-0 hRsXiV\">\n<div class=\"GridItem-styles__GridItemStyled-sc-6cc20e4a-0 bnCeGm\">\n<p class=\"Paragraph-styles__ParagraphStyled-sc-ffb5f5ba-0 fqhmpl\">&#8220;It&#8217;s lower on the agenda than many would think,&#8221; says Hallgrimur Oddsson, director of EU-Iceland think-tank European Currents.<\/p>\n<\/div>\n<\/div>\n<\/div>\n<\/div>\n<\/article>\n<p>[analyse_source url=&#8221;https:\/\/www.bbc.com\/news\/articles\/cn45vdxyvvlo&#8221;]<\/p>\n","protected":false},"excerpt":{"rendered":"<p>[analyse_image type=&#8221;featured&#8221; src=&#8221;https:\/\/ichef.bbci.co.uk\/news\/1024\/branded_news\/1ad8\/live\/d86c20a0-a31d-11f1-8937-ebc435db1160.jpg&#8221;] AFP via Getty Images Latest opinion polls have been so close that the result is impossible to call Icelanders are voting in a referendum to decide whether to resume talks on joining the European Union, 13 years after they were broken off. In an indication of how tight the result is expected [&hellip;]<\/p>\n","protected":false},"author":1,"featured_media":0,"comment_status":"open","ping_status":"","sticky":false,"template":"","format":"standard","meta":{"footnotes":""},"categories":[2],"tags":[35,226],"class_list":["post-2118697","post","type-post","status-publish","format-standard","hentry","category-politics","tag-bbc-com","tag-crawlmanager"],"_links":{"self":[{"href":"https:\/\/analyse.optim.biz\/index.php?rest_route=\/wp\/v2\/posts\/2118697","targetHints":{"allow":["GET"]}}],"collection":[{"href":"https:\/\/analyse.optim.biz\/index.php?rest_route=\/wp\/v2\/posts"}],"about":[{"href":"https:\/\/analyse.optim.biz\/index.php?rest_route=\/wp\/v2\/types\/post"}],"author":[{"embeddable":true,"href":"https:\/\/analyse.optim.biz\/index.php?rest_route=\/wp\/v2\/users\/1"}],"replies":[{"embeddable":true,"href":"https:\/\/analyse.optim.biz\/index.php?rest_route=%2Fwp%2Fv2%2Fcomments&post=2118697"}],"version-history":[{"count":0,"href":"https:\/\/analyse.optim.biz\/index.php?rest_route=\/wp\/v2\/posts\/2118697\/revisions"}],"wp:attachment":[{"href":"https:\/\/analyse.optim.biz\/index.php?rest_route=%2Fwp%2Fv2%2Fmedia&parent=2118697"}],"wp:term":[{"taxonomy":"category","embeddable":true,"href":"https:\/\/analyse.optim.biz\/index.php?rest_route=%2Fwp%2Fv2%2Fcategories&post=2118697"},{"taxonomy":"post_tag","embeddable":true,"href":"https:\/\/analyse.optim.biz\/index.php?rest_route=%2Fwp%2Fv2%2Ftags&post=2118697"}],"curies":[{"name":"wp","href":"https:\/\/api.w.org\/{rel}","templated":true}]}}