{"id":2118673,"date":"2026-08-26T07:34:21","date_gmt":"2026-08-26T04:34:21","guid":{"rendered":"https:\/\/analyse.optim.biz\/?p=2118673"},"modified":"2026-08-26T07:34:21","modified_gmt":"2026-08-26T04:34:21","slug":"scoala-nr-1-una-dintre-cele-mai-vechi-din-timisoara-trece-la-un-liceu-ce-se-schimba","status":"publish","type":"post","link":"https:\/\/analyse.optim.biz\/?p=2118673","title":{"rendered":"\u0218coala nr. 1, una dintre cele mai vechi din Timi\u0219oara, trece la un liceu. Ce se schimb\u0103"},"content":{"rendered":"<p>[analyse_image type=&#8221;featured&#8221; src=&#8221;https:\/\/cdn.expressdebanat.ro\/wp-content\/uploads\/2024\/04\/scoala-gimnaziala-1-din-timisoara.jpg&#8221;]<\/p>\n<div id=\"post-area\" class=\"post-981709 post type-post status-publish format-standard has-post-thumbnail hentry category-administratie category-timis category-timisoara tag-educatie-timisoara tag-important tag-reorganizare-scoli tag-scoala-nr-1 tag-scoli-timisoara tag-timisoara\">\n<div id=\"social-box\">\n<ul class=\"post-social\">\n<li class=\"social-share-button\">\n<li class=\"social-share-button\">\n<li class=\"social-share-button\"><\/ul>\n<\/div>\n<div id=\"content-area\">\n<div class=\"post-image\"><img loading=\"lazy\" decoding=\"async\" width=\"620\" height=\"400\" src=\"https:\/\/cdn.expressdebanat.ro\/wp-content\/uploads\/2024\/04\/scoala-gimnaziala-1-din-timisoara-620x400.jpg\" class=\"attachment-post-thumb size-post-thumb wp-post-image perfmatters-lazy\" alt=\"scoala gimnaziala 1 din timisoara\"><img loading=\"lazy\" decoding=\"async\" width=\"620\" height=\"400\" src=\"https:\/\/cdn.expressdebanat.ro\/wp-content\/uploads\/2024\/04\/scoala-gimnaziala-1-din-timisoara-620x400.jpg\" class=\"attachment-post-thumb size-post-thumb wp-post-image\" alt=\"scoala gimnaziala 1 din timisoara\"><\/div>\n<div class=\"jmfjq6a930fb898d55\"><a href=\"https:\/\/www.facebook.com\/clinicavestmed\"><img loading=\"lazy\" decoding=\"async\" class=\"size-full wp-image-961300 perfmatters-lazy\" src=\"https:\/\/cdn.expressdebanat.ro\/wp-content\/uploads\/2026\/02\/WhatsApp-Image-2026-02-03-at-11.55.13.jpeg\" alt=\"vestmed 1000x200\" width=\"1000\" height=\"200\"><img loading=\"lazy\" decoding=\"async\" class=\"size-full wp-image-961300\" src=\"https:\/\/cdn.expressdebanat.ro\/wp-content\/uploads\/2026\/02\/WhatsApp-Image-2026-02-03-at-11.55.13.jpeg\" alt=\"vestmed 1000x200\" width=\"1000\" height=\"200\"><\/a><a href=\"https:\/\/www.cei.ro\/\" target=\"_blank\" rel=\"noopener noreferrer sponsored ugc\" title=\"Publicitate in ziar online Express de Banat, \u0218tiri din Timi\u0219oara \u0219i Re\u0219i\u021ba\"><source data-srcset=\"https:\/\/cdn.expressdebanat.ro\/wp-content\/uploads\/2020\/11\/1000-100.webp \" type=\"image\/webp\" \/><\/a><\/div>\n<p class=\"isSelectedEnd\"><strong>\u0218coala Gimnazial\u0103 nr. 1 din Timi\u0219oara va fi arondat\u0103 Liceului Tehnologic de Vest, dup\u0103 votul consilierilor locali. Viceprimarul Ruben La\u021bc\u0103u critic\u0103 modul \u00een care sunt decise reorganiz\u0103rile \u0219colare \u0219i spune c\u0103 \u0219coala din Fabric va fi reabilitat\u0103.<\/strong><\/p>\n<p class=\"isSelectedEnd\">Cu 22 de voturi \u201epentru\u201d \u0219i dou\u0103 \u201e\u00eempotriv\u0103\u201d, consilierii locali din Timi\u0219oara au aprobat reorganizarea \u0218colii Gimnaziale nr. 1, care va deveni structur\u0103 arondat\u0103 Liceului Tehnologic de Vest.<\/p>\n<p class=\"isSelectedEnd\">\u0218coala din Fabric este considerat\u0103 cea mai veche \u0219coal\u0103 din Timi\u0219oara. Este atestat\u0103 din 1762, iar cl\u0103direa \u00een care func\u021bioneaz\u0103 ast\u0103zi a fost construit\u0103 \u00een 1847.<\/p>\n<p class=\"isSelectedEnd\">Copiii vor r\u0103m\u00e2ne \u00een cl\u0103direa actual\u0103 a \u0218colii nr. 1. Schimbarea este una administrativ\u0103 \u0219i vine dup\u0103 modific\u0103rile privind organizarea re\u021belei \u0219colare. Viceprimarul Ruben La\u021bc\u0103u spune c\u0103 decizia a fost impus\u0103 de noile reguli stabilite de Ministerul Educa\u021biei.<\/p>\n<p class=\"isSelectedEnd\"><em>\u201e\u0218tim c\u0103 decizia e una care are riscuri, doar c\u0103, din p\u0103cate, aceast\u0103 \u00eemp\u0103r\u021bire \u00een care prim\u0103ria se ocup\u0103 de cl\u0103diri, ministerul de profesori, de re\u021bea, creeaz\u0103 o situa\u021bie care adeseori vine cu m\u0103suri de la Bucure\u0219ti care, \u00een teren, nu sunt cele mai inspirate.\u201d<\/em>, a declarat Ruben La\u021bc\u0103u.<\/p>\n<p class=\"isSelectedEnd\">Viceprimarul Timi\u0219oarei a dat asigur\u0103ri c\u0103 proiectul de reabilitare a \u0218colii Gimnaziale nr. 1 va continua. <em>\u201eProiectul de reabilitare va merge \u00eenainte, nu renun\u021b\u0103m la el. \u0218coala va fi reabilitat\u0103.\u201d<\/em>, a spus La\u021bc\u0103u.<\/p>\n<p class=\"isSelectedEnd\">\u00cen opinia consilierului local PNL Dan Diaconu, noua formul\u0103 ar trebui s\u0103 fie temporar\u0103. Liberalul a atras aten\u021bia c\u0103 \u0219coala are \u0219i un rol important pentru comunitatea din zona Fabric.<\/p>\n<div class=\"scaro6a930fb898dc4\"><a href=\"https:\/\/www.facebook.com\/profile.php?id=100093207818602\" target=\"_blank\" title=\"Stiri Timisoara si Resita Publicitate online\" rel=\"noopener nofollow ugc sponsored\"><img loading=\"lazy\" decoding=\"async\" class=\"size-full wp-image-843025 perfmatters-lazy\" src=\"https:\/\/cdn.expressdebanat.ro\/wp-content\/uploads\/2024\/07\/WhatsApp-Image-2024-07-05-at-14.36.18.jpeg\" alt=\"Stiri Timisoara si Resita publicitate online dacus 05 iulie 2024\" width=\"1000\" height=\"100\"><img loading=\"lazy\" decoding=\"async\" class=\"size-full wp-image-843025\" src=\"https:\/\/cdn.expressdebanat.ro\/wp-content\/uploads\/2024\/07\/WhatsApp-Image-2024-07-05-at-14.36.18.jpeg\" alt=\"Stiri Timisoara si Resita publicitate online dacus 05 iulie 2024\" width=\"1000\" height=\"100\"><\/a><a href=\"https:\/\/www.brantner.com\/en\/group\/international-locations\/romania\/brantner-servicii-ecoogice-srl-resita.html\" target=\"_blank\" title=\"Stiri Timisoara si Resita Publicitate online\" rel=\"noopener nofollow ugc sponsored\"><img loading=\"lazy\" decoding=\"async\" class=\"size-full wp-image-804798 perfmatters-lazy\" src=\"https:\/\/cdn.expressdebanat.ro\/wp-content\/uploads\/2024\/02\/WhatsApp-Image-2024-02-05-at-11.32.01.jpeg\" alt=\"Stiri Timisoara Publicitate online Brantner 1000x100px\" width=\"970\" height=\"90\"><img loading=\"lazy\" decoding=\"async\" class=\"size-full wp-image-804798\" src=\"https:\/\/cdn.expressdebanat.ro\/wp-content\/uploads\/2024\/02\/WhatsApp-Image-2024-02-05-at-11.32.01.jpeg\" alt=\"Stiri Timisoara Publicitate online Brantner 1000x100px\" width=\"970\" height=\"90\"><\/a><\/div>\n<p class=\"isSelectedEnd\"><em>\u201e\u0218coala Gimnazial\u0103 nr. 1 este o \u0219coal\u0103 care are nu doar un rol educa\u021bional, ci \u0219i unul comunitar. \u00cen\u021beleg de ce nu a existat acum o alt\u0103 formul\u0103 dec\u00e2t pierderea personalit\u0103\u021bii juridice \u0219i fuziunea cu Liceul Tehnologic de Vest, \u00eens\u0103 aceast\u0103 situa\u021bie trebuie s\u0103 fie una temporar\u0103.\u201d<\/em>, a declarat Dan Diaconu.<\/p>\n<p class=\"isSelectedEnd\">Diaconu a atras aten\u021bia \u0219i asupra distan\u021bei dintre cele dou\u0103 unit\u0103\u021bi de \u00eenv\u0103\u021b\u0103m\u00e2nt, de aproximativ \u0219apte kilometri.<\/p>\n<p class=\"isSelectedEnd\"><em>\u201eOric\u00e2t am vrea s\u0103 fim de digitaliza\u021bi, nu cred c\u0103 suntem, iar o distan\u021b\u0103 de acest tip este una extrem de mare \u0219i care va fi destul de greu de acoperit din punct de vedere administrativ. (\u2026) Cu siguran\u021b\u0103 \u00een noiembrie sau decembrie, c\u00e2nd vom discuta din nou despre re\u021beaua \u0219colar\u0103, noi nu vom mai accepta o astfel de form\u0103 de organizare.\u201d<\/em>, a afirmat consilierul PNL.<\/p>\n<p>Reorganizarea \u0219colii a fost propus\u0103 \u00een cadrul modific\u0103rii re\u021belei \u0219colare pentru anul 2026-2027. Reprezentan\u021bii \u0218colii nr. 1 au cerut reanalizarea deciziei, spun\u00e2nd c\u0103 unitatea are 510 elevi, dintre care 120 cu cerin\u021be educa\u021bionale speciale.<\/p>\n<p><a href=\"https:\/\/expressdebanat.ro\/scoala-gimnaziala-nr-1-din-timisoara-ar-putea-fi-arondata-unui-liceu-profesorii-se-opun\/\"><strong>CITE\u0218TE \u0218I: \u0218coala Gimnazial\u0103 nr. 1 din Timi\u0219oara ar putea fi arondat\u0103 unui liceu. Profesorii se opun<\/strong><\/a><\/p>\n<div class=\"unisn6a930fb898e21\"><a href=\"https:\/\/maxagro.ro\/\" target=\"_blank\" rel=\"noopener noreferrer sponsored ugc\" title=\"Stiri Timisoara si Resita Promovare online in Express de Banat\"><img loading=\"lazy\" decoding=\"async\" width=\"1500\" height=\"300\" class=\"size-full wp-image-752850 perfmatters-lazy\" src=\"https:\/\/cdn.expressdebanat.ro\/wp-content\/uploads\/2023\/05\/banner-maxagro.jpg\" alt=\"stiri Timisoara publicitate si promovare online banner maxagro\"><img loading=\"lazy\" decoding=\"async\" width=\"1500\" height=\"300\" class=\"size-full wp-image-752850\" src=\"https:\/\/cdn.expressdebanat.ro\/wp-content\/uploads\/2023\/05\/banner-maxagro.jpg\" alt=\"stiri Timisoara publicitate si promovare online banner maxagro\"><\/a><\/div>\n<\/div>\n<div id=\"social-box\">\n<ul class=\"post-social\">\n<li class=\"fb-line\">\n<li><a href=\"http:\/\/twitter.com\/share\" class=\"twitter-share-button\" data-lang=\"en\" data-count=\"horizontal\">Tweet<\/a><\/li>\n<li>\n<li><a href=\"http:\/\/pinterest.com\/pin\/create\/button\/?url=https%3A%2F%2Fexpressdebanat.ro%2Fscoala-nr-1-una-dintre-cele-mai-vechi-din-timisoara-trece-la-un-liceu-ce-se-schimba%2F&amp;media=https:\/\/cdn.expressdebanat.ro\/wp-content\/uploads\/2024\/04\/scoala-gimnaziala-1-din-timisoara.jpg&amp;description=%C8%98coala%20nr.%201,%20una%20dintre%20cele%20mai%20vechi%20din%20Timi%C8%99oara,%20trece%20la%20un%20liceu.%20Ce%20se%20schimb%C4%83\" class=\"pin-it-button\">Pin It<\/a><\/li>\n<\/ul>\n<\/div>\n<\/div>\n<div id=\"content-area\">\n<div class=\"post-image\"><img loading=\"lazy\" decoding=\"async\" width=\"620\" height=\"400\" src=\"https:\/\/cdn.expressdebanat.ro\/wp-content\/uploads\/2024\/04\/scoala-gimnaziala-1-din-timisoara-620x400.jpg\" class=\"attachment-post-thumb size-post-thumb wp-post-image perfmatters-lazy\" alt=\"scoala gimnaziala 1 din timisoara\"><img loading=\"lazy\" decoding=\"async\" width=\"620\" height=\"400\" src=\"https:\/\/cdn.expressdebanat.ro\/wp-content\/uploads\/2024\/04\/scoala-gimnaziala-1-din-timisoara-620x400.jpg\" class=\"attachment-post-thumb size-post-thumb wp-post-image\" alt=\"scoala gimnaziala 1 din timisoara\"><\/div>\n<div class=\"jmfjq6a930fb898d55\"><a href=\"https:\/\/www.facebook.com\/clinicavestmed\"><img loading=\"lazy\" decoding=\"async\" class=\"size-full wp-image-961300 perfmatters-lazy\" src=\"https:\/\/cdn.expressdebanat.ro\/wp-content\/uploads\/2026\/02\/WhatsApp-Image-2026-02-03-at-11.55.13.jpeg\" alt=\"vestmed 1000x200\" width=\"1000\" height=\"200\"><img loading=\"lazy\" decoding=\"async\" class=\"size-full wp-image-961300\" src=\"https:\/\/cdn.expressdebanat.ro\/wp-content\/uploads\/2026\/02\/WhatsApp-Image-2026-02-03-at-11.55.13.jpeg\" alt=\"vestmed 1000x200\" width=\"1000\" height=\"200\"><\/a><a href=\"https:\/\/www.cei.ro\/\" target=\"_blank\" rel=\"noopener noreferrer sponsored ugc\" title=\"Publicitate in ziar online Express de Banat, \u0218tiri din Timi\u0219oara \u0219i Re\u0219i\u021ba\"><source data-srcset=\"https:\/\/cdn.expressdebanat.ro\/wp-content\/uploads\/2020\/11\/1000-100.webp \" type=\"image\/webp\" \/><\/a><\/div>\n<p class=\"isSelectedEnd\"><strong>\u0218coala Gimnazial\u0103 nr. 1 din Timi\u0219oara va fi arondat\u0103 Liceului Tehnologic de Vest, dup\u0103 votul consilierilor locali. Viceprimarul Ruben La\u021bc\u0103u critic\u0103 modul \u00een care sunt decise reorganiz\u0103rile \u0219colare \u0219i spune c\u0103 \u0219coala din Fabric va fi reabilitat\u0103.<\/strong><\/p>\n<p class=\"isSelectedEnd\">Cu 22 de voturi \u201epentru\u201d \u0219i dou\u0103 \u201e\u00eempotriv\u0103\u201d, consilierii locali din Timi\u0219oara au aprobat reorganizarea \u0218colii Gimnaziale nr. 1, care va deveni structur\u0103 arondat\u0103 Liceului Tehnologic de Vest.<\/p>\n<p class=\"isSelectedEnd\">\u0218coala din Fabric este considerat\u0103 cea mai veche \u0219coal\u0103 din Timi\u0219oara. Este atestat\u0103 din 1762, iar cl\u0103direa \u00een care func\u021bioneaz\u0103 ast\u0103zi a fost construit\u0103 \u00een 1847.<\/p>\n<p class=\"isSelectedEnd\">Copiii vor r\u0103m\u00e2ne \u00een cl\u0103direa actual\u0103 a \u0218colii nr. 1. Schimbarea este una administrativ\u0103 \u0219i vine dup\u0103 modific\u0103rile privind organizarea re\u021belei \u0219colare. Viceprimarul Ruben La\u021bc\u0103u spune c\u0103 decizia a fost impus\u0103 de noile reguli stabilite de Ministerul Educa\u021biei.<\/p>\n<p class=\"isSelectedEnd\"><em>\u201e\u0218tim c\u0103 decizia e una care are riscuri, doar c\u0103, din p\u0103cate, aceast\u0103 \u00eemp\u0103r\u021bire \u00een care prim\u0103ria se ocup\u0103 de cl\u0103diri, ministerul de profesori, de re\u021bea, creeaz\u0103 o situa\u021bie care adeseori vine cu m\u0103suri de la Bucure\u0219ti care, \u00een teren, nu sunt cele mai inspirate.\u201d<\/em>, a declarat Ruben La\u021bc\u0103u.<\/p>\n<p class=\"isSelectedEnd\">Viceprimarul Timi\u0219oarei a dat asigur\u0103ri c\u0103 proiectul de reabilitare a \u0218colii Gimnaziale nr. 1 va continua. <em>\u201eProiectul de reabilitare va merge \u00eenainte, nu renun\u021b\u0103m la el. \u0218coala va fi reabilitat\u0103.\u201d<\/em>, a spus La\u021bc\u0103u.<\/p>\n<p class=\"isSelectedEnd\">\u00cen opinia consilierului local PNL Dan Diaconu, noua formul\u0103 ar trebui s\u0103 fie temporar\u0103. Liberalul a atras aten\u021bia c\u0103 \u0219coala are \u0219i un rol important pentru comunitatea din zona Fabric.<\/p>\n<div class=\"scaro6a930fb898dc4\"><a href=\"https:\/\/www.facebook.com\/profile.php?id=100093207818602\" target=\"_blank\" title=\"Stiri Timisoara si Resita Publicitate online\" rel=\"noopener nofollow ugc sponsored\"><img loading=\"lazy\" decoding=\"async\" class=\"size-full wp-image-843025 perfmatters-lazy\" src=\"https:\/\/cdn.expressdebanat.ro\/wp-content\/uploads\/2024\/07\/WhatsApp-Image-2024-07-05-at-14.36.18.jpeg\" alt=\"Stiri Timisoara si Resita publicitate online dacus 05 iulie 2024\" width=\"1000\" height=\"100\"><img loading=\"lazy\" decoding=\"async\" class=\"size-full wp-image-843025\" src=\"https:\/\/cdn.expressdebanat.ro\/wp-content\/uploads\/2024\/07\/WhatsApp-Image-2024-07-05-at-14.36.18.jpeg\" alt=\"Stiri Timisoara si Resita publicitate online dacus 05 iulie 2024\" width=\"1000\" height=\"100\"><\/a><a href=\"https:\/\/www.brantner.com\/en\/group\/international-locations\/romania\/brantner-servicii-ecoogice-srl-resita.html\" target=\"_blank\" title=\"Stiri Timisoara si Resita Publicitate online\" rel=\"noopener nofollow ugc sponsored\"><img loading=\"lazy\" decoding=\"async\" class=\"size-full wp-image-804798 perfmatters-lazy\" src=\"https:\/\/cdn.expressdebanat.ro\/wp-content\/uploads\/2024\/02\/WhatsApp-Image-2024-02-05-at-11.32.01.jpeg\" alt=\"Stiri Timisoara Publicitate online Brantner 1000x100px\" width=\"970\" height=\"90\"><img loading=\"lazy\" decoding=\"async\" class=\"size-full wp-image-804798\" src=\"https:\/\/cdn.expressdebanat.ro\/wp-content\/uploads\/2024\/02\/WhatsApp-Image-2024-02-05-at-11.32.01.jpeg\" alt=\"Stiri Timisoara Publicitate online Brantner 1000x100px\" width=\"970\" height=\"90\"><\/a><\/div>\n<p class=\"isSelectedEnd\"><em>\u201e\u0218coala Gimnazial\u0103 nr. 1 este o \u0219coal\u0103 care are nu doar un rol educa\u021bional, ci \u0219i unul comunitar. \u00cen\u021beleg de ce nu a existat acum o alt\u0103 formul\u0103 dec\u00e2t pierderea personalit\u0103\u021bii juridice \u0219i fuziunea cu Liceul Tehnologic de Vest, \u00eens\u0103 aceast\u0103 situa\u021bie trebuie s\u0103 fie una temporar\u0103.\u201d<\/em>, a declarat Dan Diaconu.<\/p>\n<p class=\"isSelectedEnd\">Diaconu a atras aten\u021bia \u0219i asupra distan\u021bei dintre cele dou\u0103 unit\u0103\u021bi de \u00eenv\u0103\u021b\u0103m\u00e2nt, de aproximativ \u0219apte kilometri.<\/p>\n<p class=\"isSelectedEnd\"><em>\u201eOric\u00e2t am vrea s\u0103 fim de digitaliza\u021bi, nu cred c\u0103 suntem, iar o distan\u021b\u0103 de acest tip este una extrem de mare \u0219i care va fi destul de greu de acoperit din punct de vedere administrativ. (\u2026) Cu siguran\u021b\u0103 \u00een noiembrie sau decembrie, c\u00e2nd vom discuta din nou despre re\u021beaua \u0219colar\u0103, noi nu vom mai accepta o astfel de form\u0103 de organizare.\u201d<\/em>, a afirmat consilierul PNL.<\/p>\n<p>Reorganizarea \u0219colii a fost propus\u0103 \u00een cadrul modific\u0103rii re\u021belei \u0219colare pentru anul 2026-2027. Reprezentan\u021bii \u0218colii nr. 1 au cerut reanalizarea deciziei, spun\u00e2nd c\u0103 unitatea are 510 elevi, dintre care 120 cu cerin\u021be educa\u021bionale speciale.<\/p>\n<p><a href=\"https:\/\/expressdebanat.ro\/scoala-gimnaziala-nr-1-din-timisoara-ar-putea-fi-arondata-unui-liceu-profesorii-se-opun\/\"><strong>CITE\u0218TE \u0218I: \u0218coala Gimnazial\u0103 nr. 1 din Timi\u0219oara ar putea fi arondat\u0103 unui liceu. Profesorii se opun<\/strong><\/a><\/p>\n<div class=\"unisn6a930fb898e21\"><a href=\"https:\/\/maxagro.ro\/\" target=\"_blank\" rel=\"noopener noreferrer sponsored ugc\" title=\"Stiri Timisoara si Resita Promovare online in Express de Banat\"><img loading=\"lazy\" decoding=\"async\" width=\"1500\" height=\"300\" class=\"size-full wp-image-752850 perfmatters-lazy\" src=\"https:\/\/cdn.expressdebanat.ro\/wp-content\/uploads\/2023\/05\/banner-maxagro.jpg\" alt=\"stiri Timisoara publicitate si promovare online banner maxagro\"><img loading=\"lazy\" decoding=\"async\" width=\"1500\" height=\"300\" class=\"size-full wp-image-752850\" src=\"https:\/\/cdn.expressdebanat.ro\/wp-content\/uploads\/2023\/05\/banner-maxagro.jpg\" alt=\"stiri Timisoara publicitate si promovare online banner maxagro\"><\/a><\/div>\n<\/div>\n<p>[analyse_source url=&#8221;https:\/\/expressdebanat.ro\/scoala-nr-1-una-dintre-cele-mai-vechi-din-timisoara-trece-la-un-liceu-ce-se-schimba\/&#8221;]<\/p>\n","protected":false},"excerpt":{"rendered":"<p>[analyse_image type=&#8221;featured&#8221; src=&#8221;https:\/\/cdn.expressdebanat.ro\/wp-content\/uploads\/2024\/04\/scoala-gimnaziala-1-din-timisoara.jpg&#8221;] \u0218coala Gimnazial\u0103 nr. 1 din Timi\u0219oara va fi arondat\u0103 Liceului Tehnologic de Vest, dup\u0103 votul consilierilor locali. Viceprimarul Ruben La\u021bc\u0103u critic\u0103 modul \u00een care sunt decise reorganiz\u0103rile \u0219colare \u0219i spune c\u0103 \u0219coala din Fabric va fi reabilitat\u0103. Cu 22 de voturi \u201epentru\u201d \u0219i dou\u0103 \u201e\u00eempotriv\u0103\u201d, consilierii locali din Timi\u0219oara au aprobat reorganizarea [&hellip;]<\/p>\n","protected":false},"author":1,"featured_media":0,"comment_status":"open","ping_status":"","sticky":false,"template":"","format":"standard","meta":{"footnotes":""},"categories":[89],"tags":[226,196],"class_list":["post-2118673","post","type-post","status-publish","format-standard","hentry","category-romania","tag-crawlmanager","tag-expressdebanat-ro"],"_links":{"self":[{"href":"https:\/\/analyse.optim.biz\/index.php?rest_route=\/wp\/v2\/posts\/2118673","targetHints":{"allow":["GET"]}}],"collection":[{"href":"https:\/\/analyse.optim.biz\/index.php?rest_route=\/wp\/v2\/posts"}],"about":[{"href":"https:\/\/analyse.optim.biz\/index.php?rest_route=\/wp\/v2\/types\/post"}],"author":[{"embeddable":true,"href":"https:\/\/analyse.optim.biz\/index.php?rest_route=\/wp\/v2\/users\/1"}],"replies":[{"embeddable":true,"href":"https:\/\/analyse.optim.biz\/index.php?rest_route=%2Fwp%2Fv2%2Fcomments&post=2118673"}],"version-history":[{"count":0,"href":"https:\/\/analyse.optim.biz\/index.php?rest_route=\/wp\/v2\/posts\/2118673\/revisions"}],"wp:attachment":[{"href":"https:\/\/analyse.optim.biz\/index.php?rest_route=%2Fwp%2Fv2%2Fmedia&parent=2118673"}],"wp:term":[{"taxonomy":"category","embeddable":true,"href":"https:\/\/analyse.optim.biz\/index.php?rest_route=%2Fwp%2Fv2%2Fcategories&post=2118673"},{"taxonomy":"post_tag","embeddable":true,"href":"https:\/\/analyse.optim.biz\/index.php?rest_route=%2Fwp%2Fv2%2Ftags&post=2118673"}],"curies":[{"name":"wp","href":"https:\/\/api.w.org\/{rel}","templated":true}]}}