{"id":2118668,"date":"2026-08-25T12:35:55","date_gmt":"2026-08-25T09:35:55","guid":{"rendered":"https:\/\/analyse.optim.biz\/?p=2118668"},"modified":"2026-08-25T12:35:55","modified_gmt":"2026-08-25T09:35:55","slug":"sdm-anunta-programul-zilnic-al-lucrarilor-in-timisoara","status":"publish","type":"post","link":"https:\/\/analyse.optim.biz\/?p=2118668","title":{"rendered":"SDM anun\u021b\u0103 programul zilnic al lucr\u0103rilor \u00een Timi\u0219oara"},"content":{"rendered":"<p>[analyse_image type=&#8221;featured&#8221; src=&#8221;https:\/\/cdn.expressdebanat.ro\/wp-content\/uploads\/2017\/05\/strada-asfaltata.jpg&#8221;]<\/p>\n<div id=\"post-area\" class=\"post-981691 post type-post status-publish format-standard has-post-thumbnail hentry category-timis category-timisoara category-utile\">\n<div id=\"social-box\">\n<ul class=\"post-social\">\n<li class=\"social-share-button\">\n<li class=\"social-share-button\">\n<li class=\"social-share-button\"><\/ul>\n<\/div>\n<div id=\"content-area\">\n<div class=\"post-image\"><img loading=\"lazy\" decoding=\"async\" width=\"620\" height=\"400\" src=\"https:\/\/cdn.expressdebanat.ro\/wp-content\/uploads\/2017\/05\/strada-asfaltata-620x400.jpg\" class=\"attachment-post-thumb size-post-thumb wp-post-image perfmatters-lazy\" alt=\"asfaltari SDM Timisoara\"><img loading=\"lazy\" decoding=\"async\" width=\"620\" height=\"400\" src=\"https:\/\/cdn.expressdebanat.ro\/wp-content\/uploads\/2017\/05\/strada-asfaltata-620x400.jpg\" class=\"attachment-post-thumb size-post-thumb wp-post-image\" alt=\"asfaltari SDM Timisoara\"><\/div>\n<div class=\"rjtyh6a92b628cb713\"><img loading=\"lazy\" decoding=\"async\" class=\"size-full wp-image-947090 perfmatters-lazy\" src=\"https:\/\/cdn.expressdebanat.ro\/wp-content\/uploads\/2025\/10\/banner-1164-x-200-px.jpg\" alt=\"banner 1164 x 200 px\" width=\"1000\" height=\"171\"><img loading=\"lazy\" decoding=\"async\" class=\"size-full wp-image-947090\" src=\"https:\/\/cdn.expressdebanat.ro\/wp-content\/uploads\/2025\/10\/banner-1164-x-200-px.jpg\" alt=\"banner 1164 x 200 px\" width=\"1000\" height=\"171\"><\/div>\n<p><strong>Programul zilnic <\/strong><strong>al lucr\u0103rilor de \u00eentre\u021binere\/ interven\u021bii\/ repara\u021bii, la semnalizarea rutier\u0103 <\/strong><strong>de pe str\u0103zile municipiului Timi\u0219oara.<\/strong><\/p>\n<p>V\u0103 facem cunoscut programul zilei de \u00a026.08. 2026, dup\u0103 care se vor executa activit\u0103\u021bi specifice serviciului de: \u201eSemnalizare a circula\u021biei rutiere, \u00eentre\u021binere, func\u021bionare \u0219i dirijare a circula\u021biei rutiere pe raza municipiului Timi\u0219oara\u201d:<\/p>\n<table width=\"756\">\n<tbody>\n<tr>\n<td width=\"38\">Nr. crt.<\/td>\n<td width=\"350\">Amplasamentul<\/td>\n<td width=\"369\">Categoria de lucr\u0103ri<\/td>\n<\/tr>\n<tr>\n<td width=\"38\">1<\/td>\n<td width=\"350\">Str. Andrei \u0218aguna- pe timp de noapte<\/td>\n<td width=\"369\">Marcaje rutiere de delimitare a p\u0103r\u021bii carosabile<\/td>\n<\/tr>\n<tr>\n<td width=\"38\">2<\/td>\n<td width=\"350\">Str. Traian Vuia- Bd. Liviu Rebreanu- pe timp de noapte<\/td>\n<td width=\"369\">Marcaje rutiere de traversare pentru pietoni<\/td>\n<\/tr>\n<tr>\n<td width=\"38\">3<\/td>\n<td width=\"350\">Str. Ulpia Traiana- Bd. Liviu Rebreanu- pe timp de noapte<\/td>\n<td width=\"369\">Marcaje rutiere de traversare pentru pietoni<\/td>\n<\/tr>\n<tr>\n<td width=\"38\">4<\/td>\n<td width=\"350\">Str. Grigore Alexandrescu- Str. Augustin Coman- \u00eenfiin\u021bare sta\u021bie STPT<\/td>\n<td width=\"369\">Marcaje rutiere de delimitare a sta\u021biilor pentru transportul \u00een comun<\/td>\n<\/tr>\n<tr>\n<td width=\"38\">5<\/td>\n<td width=\"350\">Str. Grigore Alexandrescu- Str. Augustin Coman- \u00eenfiin\u021bare sta\u021bie STPT<\/td>\n<td width=\"369\">Montare indicatoare de circula\u021bie rutier\u0103<\/td>\n<\/tr>\n<tr>\n<td width=\"38\">6<\/td>\n<td width=\"350\">Bd. Liviu Rebreanu- \u00eentre Str. Ulpia Traiana \u0219i Calea Martirilor 1989<\/td>\n<td width=\"369\">Lucr\u0103ri de refacere a instala\u021biilor de semaforizare \u00een intersec\u021biile de pe traseul curent<\/td>\n<\/tr>\n<\/tbody>\n<\/table>\n<p>V\u0103 facem cunoscut programul zilei de 26.08.2026, unde se vor executa repara\u0163ii \u015fi lucr\u0103ri de \u00eentre\u0163inere (forma\u0163ii de lucru \u015fi str\u0103zile respective): LUCR\u0102RI DE REPARA\u021aII \u0218I \u00ceNTRE\u021aINERE A STR\u0102ZILOR, ALEILOR, TROTUARELOR, PODURILOR, PASAJELOR, PASARELELOR DIN MUNICIPIUL TIMI\u0218OARA:<\/p>\n<table width=\"567\">\n<tbody>\n<tr>\n<td width=\"38\"><strong>Nr. crt.<\/strong><\/td>\n<td width=\"245\"><strong>Strad\u0103\/Bulevard<\/strong><\/td>\n<td width=\"47\"><strong>Zona<\/strong><\/td>\n<td width=\"236\"><strong>Categorie lucr\u0103ri<\/strong><\/td>\n<\/tr>\n<tr>\n<td width=\"38\"><strong>1<\/strong><\/td>\n<td width=\"245\">Intrarea Sepia 2 (parcare)<\/td>\n<td width=\"47\">Sud<\/td>\n<td width=\"236\">S\u0103p\u0103tur\u0103 trotuar.<\/td>\n<\/tr>\n<tr>\n<td width=\"38\"><strong>2<\/strong><\/td>\n<td width=\"245\">Aleea FC Ripensia<\/td>\n<td width=\"47\">Sud<\/td>\n<td width=\"236\">Repara\u021bii cu mixtur\u0103 asfaltic\u0103 BA16.<\/td>\n<\/tr>\n<tr>\n<td width=\"38\"><strong>3<\/strong><\/td>\n<td width=\"245\">Cluj<\/td>\n<td width=\"47\">Sud<\/td>\n<td width=\"236\">Repara\u021bii cu mixtur\u0103 asfaltic\u0103 BA16.<\/td>\n<\/tr>\n<tr>\n<td width=\"38\"><strong>4<\/strong><\/td>\n<td width=\"245\">Surorile Martir Caceu<\/td>\n<td width=\"47\">Sud<\/td>\n<td width=\"236\">Repara\u021bii cu mixtur\u0103 asfaltic\u0103 BA16.<\/td>\n<\/tr>\n<tr>\n<td width=\"38\"><strong>5<\/strong><\/td>\n<td width=\"245\">Johann Henrich Pestalozzi<\/td>\n<td width=\"47\">Sud<\/td>\n<td width=\"236\">Repara\u021bii cu mixtur\u0103 asfaltic\u0103 BA16.<\/td>\n<\/tr>\n<tr>\n<td width=\"38\"><strong>6<\/strong><\/td>\n<td width=\"245\">Calea Martirilor (carosabil)<\/td>\n<td width=\"47\">Sud<\/td>\n<td width=\"236\">A\u0219ternere mixtur\u0103 asfaltic\u0103 SMA16.<\/p>\n<p>Ridicare c\u0103mine la cot\u0103.<\/p>\n<\/td>\n<\/tr>\n<tr>\n<td width=\"38\"><strong>7<\/strong><\/td>\n<td width=\"245\">Revolu\u021biei din 1989 (carosabil)<\/td>\n<td width=\"47\">Nord<\/td>\n<td width=\"236\">Frezare carosabil.<\/td>\n<\/tr>\n<tr>\n<td width=\"38\"><strong>8<\/strong><\/td>\n<td width=\"245\">Amforei<\/td>\n<td width=\"47\">Nord<\/td>\n<td width=\"236\">Repara\u021bii cu mixtur\u0103 asfaltic\u0103 BA16.<\/td>\n<\/tr>\n<tr>\n<td width=\"38\"><strong>9<\/strong><\/td>\n<td width=\"245\">Teiului<\/td>\n<td width=\"47\">Nord<\/td>\n<td width=\"236\">Repara\u021bii cu mixtur\u0103 asfaltic\u0103 BA16.<\/td>\n<\/tr>\n<tr>\n<td width=\"38\"><strong>10<\/strong><\/td>\n<td width=\"245\">Intrarea Umbroas\u0103<\/td>\n<td width=\"47\">Nord<\/td>\n<td width=\"236\">Repara\u021bii cu mixtur\u0103 asfaltic\u0103 BA16.<\/td>\n<\/tr>\n<tr>\n<td width=\"38\"><strong>11<\/strong><\/td>\n<td width=\"245\">Lacului (carosabil \u0219i parcare)<\/td>\n<td width=\"47\">Sud<\/td>\n<td width=\"236\">Ridicare c\u0103mine la cot\u0103.<\/td>\n<\/tr>\n<tr>\n<td width=\"38\"><strong>12<\/strong><\/td>\n<td width=\"245\">Calea Aradului (carosabil)<\/td>\n<td width=\"47\">Nord<\/td>\n<td width=\"236\">Montare receptori.<\/td>\n<\/tr>\n<tr>\n<td width=\"38\"><strong>13<\/strong><\/td>\n<td width=\"245\">Vulturilor (trotuar)<\/td>\n<td width=\"47\">Sud<\/td>\n<td width=\"236\">Refacere trotuar.<\/td>\n<\/tr>\n<\/tbody>\n<\/table>\n<p><strong>INVESTI\u021aII:<\/strong><\/p>\n<table width=\"567\">\n<tbody>\n<tr>\n<td width=\"38\"><strong>Nr.crt.<\/strong><\/td>\n<td width=\"245\"><strong>LUCRARE<\/strong><\/td>\n<td width=\"47\"><strong>Zona<\/strong><\/td>\n<td width=\"236\"><strong>Categorie lucr\u0103ri<\/strong><\/td>\n<\/tr>\n<tr>\n<td width=\"38\"><strong>1<\/strong><\/td>\n<td width=\"245\">AMENAJARE STR\u0102ZI ZONA BLA\u0218COVICI<\/p>\n<p>\u2013\u00a0\u00a0\u00a0\u00a0\u00a0\u00a0\u00a0 Str. Semicerc<\/p>\n<\/td>\n<td width=\"47\">Nord<\/td>\n<td width=\"236\">S\u0103p\u0103tur\u0103, strat funda\u021bie balast.<\/td>\n<\/tr>\n<tr>\n<td width=\"38\"><strong>2<\/strong><\/td>\n<td width=\"245\">VIABILIZARE ZON\u0102 DE LOCUIN\u021aE OVIDIU BALEA<\/td>\n<td width=\"47\">Nord<\/td>\n<td width=\"236\">Funda\u021bie c\u0103i de acces.<\/td>\n<\/tr>\n<\/tbody>\n<\/table>\n<div class=\"mnrji6a92b628cb772\"><a href=\"https:\/\/www.brantner.com\/en\/group\/international-locations\/romania\/brantner-servicii-ecoogice-srl-resita.html\" title=\"Stiri Timisoara si Resita publicitate online\" target=\"_blank\" rel=\"noopener noreferrer ugc sponsored\"><img loading=\"lazy\" decoding=\"async\" class=\"size-full wp-image-804798 perfmatters-lazy\" src=\"https:\/\/cdn.expressdebanat.ro\/wp-content\/uploads\/2024\/02\/WhatsApp-Image-2024-02-05-at-11.32.01.jpeg\" alt=\"Stiri Timisoara si Resita publicitate online Brantner 1000x100px\" width=\"970\" height=\"90\"><img loading=\"lazy\" decoding=\"async\" class=\"size-full wp-image-804798\" src=\"https:\/\/cdn.expressdebanat.ro\/wp-content\/uploads\/2024\/02\/WhatsApp-Image-2024-02-05-at-11.32.01.jpeg\" alt=\"Stiri Timisoara si Resita publicitate online Brantner 1000x100px\" width=\"970\" height=\"90\"><\/a><\/div>\n<\/div>\n<div id=\"social-box\">\n<ul class=\"post-social\">\n<li class=\"fb-line\">\n<li><a href=\"http:\/\/twitter.com\/share\" class=\"twitter-share-button\" data-lang=\"en\" data-count=\"horizontal\">Tweet<\/a><\/li>\n<li>\n<li><a href=\"http:\/\/pinterest.com\/pin\/create\/button\/?url=https%3A%2F%2Fexpressdebanat.ro%2Fsdm-anunta-programul-zilnic-al-lucrarilor-in-timisoara%2F&amp;media=https:\/\/cdn.expressdebanat.ro\/wp-content\/uploads\/2017\/05\/strada-asfaltata.jpg&amp;description=SDM%20anun%C8%9B%C4%83%20programul%20zilnic%20al%20lucr%C4%83rilor%20%C3%AEn%20Timi%C8%99oara\" class=\"pin-it-button\">Pin It<\/a><\/li>\n<\/ul>\n<\/div>\n<\/div>\n<div id=\"content-area\">\n<div class=\"post-image\"><img loading=\"lazy\" decoding=\"async\" width=\"620\" height=\"400\" src=\"https:\/\/cdn.expressdebanat.ro\/wp-content\/uploads\/2017\/05\/strada-asfaltata-620x400.jpg\" class=\"attachment-post-thumb size-post-thumb wp-post-image perfmatters-lazy\" alt=\"asfaltari SDM Timisoara\"><img loading=\"lazy\" decoding=\"async\" width=\"620\" height=\"400\" src=\"https:\/\/cdn.expressdebanat.ro\/wp-content\/uploads\/2017\/05\/strada-asfaltata-620x400.jpg\" class=\"attachment-post-thumb size-post-thumb wp-post-image\" alt=\"asfaltari SDM Timisoara\"><\/div>\n<div class=\"rjtyh6a92b628cb713\"><img loading=\"lazy\" decoding=\"async\" class=\"size-full wp-image-947090 perfmatters-lazy\" src=\"https:\/\/cdn.expressdebanat.ro\/wp-content\/uploads\/2025\/10\/banner-1164-x-200-px.jpg\" alt=\"banner 1164 x 200 px\" width=\"1000\" height=\"171\"><img loading=\"lazy\" decoding=\"async\" class=\"size-full wp-image-947090\" src=\"https:\/\/cdn.expressdebanat.ro\/wp-content\/uploads\/2025\/10\/banner-1164-x-200-px.jpg\" alt=\"banner 1164 x 200 px\" width=\"1000\" height=\"171\"><\/div>\n<p><strong>Programul zilnic <\/strong><strong>al lucr\u0103rilor de \u00eentre\u021binere\/ interven\u021bii\/ repara\u021bii, la semnalizarea rutier\u0103 <\/strong><strong>de pe str\u0103zile municipiului Timi\u0219oara.<\/strong><\/p>\n<p>V\u0103 facem cunoscut programul zilei de \u00a026.08. 2026, dup\u0103 care se vor executa activit\u0103\u021bi specifice serviciului de: \u201eSemnalizare a circula\u021biei rutiere, \u00eentre\u021binere, func\u021bionare \u0219i dirijare a circula\u021biei rutiere pe raza municipiului Timi\u0219oara\u201d:<\/p>\n<table width=\"756\">\n<tbody>\n<tr>\n<td width=\"38\">Nr. crt.<\/td>\n<td width=\"350\">Amplasamentul<\/td>\n<td width=\"369\">Categoria de lucr\u0103ri<\/td>\n<\/tr>\n<tr>\n<td width=\"38\">1<\/td>\n<td width=\"350\">Str. Andrei \u0218aguna- pe timp de noapte<\/td>\n<td width=\"369\">Marcaje rutiere de delimitare a p\u0103r\u021bii carosabile<\/td>\n<\/tr>\n<tr>\n<td width=\"38\">2<\/td>\n<td width=\"350\">Str. Traian Vuia- Bd. Liviu Rebreanu- pe timp de noapte<\/td>\n<td width=\"369\">Marcaje rutiere de traversare pentru pietoni<\/td>\n<\/tr>\n<tr>\n<td width=\"38\">3<\/td>\n<td width=\"350\">Str. Ulpia Traiana- Bd. Liviu Rebreanu- pe timp de noapte<\/td>\n<td width=\"369\">Marcaje rutiere de traversare pentru pietoni<\/td>\n<\/tr>\n<tr>\n<td width=\"38\">4<\/td>\n<td width=\"350\">Str. Grigore Alexandrescu- Str. Augustin Coman- \u00eenfiin\u021bare sta\u021bie STPT<\/td>\n<td width=\"369\">Marcaje rutiere de delimitare a sta\u021biilor pentru transportul \u00een comun<\/td>\n<\/tr>\n<tr>\n<td width=\"38\">5<\/td>\n<td width=\"350\">Str. Grigore Alexandrescu- Str. Augustin Coman- \u00eenfiin\u021bare sta\u021bie STPT<\/td>\n<td width=\"369\">Montare indicatoare de circula\u021bie rutier\u0103<\/td>\n<\/tr>\n<tr>\n<td width=\"38\">6<\/td>\n<td width=\"350\">Bd. Liviu Rebreanu- \u00eentre Str. Ulpia Traiana \u0219i Calea Martirilor 1989<\/td>\n<td width=\"369\">Lucr\u0103ri de refacere a instala\u021biilor de semaforizare \u00een intersec\u021biile de pe traseul curent<\/td>\n<\/tr>\n<\/tbody>\n<\/table>\n<p>V\u0103 facem cunoscut programul zilei de 26.08.2026, unde se vor executa repara\u0163ii \u015fi lucr\u0103ri de \u00eentre\u0163inere (forma\u0163ii de lucru \u015fi str\u0103zile respective): LUCR\u0102RI DE REPARA\u021aII \u0218I \u00ceNTRE\u021aINERE A STR\u0102ZILOR, ALEILOR, TROTUARELOR, PODURILOR, PASAJELOR, PASARELELOR DIN MUNICIPIUL TIMI\u0218OARA:<\/p>\n<table width=\"567\">\n<tbody>\n<tr>\n<td width=\"38\"><strong>Nr. crt.<\/strong><\/td>\n<td width=\"245\"><strong>Strad\u0103\/Bulevard<\/strong><\/td>\n<td width=\"47\"><strong>Zona<\/strong><\/td>\n<td width=\"236\"><strong>Categorie lucr\u0103ri<\/strong><\/td>\n<\/tr>\n<tr>\n<td width=\"38\"><strong>1<\/strong><\/td>\n<td width=\"245\">Intrarea Sepia 2 (parcare)<\/td>\n<td width=\"47\">Sud<\/td>\n<td width=\"236\">S\u0103p\u0103tur\u0103 trotuar.<\/td>\n<\/tr>\n<tr>\n<td width=\"38\"><strong>2<\/strong><\/td>\n<td width=\"245\">Aleea FC Ripensia<\/td>\n<td width=\"47\">Sud<\/td>\n<td width=\"236\">Repara\u021bii cu mixtur\u0103 asfaltic\u0103 BA16.<\/td>\n<\/tr>\n<tr>\n<td width=\"38\"><strong>3<\/strong><\/td>\n<td width=\"245\">Cluj<\/td>\n<td width=\"47\">Sud<\/td>\n<td width=\"236\">Repara\u021bii cu mixtur\u0103 asfaltic\u0103 BA16.<\/td>\n<\/tr>\n<tr>\n<td width=\"38\"><strong>4<\/strong><\/td>\n<td width=\"245\">Surorile Martir Caceu<\/td>\n<td width=\"47\">Sud<\/td>\n<td width=\"236\">Repara\u021bii cu mixtur\u0103 asfaltic\u0103 BA16.<\/td>\n<\/tr>\n<tr>\n<td width=\"38\"><strong>5<\/strong><\/td>\n<td width=\"245\">Johann Henrich Pestalozzi<\/td>\n<td width=\"47\">Sud<\/td>\n<td width=\"236\">Repara\u021bii cu mixtur\u0103 asfaltic\u0103 BA16.<\/td>\n<\/tr>\n<tr>\n<td width=\"38\"><strong>6<\/strong><\/td>\n<td width=\"245\">Calea Martirilor (carosabil)<\/td>\n<td width=\"47\">Sud<\/td>\n<td width=\"236\">A\u0219ternere mixtur\u0103 asfaltic\u0103 SMA16.<\/p>\n<p>Ridicare c\u0103mine la cot\u0103.<\/p>\n<\/td>\n<\/tr>\n<tr>\n<td width=\"38\"><strong>7<\/strong><\/td>\n<td width=\"245\">Revolu\u021biei din 1989 (carosabil)<\/td>\n<td width=\"47\">Nord<\/td>\n<td width=\"236\">Frezare carosabil.<\/td>\n<\/tr>\n<tr>\n<td width=\"38\"><strong>8<\/strong><\/td>\n<td width=\"245\">Amforei<\/td>\n<td width=\"47\">Nord<\/td>\n<td width=\"236\">Repara\u021bii cu mixtur\u0103 asfaltic\u0103 BA16.<\/td>\n<\/tr>\n<tr>\n<td width=\"38\"><strong>9<\/strong><\/td>\n<td width=\"245\">Teiului<\/td>\n<td width=\"47\">Nord<\/td>\n<td width=\"236\">Repara\u021bii cu mixtur\u0103 asfaltic\u0103 BA16.<\/td>\n<\/tr>\n<tr>\n<td width=\"38\"><strong>10<\/strong><\/td>\n<td width=\"245\">Intrarea Umbroas\u0103<\/td>\n<td width=\"47\">Nord<\/td>\n<td width=\"236\">Repara\u021bii cu mixtur\u0103 asfaltic\u0103 BA16.<\/td>\n<\/tr>\n<tr>\n<td width=\"38\"><strong>11<\/strong><\/td>\n<td width=\"245\">Lacului (carosabil \u0219i parcare)<\/td>\n<td width=\"47\">Sud<\/td>\n<td width=\"236\">Ridicare c\u0103mine la cot\u0103.<\/td>\n<\/tr>\n<tr>\n<td width=\"38\"><strong>12<\/strong><\/td>\n<td width=\"245\">Calea Aradului (carosabil)<\/td>\n<td width=\"47\">Nord<\/td>\n<td width=\"236\">Montare receptori.<\/td>\n<\/tr>\n<tr>\n<td width=\"38\"><strong>13<\/strong><\/td>\n<td width=\"245\">Vulturilor (trotuar)<\/td>\n<td width=\"47\">Sud<\/td>\n<td width=\"236\">Refacere trotuar.<\/td>\n<\/tr>\n<\/tbody>\n<\/table>\n<p><strong>INVESTI\u021aII:<\/strong><\/p>\n<table width=\"567\">\n<tbody>\n<tr>\n<td width=\"38\"><strong>Nr.crt.<\/strong><\/td>\n<td width=\"245\"><strong>LUCRARE<\/strong><\/td>\n<td width=\"47\"><strong>Zona<\/strong><\/td>\n<td width=\"236\"><strong>Categorie lucr\u0103ri<\/strong><\/td>\n<\/tr>\n<tr>\n<td width=\"38\"><strong>1<\/strong><\/td>\n<td width=\"245\">AMENAJARE STR\u0102ZI ZONA BLA\u0218COVICI<\/p>\n<p>\u2013\u00a0\u00a0\u00a0\u00a0\u00a0\u00a0\u00a0 Str. Semicerc<\/p>\n<\/td>\n<td width=\"47\">Nord<\/td>\n<td width=\"236\">S\u0103p\u0103tur\u0103, strat funda\u021bie balast.<\/td>\n<\/tr>\n<tr>\n<td width=\"38\"><strong>2<\/strong><\/td>\n<td width=\"245\">VIABILIZARE ZON\u0102 DE LOCUIN\u021aE OVIDIU BALEA<\/td>\n<td width=\"47\">Nord<\/td>\n<td width=\"236\">Funda\u021bie c\u0103i de acces.<\/td>\n<\/tr>\n<\/tbody>\n<\/table>\n<div class=\"mnrji6a92b628cb772\"><a href=\"https:\/\/www.brantner.com\/en\/group\/international-locations\/romania\/brantner-servicii-ecoogice-srl-resita.html\" title=\"Stiri Timisoara si Resita publicitate online\" target=\"_blank\" rel=\"noopener noreferrer ugc sponsored\"><img loading=\"lazy\" decoding=\"async\" class=\"size-full wp-image-804798 perfmatters-lazy\" src=\"https:\/\/cdn.expressdebanat.ro\/wp-content\/uploads\/2024\/02\/WhatsApp-Image-2024-02-05-at-11.32.01.jpeg\" alt=\"Stiri Timisoara si Resita publicitate online Brantner 1000x100px\" width=\"970\" height=\"90\"><img loading=\"lazy\" decoding=\"async\" class=\"size-full wp-image-804798\" src=\"https:\/\/cdn.expressdebanat.ro\/wp-content\/uploads\/2024\/02\/WhatsApp-Image-2024-02-05-at-11.32.01.jpeg\" alt=\"Stiri Timisoara si Resita publicitate online Brantner 1000x100px\" width=\"970\" height=\"90\"><\/a><\/div>\n<\/div>\n<p>[analyse_source url=&#8221;https:\/\/expressdebanat.ro\/sdm-anunta-programul-zilnic-al-lucrarilor-in-timisoara\/&#8221;]<\/p>\n","protected":false},"excerpt":{"rendered":"<p>[analyse_image type=&#8221;featured&#8221; src=&#8221;https:\/\/cdn.expressdebanat.ro\/wp-content\/uploads\/2017\/05\/strada-asfaltata.jpg&#8221;] Programul zilnic al lucr\u0103rilor de \u00eentre\u021binere\/ interven\u021bii\/ repara\u021bii, la semnalizarea rutier\u0103 de pe str\u0103zile municipiului Timi\u0219oara. V\u0103 facem cunoscut programul zilei de \u00a026.08. 2026, dup\u0103 care se vor executa activit\u0103\u021bi specifice serviciului de: \u201eSemnalizare a circula\u021biei rutiere, \u00eentre\u021binere, func\u021bionare \u0219i dirijare a circula\u021biei rutiere pe raza municipiului Timi\u0219oara\u201d: Nr. crt. Amplasamentul Categoria [&hellip;]<\/p>\n","protected":false},"author":1,"featured_media":0,"comment_status":"open","ping_status":"","sticky":false,"template":"","format":"standard","meta":{"footnotes":""},"categories":[89],"tags":[226,196],"class_list":["post-2118668","post","type-post","status-publish","format-standard","hentry","category-romania","tag-crawlmanager","tag-expressdebanat-ro"],"_links":{"self":[{"href":"https:\/\/analyse.optim.biz\/index.php?rest_route=\/wp\/v2\/posts\/2118668","targetHints":{"allow":["GET"]}}],"collection":[{"href":"https:\/\/analyse.optim.biz\/index.php?rest_route=\/wp\/v2\/posts"}],"about":[{"href":"https:\/\/analyse.optim.biz\/index.php?rest_route=\/wp\/v2\/types\/post"}],"author":[{"embeddable":true,"href":"https:\/\/analyse.optim.biz\/index.php?rest_route=\/wp\/v2\/users\/1"}],"replies":[{"embeddable":true,"href":"https:\/\/analyse.optim.biz\/index.php?rest_route=%2Fwp%2Fv2%2Fcomments&post=2118668"}],"version-history":[{"count":0,"href":"https:\/\/analyse.optim.biz\/index.php?rest_route=\/wp\/v2\/posts\/2118668\/revisions"}],"wp:attachment":[{"href":"https:\/\/analyse.optim.biz\/index.php?rest_route=%2Fwp%2Fv2%2Fmedia&parent=2118668"}],"wp:term":[{"taxonomy":"category","embeddable":true,"href":"https:\/\/analyse.optim.biz\/index.php?rest_route=%2Fwp%2Fv2%2Fcategories&post=2118668"},{"taxonomy":"post_tag","embeddable":true,"href":"https:\/\/analyse.optim.biz\/index.php?rest_route=%2Fwp%2Fv2%2Ftags&post=2118668"}],"curies":[{"name":"wp","href":"https:\/\/api.w.org\/{rel}","templated":true}]}}