{"id":2118665,"date":"2026-08-25T09:45:43","date_gmt":"2026-08-25T06:45:43","guid":{"rendered":"https:\/\/analyse.optim.biz\/?p=2118665"},"modified":"2026-08-25T09:45:43","modified_gmt":"2026-08-25T06:45:43","slug":"noul-dan-paltinisanu-intra-in-linie-dreapta-s-a-semnat-contractul","status":"publish","type":"post","link":"https:\/\/analyse.optim.biz\/?p=2118665","title":{"rendered":"Noul \u201eDan P\u0103ltini\u0219anu\u201d intr\u0103 \u00een linie dreapt\u0103. S-a semnat contractul"},"content":{"rendered":"<p>[analyse_image type=&#8221;featured&#8221; src=&#8221;https:\/\/cdn.expressdebanat.ro\/wp-content\/uploads\/2025\/08\/Poli-Timisoara-e1756383137523.jpeg&#8221;]<\/p>\n<div id=\"post-area\" class=\"post-981682 post type-post status-publish format-standard has-post-thumbnail hentry category-administratie category-timis category-timisoara tag-dan-paltinisanu tag-important tag-stadion tag-stadion-timisoara tag-timis tag-timisoara tag-timisora\">\n<div id=\"social-box\">\n<ul class=\"post-social\">\n<li class=\"social-share-button\">\n<li class=\"social-share-button\">\n<li class=\"social-share-button\"><\/ul>\n<\/div>\n<div id=\"content-area\">\n<div class=\"post-image\"><img loading=\"lazy\" decoding=\"async\" width=\"620\" height=\"400\" src=\"https:\/\/cdn.expressdebanat.ro\/wp-content\/uploads\/2025\/08\/Poli-Timisoara-620x400.jpeg\" class=\"attachment-post-thumb size-post-thumb wp-post-image perfmatters-lazy\" alt=\"poli timisoara\"><img loading=\"lazy\" decoding=\"async\" width=\"620\" height=\"400\" src=\"https:\/\/cdn.expressdebanat.ro\/wp-content\/uploads\/2025\/08\/Poli-Timisoara-620x400.jpeg\" class=\"attachment-post-thumb size-post-thumb wp-post-image\" alt=\"poli timisoara\"><\/div>\n<div class=\"ldsnn6a92d3d104d6b\"><a href=\"https:\/\/www.facebook.com\/clinicavestmed\"><img loading=\"lazy\" decoding=\"async\" class=\"size-full wp-image-961300 perfmatters-lazy\" src=\"https:\/\/cdn.expressdebanat.ro\/wp-content\/uploads\/2026\/02\/WhatsApp-Image-2026-02-03-at-11.55.13.jpeg\" alt=\"vestmed 1000x200\" width=\"1000\" height=\"200\"><img loading=\"lazy\" decoding=\"async\" class=\"size-full wp-image-961300\" src=\"https:\/\/cdn.expressdebanat.ro\/wp-content\/uploads\/2026\/02\/WhatsApp-Image-2026-02-03-at-11.55.13.jpeg\" alt=\"vestmed 1000x200\" width=\"1000\" height=\"200\"><\/a><a href=\"https:\/\/www.cei.ro\/\" target=\"_blank\" rel=\"noopener noreferrer sponsored ugc\" title=\"Publicitate in ziar online Express de Banat, \u0218tiri din Timi\u0219oara \u0219i Re\u0219i\u021ba\"><source data-srcset=\"https:\/\/cdn.expressdebanat.ro\/wp-content\/uploads\/2020\/11\/1000-100.webp \" type=\"image\/webp\" \/><\/a><\/div>\n<p class=\"isSelectedEnd\"><strong>CJ Timi\u0219 a semnat contractul pentru proiectarea \u0219i construirea noului stadion Dan P\u0103ltini\u0219anu. Constructorul are la dispozi\u021bie opt luni pentru proiectare, dup\u0103 care pot \u00eencepe lucr\u0103rile propriu-zise.<\/strong><\/p>\n<p class=\"isSelectedEnd\"><em>\u201e\u00cen sf\u00e2r\u0219it, am semnat contractul pentru noul Stadion Dan P\u0103ltini\u0219anu. Firma c\u00e2\u0219tig\u0103toare are la dispozi\u021bie c\u00e2teva luni pentru realizarea proiectului. Apoi \u00eencep lucr\u0103rile. Timi\u0219oara \u0219i Timi\u0219ul au a\u0219teptat suficient. (\u2026) <\/em><em>Nu am cerut pomeni. Nu am cerut favoruri \u0219i nu vom face plec\u0103ciuni pentru c\u0103 ni se permite s\u0103 investim banii timi\u0219enilor \u00een Timi\u0219. Nu vom face plec\u0103ciuni pentru ceea ce ni se cuvine.\u201d, <\/em>a declarat Alfred Simonis, pre\u0219edintele CJ Timi\u0219.<\/p>\n<p class=\"isSelectedEnd\">Contractul a fost c\u00e2\u0219tigat de asocierea Concelex \u2013 Erba\u0219u. Proiectul prevede construirea unei arene cu aproximativ 32.000 de locuri. Execu\u021bia este estimat\u0103 la 24 de luni.<\/p>\n<p class=\"isSelectedEnd\">\u00cen urm\u0103torii doi ani, lucr\u0103rile vor fi pl\u0103tite din bugetul CJ Timi\u0219. Administra\u021bia are prev\u0103zu\u021bi 125 de milioane de lei pentru lucr\u0103ri \u00een 2026 \u0219i 2027. <em>\u201eVom sus\u021bine investi\u021bia din bugetul jude\u021bului p\u00e2n\u0103 \u00een momentul \u00een care CNI va putea prelua finan\u021barea \u00een 2028.<\/em><em>\u201d<\/em>, a mai spus Simonis.<\/p>\n<div class=\"jkqia6a92d3d104dc7\"><a href=\"https:\/\/www.facebook.com\/profile.php?id=100093207818602\" target=\"_blank\" title=\"Stiri Timisoara si Resita Publicitate online\" rel=\"noopener nofollow ugc sponsored\"><img loading=\"lazy\" decoding=\"async\" class=\"size-full wp-image-843025 perfmatters-lazy\" src=\"https:\/\/cdn.expressdebanat.ro\/wp-content\/uploads\/2024\/07\/WhatsApp-Image-2024-07-05-at-14.36.18.jpeg\" alt=\"Stiri Timisoara si Resita publicitate online dacus 05 iulie 2024\" width=\"1000\" height=\"100\"><img loading=\"lazy\" decoding=\"async\" class=\"size-full wp-image-843025\" src=\"https:\/\/cdn.expressdebanat.ro\/wp-content\/uploads\/2024\/07\/WhatsApp-Image-2024-07-05-at-14.36.18.jpeg\" alt=\"Stiri Timisoara si Resita publicitate online dacus 05 iulie 2024\" width=\"1000\" height=\"100\"><\/a><a href=\"https:\/\/www.brantner.com\/en\/group\/international-locations\/romania\/brantner-servicii-ecoogice-srl-resita.html\" target=\"_blank\" title=\"Stiri Timisoara si Resita Publicitate online\" rel=\"noopener nofollow ugc sponsored\"><img loading=\"lazy\" decoding=\"async\" class=\"size-full wp-image-804798 perfmatters-lazy\" src=\"https:\/\/cdn.expressdebanat.ro\/wp-content\/uploads\/2024\/02\/WhatsApp-Image-2024-02-05-at-11.32.01.jpeg\" alt=\"Stiri Timisoara Publicitate online Brantner 1000x100px\" width=\"970\" height=\"90\"><img loading=\"lazy\" decoding=\"async\" class=\"size-full wp-image-804798\" src=\"https:\/\/cdn.expressdebanat.ro\/wp-content\/uploads\/2024\/02\/WhatsApp-Image-2024-02-05-at-11.32.01.jpeg\" alt=\"Stiri Timisoara Publicitate online Brantner 1000x100px\" width=\"970\" height=\"90\"><\/a><\/div>\n<p class=\"isSelectedEnd\">Din 2028, stadionul va intra \u00een noua formul\u0103 de finan\u021bare a investi\u021biilor sportive: 75% de la bugetul de stat \u0219i 25% de la bugetul local. Valoarea total\u0103 a investi\u021biei este de aproximativ 603 milioane de lei, adic\u0103 aproape 140 de milioane de euro.<\/p>\n<p class=\"isSelectedEnd\">Potrivit documenta\u021biei de atribuire, constructorul are opt luni pentru proiectare \u0219i 24 de luni pentru execu\u021bie. Vechiul stadion \u201eDan P\u0103ltini\u0219anu\u201d a fost demolat anul trecut, iar terenul este preg\u0103tit pentru construirea noii arene.<\/p>\n<p><a href=\"https:\/\/expressdebanat.ro\/cine-plateste-noul-stadion-dan-paltinisanu-bolojan-a-explicat-ce-se-intampla-pana-in-2028\/\"><strong>CITE\u0218TE \u0218I: Cine pl\u0103te\u0219te noul stadion Dan P\u0103ltini\u0219anu. Bolojan a explicat ce se \u00eent\u00e2mpl\u0103 p\u00e2n\u0103 \u00een 2028<\/strong><\/a><\/p>\n<div class=\"clhjx6a92d3d104e13\"><a href=\"https:\/\/maxagro.ro\/\" target=\"_blank\" rel=\"noopener noreferrer sponsored ugc\" title=\"Stiri Timisoara si Resita Promovare online in Express de Banat\"><img loading=\"lazy\" decoding=\"async\" width=\"1500\" height=\"300\" class=\"size-full wp-image-752850 perfmatters-lazy\" src=\"https:\/\/cdn.expressdebanat.ro\/wp-content\/uploads\/2023\/05\/banner-maxagro.jpg\" alt=\"stiri Timisoara publicitate si promovare online banner maxagro\"><img loading=\"lazy\" decoding=\"async\" width=\"1500\" height=\"300\" class=\"size-full wp-image-752850\" src=\"https:\/\/cdn.expressdebanat.ro\/wp-content\/uploads\/2023\/05\/banner-maxagro.jpg\" alt=\"stiri Timisoara publicitate si promovare online banner maxagro\"><\/a><\/div>\n<\/div>\n<div id=\"social-box\">\n<ul class=\"post-social\">\n<li class=\"fb-line\">\n<li><a href=\"http:\/\/twitter.com\/share\" class=\"twitter-share-button\" data-lang=\"en\" data-count=\"horizontal\">Tweet<\/a><\/li>\n<li>\n<li><a href=\"http:\/\/pinterest.com\/pin\/create\/button\/?url=https%3A%2F%2Fexpressdebanat.ro%2Fnoul-dan-paltinisanu-intra-in-linie-dreapta-s-a-semnat-contractul%2F&amp;media=https:\/\/cdn.expressdebanat.ro\/wp-content\/uploads\/2025\/08\/Poli-Timisoara-e1756383137523.jpeg&amp;description=Noul%20%E2%80%9EDan%20P%C4%83ltini%C8%99anu%E2%80%9D%20intr%C4%83%20%C3%AEn%20linie%20dreapt%C4%83.%20S-a%20semnat%20contractul\" class=\"pin-it-button\">Pin It<\/a><\/li>\n<\/ul>\n<\/div>\n<\/div>\n<div id=\"content-area\">\n<div class=\"post-image\"><img loading=\"lazy\" decoding=\"async\" width=\"620\" height=\"400\" src=\"https:\/\/cdn.expressdebanat.ro\/wp-content\/uploads\/2025\/08\/Poli-Timisoara-620x400.jpeg\" class=\"attachment-post-thumb size-post-thumb wp-post-image perfmatters-lazy\" alt=\"poli timisoara\"><img loading=\"lazy\" decoding=\"async\" width=\"620\" height=\"400\" src=\"https:\/\/cdn.expressdebanat.ro\/wp-content\/uploads\/2025\/08\/Poli-Timisoara-620x400.jpeg\" class=\"attachment-post-thumb size-post-thumb wp-post-image\" alt=\"poli timisoara\"><\/div>\n<div class=\"ldsnn6a92d3d104d6b\"><a href=\"https:\/\/www.facebook.com\/clinicavestmed\"><img loading=\"lazy\" decoding=\"async\" class=\"size-full wp-image-961300 perfmatters-lazy\" src=\"https:\/\/cdn.expressdebanat.ro\/wp-content\/uploads\/2026\/02\/WhatsApp-Image-2026-02-03-at-11.55.13.jpeg\" alt=\"vestmed 1000x200\" width=\"1000\" height=\"200\"><img loading=\"lazy\" decoding=\"async\" class=\"size-full wp-image-961300\" src=\"https:\/\/cdn.expressdebanat.ro\/wp-content\/uploads\/2026\/02\/WhatsApp-Image-2026-02-03-at-11.55.13.jpeg\" alt=\"vestmed 1000x200\" width=\"1000\" height=\"200\"><\/a><a href=\"https:\/\/www.cei.ro\/\" target=\"_blank\" rel=\"noopener noreferrer sponsored ugc\" title=\"Publicitate in ziar online Express de Banat, \u0218tiri din Timi\u0219oara \u0219i Re\u0219i\u021ba\"><source data-srcset=\"https:\/\/cdn.expressdebanat.ro\/wp-content\/uploads\/2020\/11\/1000-100.webp \" type=\"image\/webp\" \/><\/a><\/div>\n<p class=\"isSelectedEnd\"><strong>CJ Timi\u0219 a semnat contractul pentru proiectarea \u0219i construirea noului stadion Dan P\u0103ltini\u0219anu. Constructorul are la dispozi\u021bie opt luni pentru proiectare, dup\u0103 care pot \u00eencepe lucr\u0103rile propriu-zise.<\/strong><\/p>\n<p class=\"isSelectedEnd\"><em>\u201e\u00cen sf\u00e2r\u0219it, am semnat contractul pentru noul Stadion Dan P\u0103ltini\u0219anu. Firma c\u00e2\u0219tig\u0103toare are la dispozi\u021bie c\u00e2teva luni pentru realizarea proiectului. Apoi \u00eencep lucr\u0103rile. Timi\u0219oara \u0219i Timi\u0219ul au a\u0219teptat suficient. (\u2026) <\/em><em>Nu am cerut pomeni. Nu am cerut favoruri \u0219i nu vom face plec\u0103ciuni pentru c\u0103 ni se permite s\u0103 investim banii timi\u0219enilor \u00een Timi\u0219. Nu vom face plec\u0103ciuni pentru ceea ce ni se cuvine.\u201d, <\/em>a declarat Alfred Simonis, pre\u0219edintele CJ Timi\u0219.<\/p>\n<p class=\"isSelectedEnd\">Contractul a fost c\u00e2\u0219tigat de asocierea Concelex \u2013 Erba\u0219u. Proiectul prevede construirea unei arene cu aproximativ 32.000 de locuri. Execu\u021bia este estimat\u0103 la 24 de luni.<\/p>\n<p class=\"isSelectedEnd\">\u00cen urm\u0103torii doi ani, lucr\u0103rile vor fi pl\u0103tite din bugetul CJ Timi\u0219. Administra\u021bia are prev\u0103zu\u021bi 125 de milioane de lei pentru lucr\u0103ri \u00een 2026 \u0219i 2027. <em>\u201eVom sus\u021bine investi\u021bia din bugetul jude\u021bului p\u00e2n\u0103 \u00een momentul \u00een care CNI va putea prelua finan\u021barea \u00een 2028.<\/em><em>\u201d<\/em>, a mai spus Simonis.<\/p>\n<div class=\"jkqia6a92d3d104dc7\"><a href=\"https:\/\/www.facebook.com\/profile.php?id=100093207818602\" target=\"_blank\" title=\"Stiri Timisoara si Resita Publicitate online\" rel=\"noopener nofollow ugc sponsored\"><img loading=\"lazy\" decoding=\"async\" class=\"size-full wp-image-843025 perfmatters-lazy\" src=\"https:\/\/cdn.expressdebanat.ro\/wp-content\/uploads\/2024\/07\/WhatsApp-Image-2024-07-05-at-14.36.18.jpeg\" alt=\"Stiri Timisoara si Resita publicitate online dacus 05 iulie 2024\" width=\"1000\" height=\"100\"><img loading=\"lazy\" decoding=\"async\" class=\"size-full wp-image-843025\" src=\"https:\/\/cdn.expressdebanat.ro\/wp-content\/uploads\/2024\/07\/WhatsApp-Image-2024-07-05-at-14.36.18.jpeg\" alt=\"Stiri Timisoara si Resita publicitate online dacus 05 iulie 2024\" width=\"1000\" height=\"100\"><\/a><a href=\"https:\/\/www.brantner.com\/en\/group\/international-locations\/romania\/brantner-servicii-ecoogice-srl-resita.html\" target=\"_blank\" title=\"Stiri Timisoara si Resita Publicitate online\" rel=\"noopener nofollow ugc sponsored\"><img loading=\"lazy\" decoding=\"async\" class=\"size-full wp-image-804798 perfmatters-lazy\" src=\"https:\/\/cdn.expressdebanat.ro\/wp-content\/uploads\/2024\/02\/WhatsApp-Image-2024-02-05-at-11.32.01.jpeg\" alt=\"Stiri Timisoara Publicitate online Brantner 1000x100px\" width=\"970\" height=\"90\"><img loading=\"lazy\" decoding=\"async\" class=\"size-full wp-image-804798\" src=\"https:\/\/cdn.expressdebanat.ro\/wp-content\/uploads\/2024\/02\/WhatsApp-Image-2024-02-05-at-11.32.01.jpeg\" alt=\"Stiri Timisoara Publicitate online Brantner 1000x100px\" width=\"970\" height=\"90\"><\/a><\/div>\n<p class=\"isSelectedEnd\">Din 2028, stadionul va intra \u00een noua formul\u0103 de finan\u021bare a investi\u021biilor sportive: 75% de la bugetul de stat \u0219i 25% de la bugetul local. Valoarea total\u0103 a investi\u021biei este de aproximativ 603 milioane de lei, adic\u0103 aproape 140 de milioane de euro.<\/p>\n<p class=\"isSelectedEnd\">Potrivit documenta\u021biei de atribuire, constructorul are opt luni pentru proiectare \u0219i 24 de luni pentru execu\u021bie. Vechiul stadion \u201eDan P\u0103ltini\u0219anu\u201d a fost demolat anul trecut, iar terenul este preg\u0103tit pentru construirea noii arene.<\/p>\n<p><a href=\"https:\/\/expressdebanat.ro\/cine-plateste-noul-stadion-dan-paltinisanu-bolojan-a-explicat-ce-se-intampla-pana-in-2028\/\"><strong>CITE\u0218TE \u0218I: Cine pl\u0103te\u0219te noul stadion Dan P\u0103ltini\u0219anu. Bolojan a explicat ce se \u00eent\u00e2mpl\u0103 p\u00e2n\u0103 \u00een 2028<\/strong><\/a><\/p>\n<div class=\"clhjx6a92d3d104e13\"><a href=\"https:\/\/maxagro.ro\/\" target=\"_blank\" rel=\"noopener noreferrer sponsored ugc\" title=\"Stiri Timisoara si Resita Promovare online in Express de Banat\"><img loading=\"lazy\" decoding=\"async\" width=\"1500\" height=\"300\" class=\"size-full wp-image-752850 perfmatters-lazy\" src=\"https:\/\/cdn.expressdebanat.ro\/wp-content\/uploads\/2023\/05\/banner-maxagro.jpg\" alt=\"stiri Timisoara publicitate si promovare online banner maxagro\"><img loading=\"lazy\" decoding=\"async\" width=\"1500\" height=\"300\" class=\"size-full wp-image-752850\" src=\"https:\/\/cdn.expressdebanat.ro\/wp-content\/uploads\/2023\/05\/banner-maxagro.jpg\" alt=\"stiri Timisoara publicitate si promovare online banner maxagro\"><\/a><\/div>\n<\/div>\n<p>[analyse_source url=&#8221;https:\/\/expressdebanat.ro\/noul-dan-paltinisanu-intra-in-linie-dreapta-s-a-semnat-contractul\/&#8221;]<\/p>\n","protected":false},"excerpt":{"rendered":"<p>[analyse_image type=&#8221;featured&#8221; src=&#8221;https:\/\/cdn.expressdebanat.ro\/wp-content\/uploads\/2025\/08\/Poli-Timisoara-e1756383137523.jpeg&#8221;] CJ Timi\u0219 a semnat contractul pentru proiectarea \u0219i construirea noului stadion Dan P\u0103ltini\u0219anu. Constructorul are la dispozi\u021bie opt luni pentru proiectare, dup\u0103 care pot \u00eencepe lucr\u0103rile propriu-zise. \u201e\u00cen sf\u00e2r\u0219it, am semnat contractul pentru noul Stadion Dan P\u0103ltini\u0219anu. Firma c\u00e2\u0219tig\u0103toare are la dispozi\u021bie c\u00e2teva luni pentru realizarea proiectului. Apoi \u00eencep lucr\u0103rile. Timi\u0219oara \u0219i [&hellip;]<\/p>\n","protected":false},"author":1,"featured_media":0,"comment_status":"open","ping_status":"","sticky":false,"template":"","format":"standard","meta":{"footnotes":""},"categories":[89],"tags":[226,196],"class_list":["post-2118665","post","type-post","status-publish","format-standard","hentry","category-romania","tag-crawlmanager","tag-expressdebanat-ro"],"_links":{"self":[{"href":"https:\/\/analyse.optim.biz\/index.php?rest_route=\/wp\/v2\/posts\/2118665","targetHints":{"allow":["GET"]}}],"collection":[{"href":"https:\/\/analyse.optim.biz\/index.php?rest_route=\/wp\/v2\/posts"}],"about":[{"href":"https:\/\/analyse.optim.biz\/index.php?rest_route=\/wp\/v2\/types\/post"}],"author":[{"embeddable":true,"href":"https:\/\/analyse.optim.biz\/index.php?rest_route=\/wp\/v2\/users\/1"}],"replies":[{"embeddable":true,"href":"https:\/\/analyse.optim.biz\/index.php?rest_route=%2Fwp%2Fv2%2Fcomments&post=2118665"}],"version-history":[{"count":0,"href":"https:\/\/analyse.optim.biz\/index.php?rest_route=\/wp\/v2\/posts\/2118665\/revisions"}],"wp:attachment":[{"href":"https:\/\/analyse.optim.biz\/index.php?rest_route=%2Fwp%2Fv2%2Fmedia&parent=2118665"}],"wp:term":[{"taxonomy":"category","embeddable":true,"href":"https:\/\/analyse.optim.biz\/index.php?rest_route=%2Fwp%2Fv2%2Fcategories&post=2118665"},{"taxonomy":"post_tag","embeddable":true,"href":"https:\/\/analyse.optim.biz\/index.php?rest_route=%2Fwp%2Fv2%2Ftags&post=2118665"}],"curies":[{"name":"wp","href":"https:\/\/api.w.org\/{rel}","templated":true}]}}