{"id":2118662,"date":"2026-08-25T09:36:27","date_gmt":"2026-08-25T06:36:27","guid":{"rendered":"https:\/\/analyse.optim.biz\/?p=2118662"},"modified":"2026-08-25T09:36:27","modified_gmt":"2026-08-25T06:36:27","slug":"fondurile-pnrr-pentru-romania-blocate-din-cauza-amendamentului-fritz","status":"publish","type":"post","link":"https:\/\/analyse.optim.biz\/?p=2118662","title":{"rendered":"Fondurile PNRR pentru Rom\u00e2nia, blocate din cauza amendamentului Fritz?!"},"content":{"rendered":"<p>[analyse_image type=&#8221;featured&#8221; src=&#8221;https:\/\/cdn.expressdebanat.ro\/wp-content\/uploads\/2026\/08\/fritz_comisia_europeana.jpg&#8221;]<\/p>\n<div id=\"post-area\" class=\"post-981679 post type-post status-publish format-standard has-post-thumbnail hentry category-politica category-timis category-timisoara tag-comisia-europeana tag-dominic-fritz tag-express-de-banat tag-important tag-legea-integritatii tag-pnrr tag-ppe-si-renew\">\n<div id=\"social-box\">\n<ul class=\"post-social\">\n<li class=\"social-share-button\">\n<li class=\"social-share-button\">\n<li class=\"social-share-button\"><\/ul>\n<\/div>\n<div id=\"content-area\">\n<div class=\"post-image\"><img loading=\"lazy\" decoding=\"async\" width=\"620\" height=\"400\" src=\"https:\/\/cdn.expressdebanat.ro\/wp-content\/uploads\/2026\/08\/fritz_comisia_europeana-620x400.jpg\" class=\"attachment-post-thumb size-post-thumb wp-post-image perfmatters-lazy\" alt=\"fritz comisia europeana\"><img loading=\"lazy\" decoding=\"async\" width=\"620\" height=\"400\" src=\"https:\/\/cdn.expressdebanat.ro\/wp-content\/uploads\/2026\/08\/fritz_comisia_europeana-620x400.jpg\" class=\"attachment-post-thumb size-post-thumb wp-post-image\" alt=\"fritz comisia europeana\"><\/div>\n<p><strong>PPE \u0219i Renew cer Comisiei Europene s\u0103 blocheze tran\u0219a de 770 de milioane de euro din PNRR pentru Rom\u00e2nia, acuz\u00e2nd c\u0103 modific\u0103rile Legii integrit\u0103\u021bii, care l-ar putea afecta pe Dominic Fritz, ridic\u0103 probleme privind statul de drept \u0219i democra\u021bia.<\/strong><\/p>\n<p>Partidul Popular European (PPE) \u0219i grupul Renew Europe \u00eei cer pre\u0219edintei Comisiei Europene, Ursula von der Leyen, s\u0103 blocheze cei 770 de milioane de euro din fondurile PNRR destinate Rom\u00e2niei, invoc\u00e2nd probleme legate de statul de drept, potrivit unei scrisori care a fost publicat\u0103 de POLITICO.<\/p>\n<p>Ace\u0219tia spun c\u0103 acordarea tran\u0219ei de 770 de milioane de euro din PNRR Rom\u00e2niei ar putea afecta statul de drept, \u00een contextul modific\u0103rilor recente aduse Legii integrit\u0103\u021bii.<\/p>\n<p>Oficialii europeni cer acum Comisiei Europene s\u0103 intervin\u0103 \u00een mod urgent, \u00eenainte de termenul-limit\u0103 de 31 august pentru \u00eendeplinirea jaloanelor de reform\u0103.<\/p>\n<p>Pre\u0219edintele PPE, Manfred Weber, \u0219i lidera Renew Europe, Val\u00e9rie Hayer, i-au cerut Ursulei von der Leyen \u201es\u0103 clarifice f\u0103r\u0103 echivoc\u201d c\u0103 banii europeni nu vor fi acorda\u021bi dac\u0103 Rom\u00e2nia merge mai departe cu modificarea legii privind integritatea \u00een func\u021bie.<\/p>\n<p>Amendamentul a fost introdus de PSD, cu sprijinul AUR, \u0219i ar putea duce la suspendarea lui Dominic Fritz din func\u021bia de primar al Timi\u0219oarei, \u00een urma unui caz mai vechi de conflict de interese.<\/p>\n<p>Manfred Weber \u0219i Val\u00e9rie Hayer sus\u021bin c\u0103 aplicarea retroactiv\u0103 a prevederilor ar \u00eenc\u0103lca legisla\u021bia european\u0103 \u0219i Constitu\u021bia Rom\u00e2niei \u0219i acuz\u0103 PSD c\u0103 \u00eel vizeaz\u0103 politic pe liderul USR.<\/p>\n<p><em>\u201eBanii contribuabililor europeni nu trebuie s\u0103 devin\u0103 niciodat\u0103 un cec \u00een alb pentru jocuri de putere politic\u0103<\/em>\u201d, a declarat Val\u00e9rie Hayer pentru POLITICO.<\/p>\n<p>Manfred Weber a avertizat, la r\u00e2ndul s\u0103u, c\u0103 situa\u021bia dep\u0103\u0219e\u0219te disputa politic\u0103 intern\u0103.<\/p>\n<p><em>\u201eDac\u0103 legisla\u021bia este conceput\u0103 pentru a elimina un adversar politic, iar fondurile UE sunt folosite ca p\u00e2rghie pentru a o impune, aceasta nu mai este doar politic\u0103 \u2013 este o problem\u0103 legat\u0103 de statul de drept\u201d,<\/em> a spus Weber tot pentru POLITICO.<\/p>\n<p>Cei doi lideri europeni \u00eei cer Comisiei Europene s\u0103 transmit\u0103 un \u201esemnal\u201d \u00eenainte ca pre\u0219edintele Nicu\u0219or Dan s\u0103 promulge legea \u0219i \u00eenainte de termenul-limit\u0103 de 31 august pentru reformele necesare acces\u0103rii fondurilor europene.<\/p>\n<p><strong>Ce este men\u021bionat \u00een scrisoare<\/strong><\/p>\n<p>\u00cen scrisoarea adresat\u0103 pre\u0219edintei Comisiei Europene, liderii PPE \u0219i Renew sus\u021bin c\u0103 <em>\u201eParlamentul Rom\u00e2niei a adoptat recent o lege care afecteaz\u0103 \u00een mod direct mandatul unui anumit oficial ales, Dominic Fritz, primarul Timi\u0219oarei, ceea ce ridic\u0103 suspiciuni c\u0103 legisla\u021bia a fost conceput\u0103 pentru a viza un caz individual, mai degrab\u0103 dec\u00e2t pentru a solu\u021biona o problem\u0103 juridic\u0103 general\u0103\u201d.<\/em><\/p>\n<p>\u00cen cadrul aceluia\u0219i mesaj este prezentat \u0219i cazul lui Dominic Fritz, inclusiv decizia Cur\u021bii Constitu\u021bionale prin care amendamentul a fost declarat constitu\u021bional. Liderii europeni sus\u021bin c\u0103 exist\u0103 \u00een continuare mai multe probleme juridice.<\/p>\n<p><em>\u201e\u00cen evaluarea noastr\u0103, \u00abamendamentul Fritz\u00bb ridic\u0103 serioase probleme nu doar \u00een ceea ce prive\u0219te compatibilitatea sa cu Constitu\u021bia Rom\u00e2niei, ci \u0219i cu mai multe garan\u021bii prev\u0103zute de Conven\u021bia European\u0103 a Drepturilor Omului \u0219i de dreptul Uniunii Europene\u201d<\/em>, spun ace\u0219tia.<\/p>\n<p>PPE \u0219i Renew invoc\u0103, printre altele, principiile securit\u0103\u021bii juridice \u0219i neretroactivit\u0103\u021bii, preciz\u00e2nd c\u0103 instrumentele juridice nu ar trebui folosite \u00eempotriva adversarilor politici.<\/p>\n<p><em>\u201eDincolo de \u00eenc\u0103lc\u0103rile mai evidente ale unor principii fundamentale precum securitatea juridic\u0103, neretroactivitatea \u0219i interdic\u021bia utiliz\u0103rii instrumentelor juridice \u00eempotriva adversarilor politici, acest caz intr\u0103, de asemenea, \u00een mod direct \u00een sfera dreptului Uniunii\u201d<\/em>, mai afirm\u0103 liderii celor dou\u0103 grupuri.<\/p>\n<p>Ace\u0219tia subliniaz\u0103 c\u0103 \u201eprimarul Dominic Fritz este cet\u0103\u021bean german ales \u00een Rom\u00e2nia \u00een exercitarea drepturilor conferite de articolul 22 alineatul (1) din Tratatul privind func\u021bionarea Uniunii Europene (TFUE); mandatul s\u0103u este, prin urmare, de\u021binut \u00een virtutea aplic\u0103rii directe a dreptului Uniunii\u201d.<\/p>\n<p>\u00a0<\/p>\n<p>FOTO: Inquam Photos \/<a href=\"https:\/\/inquamphotos.com\/user\/george-calin\">George\u00a0C\u0103lin<\/a><\/p>\n<\/div>\n<div id=\"social-box\">\n<ul class=\"post-social\">\n<li class=\"fb-line\">\n<li><a href=\"http:\/\/twitter.com\/share\" class=\"twitter-share-button\" data-lang=\"en\" data-count=\"horizontal\">Tweet<\/a><\/li>\n<li>\n<li><a href=\"http:\/\/pinterest.com\/pin\/create\/button\/?url=https%3A%2F%2Fexpressdebanat.ro%2Ffondurile-pnrr-pentru-romania-blocate-din-cauza-amendamentului-fritz%2F&amp;media=https:\/\/cdn.expressdebanat.ro\/wp-content\/uploads\/2026\/08\/fritz_comisia_europeana.jpg&amp;description=Fondurile%20PNRR%20pentru%20Rom%C3%A2nia,%20blocate%20din%20cauza%20amendamentului%20Fritz?!\" class=\"pin-it-button\">Pin It<\/a><\/li>\n<\/ul>\n<\/div>\n<\/div>\n<div id=\"content-area\">\n<div class=\"post-image\"><img loading=\"lazy\" decoding=\"async\" width=\"620\" height=\"400\" src=\"https:\/\/cdn.expressdebanat.ro\/wp-content\/uploads\/2026\/08\/fritz_comisia_europeana-620x400.jpg\" class=\"attachment-post-thumb size-post-thumb wp-post-image perfmatters-lazy\" alt=\"fritz comisia europeana\"><img loading=\"lazy\" decoding=\"async\" width=\"620\" height=\"400\" src=\"https:\/\/cdn.expressdebanat.ro\/wp-content\/uploads\/2026\/08\/fritz_comisia_europeana-620x400.jpg\" class=\"attachment-post-thumb size-post-thumb wp-post-image\" alt=\"fritz comisia europeana\"><\/div>\n<p><strong>PPE \u0219i Renew cer Comisiei Europene s\u0103 blocheze tran\u0219a de 770 de milioane de euro din PNRR pentru Rom\u00e2nia, acuz\u00e2nd c\u0103 modific\u0103rile Legii integrit\u0103\u021bii, care l-ar putea afecta pe Dominic Fritz, ridic\u0103 probleme privind statul de drept \u0219i democra\u021bia.<\/strong><\/p>\n<p>Partidul Popular European (PPE) \u0219i grupul Renew Europe \u00eei cer pre\u0219edintei Comisiei Europene, Ursula von der Leyen, s\u0103 blocheze cei 770 de milioane de euro din fondurile PNRR destinate Rom\u00e2niei, invoc\u00e2nd probleme legate de statul de drept, potrivit unei scrisori care a fost publicat\u0103 de POLITICO.<\/p>\n<p>Ace\u0219tia spun c\u0103 acordarea tran\u0219ei de 770 de milioane de euro din PNRR Rom\u00e2niei ar putea afecta statul de drept, \u00een contextul modific\u0103rilor recente aduse Legii integrit\u0103\u021bii.<\/p>\n<p>Oficialii europeni cer acum Comisiei Europene s\u0103 intervin\u0103 \u00een mod urgent, \u00eenainte de termenul-limit\u0103 de 31 august pentru \u00eendeplinirea jaloanelor de reform\u0103.<\/p>\n<p>Pre\u0219edintele PPE, Manfred Weber, \u0219i lidera Renew Europe, Val\u00e9rie Hayer, i-au cerut Ursulei von der Leyen \u201es\u0103 clarifice f\u0103r\u0103 echivoc\u201d c\u0103 banii europeni nu vor fi acorda\u021bi dac\u0103 Rom\u00e2nia merge mai departe cu modificarea legii privind integritatea \u00een func\u021bie.<\/p>\n<p>Amendamentul a fost introdus de PSD, cu sprijinul AUR, \u0219i ar putea duce la suspendarea lui Dominic Fritz din func\u021bia de primar al Timi\u0219oarei, \u00een urma unui caz mai vechi de conflict de interese.<\/p>\n<p>Manfred Weber \u0219i Val\u00e9rie Hayer sus\u021bin c\u0103 aplicarea retroactiv\u0103 a prevederilor ar \u00eenc\u0103lca legisla\u021bia european\u0103 \u0219i Constitu\u021bia Rom\u00e2niei \u0219i acuz\u0103 PSD c\u0103 \u00eel vizeaz\u0103 politic pe liderul USR.<\/p>\n<p><em>\u201eBanii contribuabililor europeni nu trebuie s\u0103 devin\u0103 niciodat\u0103 un cec \u00een alb pentru jocuri de putere politic\u0103<\/em>\u201d, a declarat Val\u00e9rie Hayer pentru POLITICO.<\/p>\n<p>Manfred Weber a avertizat, la r\u00e2ndul s\u0103u, c\u0103 situa\u021bia dep\u0103\u0219e\u0219te disputa politic\u0103 intern\u0103.<\/p>\n<p><em>\u201eDac\u0103 legisla\u021bia este conceput\u0103 pentru a elimina un adversar politic, iar fondurile UE sunt folosite ca p\u00e2rghie pentru a o impune, aceasta nu mai este doar politic\u0103 \u2013 este o problem\u0103 legat\u0103 de statul de drept\u201d,<\/em> a spus Weber tot pentru POLITICO.<\/p>\n<p>Cei doi lideri europeni \u00eei cer Comisiei Europene s\u0103 transmit\u0103 un \u201esemnal\u201d \u00eenainte ca pre\u0219edintele Nicu\u0219or Dan s\u0103 promulge legea \u0219i \u00eenainte de termenul-limit\u0103 de 31 august pentru reformele necesare acces\u0103rii fondurilor europene.<\/p>\n<p><strong>Ce este men\u021bionat \u00een scrisoare<\/strong><\/p>\n<p>\u00cen scrisoarea adresat\u0103 pre\u0219edintei Comisiei Europene, liderii PPE \u0219i Renew sus\u021bin c\u0103 <em>\u201eParlamentul Rom\u00e2niei a adoptat recent o lege care afecteaz\u0103 \u00een mod direct mandatul unui anumit oficial ales, Dominic Fritz, primarul Timi\u0219oarei, ceea ce ridic\u0103 suspiciuni c\u0103 legisla\u021bia a fost conceput\u0103 pentru a viza un caz individual, mai degrab\u0103 dec\u00e2t pentru a solu\u021biona o problem\u0103 juridic\u0103 general\u0103\u201d.<\/em><\/p>\n<p>\u00cen cadrul aceluia\u0219i mesaj este prezentat \u0219i cazul lui Dominic Fritz, inclusiv decizia Cur\u021bii Constitu\u021bionale prin care amendamentul a fost declarat constitu\u021bional. Liderii europeni sus\u021bin c\u0103 exist\u0103 \u00een continuare mai multe probleme juridice.<\/p>\n<p><em>\u201e\u00cen evaluarea noastr\u0103, \u00abamendamentul Fritz\u00bb ridic\u0103 serioase probleme nu doar \u00een ceea ce prive\u0219te compatibilitatea sa cu Constitu\u021bia Rom\u00e2niei, ci \u0219i cu mai multe garan\u021bii prev\u0103zute de Conven\u021bia European\u0103 a Drepturilor Omului \u0219i de dreptul Uniunii Europene\u201d<\/em>, spun ace\u0219tia.<\/p>\n<p>PPE \u0219i Renew invoc\u0103, printre altele, principiile securit\u0103\u021bii juridice \u0219i neretroactivit\u0103\u021bii, preciz\u00e2nd c\u0103 instrumentele juridice nu ar trebui folosite \u00eempotriva adversarilor politici.<\/p>\n<p><em>\u201eDincolo de \u00eenc\u0103lc\u0103rile mai evidente ale unor principii fundamentale precum securitatea juridic\u0103, neretroactivitatea \u0219i interdic\u021bia utiliz\u0103rii instrumentelor juridice \u00eempotriva adversarilor politici, acest caz intr\u0103, de asemenea, \u00een mod direct \u00een sfera dreptului Uniunii\u201d<\/em>, mai afirm\u0103 liderii celor dou\u0103 grupuri.<\/p>\n<p>Ace\u0219tia subliniaz\u0103 c\u0103 \u201eprimarul Dominic Fritz este cet\u0103\u021bean german ales \u00een Rom\u00e2nia \u00een exercitarea drepturilor conferite de articolul 22 alineatul (1) din Tratatul privind func\u021bionarea Uniunii Europene (TFUE); mandatul s\u0103u este, prin urmare, de\u021binut \u00een virtutea aplic\u0103rii directe a dreptului Uniunii\u201d.<\/p>\n<p>\u00a0<\/p>\n<p>FOTO: Inquam Photos \/<a href=\"https:\/\/inquamphotos.com\/user\/george-calin\">George\u00a0C\u0103lin<\/a><\/p>\n<\/div>\n<p>[analyse_source url=&#8221;https:\/\/expressdebanat.ro\/fondurile-pnrr-pentru-romania-blocate-din-cauza-amendamentului-fritz\/&#8221;]<\/p>\n","protected":false},"excerpt":{"rendered":"<p>[analyse_image type=&#8221;featured&#8221; src=&#8221;https:\/\/cdn.expressdebanat.ro\/wp-content\/uploads\/2026\/08\/fritz_comisia_europeana.jpg&#8221;] PPE \u0219i Renew cer Comisiei Europene s\u0103 blocheze tran\u0219a de 770 de milioane de euro din PNRR pentru Rom\u00e2nia, acuz\u00e2nd c\u0103 modific\u0103rile Legii integrit\u0103\u021bii, care l-ar putea afecta pe Dominic Fritz, ridic\u0103 probleme privind statul de drept \u0219i democra\u021bia. Partidul Popular European (PPE) \u0219i grupul Renew Europe \u00eei cer pre\u0219edintei Comisiei Europene, [&hellip;]<\/p>\n","protected":false},"author":1,"featured_media":0,"comment_status":"open","ping_status":"","sticky":false,"template":"","format":"standard","meta":{"footnotes":""},"categories":[89],"tags":[226,196],"class_list":["post-2118662","post","type-post","status-publish","format-standard","hentry","category-romania","tag-crawlmanager","tag-expressdebanat-ro"],"_links":{"self":[{"href":"https:\/\/analyse.optim.biz\/index.php?rest_route=\/wp\/v2\/posts\/2118662","targetHints":{"allow":["GET"]}}],"collection":[{"href":"https:\/\/analyse.optim.biz\/index.php?rest_route=\/wp\/v2\/posts"}],"about":[{"href":"https:\/\/analyse.optim.biz\/index.php?rest_route=\/wp\/v2\/types\/post"}],"author":[{"embeddable":true,"href":"https:\/\/analyse.optim.biz\/index.php?rest_route=\/wp\/v2\/users\/1"}],"replies":[{"embeddable":true,"href":"https:\/\/analyse.optim.biz\/index.php?rest_route=%2Fwp%2Fv2%2Fcomments&post=2118662"}],"version-history":[{"count":0,"href":"https:\/\/analyse.optim.biz\/index.php?rest_route=\/wp\/v2\/posts\/2118662\/revisions"}],"wp:attachment":[{"href":"https:\/\/analyse.optim.biz\/index.php?rest_route=%2Fwp%2Fv2%2Fmedia&parent=2118662"}],"wp:term":[{"taxonomy":"category","embeddable":true,"href":"https:\/\/analyse.optim.biz\/index.php?rest_route=%2Fwp%2Fv2%2Fcategories&post=2118662"},{"taxonomy":"post_tag","embeddable":true,"href":"https:\/\/analyse.optim.biz\/index.php?rest_route=%2Fwp%2Fv2%2Ftags&post=2118662"}],"curies":[{"name":"wp","href":"https:\/\/api.w.org\/{rel}","templated":true}]}}