{"id":2118661,"date":"2026-08-29T07:25:59","date_gmt":"2026-08-29T04:25:59","guid":{"rendered":"https:\/\/analyse.optim.biz\/?p=2118661"},"modified":"2026-08-29T07:25:59","modified_gmt":"2026-08-29T04:25:59","slug":"de-sfanta-maria-mica-braul-de-aur-aduna-valcea-la-barbatesti-parada-in-straie-populare-zeci-de-dansatori-si-concert-cu-olguta-berbec","status":"publish","type":"post","link":"https:\/\/analyse.optim.biz\/?p=2118661","title":{"rendered":"De Sf\u00e2nta Maria Mic\u0103, \u201eBr\u00e2ul de Aur\u201d adun\u0103 V\u00e2lcea la B\u0103rb\u0103te\u0219ti: parad\u0103 \u00een straie populare, zeci de dansatori \u0219i concert cu Olgu\u021ba Berbec"},"content":{"rendered":"<p>[analyse_image type=&#8221;featured&#8221; src=&#8221;https:\/\/www.impactreal.ro\/wp-content\/uploads\/2026\/08\/braul-de-aur-barbatesti-2026.jpg&#8221;]<\/p>\n<div class=\"single-news-content\">\n<div class=\"news-image\"><img loading=\"lazy\" decoding=\"async\" width=\"1280\" height=\"720\" src=\"https:\/\/www.impactreal.ro\/wp-content\/uploads\/2026\/08\/braul-de-aur-barbatesti-2026.jpg\" class=\"img-responsive wp-post-image\" alt=\"De Sf\u00e2nta Maria Mic\u0103, \u201eBr\u00e2ul de Aur\u201d adun\u0103 V\u00e2lcea la B\u0103rb\u0103te\u0219ti: parad\u0103 \u00een straie populare, zeci de dansatori \u0219i concert cu Olgu\u021ba Berbec\"><\/div>\n<div class=\"news-detail clearfix\">\n<div class=\"entry-meta\"><span class=\"posted-date\"><a href=\"https:\/\/www.impactreal.ro\/2026\/08\/29\/de-sfanta-maria-mica-braul-de-aur-aduna-valcea-la-barbatesti-parada-in-straie-populare-zeci-de-dansatori-si-concert-cu-olguta-berbec\/\" rel=\"bookmark\"><time class=\"entry-date published\" datetime=\"2026-08-29T10:25:59+03:00\">29 august 2026<\/time><time class=\"updated\" datetime=\"2026-08-29T10:31:56+03:00\">29 august 2026<\/time><\/a><\/span><span class=\"author vcard\"><a href=\"https:\/\/www.impactreal.ro\/author\/claudia-schiopu\/\">Claudia Schiopu<\/a><\/span><span class=\"cat-links\"><a href=\"https:\/\/www.impactreal.ro\/category\/actualitate\/\" rel=\"category tag\">Actual<\/a><a href=\"https:\/\/www.impactreal.ro\/category\/barbatesti\/\" rel=\"category tag\">B\u0103rb\u0103te\u0219ti<\/a><\/span><\/div>\n<div class=\"news-content editor-content-entry\">\n<p>Comuna B\u0103rb\u0103te\u0219ti va g\u0103zdui, pe 8 septembrie, cea de-a 54-a edi\u021bie a Festivalului Dansului Popular V\u00e2lcean \u201eBr\u00e2ul de Aur\u201d. Parada portului popular, c\u0103ru\u021bele \u00eempodobite, forma\u021biile venite din mai multe localit\u0103\u021bi ale jude\u021bului \u0219i concertul sus\u021binut de Olgu\u021ba Berbec se num\u0103r\u0103 printre punctele principale ale programului. Manifestarea va \u00eencepe la pr\u00e2nz, \u00een punctul Negru\u0219e\u0219ti, \u0219i va continua p\u00e2n\u0103 seara la Baza Sportiv\u0103 de la \u201eHotar\u201d.<\/p>\n<p>Festivalul a ap\u0103rut \u00een anii \u201970, c\u00e2nd dansurile populare din satele V\u00e2lcii riscau s\u0103 fie uitate. Ini\u021biativa C\u0103minului Cultural \u0219i a Centrului Crea\u021biei Populare a crescut de la o edi\u021bie la alta, adun\u00e2nd la B\u0103rb\u0103te\u0219ti numeroase genera\u021bii de dansatori.<\/p>\n<p><strong><u>Parada c\u0103ru\u021belor<\/u><\/strong><\/p>\n<p>Preg\u0103tirile vor \u00eencepe de diminea\u021b\u0103. Costumele populare vor fi scoase din l\u0103zile de zestre, caii vor fi \u00eempodobi\u021bi cu ciucuri \u0219i panglici, c\u0103ru\u021bele vor fi decorate cu flori \u0219i funde. \u00a0Copiii, tinerii \u0219i oamenii \u00een v\u00e2rst\u0103 vor purta straiele mo\u0219tenite de la p\u0103rin\u021bi \u0219i bunici.<\/p>\n<p><strong><u>La ora 12.00<\/u><\/strong>, coloana va pleca din punctul Negru\u0219e\u0219ti \u0219i se va \u00eendrepta spre Baza Sportiv\u0103 de la \u201eHotar\u201d. Parada va str\u0103bate satele comunei, astfel \u00eenc\u00e2t localnicii s\u0103 poat\u0103 urm\u0103ri alaiul de la por\u021bi. \u00a0Dup\u0103 sosirea la stadion, Prim\u0103ria B\u0103rb\u0103te\u0219ti va oferi participan\u021bilor o mas\u0103 cre\u0219tineasc\u0103.<\/p>\n<p><strong><u>Dansuri din tot jude\u021bul<\/u><\/strong><\/p>\n<p><strong><u>Festivalul propriu-zis va \u00eencepe la ora 13.00<\/u><\/strong>, pe scena \u00een aer liber de la Baza Sportiv\u0103. Timp de patru ore vor evolua forma\u021bii din <u>B\u0103beni, B\u0103lce\u0219ti, Cerni\u0219oara, Coste\u0219ti, Cop\u0103ceni, Ione\u0219ti, R\u00e2mnicu V\u00e2lcea, Sl\u0103tioara, Tom\u0219ani \u0219i Vaideeni.<\/u><\/p>\n<p>Gazdele vor fi reprezentate de Ansamblul folcloric <u>\u201eBr\u00e2ul de B\u0103rb\u0103te\u0219ti<\/u>\u201d, cu dansatorii maturi, juniorii \u0219i Grupul vocal. <u>Invitat special este Ansamblul \u201eMugura\u0219ii Br\u00e2ncovenilor\u201d, din comuna Br\u00e2ncoveni, jude\u021bul Olt.<\/u><\/p>\n<p>Programul va cuprinde \u0219i momente sus\u021binute de tinerii soli\u0219ti Alexia Opri\u021ba, Teodora Opri\u021ba, Sofia Opri\u021ba \u0219i Kira Mihai. Grupul vocal \u201eMo\u0219tenitorii\u201d din Pietrari va prezenta un microrecital.<\/p>\n<p><strong><u>Localnici premia\u021bi<\/u><\/strong><\/p>\n<p><u>De la ora 17.00 va avea loc festivitatea dedicat\u0103 cuplurilor care au \u00eemplinit 50 de ani de c\u0103s\u0103torie, tinerilor ajun\u0219i la majorat \u0219i persoanelor care au ob\u021binut rezultate deosebite. Premierea va fi urmat\u0103 de alocu\u021biunile oficiale<\/u>.<\/p>\n<p>Programul continu\u0103, de la ora 17.30, cu un spectacol al Orchestrei profesioniste \u201eRapsodia V\u00e2lcean\u0103\u201d. Pe scen\u0103 vor urca Anamaria Iorga, Ionela Petria, Cristina Udrea, D\u0103nu\u021b Dinc\u0103, Ana Maria C\u00e2rjan \u0219i Rodica Nicolescu.<\/p>\n<p><strong><u>Olgu\u021ba Berbec, \u00een concert<\/u><\/strong><\/p>\n<p>Seara \u00eei este rezervat\u0103 Olgu\u021bei Berbec, al c\u0103rei concert va \u00eencepe la ora 19.30. Publicul va urm\u0103ri \u0219i spectacolul Forma\u021biei Laura Cercel Band. Edi\u021bia din acest an se va \u00eencheia la ora 22.00, cu un foc de artificii.<\/p>\n<p>Primarul comunei B\u0103rb\u0103te\u0219ti, Bogdan P\u0103unei, \u00eei invit\u0103 pe to\u021bi cet\u0103\u021benii \u0219i nu numai s\u0103 participe la s\u0103rb\u0103toarea din 8 septembrie. \u201e<strong><em>Pe 8 septembrie, de Sf\u00e2nta Maria Mic\u0103, \u00eei invit pe to\u021bi cet\u0103\u021benii comunei B\u0103rb\u0103te\u0219ti \u0219i nu numai la cea de-a 54-a edi\u021bie a Festivalului \u00abBr\u00e2ul de Aur\u00bb. V\u0103 a\u0219tept\u0103m la parad\u0103, dansuri \u0219i spectacole<\/em><\/strong>\u201d, a transmis primarul Bogdan P\u0103unei.<\/p>\n<p>\u00a0<\/p>\n<p><u>Evenimentul este organizat de Consiliul Jude\u021bean V\u00e2lcea, Centrul Jude\u021bean pentru Conservarea \u0219i Promovarea Culturii Tradi\u021bionale V\u00e2lcea, Consiliul Local B\u0103rb\u0103te\u0219ti, Prim\u0103ria B\u0103rb\u0103te\u0219ti, \u0218coala Gimnazial\u0103 \u0219i c\u0103minele culturale din Bode\u0219ti \u0219i B\u0103rb\u0103te\u0219ti.<\/u><\/p>\n<p><u>\u00a0<\/u><\/p>\n<\/div>\n<\/div>\n<\/div>\n<div class=\"news-content editor-content-entry\">\n<p>Comuna B\u0103rb\u0103te\u0219ti va g\u0103zdui, pe 8 septembrie, cea de-a 54-a edi\u021bie a Festivalului Dansului Popular V\u00e2lcean \u201eBr\u00e2ul de Aur\u201d. Parada portului popular, c\u0103ru\u021bele \u00eempodobite, forma\u021biile venite din mai multe localit\u0103\u021bi ale jude\u021bului \u0219i concertul sus\u021binut de Olgu\u021ba Berbec se num\u0103r\u0103 printre punctele principale ale programului. Manifestarea va \u00eencepe la pr\u00e2nz, \u00een punctul Negru\u0219e\u0219ti, \u0219i va continua p\u00e2n\u0103 seara la Baza Sportiv\u0103 de la \u201eHotar\u201d.<\/p>\n<p>Festivalul a ap\u0103rut \u00een anii \u201970, c\u00e2nd dansurile populare din satele V\u00e2lcii riscau s\u0103 fie uitate. Ini\u021biativa C\u0103minului Cultural \u0219i a Centrului Crea\u021biei Populare a crescut de la o edi\u021bie la alta, adun\u00e2nd la B\u0103rb\u0103te\u0219ti numeroase genera\u021bii de dansatori.<\/p>\n<p><strong><u>Parada c\u0103ru\u021belor<\/u><\/strong><\/p>\n<p>Preg\u0103tirile vor \u00eencepe de diminea\u021b\u0103. Costumele populare vor fi scoase din l\u0103zile de zestre, caii vor fi \u00eempodobi\u021bi cu ciucuri \u0219i panglici, c\u0103ru\u021bele vor fi decorate cu flori \u0219i funde. \u00a0Copiii, tinerii \u0219i oamenii \u00een v\u00e2rst\u0103 vor purta straiele mo\u0219tenite de la p\u0103rin\u021bi \u0219i bunici.<\/p>\n<p><strong><u>La ora 12.00<\/u><\/strong>, coloana va pleca din punctul Negru\u0219e\u0219ti \u0219i se va \u00eendrepta spre Baza Sportiv\u0103 de la \u201eHotar\u201d. Parada va str\u0103bate satele comunei, astfel \u00eenc\u00e2t localnicii s\u0103 poat\u0103 urm\u0103ri alaiul de la por\u021bi. \u00a0Dup\u0103 sosirea la stadion, Prim\u0103ria B\u0103rb\u0103te\u0219ti va oferi participan\u021bilor o mas\u0103 cre\u0219tineasc\u0103.<\/p>\n<p><strong><u>Dansuri din tot jude\u021bul<\/u><\/strong><\/p>\n<p><strong><u>Festivalul propriu-zis va \u00eencepe la ora 13.00<\/u><\/strong>, pe scena \u00een aer liber de la Baza Sportiv\u0103. Timp de patru ore vor evolua forma\u021bii din <u>B\u0103beni, B\u0103lce\u0219ti, Cerni\u0219oara, Coste\u0219ti, Cop\u0103ceni, Ione\u0219ti, R\u00e2mnicu V\u00e2lcea, Sl\u0103tioara, Tom\u0219ani \u0219i Vaideeni.<\/u><\/p>\n<p>Gazdele vor fi reprezentate de Ansamblul folcloric <u>\u201eBr\u00e2ul de B\u0103rb\u0103te\u0219ti<\/u>\u201d, cu dansatorii maturi, juniorii \u0219i Grupul vocal. <u>Invitat special este Ansamblul \u201eMugura\u0219ii Br\u00e2ncovenilor\u201d, din comuna Br\u00e2ncoveni, jude\u021bul Olt.<\/u><\/p>\n<p>Programul va cuprinde \u0219i momente sus\u021binute de tinerii soli\u0219ti Alexia Opri\u021ba, Teodora Opri\u021ba, Sofia Opri\u021ba \u0219i Kira Mihai. Grupul vocal \u201eMo\u0219tenitorii\u201d din Pietrari va prezenta un microrecital.<\/p>\n<p><strong><u>Localnici premia\u021bi<\/u><\/strong><\/p>\n<p><u>De la ora 17.00 va avea loc festivitatea dedicat\u0103 cuplurilor care au \u00eemplinit 50 de ani de c\u0103s\u0103torie, tinerilor ajun\u0219i la majorat \u0219i persoanelor care au ob\u021binut rezultate deosebite. Premierea va fi urmat\u0103 de alocu\u021biunile oficiale<\/u>.<\/p>\n<p>Programul continu\u0103, de la ora 17.30, cu un spectacol al Orchestrei profesioniste \u201eRapsodia V\u00e2lcean\u0103\u201d. Pe scen\u0103 vor urca Anamaria Iorga, Ionela Petria, Cristina Udrea, D\u0103nu\u021b Dinc\u0103, Ana Maria C\u00e2rjan \u0219i Rodica Nicolescu.<\/p>\n<p><strong><u>Olgu\u021ba Berbec, \u00een concert<\/u><\/strong><\/p>\n<p>Seara \u00eei este rezervat\u0103 Olgu\u021bei Berbec, al c\u0103rei concert va \u00eencepe la ora 19.30. Publicul va urm\u0103ri \u0219i spectacolul Forma\u021biei Laura Cercel Band. Edi\u021bia din acest an se va \u00eencheia la ora 22.00, cu un foc de artificii.<\/p>\n<p>Primarul comunei B\u0103rb\u0103te\u0219ti, Bogdan P\u0103unei, \u00eei invit\u0103 pe to\u021bi cet\u0103\u021benii \u0219i nu numai s\u0103 participe la s\u0103rb\u0103toarea din 8 septembrie. \u201e<strong><em>Pe 8 septembrie, de Sf\u00e2nta Maria Mic\u0103, \u00eei invit pe to\u021bi cet\u0103\u021benii comunei B\u0103rb\u0103te\u0219ti \u0219i nu numai la cea de-a 54-a edi\u021bie a Festivalului \u00abBr\u00e2ul de Aur\u00bb. V\u0103 a\u0219tept\u0103m la parad\u0103, dansuri \u0219i spectacole<\/em><\/strong>\u201d, a transmis primarul Bogdan P\u0103unei.<\/p>\n<p>\u00a0<\/p>\n<p><u>Evenimentul este organizat de Consiliul Jude\u021bean V\u00e2lcea, Centrul Jude\u021bean pentru Conservarea \u0219i Promovarea Culturii Tradi\u021bionale V\u00e2lcea, Consiliul Local B\u0103rb\u0103te\u0219ti, Prim\u0103ria B\u0103rb\u0103te\u0219ti, \u0218coala Gimnazial\u0103 \u0219i c\u0103minele culturale din Bode\u0219ti \u0219i B\u0103rb\u0103te\u0219ti.<\/u><\/p>\n<p><u>\u00a0<\/u><\/p>\n<\/div>\n<div class=\"news-content editor-content-entry\">\n<p>Comuna B\u0103rb\u0103te\u0219ti va g\u0103zdui, pe 8 septembrie, cea de-a 54-a edi\u021bie a Festivalului Dansului Popular V\u00e2lcean \u201eBr\u00e2ul de Aur\u201d. Parada portului popular, c\u0103ru\u021bele \u00eempodobite, forma\u021biile venite din mai multe localit\u0103\u021bi ale jude\u021bului \u0219i concertul sus\u021binut de Olgu\u021ba Berbec se num\u0103r\u0103 printre punctele principale ale programului. Manifestarea va \u00eencepe la pr\u00e2nz, \u00een punctul Negru\u0219e\u0219ti, \u0219i va continua p\u00e2n\u0103 seara la Baza Sportiv\u0103 de la \u201eHotar\u201d.<\/p>\n<p>Festivalul a ap\u0103rut \u00een anii \u201970, c\u00e2nd dansurile populare din satele V\u00e2lcii riscau s\u0103 fie uitate. Ini\u021biativa C\u0103minului Cultural \u0219i a Centrului Crea\u021biei Populare a crescut de la o edi\u021bie la alta, adun\u00e2nd la B\u0103rb\u0103te\u0219ti numeroase genera\u021bii de dansatori.<\/p>\n<p><strong><u>Parada c\u0103ru\u021belor<\/u><\/strong><\/p>\n<p>Preg\u0103tirile vor \u00eencepe de diminea\u021b\u0103. Costumele populare vor fi scoase din l\u0103zile de zestre, caii vor fi \u00eempodobi\u021bi cu ciucuri \u0219i panglici, c\u0103ru\u021bele vor fi decorate cu flori \u0219i funde. \u00a0Copiii, tinerii \u0219i oamenii \u00een v\u00e2rst\u0103 vor purta straiele mo\u0219tenite de la p\u0103rin\u021bi \u0219i bunici.<\/p>\n<p><strong><u>La ora 12.00<\/u><\/strong>, coloana va pleca din punctul Negru\u0219e\u0219ti \u0219i se va \u00eendrepta spre Baza Sportiv\u0103 de la \u201eHotar\u201d. Parada va str\u0103bate satele comunei, astfel \u00eenc\u00e2t localnicii s\u0103 poat\u0103 urm\u0103ri alaiul de la por\u021bi. \u00a0Dup\u0103 sosirea la stadion, Prim\u0103ria B\u0103rb\u0103te\u0219ti va oferi participan\u021bilor o mas\u0103 cre\u0219tineasc\u0103.<\/p>\n<p><strong><u>Dansuri din tot jude\u021bul<\/u><\/strong><\/p>\n<p><strong><u>Festivalul propriu-zis va \u00eencepe la ora 13.00<\/u><\/strong>, pe scena \u00een aer liber de la Baza Sportiv\u0103. Timp de patru ore vor evolua forma\u021bii din <u>B\u0103beni, B\u0103lce\u0219ti, Cerni\u0219oara, Coste\u0219ti, Cop\u0103ceni, Ione\u0219ti, R\u00e2mnicu V\u00e2lcea, Sl\u0103tioara, Tom\u0219ani \u0219i Vaideeni.<\/u><\/p>\n<p>Gazdele vor fi reprezentate de Ansamblul folcloric <u>\u201eBr\u00e2ul de B\u0103rb\u0103te\u0219ti<\/u>\u201d, cu dansatorii maturi, juniorii \u0219i Grupul vocal. <u>Invitat special este Ansamblul \u201eMugura\u0219ii Br\u00e2ncovenilor\u201d, din comuna Br\u00e2ncoveni, jude\u021bul Olt.<\/u><\/p>\n<p>Programul va cuprinde \u0219i momente sus\u021binute de tinerii soli\u0219ti Alexia Opri\u021ba, Teodora Opri\u021ba, Sofia Opri\u021ba \u0219i Kira Mihai. Grupul vocal \u201eMo\u0219tenitorii\u201d din Pietrari va prezenta un microrecital.<\/p>\n<p><strong><u>Localnici premia\u021bi<\/u><\/strong><\/p>\n<p><u>De la ora 17.00 va avea loc festivitatea dedicat\u0103 cuplurilor care au \u00eemplinit 50 de ani de c\u0103s\u0103torie, tinerilor ajun\u0219i la majorat \u0219i persoanelor care au ob\u021binut rezultate deosebite. Premierea va fi urmat\u0103 de alocu\u021biunile oficiale<\/u>.<\/p>\n<p>Programul continu\u0103, de la ora 17.30, cu un spectacol al Orchestrei profesioniste \u201eRapsodia V\u00e2lcean\u0103\u201d. Pe scen\u0103 vor urca Anamaria Iorga, Ionela Petria, Cristina Udrea, D\u0103nu\u021b Dinc\u0103, Ana Maria C\u00e2rjan \u0219i Rodica Nicolescu.<\/p>\n<p><strong><u>Olgu\u021ba Berbec, \u00een concert<\/u><\/strong><\/p>\n<p>Seara \u00eei este rezervat\u0103 Olgu\u021bei Berbec, al c\u0103rei concert va \u00eencepe la ora 19.30. Publicul va urm\u0103ri \u0219i spectacolul Forma\u021biei Laura Cercel Band. Edi\u021bia din acest an se va \u00eencheia la ora 22.00, cu un foc de artificii.<\/p>\n<p>Primarul comunei B\u0103rb\u0103te\u0219ti, Bogdan P\u0103unei, \u00eei invit\u0103 pe to\u021bi cet\u0103\u021benii \u0219i nu numai s\u0103 participe la s\u0103rb\u0103toarea din 8 septembrie. \u201e<strong><em>Pe 8 septembrie, de Sf\u00e2nta Maria Mic\u0103, \u00eei invit pe to\u021bi cet\u0103\u021benii comunei B\u0103rb\u0103te\u0219ti \u0219i nu numai la cea de-a 54-a edi\u021bie a Festivalului \u00abBr\u00e2ul de Aur\u00bb. V\u0103 a\u0219tept\u0103m la parad\u0103, dansuri \u0219i spectacole<\/em><\/strong>\u201d, a transmis primarul Bogdan P\u0103unei.<\/p>\n<p>\u00a0<\/p>\n<p><u>Evenimentul este organizat de Consiliul Jude\u021bean V\u00e2lcea, Centrul Jude\u021bean pentru Conservarea \u0219i Promovarea Culturii Tradi\u021bionale V\u00e2lcea, Consiliul Local B\u0103rb\u0103te\u0219ti, Prim\u0103ria B\u0103rb\u0103te\u0219ti, \u0218coala Gimnazial\u0103 \u0219i c\u0103minele culturale din Bode\u0219ti \u0219i B\u0103rb\u0103te\u0219ti.<\/u><\/p>\n<p><u>\u00a0<\/u><\/p>\n<\/div>\n<p>[analyse_source url=&#8221;https:\/\/www.impactreal.ro\/2026\/08\/29\/de-sfanta-maria-mica-braul-de-aur-aduna-valcea-la-barbatesti-parada-in-straie-populare-zeci-de-dansatori-si-concert-cu-olguta-berbec\/&#8221;]<\/p>\n","protected":false},"excerpt":{"rendered":"<p>[analyse_image type=&#8221;featured&#8221; src=&#8221;https:\/\/www.impactreal.ro\/wp-content\/uploads\/2026\/08\/braul-de-aur-barbatesti-2026.jpg&#8221;] 29 august 202629 august 2026Claudia SchiopuActualB\u0103rb\u0103te\u0219ti Comuna B\u0103rb\u0103te\u0219ti va g\u0103zdui, pe 8 septembrie, cea de-a 54-a edi\u021bie a Festivalului Dansului Popular V\u00e2lcean \u201eBr\u00e2ul de Aur\u201d. Parada portului popular, c\u0103ru\u021bele \u00eempodobite, forma\u021biile venite din mai multe localit\u0103\u021bi ale jude\u021bului \u0219i concertul sus\u021binut de Olgu\u021ba Berbec se num\u0103r\u0103 printre punctele principale ale programului. Manifestarea [&hellip;]<\/p>\n","protected":false},"author":1,"featured_media":0,"comment_status":"open","ping_status":"","sticky":false,"template":"","format":"standard","meta":{"footnotes":""},"categories":[89],"tags":[226,212],"class_list":["post-2118661","post","type-post","status-publish","format-standard","hentry","category-romania","tag-crawlmanager","tag-impactreal-ro"],"_links":{"self":[{"href":"https:\/\/analyse.optim.biz\/index.php?rest_route=\/wp\/v2\/posts\/2118661","targetHints":{"allow":["GET"]}}],"collection":[{"href":"https:\/\/analyse.optim.biz\/index.php?rest_route=\/wp\/v2\/posts"}],"about":[{"href":"https:\/\/analyse.optim.biz\/index.php?rest_route=\/wp\/v2\/types\/post"}],"author":[{"embeddable":true,"href":"https:\/\/analyse.optim.biz\/index.php?rest_route=\/wp\/v2\/users\/1"}],"replies":[{"embeddable":true,"href":"https:\/\/analyse.optim.biz\/index.php?rest_route=%2Fwp%2Fv2%2Fcomments&post=2118661"}],"version-history":[{"count":0,"href":"https:\/\/analyse.optim.biz\/index.php?rest_route=\/wp\/v2\/posts\/2118661\/revisions"}],"wp:attachment":[{"href":"https:\/\/analyse.optim.biz\/index.php?rest_route=%2Fwp%2Fv2%2Fmedia&parent=2118661"}],"wp:term":[{"taxonomy":"category","embeddable":true,"href":"https:\/\/analyse.optim.biz\/index.php?rest_route=%2Fwp%2Fv2%2Fcategories&post=2118661"},{"taxonomy":"post_tag","embeddable":true,"href":"https:\/\/analyse.optim.biz\/index.php?rest_route=%2Fwp%2Fv2%2Ftags&post=2118661"}],"curies":[{"name":"wp","href":"https:\/\/api.w.org\/{rel}","templated":true}]}}