{"id":2118656,"date":"2026-08-24T16:45:31","date_gmt":"2026-08-24T13:45:31","guid":{"rendered":"https:\/\/analyse.optim.biz\/?p=2118656"},"modified":"2026-08-24T16:45:31","modified_gmt":"2026-08-24T13:45:31","slug":"de-la-timisoara-la-capatul-lumii-un-cercetator-uvt-pleaca-in-antarctica","status":"publish","type":"post","link":"https:\/\/analyse.optim.biz\/?p=2118656","title":{"rendered":"De la Timi\u0219oara la cap\u0103tul lumii. Un cercet\u0103tor UVT pleac\u0103 \u00een Antarctica"},"content":{"rendered":"<p>[analyse_image type=&#8221;featured&#8221; src=&#8221;https:\/\/cdn.expressdebanat.ro\/wp-content\/uploads\/2026\/08\/expeditie-antarctica-scaled.jpghttps:\/\/cdn.expressdebanat.ro\/wp-content\/uploads\/2026\/08\/Alexandru-Onaca-UVT-e1787589830261.jpg&#8221;]<\/p>\n<div id=\"post-area\" class=\"post-981629 post type-post status-publish format-standard has-post-thumbnail hentry category-educatie category-timis category-timisoara tag-alexandru-onaca tag-antarctica tag-articol-principal tag-cercetare tag-important tag-timisoara tag-uvt\">\n<div id=\"social-box\">\n<ul class=\"post-social\">\n<li class=\"social-share-button\">\n<li class=\"social-share-button\">\n<li class=\"social-share-button\"><\/ul>\n<\/div>\n<div id=\"content-area\">\n<div class=\"post-image\"><img loading=\"lazy\" decoding=\"async\" width=\"620\" height=\"400\" src=\"https:\/\/cdn.expressdebanat.ro\/wp-content\/uploads\/2026\/08\/expeditie-antarctica-620x400.jpg\" class=\"attachment-post-thumb size-post-thumb wp-post-image perfmatters-lazy\" alt=\"expeditie antarctica\"><img loading=\"lazy\" decoding=\"async\" width=\"620\" height=\"400\" src=\"https:\/\/cdn.expressdebanat.ro\/wp-content\/uploads\/2026\/08\/expeditie-antarctica-620x400.jpg\" class=\"attachment-post-thumb size-post-thumb wp-post-image\" alt=\"expeditie antarctica\"><\/div>\n<div class=\"ypslr6a9380459245d\"><a href=\"https:\/\/www.uvvg.ro\/vreau-sa-studiez\/?utm_source=expresbanat.ro&amp;utm_campaign=thirdparties&amp;utm_content=banner-gif\"><img loading=\"lazy\" decoding=\"async\" class=\"size-full wp-image-975109 perfmatters-lazy\" src=\"https:\/\/cdn.expressdebanat.ro\/wp-content\/uploads\/2026\/06\/generated.gif\" alt=\"UVVG 2026\" width=\"1000\" height=\"100\"><img loading=\"lazy\" decoding=\"async\" class=\"size-full wp-image-975109\" src=\"https:\/\/cdn.expressdebanat.ro\/wp-content\/uploads\/2026\/06\/generated.gif\" alt=\"UVVG 2026\" width=\"1000\" height=\"100\"><\/a><\/div>\n<p class=\"isSelectedEnd\"><strong>Universitatea de Vest din Timi\u0219oara particip\u0103 pentru prima dat\u0103 la o expedi\u021bie \u0219tiin\u021bific\u0103 \u00een Antarctica. Cercet\u0103torul Alexandru Onaca va studia permafrostul \u0219i va face m\u0103sur\u0103tori \u0219i observa\u021bii pentru a vedea mai bine cum sunt afectate zonele polare de schimb\u0103rile climatice.<\/strong><\/p>\n<p class=\"isSelectedEnd\">Alexandru Onaca, cercet\u0103tor la Departamentul de Geografie al Universit\u0103\u021bii de Vest din Timi\u0219oara, va reprezenta UVT \u00een expedi\u021bia din Antarctica, programat\u0103 pentru luna decembrie.<\/p>\n<p class=\"isSelectedEnd\">Este prima dat\u0103 c\u00e2nd un cercet\u0103tor al universit\u0103\u021bii timi\u0219orene particip\u0103 la o astfel de expedi\u021bie. Rom\u00e2nia desf\u0103\u0219oar\u0103 de mai mul\u021bi ani cercet\u0103ri \u00een Antarctica, printr-un program coordonat de Institutul Na\u021bional de Cercetare-Dezvoltare pentru \u0218tiin\u021be Biologice (INCDSB), \u00een colaborare cu Institutul Coreean de Cercet\u0103ri Polare.<\/p>\n<div id=\"attachment_981631\" class=\"wp-caption aligncenter\"><a href=\"https:\/\/cdn.expressdebanat.ro\/wp-content\/uploads\/2026\/08\/Alexandru-Onaca-UVT-e1787589830261.jpg\" rel=\"attachment wp-att-981631\"><img loading=\"lazy\" decoding=\"async\" aria-describedby=\"caption-attachment-981631\" class=\"wp-image-981631 size-full perfmatters-lazy\" title=\"alexandru onaca uvt\" src=\"https:\/\/cdn.expressdebanat.ro\/wp-content\/uploads\/2026\/08\/Alexandru-Onaca-UVT-e1787589830261.jpg\" alt=\"alexandru onaca uvt\" width=\"800\" height=\"595\"><img loading=\"lazy\" decoding=\"async\" aria-describedby=\"caption-attachment-981631\" class=\"wp-image-981631 size-full\" title=\"alexandru onaca uvt\" src=\"https:\/\/cdn.expressdebanat.ro\/wp-content\/uploads\/2026\/08\/Alexandru-Onaca-UVT-e1787589830261.jpg\" alt=\"alexandru onaca uvt\" width=\"800\" height=\"595\"><\/a><\/p>\n<p id=\"caption-attachment-981631\" class=\"wp-caption-text\">Alexandru Onaca, cercet\u0103tor \u00een cadrul Departamentului de Geografie al UVT, va reprezenta universitatea \u00een expedi\u021bia \u0219tiin\u021bific\u0103 din Antarctica<\/p>\n<\/div>\n<p class=\"isSelectedEnd\"><em>\u201eAceast\u0103 expedi\u021bie \u0219tiin\u021bific\u0103 \u00een Antarctica este o oportunitate unic\u0103 pentru noi \u00een a \u00een\u021belege cum opereaz\u0103 aceste procese \u00een medii polare \u00een care clima este un pic diferit\u0103. Ne propunem acolo s\u0103 facem \u00een principal observa\u021bii asupra permafrostului \u0219i caracteristicilor sale.\u201d<\/em>, a declarat Alexandru Onaca.<\/p>\n<p class=\"isSelectedEnd\">Cercet\u0103torul UVT va sta 16 zile la sta\u021bia antarctic\u0103 King Sejong, unde va face m\u0103sur\u0103tori \u0219i observa\u021bii \u00een teren.<\/p>\n<p class=\"isSelectedEnd\"><em>\u201eVom \u00eentreprinde m\u0103sur\u0103tori geofizice ale unor parametri meteorologici \u0219i vom face observa\u021bii asupra proceselor care au loc \u00een vecin\u0103tatea calotei glaciare pentru a \u00een\u021belege mai bine care este impactul schimb\u0103rilor climatice asupra criosferei din Antarctica. Obiectivul nostru principal este de a contribui la consolidarea cercet\u0103rii rom\u00e2ne\u0219ti \u00een medii polare.\u201d<\/em>, a explicat Alexandru Onaca.<\/p>\n<div class=\"flex max-w-full flex-col gap-4 grow\">\n<div class=\"min-h-8 text-message relative flex w-full flex-col items-end gap-2 text-start break-words whitespace-normal outline-none keyboard-focused:focus-ring [.text-message+&amp;]:mt-1\" dir=\"auto\" data-message-author-role=\"assistant\" data-message-id=\"b8b445ba-6259-4565-ab4f-598cc0eeeae5\" data-message-model-slug=\"gpt-5-6-mini\" data-turn-start-message=\"true\">\n<div class=\"flex w-full flex-col gap-1 empty:hidden\">\n<div class=\"markdown prose dark:prose-invert wrap-break-word w-full light markdown-new-styling\">\n<p class=\"PDq2pG_selectionAnchorContainer\" data-start=\"0\" data-end=\"187\" data-is-last-node data-is-only-node>Expedi\u021bia face parte din programul ROICE, coordonat de INCDSB. Cercet\u0103torii vor lua probe de aer, ap\u0103, sol, ghea\u021b\u0103 \u0219i sedimente. Vor studia \u0219i microorganismele \u0219i eventualii contaminan\u021bi.<\/p>\n<\/div>\n<\/div>\n<\/div>\n<\/div>\n<p class=\"isSelectedEnd\">Pentru UVT, participarea la expedi\u021bie este o premier\u0103.<\/p>\n<p class=\"isSelectedEnd\"><em>\u201eRom\u00e2nia de patru ani are o delega\u021bie care particip\u0103 \u00een Antarctica \u00een domeniul cercet\u0103rii, sub coordonarea Institutului Na\u021bional de Cercetare-Dezvoltare \u00een domeniul \u0218tiin\u021belor Biologice. \u00cen acest an, UVT este membr\u0103 a acestei delega\u021bii.\u201d<\/em>, a\u00a0 declarat Marilen Pirtea, rectorul Universit\u0103\u021bii de Vest din Timi\u0219oara.<\/p>\n<p>Cercet\u0103rile nu se vor \u00eencheia odat\u0103 cu \u00eentoarcerea echipei. Datele \u0219i probele aduse din Antarctica vor fi analizate ulterior \u0219i vor putea fi folosite \u00een noi studii \u0219i proiecte de cercetare.<\/p>\n<div class=\"rkskl6a93804592492\"><a href=\"https:\/\/www.banatica.ro\/ro\/home-ro\/\" target=\"_blank\" rel=\"noopener noreferrer ugc sponsored\" title=\"Stiri Timisoara si Resita\"><img loading=\"lazy\" decoding=\"async\" class=\"size-full wp-image-819842 perfmatters-lazy\" src=\"https:\/\/cdn.expressdebanat.ro\/wp-content\/uploads\/2024\/04\/Banatica_1000x100.jpg\" alt=\"Stiri Timisoara si Resita Revista Banatica 1000x100\" width=\"1000\" height=\"100\"><img loading=\"lazy\" decoding=\"async\" class=\"size-full wp-image-819842\" src=\"https:\/\/cdn.expressdebanat.ro\/wp-content\/uploads\/2024\/04\/Banatica_1000x100.jpg\" alt=\"Stiri Timisoara si Resita Revista Banatica 1000x100\" width=\"1000\" height=\"100\"><\/a><\/div>\n<\/div>\n<div id=\"social-box\">\n<ul class=\"post-social\">\n<li class=\"fb-line\">\n<li><a href=\"http:\/\/twitter.com\/share\" class=\"twitter-share-button\" data-lang=\"en\" data-count=\"horizontal\">Tweet<\/a><\/li>\n<li>\n<li><a href=\"http:\/\/pinterest.com\/pin\/create\/button\/?url=https%3A%2F%2Fexpressdebanat.ro%2Fde-la-timisoara-la-capatul-lumii-un-cercetator-uvt-pleaca-in-antarctica%2F&amp;media=https:\/\/cdn.expressdebanat.ro\/wp-content\/uploads\/2026\/08\/expeditie-antarctica-scaled.jpg&amp;description=De%20la%20Timi%C8%99oara%20la%20cap%C4%83tul%20lumii.%20Un%20cercet%C4%83tor%20UVT%20pleac%C4%83%20%C3%AEn%20Antarctica\" class=\"pin-it-button\">Pin It<\/a><\/li>\n<\/ul>\n<\/div>\n<\/div>\n<div id=\"content-area\">\n<div class=\"post-image\"><img loading=\"lazy\" decoding=\"async\" width=\"620\" height=\"400\" src=\"https:\/\/cdn.expressdebanat.ro\/wp-content\/uploads\/2026\/08\/expeditie-antarctica-620x400.jpg\" class=\"attachment-post-thumb size-post-thumb wp-post-image perfmatters-lazy\" alt=\"expeditie antarctica\"><img loading=\"lazy\" decoding=\"async\" width=\"620\" height=\"400\" src=\"https:\/\/cdn.expressdebanat.ro\/wp-content\/uploads\/2026\/08\/expeditie-antarctica-620x400.jpg\" class=\"attachment-post-thumb size-post-thumb wp-post-image\" alt=\"expeditie antarctica\"><\/div>\n<div class=\"ypslr6a9380459245d\"><a href=\"https:\/\/www.uvvg.ro\/vreau-sa-studiez\/?utm_source=expresbanat.ro&amp;utm_campaign=thirdparties&amp;utm_content=banner-gif\"><img loading=\"lazy\" decoding=\"async\" class=\"size-full wp-image-975109 perfmatters-lazy\" src=\"https:\/\/cdn.expressdebanat.ro\/wp-content\/uploads\/2026\/06\/generated.gif\" alt=\"UVVG 2026\" width=\"1000\" height=\"100\"><img loading=\"lazy\" decoding=\"async\" class=\"size-full wp-image-975109\" src=\"https:\/\/cdn.expressdebanat.ro\/wp-content\/uploads\/2026\/06\/generated.gif\" alt=\"UVVG 2026\" width=\"1000\" height=\"100\"><\/a><\/div>\n<p class=\"isSelectedEnd\"><strong>Universitatea de Vest din Timi\u0219oara particip\u0103 pentru prima dat\u0103 la o expedi\u021bie \u0219tiin\u021bific\u0103 \u00een Antarctica. Cercet\u0103torul Alexandru Onaca va studia permafrostul \u0219i va face m\u0103sur\u0103tori \u0219i observa\u021bii pentru a vedea mai bine cum sunt afectate zonele polare de schimb\u0103rile climatice.<\/strong><\/p>\n<p class=\"isSelectedEnd\">Alexandru Onaca, cercet\u0103tor la Departamentul de Geografie al Universit\u0103\u021bii de Vest din Timi\u0219oara, va reprezenta UVT \u00een expedi\u021bia din Antarctica, programat\u0103 pentru luna decembrie.<\/p>\n<p class=\"isSelectedEnd\">Este prima dat\u0103 c\u00e2nd un cercet\u0103tor al universit\u0103\u021bii timi\u0219orene particip\u0103 la o astfel de expedi\u021bie. Rom\u00e2nia desf\u0103\u0219oar\u0103 de mai mul\u021bi ani cercet\u0103ri \u00een Antarctica, printr-un program coordonat de Institutul Na\u021bional de Cercetare-Dezvoltare pentru \u0218tiin\u021be Biologice (INCDSB), \u00een colaborare cu Institutul Coreean de Cercet\u0103ri Polare.<\/p>\n<div id=\"attachment_981631\" class=\"wp-caption aligncenter\"><a href=\"https:\/\/cdn.expressdebanat.ro\/wp-content\/uploads\/2026\/08\/Alexandru-Onaca-UVT-e1787589830261.jpg\" rel=\"attachment wp-att-981631\"><img loading=\"lazy\" decoding=\"async\" aria-describedby=\"caption-attachment-981631\" class=\"wp-image-981631 size-full perfmatters-lazy\" title=\"alexandru onaca uvt\" src=\"https:\/\/cdn.expressdebanat.ro\/wp-content\/uploads\/2026\/08\/Alexandru-Onaca-UVT-e1787589830261.jpg\" alt=\"alexandru onaca uvt\" width=\"800\" height=\"595\"><img loading=\"lazy\" decoding=\"async\" aria-describedby=\"caption-attachment-981631\" class=\"wp-image-981631 size-full\" title=\"alexandru onaca uvt\" src=\"https:\/\/cdn.expressdebanat.ro\/wp-content\/uploads\/2026\/08\/Alexandru-Onaca-UVT-e1787589830261.jpg\" alt=\"alexandru onaca uvt\" width=\"800\" height=\"595\"><\/a><\/p>\n<p id=\"caption-attachment-981631\" class=\"wp-caption-text\">Alexandru Onaca, cercet\u0103tor \u00een cadrul Departamentului de Geografie al UVT, va reprezenta universitatea \u00een expedi\u021bia \u0219tiin\u021bific\u0103 din Antarctica<\/p>\n<\/div>\n<p class=\"isSelectedEnd\"><em>\u201eAceast\u0103 expedi\u021bie \u0219tiin\u021bific\u0103 \u00een Antarctica este o oportunitate unic\u0103 pentru noi \u00een a \u00een\u021belege cum opereaz\u0103 aceste procese \u00een medii polare \u00een care clima este un pic diferit\u0103. Ne propunem acolo s\u0103 facem \u00een principal observa\u021bii asupra permafrostului \u0219i caracteristicilor sale.\u201d<\/em>, a declarat Alexandru Onaca.<\/p>\n<p class=\"isSelectedEnd\">Cercet\u0103torul UVT va sta 16 zile la sta\u021bia antarctic\u0103 King Sejong, unde va face m\u0103sur\u0103tori \u0219i observa\u021bii \u00een teren.<\/p>\n<p class=\"isSelectedEnd\"><em>\u201eVom \u00eentreprinde m\u0103sur\u0103tori geofizice ale unor parametri meteorologici \u0219i vom face observa\u021bii asupra proceselor care au loc \u00een vecin\u0103tatea calotei glaciare pentru a \u00een\u021belege mai bine care este impactul schimb\u0103rilor climatice asupra criosferei din Antarctica. Obiectivul nostru principal este de a contribui la consolidarea cercet\u0103rii rom\u00e2ne\u0219ti \u00een medii polare.\u201d<\/em>, a explicat Alexandru Onaca.<\/p>\n<div class=\"flex max-w-full flex-col gap-4 grow\">\n<div class=\"min-h-8 text-message relative flex w-full flex-col items-end gap-2 text-start break-words whitespace-normal outline-none keyboard-focused:focus-ring [.text-message+&amp;]:mt-1\" dir=\"auto\" data-message-author-role=\"assistant\" data-message-id=\"b8b445ba-6259-4565-ab4f-598cc0eeeae5\" data-message-model-slug=\"gpt-5-6-mini\" data-turn-start-message=\"true\">\n<div class=\"flex w-full flex-col gap-1 empty:hidden\">\n<div class=\"markdown prose dark:prose-invert wrap-break-word w-full light markdown-new-styling\">\n<p class=\"PDq2pG_selectionAnchorContainer\" data-start=\"0\" data-end=\"187\" data-is-last-node data-is-only-node>Expedi\u021bia face parte din programul ROICE, coordonat de INCDSB. Cercet\u0103torii vor lua probe de aer, ap\u0103, sol, ghea\u021b\u0103 \u0219i sedimente. Vor studia \u0219i microorganismele \u0219i eventualii contaminan\u021bi.<\/p>\n<\/div>\n<\/div>\n<\/div>\n<\/div>\n<p class=\"isSelectedEnd\">Pentru UVT, participarea la expedi\u021bie este o premier\u0103.<\/p>\n<p class=\"isSelectedEnd\"><em>\u201eRom\u00e2nia de patru ani are o delega\u021bie care particip\u0103 \u00een Antarctica \u00een domeniul cercet\u0103rii, sub coordonarea Institutului Na\u021bional de Cercetare-Dezvoltare \u00een domeniul \u0218tiin\u021belor Biologice. \u00cen acest an, UVT este membr\u0103 a acestei delega\u021bii.\u201d<\/em>, a\u00a0 declarat Marilen Pirtea, rectorul Universit\u0103\u021bii de Vest din Timi\u0219oara.<\/p>\n<p>Cercet\u0103rile nu se vor \u00eencheia odat\u0103 cu \u00eentoarcerea echipei. Datele \u0219i probele aduse din Antarctica vor fi analizate ulterior \u0219i vor putea fi folosite \u00een noi studii \u0219i proiecte de cercetare.<\/p>\n<div class=\"rkskl6a93804592492\"><a href=\"https:\/\/www.banatica.ro\/ro\/home-ro\/\" target=\"_blank\" rel=\"noopener noreferrer ugc sponsored\" title=\"Stiri Timisoara si Resita\"><img loading=\"lazy\" decoding=\"async\" class=\"size-full wp-image-819842 perfmatters-lazy\" src=\"https:\/\/cdn.expressdebanat.ro\/wp-content\/uploads\/2024\/04\/Banatica_1000x100.jpg\" alt=\"Stiri Timisoara si Resita Revista Banatica 1000x100\" width=\"1000\" height=\"100\"><img loading=\"lazy\" decoding=\"async\" class=\"size-full wp-image-819842\" src=\"https:\/\/cdn.expressdebanat.ro\/wp-content\/uploads\/2024\/04\/Banatica_1000x100.jpg\" alt=\"Stiri Timisoara si Resita Revista Banatica 1000x100\" width=\"1000\" height=\"100\"><\/a><\/div>\n<\/div>\n<p>[analyse_source url=&#8221;https:\/\/expressdebanat.ro\/de-la-timisoara-la-capatul-lumii-un-cercetator-uvt-pleaca-in-antarctica\/&#8221;]<\/p>\n","protected":false},"excerpt":{"rendered":"<p>[analyse_image type=&#8221;featured&#8221; src=&#8221;https:\/\/cdn.expressdebanat.ro\/wp-content\/uploads\/2026\/08\/expeditie-antarctica-scaled.jpghttps:\/\/cdn.expressdebanat.ro\/wp-content\/uploads\/2026\/08\/Alexandru-Onaca-UVT-e1787589830261.jpg&#8221;] Universitatea de Vest din Timi\u0219oara particip\u0103 pentru prima dat\u0103 la o expedi\u021bie \u0219tiin\u021bific\u0103 \u00een Antarctica. Cercet\u0103torul Alexandru Onaca va studia permafrostul \u0219i va face m\u0103sur\u0103tori \u0219i observa\u021bii pentru a vedea mai bine cum sunt afectate zonele polare de schimb\u0103rile climatice. Alexandru Onaca, cercet\u0103tor la Departamentul de Geografie al Universit\u0103\u021bii de Vest din [&hellip;]<\/p>\n","protected":false},"author":1,"featured_media":0,"comment_status":"open","ping_status":"","sticky":false,"template":"","format":"standard","meta":{"footnotes":""},"categories":[89],"tags":[226,196],"class_list":["post-2118656","post","type-post","status-publish","format-standard","hentry","category-romania","tag-crawlmanager","tag-expressdebanat-ro"],"_links":{"self":[{"href":"https:\/\/analyse.optim.biz\/index.php?rest_route=\/wp\/v2\/posts\/2118656","targetHints":{"allow":["GET"]}}],"collection":[{"href":"https:\/\/analyse.optim.biz\/index.php?rest_route=\/wp\/v2\/posts"}],"about":[{"href":"https:\/\/analyse.optim.biz\/index.php?rest_route=\/wp\/v2\/types\/post"}],"author":[{"embeddable":true,"href":"https:\/\/analyse.optim.biz\/index.php?rest_route=\/wp\/v2\/users\/1"}],"replies":[{"embeddable":true,"href":"https:\/\/analyse.optim.biz\/index.php?rest_route=%2Fwp%2Fv2%2Fcomments&post=2118656"}],"version-history":[{"count":0,"href":"https:\/\/analyse.optim.biz\/index.php?rest_route=\/wp\/v2\/posts\/2118656\/revisions"}],"wp:attachment":[{"href":"https:\/\/analyse.optim.biz\/index.php?rest_route=%2Fwp%2Fv2%2Fmedia&parent=2118656"}],"wp:term":[{"taxonomy":"category","embeddable":true,"href":"https:\/\/analyse.optim.biz\/index.php?rest_route=%2Fwp%2Fv2%2Fcategories&post=2118656"},{"taxonomy":"post_tag","embeddable":true,"href":"https:\/\/analyse.optim.biz\/index.php?rest_route=%2Fwp%2Fv2%2Ftags&post=2118656"}],"curies":[{"name":"wp","href":"https:\/\/api.w.org\/{rel}","templated":true}]}}