{"id":2118647,"date":"2026-08-26T08:43:22","date_gmt":"2026-08-26T05:43:22","guid":{"rendered":"https:\/\/analyse.optim.biz\/?p=2118647"},"modified":"2026-08-26T08:43:22","modified_gmt":"2026-08-26T05:43:22","slug":"a-demisionat-din-cj-timis-pentru-o-incompatibilitate-care-de-fapt-nu-ar-exista-cazul-directorului-csm-timisoara","status":"publish","type":"post","link":"https:\/\/analyse.optim.biz\/?p=2118647","title":{"rendered":"A demisionat din CJ Timi\u0219 pentru o incompatibilitate care, de fapt, nu ar exista. Cazul directorului CSM Timi\u0219oara"},"content":{"rendered":"<p>[analyse_image type=&#8221;featured&#8221; src=&#8221;https:\/\/cdn.expressdebanat.ro\/wp-content\/uploads\/2026\/08\/Laurentiu-Marian-USR-demisie-CJT.jpg&#8221;]<\/p>\n<div id=\"post-area\" class=\"post-981730 post type-post status-publish format-standard has-post-thumbnail hentry category-administratie category-timis category-timisoara tag-articol-principal tag-cj-timis tag-consilieri-judeteni tag-cseke-attila tag-important tag-incompatibilitate tag-laurentiu-marian\">\n<div id=\"social-box\">\n<ul class=\"post-social\">\n<li class=\"social-share-button\">\n<li class=\"social-share-button\">\n<li class=\"social-share-button\"><\/ul>\n<\/div>\n<div id=\"content-area\">\n<div class=\"post-image\"><img loading=\"lazy\" decoding=\"async\" width=\"620\" height=\"400\" src=\"https:\/\/cdn.expressdebanat.ro\/wp-content\/uploads\/2026\/08\/Laurentiu-Marian-USR-demisie-CJT-620x400.jpg\" class=\"attachment-post-thumb size-post-thumb wp-post-image perfmatters-lazy\" alt=\"laurentiu marian usr demisie cjt\"><img loading=\"lazy\" decoding=\"async\" width=\"620\" height=\"400\" src=\"https:\/\/cdn.expressdebanat.ro\/wp-content\/uploads\/2026\/08\/Laurentiu-Marian-USR-demisie-CJT-620x400.jpg\" class=\"attachment-post-thumb size-post-thumb wp-post-image\" alt=\"laurentiu marian usr demisie cjt\"><\/div>\n<div class=\"oavke6a9344f421df2\"><a href=\"https:\/\/www.facebook.com\/clinicavestmed\"><img loading=\"lazy\" decoding=\"async\" class=\"size-full wp-image-961300 perfmatters-lazy\" src=\"https:\/\/cdn.expressdebanat.ro\/wp-content\/uploads\/2026\/02\/WhatsApp-Image-2026-02-03-at-11.55.13.jpeg\" alt=\"vestmed 1000x200\" width=\"1000\" height=\"200\"><img loading=\"lazy\" decoding=\"async\" class=\"size-full wp-image-961300\" src=\"https:\/\/cdn.expressdebanat.ro\/wp-content\/uploads\/2026\/02\/WhatsApp-Image-2026-02-03-at-11.55.13.jpeg\" alt=\"vestmed 1000x200\" width=\"1000\" height=\"200\"><\/a><a href=\"https:\/\/www.cei.ro\/\" target=\"_blank\" rel=\"noopener noreferrer sponsored ugc\" title=\"Publicitate in ziar online Express de Banat, \u0218tiri din Timi\u0219oara \u0219i Re\u0219i\u021ba\"><source data-srcset=\"https:\/\/cdn.expressdebanat.ro\/wp-content\/uploads\/2020\/11\/1000-100.webp \" type=\"image\/webp\" \/><\/a><\/div>\n<p class=\"isSelectedEnd\"><strong>Lauren\u021biu Marian (USR) \u0219i-a dat demisia din CJ Timi\u0219 la \u00eenceputul s\u0103pt\u0103m\u00e2nii, dup\u0103 ce a ap\u0103rut informa\u021bia c\u0103 func\u021bia sa de director al CSM Timi\u0219oara ar fi incompatibil\u0103 cu cea de consilier jude\u021bean. Miercuri, plenul a votat vacantarea postului, \u00eens\u0103 \u00eentre timp, ministrul Dezvolt\u0103rii a precizat c\u0103 aceast\u0103 incompatibilitate nu ar exista.<\/strong><\/p>\n<p class=\"isSelectedEnd\">Lauren\u021biu Marian \u0219i-a dat demisia din func\u021bia de consilier jude\u021bean pe 24 august, dup\u0103 apari\u021bia unor interpret\u0103ri potrivit c\u0103rora ale\u0219ii locali nu pot avea \u0219i un contract de munc\u0103 \u00een administra\u021bia public\u0103. Marian este director al CSM Timi\u0219oara.<\/p>\n<p class=\"isSelectedEnd\">Miercuri, plenul CJ Timi\u0219 a constatat \u00eencetarea mandatului s\u0103u \u0219i vacantarea locului de consilier jude\u021bean.<\/p>\n<p class=\"isSelectedEnd\">Demisia a fost depus\u0103 \u00eenainte ca Ministerul Dezvolt\u0103rii s\u0103 transmit\u0103 un punct de vedere pe aceast\u0103 tem\u0103. Ministrul Cseke Attila a precizat ulterior c\u0103, potrivit legisla\u021biei \u00een vigoare, nu exist\u0103 incompatibilitate \u00eentre func\u021bia de consilier local sau jude\u021bean \u0219i cea de personal contractual \u00een administra\u021bia public\u0103.<\/p>\n<p class=\"isSelectedEnd\">\u00cen \u0219edin\u021ba de plen de miercuri, consilierul jude\u021bean USR Petre Mih\u0103ie\u0219 a criticat situa\u021bia. Legea a fost neclar\u0103, a spus el.<\/p>\n<div class=\"cwjoz6a9344f421e3b\"><a href=\"https:\/\/www.facebook.com\/profile.php?id=100093207818602\" target=\"_blank\" title=\"Stiri Timisoara si Resita Publicitate online\" rel=\"noopener nofollow ugc sponsored\"><img loading=\"lazy\" decoding=\"async\" class=\"size-full wp-image-843025 perfmatters-lazy\" src=\"https:\/\/cdn.expressdebanat.ro\/wp-content\/uploads\/2024\/07\/WhatsApp-Image-2024-07-05-at-14.36.18.jpeg\" alt=\"Stiri Timisoara si Resita publicitate online dacus 05 iulie 2024\" width=\"1000\" height=\"100\"><img loading=\"lazy\" decoding=\"async\" class=\"size-full wp-image-843025\" src=\"https:\/\/cdn.expressdebanat.ro\/wp-content\/uploads\/2024\/07\/WhatsApp-Image-2024-07-05-at-14.36.18.jpeg\" alt=\"Stiri Timisoara si Resita publicitate online dacus 05 iulie 2024\" width=\"1000\" height=\"100\"><\/a><a href=\"https:\/\/www.brantner.com\/en\/group\/international-locations\/romania\/brantner-servicii-ecoogice-srl-resita.html\" target=\"_blank\" title=\"Stiri Timisoara si Resita Publicitate online\" rel=\"noopener nofollow ugc sponsored\"><img loading=\"lazy\" decoding=\"async\" class=\"size-full wp-image-804798 perfmatters-lazy\" src=\"https:\/\/cdn.expressdebanat.ro\/wp-content\/uploads\/2024\/02\/WhatsApp-Image-2024-02-05-at-11.32.01.jpeg\" alt=\"Stiri Timisoara Publicitate online Brantner 1000x100px\" width=\"970\" height=\"90\"><img loading=\"lazy\" decoding=\"async\" class=\"size-full wp-image-804798\" src=\"https:\/\/cdn.expressdebanat.ro\/wp-content\/uploads\/2024\/02\/WhatsApp-Image-2024-02-05-at-11.32.01.jpeg\" alt=\"Stiri Timisoara Publicitate online Brantner 1000x100px\" width=\"970\" height=\"90\"><\/a><\/div>\n<p class=\"isSelectedEnd\"><em>\u201eColegul nostru \u0219i-a dat demisia, un act unilateral de voin\u021b\u0103, produce efecte juridice. Dup\u0103 p\u0103rerea mea, aceast\u0103 lege a fost neclar\u0103, ceea ce l-a dus pe colegul nostru \u00een aceast\u0103 situa\u021bie. Ulterior au ap\u0103rut ni\u0219te preciz\u0103ri la minut.\u201d<\/em>, a declarat Petre Mih\u0103ie\u0219.<\/p>\n<p class=\"isSelectedEnd\">Consilierul USR a precizat c\u0103, dac\u0103 ar fi fost posibil, ar fi retras proiectul prin care CJ Timi\u0219 a constatat \u00eencetarea mandatului lui Marian.<\/p>\n<p class=\"isSelectedEnd\"><em>\u201e\u00cen\u021beleg c\u0103 oricum nu e posibil tehnic s\u0103 retragem acest proiect, pentru c\u0103 eu l-a\u0219 fi retras. Noi am candidat \u00een ni\u0219te condi\u021bii. Dac\u0103 apare ulterior o condi\u021bie restrictiv\u0103, ea trebuie s\u0103 \u00ee\u0219i fac\u0103 efectele dup\u0103 ce omul \u00ee\u0219i termin\u0103 mandatul. Mie \u00eemi pare r\u0103u c\u0103 a plecat colegul nostru din Consiliul Jude\u021bean. Sper ca pe viitor s\u0103 nu mai fim \u00een condi\u021bii de acest fel.\u201d<\/em>, a afirmat Mih\u0103ie\u0219.<\/p>\n<p>Prin hot\u0103r\u00e2rea adoptat\u0103 miercuri, CJ Timi\u0219 a vacantat oficial locul ocupat de Lauren\u021biu Marian. Postul ar urma s\u0103 fie ocupat de urm\u0103torul candidat de pe lista Alian\u021bei Dreapta Unit\u0103, Adriana-Gabriela Corbeanu, farmacist\u0103 din Lugoj. Nu este clar deocamdat\u0103 dac\u0103 va accepta mandatul. \u00cen caz contrar, urm\u0103torii pe list\u0103 sunt Nicolae Dop, Florian Feraru, Cristian M\u0103r\u0103cineanu \u0219i Cosmin-Dumitru \u0218imonca.<\/p>\n<div class=\"cznrj6a9344f421e75\"><a href=\"https:\/\/maxagro.ro\/\" target=\"_blank\" rel=\"noopener noreferrer sponsored ugc\" title=\"Stiri Timisoara si Resita Promovare online in Express de Banat\"><img loading=\"lazy\" decoding=\"async\" width=\"1500\" height=\"300\" class=\"size-full wp-image-752850 perfmatters-lazy\" src=\"https:\/\/cdn.expressdebanat.ro\/wp-content\/uploads\/2023\/05\/banner-maxagro.jpg\" alt=\"stiri Timisoara publicitate si promovare online banner maxagro\"><img loading=\"lazy\" decoding=\"async\" width=\"1500\" height=\"300\" class=\"size-full wp-image-752850\" src=\"https:\/\/cdn.expressdebanat.ro\/wp-content\/uploads\/2023\/05\/banner-maxagro.jpg\" alt=\"stiri Timisoara publicitate si promovare online banner maxagro\"><\/a><\/div>\n<\/div>\n<div id=\"social-box\">\n<ul class=\"post-social\">\n<li class=\"fb-line\">\n<li><a href=\"http:\/\/twitter.com\/share\" class=\"twitter-share-button\" data-lang=\"en\" data-count=\"horizontal\">Tweet<\/a><\/li>\n<li>\n<li><a href=\"http:\/\/pinterest.com\/pin\/create\/button\/?url=https%3A%2F%2Fexpressdebanat.ro%2Fa-demisionat-din-cj-timis-pentru-o-incompatibilitate-care-de-fapt-nu-ar-exista-cazul-directorului-csm-timisoara%2F&amp;media=https:\/\/cdn.expressdebanat.ro\/wp-content\/uploads\/2026\/08\/Laurentiu-Marian-USR-demisie-CJT.jpg&amp;description=A%20demisionat%20din%20CJ%20Timi%C8%99%20pentru%20o%20incompatibilitate%20care,%20de%20fapt,%20nu%20ar%20exista.%20Cazul%20directorului%20CSM%20Timi%C8%99oara\" class=\"pin-it-button\">Pin It<\/a><\/li>\n<\/ul>\n<\/div>\n<\/div>\n<div id=\"content-area\">\n<div class=\"post-image\"><img loading=\"lazy\" decoding=\"async\" width=\"620\" height=\"400\" src=\"https:\/\/cdn.expressdebanat.ro\/wp-content\/uploads\/2026\/08\/Laurentiu-Marian-USR-demisie-CJT-620x400.jpg\" class=\"attachment-post-thumb size-post-thumb wp-post-image perfmatters-lazy\" alt=\"laurentiu marian usr demisie cjt\"><img loading=\"lazy\" decoding=\"async\" width=\"620\" height=\"400\" src=\"https:\/\/cdn.expressdebanat.ro\/wp-content\/uploads\/2026\/08\/Laurentiu-Marian-USR-demisie-CJT-620x400.jpg\" class=\"attachment-post-thumb size-post-thumb wp-post-image\" alt=\"laurentiu marian usr demisie cjt\"><\/div>\n<div class=\"oavke6a9344f421df2\"><a href=\"https:\/\/www.facebook.com\/clinicavestmed\"><img loading=\"lazy\" decoding=\"async\" class=\"size-full wp-image-961300 perfmatters-lazy\" src=\"https:\/\/cdn.expressdebanat.ro\/wp-content\/uploads\/2026\/02\/WhatsApp-Image-2026-02-03-at-11.55.13.jpeg\" alt=\"vestmed 1000x200\" width=\"1000\" height=\"200\"><img loading=\"lazy\" decoding=\"async\" class=\"size-full wp-image-961300\" src=\"https:\/\/cdn.expressdebanat.ro\/wp-content\/uploads\/2026\/02\/WhatsApp-Image-2026-02-03-at-11.55.13.jpeg\" alt=\"vestmed 1000x200\" width=\"1000\" height=\"200\"><\/a><a href=\"https:\/\/www.cei.ro\/\" target=\"_blank\" rel=\"noopener noreferrer sponsored ugc\" title=\"Publicitate in ziar online Express de Banat, \u0218tiri din Timi\u0219oara \u0219i Re\u0219i\u021ba\"><source data-srcset=\"https:\/\/cdn.expressdebanat.ro\/wp-content\/uploads\/2020\/11\/1000-100.webp \" type=\"image\/webp\" \/><\/a><\/div>\n<p class=\"isSelectedEnd\"><strong>Lauren\u021biu Marian (USR) \u0219i-a dat demisia din CJ Timi\u0219 la \u00eenceputul s\u0103pt\u0103m\u00e2nii, dup\u0103 ce a ap\u0103rut informa\u021bia c\u0103 func\u021bia sa de director al CSM Timi\u0219oara ar fi incompatibil\u0103 cu cea de consilier jude\u021bean. Miercuri, plenul a votat vacantarea postului, \u00eens\u0103 \u00eentre timp, ministrul Dezvolt\u0103rii a precizat c\u0103 aceast\u0103 incompatibilitate nu ar exista.<\/strong><\/p>\n<p class=\"isSelectedEnd\">Lauren\u021biu Marian \u0219i-a dat demisia din func\u021bia de consilier jude\u021bean pe 24 august, dup\u0103 apari\u021bia unor interpret\u0103ri potrivit c\u0103rora ale\u0219ii locali nu pot avea \u0219i un contract de munc\u0103 \u00een administra\u021bia public\u0103. Marian este director al CSM Timi\u0219oara.<\/p>\n<p class=\"isSelectedEnd\">Miercuri, plenul CJ Timi\u0219 a constatat \u00eencetarea mandatului s\u0103u \u0219i vacantarea locului de consilier jude\u021bean.<\/p>\n<p class=\"isSelectedEnd\">Demisia a fost depus\u0103 \u00eenainte ca Ministerul Dezvolt\u0103rii s\u0103 transmit\u0103 un punct de vedere pe aceast\u0103 tem\u0103. Ministrul Cseke Attila a precizat ulterior c\u0103, potrivit legisla\u021biei \u00een vigoare, nu exist\u0103 incompatibilitate \u00eentre func\u021bia de consilier local sau jude\u021bean \u0219i cea de personal contractual \u00een administra\u021bia public\u0103.<\/p>\n<p class=\"isSelectedEnd\">\u00cen \u0219edin\u021ba de plen de miercuri, consilierul jude\u021bean USR Petre Mih\u0103ie\u0219 a criticat situa\u021bia. Legea a fost neclar\u0103, a spus el.<\/p>\n<div class=\"cwjoz6a9344f421e3b\"><a href=\"https:\/\/www.facebook.com\/profile.php?id=100093207818602\" target=\"_blank\" title=\"Stiri Timisoara si Resita Publicitate online\" rel=\"noopener nofollow ugc sponsored\"><img loading=\"lazy\" decoding=\"async\" class=\"size-full wp-image-843025 perfmatters-lazy\" src=\"https:\/\/cdn.expressdebanat.ro\/wp-content\/uploads\/2024\/07\/WhatsApp-Image-2024-07-05-at-14.36.18.jpeg\" alt=\"Stiri Timisoara si Resita publicitate online dacus 05 iulie 2024\" width=\"1000\" height=\"100\"><img loading=\"lazy\" decoding=\"async\" class=\"size-full wp-image-843025\" src=\"https:\/\/cdn.expressdebanat.ro\/wp-content\/uploads\/2024\/07\/WhatsApp-Image-2024-07-05-at-14.36.18.jpeg\" alt=\"Stiri Timisoara si Resita publicitate online dacus 05 iulie 2024\" width=\"1000\" height=\"100\"><\/a><a href=\"https:\/\/www.brantner.com\/en\/group\/international-locations\/romania\/brantner-servicii-ecoogice-srl-resita.html\" target=\"_blank\" title=\"Stiri Timisoara si Resita Publicitate online\" rel=\"noopener nofollow ugc sponsored\"><img loading=\"lazy\" decoding=\"async\" class=\"size-full wp-image-804798 perfmatters-lazy\" src=\"https:\/\/cdn.expressdebanat.ro\/wp-content\/uploads\/2024\/02\/WhatsApp-Image-2024-02-05-at-11.32.01.jpeg\" alt=\"Stiri Timisoara Publicitate online Brantner 1000x100px\" width=\"970\" height=\"90\"><img loading=\"lazy\" decoding=\"async\" class=\"size-full wp-image-804798\" src=\"https:\/\/cdn.expressdebanat.ro\/wp-content\/uploads\/2024\/02\/WhatsApp-Image-2024-02-05-at-11.32.01.jpeg\" alt=\"Stiri Timisoara Publicitate online Brantner 1000x100px\" width=\"970\" height=\"90\"><\/a><\/div>\n<p class=\"isSelectedEnd\"><em>\u201eColegul nostru \u0219i-a dat demisia, un act unilateral de voin\u021b\u0103, produce efecte juridice. Dup\u0103 p\u0103rerea mea, aceast\u0103 lege a fost neclar\u0103, ceea ce l-a dus pe colegul nostru \u00een aceast\u0103 situa\u021bie. Ulterior au ap\u0103rut ni\u0219te preciz\u0103ri la minut.\u201d<\/em>, a declarat Petre Mih\u0103ie\u0219.<\/p>\n<p class=\"isSelectedEnd\">Consilierul USR a precizat c\u0103, dac\u0103 ar fi fost posibil, ar fi retras proiectul prin care CJ Timi\u0219 a constatat \u00eencetarea mandatului lui Marian.<\/p>\n<p class=\"isSelectedEnd\"><em>\u201e\u00cen\u021beleg c\u0103 oricum nu e posibil tehnic s\u0103 retragem acest proiect, pentru c\u0103 eu l-a\u0219 fi retras. Noi am candidat \u00een ni\u0219te condi\u021bii. Dac\u0103 apare ulterior o condi\u021bie restrictiv\u0103, ea trebuie s\u0103 \u00ee\u0219i fac\u0103 efectele dup\u0103 ce omul \u00ee\u0219i termin\u0103 mandatul. Mie \u00eemi pare r\u0103u c\u0103 a plecat colegul nostru din Consiliul Jude\u021bean. Sper ca pe viitor s\u0103 nu mai fim \u00een condi\u021bii de acest fel.\u201d<\/em>, a afirmat Mih\u0103ie\u0219.<\/p>\n<p>Prin hot\u0103r\u00e2rea adoptat\u0103 miercuri, CJ Timi\u0219 a vacantat oficial locul ocupat de Lauren\u021biu Marian. Postul ar urma s\u0103 fie ocupat de urm\u0103torul candidat de pe lista Alian\u021bei Dreapta Unit\u0103, Adriana-Gabriela Corbeanu, farmacist\u0103 din Lugoj. Nu este clar deocamdat\u0103 dac\u0103 va accepta mandatul. \u00cen caz contrar, urm\u0103torii pe list\u0103 sunt Nicolae Dop, Florian Feraru, Cristian M\u0103r\u0103cineanu \u0219i Cosmin-Dumitru \u0218imonca.<\/p>\n<div class=\"cznrj6a9344f421e75\"><a href=\"https:\/\/maxagro.ro\/\" target=\"_blank\" rel=\"noopener noreferrer sponsored ugc\" title=\"Stiri Timisoara si Resita Promovare online in Express de Banat\"><img loading=\"lazy\" decoding=\"async\" width=\"1500\" height=\"300\" class=\"size-full wp-image-752850 perfmatters-lazy\" src=\"https:\/\/cdn.expressdebanat.ro\/wp-content\/uploads\/2023\/05\/banner-maxagro.jpg\" alt=\"stiri Timisoara publicitate si promovare online banner maxagro\"><img loading=\"lazy\" decoding=\"async\" width=\"1500\" height=\"300\" class=\"size-full wp-image-752850\" src=\"https:\/\/cdn.expressdebanat.ro\/wp-content\/uploads\/2023\/05\/banner-maxagro.jpg\" alt=\"stiri Timisoara publicitate si promovare online banner maxagro\"><\/a><\/div>\n<\/div>\n<p>[analyse_source url=&#8221;https:\/\/expressdebanat.ro\/a-demisionat-din-cj-timis-pentru-o-incompatibilitate-care-de-fapt-nu-ar-exista-cazul-directorului-csm-timisoara\/&#8221;]<\/p>\n","protected":false},"excerpt":{"rendered":"<p>[analyse_image type=&#8221;featured&#8221; src=&#8221;https:\/\/cdn.expressdebanat.ro\/wp-content\/uploads\/2026\/08\/Laurentiu-Marian-USR-demisie-CJT.jpg&#8221;] Lauren\u021biu Marian (USR) \u0219i-a dat demisia din CJ Timi\u0219 la \u00eenceputul s\u0103pt\u0103m\u00e2nii, dup\u0103 ce a ap\u0103rut informa\u021bia c\u0103 func\u021bia sa de director al CSM Timi\u0219oara ar fi incompatibil\u0103 cu cea de consilier jude\u021bean. Miercuri, plenul a votat vacantarea postului, \u00eens\u0103 \u00eentre timp, ministrul Dezvolt\u0103rii a precizat c\u0103 aceast\u0103 incompatibilitate nu ar exista. [&hellip;]<\/p>\n","protected":false},"author":1,"featured_media":0,"comment_status":"open","ping_status":"","sticky":false,"template":"","format":"standard","meta":{"footnotes":""},"categories":[89],"tags":[226,196],"class_list":["post-2118647","post","type-post","status-publish","format-standard","hentry","category-romania","tag-crawlmanager","tag-expressdebanat-ro"],"_links":{"self":[{"href":"https:\/\/analyse.optim.biz\/index.php?rest_route=\/wp\/v2\/posts\/2118647","targetHints":{"allow":["GET"]}}],"collection":[{"href":"https:\/\/analyse.optim.biz\/index.php?rest_route=\/wp\/v2\/posts"}],"about":[{"href":"https:\/\/analyse.optim.biz\/index.php?rest_route=\/wp\/v2\/types\/post"}],"author":[{"embeddable":true,"href":"https:\/\/analyse.optim.biz\/index.php?rest_route=\/wp\/v2\/users\/1"}],"replies":[{"embeddable":true,"href":"https:\/\/analyse.optim.biz\/index.php?rest_route=%2Fwp%2Fv2%2Fcomments&post=2118647"}],"version-history":[{"count":0,"href":"https:\/\/analyse.optim.biz\/index.php?rest_route=\/wp\/v2\/posts\/2118647\/revisions"}],"wp:attachment":[{"href":"https:\/\/analyse.optim.biz\/index.php?rest_route=%2Fwp%2Fv2%2Fmedia&parent=2118647"}],"wp:term":[{"taxonomy":"category","embeddable":true,"href":"https:\/\/analyse.optim.biz\/index.php?rest_route=%2Fwp%2Fv2%2Fcategories&post=2118647"},{"taxonomy":"post_tag","embeddable":true,"href":"https:\/\/analyse.optim.biz\/index.php?rest_route=%2Fwp%2Fv2%2Ftags&post=2118647"}],"curies":[{"name":"wp","href":"https:\/\/api.w.org\/{rel}","templated":true}]}}