{"id":2118609,"date":"2026-08-29T11:24:09","date_gmt":"2026-08-29T08:24:09","guid":{"rendered":"https:\/\/analyse.optim.biz\/?p=2118609"},"modified":"2026-08-29T11:24:09","modified_gmt":"2026-08-29T08:24:09","slug":"as-it-happened-sprint-decides-stage-8-of-the-vuelta-a-espana-on-a-day-where-the-red-jersey-changes-hands","status":"publish","type":"post","link":"https:\/\/analyse.optim.biz\/?p=2118609","title":{"rendered":"As it happened: sprint decides stage 8 of the Vuelta a Espa\u00f1a on a day where the red jersey changes hands"},"content":{"rendered":"<p>[analyse_image type=&#8221;featured&#8221; src=&#8221;https:\/\/cdn.mos.cms.futurecdn.net\/oUU4nmXSFM9oQu8rooJrTJ-1024-80.jpg&#8221;]<\/p>\n<article class=\"m-0 box-border flex flex-row items-center pr-2.5 gap-[15px] w-[278px] h-20 flex-none upnext-article-divider\" role=\"listitem\" aria-label=\"Recommended article 1 of 3\">\n<div class=\"relative flex-none w-20 h-20\">\n<p>    <img decoding=\"async\" src=\"https:\/\/cdn.mos.cms.futurecdn.net\/2YFiENWeo62WR9ixcZRWZS.jpg\" alt=\"FONT-ROMEU, FRANCE - AUGUST 24: Tadej Pogacar of Slovenia and UAE Team Emirates XRG - Red Leader Jersey competes during the La Vuelta - 81st Tour of Spain 2026, Stage 3 a 174km from Gruissan - Aude to Font Romeu 1941m \/ #UCIWT \/ on August 24, 2026 in Font Romeu, France. (Photo by Tim de Waele\/Getty Images)\" loading=\"lazy\" class=\"rounded-[var(--image--border-radius,0)] w-20 h-20 object-cover flex-none rounded-lg\"><\/p>\n<div class=\"flex items-center justify-center absolute w-4 h-6 left-0 top-0 bg-white\/90 flex-none z-[1]\" aria-hidden=\"true\">\n                                    <span class=\"font-normal text-base leading-[17px] tracking-[1.3px] uppercase text-black flex-none\">1<\/span>\n                                <\/div>\n<\/p><\/div>\n<div class=\"flex flex-col items-center justify-center gap-1.5 w-[173px] h-20 flex-none\">\n<p class=\"font-article-heading font-medium text-base leading-[21px] text-gray-800 w-[173px] line-clamp-3 group-hover:underline\">\n                                    As it happened: Vuelta a Espa\u00f1a stage 3 comes to a premature end\n                                <\/p>\n<\/p><\/div>\n<\/article>\n<article class=\"m-0 box-border flex flex-row items-center pr-2.5 gap-[15px] w-[278px] h-20 flex-none upnext-article-divider\" role=\"listitem\" aria-label=\"Recommended article 2 of 3\">\n<div class=\"relative flex-none w-20 h-20\">\n<p>    <img decoding=\"async\" src=\"https:\/\/cdn.mos.cms.futurecdn.net\/vETsTHza7k737YsxL2SqkR.jpg\" alt=\"ANDORRA LA VELLA, ANDORRA - AUGUST 25: Tadej Pogacar of Slovenia and UAE Team Emirates XRG - Red Leader Jersey attacks in the breakaway during the La Vuelta - 81st Tour of Spain 2026, Stage 4 a 104.8km from Andorra la Vella to Andorra la Vella \/ #UCIWT \/ on August 25, 2026 in Andorra la Vella, Andorra. (Photo by Tim de Waele\/Getty Images)\" loading=\"lazy\" class=\"rounded-[var(--image--border-radius,0)] w-20 h-20 object-cover flex-none rounded-lg\"><\/p>\n<div class=\"flex items-center justify-center absolute w-[18px] h-6 left-0 top-0 bg-white\/90 flex-none z-[1]\" aria-hidden=\"true\">\n                                    <span class=\"font-normal text-base leading-[17px] tracking-[1.3px] uppercase text-black flex-none\">2<\/span>\n                                <\/div>\n<\/p><\/div>\n<div class=\"flex flex-col items-center justify-center gap-1.5 w-[173px] h-20 flex-none\">\n<p class=\"font-article-heading font-medium text-base leading-[21px] text-gray-800 w-[173px] line-clamp-3 group-hover:underline\">\n                                    As it happened: Domination on stage 4 of the Vuelta a Espa\u00f1a with a long-range solo move in Andorra\n                                <\/p>\n<\/p><\/div>\n<\/article>\n<article class=\"m-0 box-border flex flex-row items-center pr-2.5 gap-[15px] w-[278px] h-20 flex-none\" role=\"listitem\" aria-label=\"Recommended article 3 of 3\">\n<div class=\"relative flex-none w-20 h-20\">\n<p>    <img decoding=\"async\" src=\"https:\/\/cdn.mos.cms.futurecdn.net\/CPxWbXXnNwNbQkNsPJbekJ.jpg\" alt=\"MANOSQUE, MONACO - AUGUST 23: A general view of Matthew Brennan of Great Britain and Team Visma | Lease a Bike, Mads Pedersen of Denmark and Team Lidl - Trek sprint at finish line during the La Vuelta - 81st Tour of Spain 2026, Stage 2 a 214.3km from Monaco to Manosque 408m \/ #UCIWT \/ on August 23, 2026 in Manosque, Monaco. (Photo by Alexander Hassenstein\/Getty Images)\" loading=\"lazy\" class=\"rounded-[var(--image--border-radius,0)] w-20 h-20 object-cover flex-none rounded-lg\"><\/p>\n<div class=\"flex items-center justify-center absolute w-[18px] h-6 left-0 top-0 bg-white\/90 flex-none z-[1]\" aria-hidden=\"true\">\n                                    <span class=\"font-normal text-base leading-[17px] tracking-[1.3px] uppercase text-black flex-none\">3<\/span>\n                                <\/div>\n<\/p><\/div>\n<div class=\"flex flex-col items-center justify-center gap-1.5 w-[173px] h-20 flex-none\">\n<p class=\"font-article-heading font-medium text-base leading-[21px] text-gray-800 w-[173px] line-clamp-3 group-hover:underline\">\n                                    As it happened: British sensation steals the show in first road stage at La Vuelta a Espa\u00f1a 2026\n                                <\/p>\n<\/p><\/div>\n<\/article>\n<article class=\"page-content-onecol flex-1\nlive-article\n\"><\/p>\n<div class=\"widget-area-group widget-area-group-2col flex flex-wrap box-border\">\n<div id=\"widgetArea16\" class=\"widget-area basis-full md:basis-2\/3 widget-area-g-md-vp-2-3 widget-area-g-lg-vp-2-3 widget-area-g-xl-vp-2-3 page-widget-area-16\">\n<div data-widget-type=\"hero\" id=\"hero\" class=\"clear-both widget widget-hero widget-hero widget-hero-hero hero-live news-article widget-hero widget-hero-fter-review\">\n<div class=\"clear-both widget-header\">\n<\/div>\n<div data-component-name=\"Article:Hero\" class=\"news-article\">\n<div class=\"header-container\">\n<nav class=\"breadcrumb\" aria-label=\"Breadcrumbs\">\n<ol>\n<li>\nPro Cycling\n<\/li>\n<li>\nRacing\n<\/li>\n<li>\nRoad\n<\/li>\n<li>\nVuelta a Espa\u00f1a\n<\/li>\n<\/ol>\n<\/nav>\n<header>\n<div class=\"header-sub-container\">\n<h1 class=\"review-title-long \">As it happened: sprint decides stage 8 of the Vuelta a Espa\u00f1a on a day where the red jersey changes hands<\/h1>\n<h2>Pu\u00e7ol to Xeraco, 171 km<br \/>\n<\/h2>\n<div class=\"vds-byline-block flex flex-row flex-nowrap my-1.5 gap-2 text-left items-start justify-start\" data-component-name=\"Article:BylineBlock\">\n<p>Live-reports<\/p>\n<div class=\"my-auto vds-simple-byline\">\n<span class=\"inline-block vds-author\"><br \/>\nBy<br \/>\nStephen Puddicombe <\/span><br \/>\n<span class=\"inline-block h-3 my-auto border-l border-solid vds-simple-byline__divider max-sm:hidden\"><\/span><\/p>\n<div class=\"flex gap-1 vds-byline-with-avatar__meta\">\n<span class=\"vds-date block font-normal tracking-normal normal-case text-xs\"><br \/>\nLast updated<br \/>\n<time data-component-name=\"UI:DateTime\" datetime=\"2026-08-29T16:31:13Z\" class=\"relative-date\"><br \/>\n29 August 2026<br \/>\n<\/time><br \/>\n<\/span>\n<\/div>\n<\/div>\n<\/div>\n<nav class=\"socialite-widget box less-space \" data-contexturl=\"https:\/\/www.cyclingnews.com\/pro-cycling\/live\/vuelta-a-espana-stage-8-live-can-the-sprinters-survive-a-late-climb\/\" data-mrf-recirculation=\"socialite\">\n<ul class=\"socialite-widget-ul\">\n<li class=\"socialite-widget-item social-facebook\">\n<\/li>\n<li class=\"socialite-widget-item social-twitter\">\n<\/li>\n<li class=\"socialite-widget-item social-pinterest\">\n<\/li>\n<li class=\"socialite-widget-item social-email\">\n<p><i class=\"icon icon-envelope-solid\"><\/i><\/p>\n<\/li>\n<\/ul>\n<p>    <span class=\"text-[color:var(--comment-count-text-color,inherit)]\"><span>0<\/span> <span class=\"visible hidden sm:inline-block\">Comments<\/span><\/span><br \/>\n    <span class=\"text-[color:var(--comment-count-text-color,inherit)] hidden visible sm:inline-block\">Join the conversation<\/span><\/p>\n<\/nav>\n<aside class=\"text-gray-700 flex items-center mx-0 my-5 p-0 justify-start text-left\" id=\"affiliate-disclaimer\" data-component-name=\"AffiliateDisclaimer\" data-hawk-message=\"Affiliate disclaimer removed because hawk deemed there are no affiliate links on this page\">\n<p class=\"text-[color:var(--affiliate-disclaimer--text-color,inherit)] mb-2 text-[length:var(--affiliate-disclaimer--font-size,0.75rem)] leading-[18px] md:text-[13px] [&amp;&gt;a]:text-inherit [&amp;&gt;a]:underline\">\nWhen you purchase through links on our site, we may earn an affiliate commission. Here\u2019s how it works.\n<\/p>\n<\/aside>\n<\/div>\n<\/header>\n<figure>\n<p><img decoding=\"async\" src=\"https:\/\/cdn.mos.cms.futurecdn.net\/oUU4nmXSFM9oQu8rooJrTJ.jpg\" alt=\"Team Cofidis&amp;#039; French rider Bryan Coquard (R) crosses the finish line to win the eighth stage of the Vuelta a Espana 2026, a 171 km race between Pucol and Xeraco on August 29, 2026. (Photo by Josep LAGO \/ AFP)\" class=\"rounded-[var(--image--border-radius,0)] block-image-ads hero-image w-full\" data-component-name=\"Image\"><figcaption class=\"font-article-copy text-(--image--text--color) font-article-copy mt-2\"> <span class=\"credit\">(Image credit: \u00a9 Getty Images)<\/span><br \/>\n<\/figcaption><\/figure>\n<\/div>\n<\/div>\n<\/div>\n<div data-component-name=\"Article:JumpTo\" class=\"contents\" data-only-inline=\"1\">\n<div class=\"visible flex flex-row flex-nowrap sticky max-lg:-ml-5 top-[var(--site-header-height,60px)] sm:top-0 z-[9994] w-screen lg:w-full h-[50px] bg-white p-0 mb-5 border-neutral-200 border border-solid\" data-component-name=\"Article:JumpTo:Variants:Inline\" data-analytics-id=\"sticky-nav\" id=\"sticky-nav--inline\" data-mrf-recirculation=\"sticky-nav\">\n<div class=\"flex flex-row w-full h-full overflow-x-scroll overflow-y-hidden tracking-normal overscroll-x-contain\" id=\"sticky-nav__scroll-container\">\n<span class=\"pl-4 my-auto text-base font-semibold font-article-heading lg:pl-3 lg:text-sm whitespace-nowrap uppercase\">Jump To:<\/span><\/p>\n<ul class=\"flex flex-row w-auto border-y-0\">\n<li class=\"inline-flex after:content-[&apos;&apos;] after:inline-block after:relative after:h-3\/6 after:w-px after:bg-neutral-200 after:top-1\/4\nborder-b-[3px] border-b-(--jumpto-underline-color) border-solid font-semibold \" data-component-name=\"Article:JumpTo:Inline:Link\">\n<p>Race Results<\/p>\n<\/li>\n<li class=\"inline-flex after:content-[&apos;&apos;] after:inline-block after:relative after:h-3\/6 after:w-px after:bg-neutral-200 after:top-1\/4\n\" data-component-name=\"Article:JumpTo:Inline:Link\">\n<p>Have your say<\/p>\n<\/li>\n<li class=\"inline-flex after:content-[&apos;&apos;] after:inline-block after:relative after:h-3\/6 after:w-px after:bg-neutral-200 after:top-1\/4\n\" data-component-name=\"Article:JumpTo:Inline:Link\">\n<p>OFFICIAL START<\/p>\n<\/li>\n<li class=\"inline-flex after:content-[&apos;&apos;] after:inline-block after:relative after:h-3\/6 after:w-px after:bg-neutral-200 after:top-1\/4\n\" data-component-name=\"Article:JumpTo:Inline:Link\">\n<p>150KM TO GO<\/p>\n<\/li>\n<li class=\"inline-flex after:content-[&apos;&apos;] after:inline-block after:relative after:h-3\/6 after:w-px after:bg-neutral-200 after:top-1\/4\n\" data-component-name=\"Article:JumpTo:Inline:Link\">\n<p>DNF &#8211; IVAN SOSA<\/p>\n<\/li>\n<li class=\"inline-flex after:content-[&apos;&apos;] after:inline-block after:relative after:h-3\/6 after:w-px after:bg-neutral-200 after:top-1\/4\n\" data-component-name=\"Article:JumpTo:Inline:Link\">\n<p>140KM TO GO<\/p>\n<\/li>\n<li class=\"inline-flex after:content-[&apos;&apos;] after:inline-block after:relative after:h-3\/6 after:w-px after:bg-neutral-200 after:top-1\/4\n\" data-component-name=\"Article:JumpTo:Inline:Link\">\n<p>DNF &#8211; FLORIS VAN TRICHT<\/p>\n<\/li>\n<li class=\"inline-flex after:content-[&apos;&apos;] after:inline-block after:relative after:h-3\/6 after:w-px after:bg-neutral-200 after:top-1\/4\n\" data-component-name=\"Article:JumpTo:Inline:Link\">\n<p>130KM TO GO<\/p>\n<\/li>\n<li class=\"inline-flex after:content-[&apos;&apos;] after:inline-block after:relative after:h-3\/6 after:w-px after:bg-neutral-200 after:top-1\/4\n\" data-component-name=\"Article:JumpTo:Inline:Link\">\n<p>120KM TO GO<\/p>\n<\/li>\n<li class=\"inline-flex after:content-[&apos;&apos;] after:inline-block after:relative after:h-3\/6 after:w-px after:bg-neutral-200 after:top-1\/4\n\" data-component-name=\"Article:JumpTo:Inline:Link\">\n<p>DNF &#8211; MATTIA GAFFURI<\/p>\n<\/li>\n<li class=\"inline-flex after:content-[&apos;&apos;] after:inline-block after:relative after:h-3\/6 after:w-px after:bg-neutral-200 after:top-1\/4\n\" data-component-name=\"Article:JumpTo:Inline:Link\">\n<p>110KM TO GO<\/p>\n<\/li>\n<li class=\"inline-flex after:content-[&apos;&apos;] after:inline-block after:relative after:h-3\/6 after:w-px after:bg-neutral-200 after:top-1\/4\n\" data-component-name=\"Article:JumpTo:Inline:Link\">\n<p>90KM TO GO<\/p>\n<\/li>\n<li class=\"inline-flex after:content-[&apos;&apos;] after:inline-block after:relative after:h-3\/6 after:w-px after:bg-neutral-200 after:top-1\/4\n\" data-component-name=\"Article:JumpTo:Inline:Link\">\n<p>70KM TO GO<\/p>\n<\/li>\n<li class=\"inline-flex after:content-[&apos;&apos;] after:inline-block after:relative after:h-3\/6 after:w-px after:bg-neutral-200 after:top-1\/4\n\" data-component-name=\"Article:JumpTo:Inline:Link\">\n<p>50KM TO GO<\/p>\n<\/li>\n<li class=\"inline-flex after:content-[&apos;&apos;] after:inline-block after:relative after:h-3\/6 after:w-px after:bg-neutral-200 after:top-1\/4\n\" data-component-name=\"Article:JumpTo:Inline:Link\">\n<p>40KM TO GO<\/p>\n<\/li>\n<li class=\"inline-flex after:content-[&apos;&apos;] after:inline-block after:relative after:h-3\/6 after:w-px after:bg-neutral-200 after:top-1\/4\n\" data-component-name=\"Article:JumpTo:Inline:Link\">\n<p>INTERMEDIATE SPRINT<\/p>\n<\/li>\n<li class=\"inline-flex after:content-[&apos;&apos;] after:inline-block after:relative after:h-3\/6 after:w-px after:bg-neutral-200 after:top-1\/4\n\" data-component-name=\"Article:JumpTo:Inline:Link\">\n<p>CRASH &#8211; POGACAR<\/p>\n<\/li>\n<li class=\"inline-flex after:content-[&apos;&apos;] after:inline-block after:relative after:h-3\/6 after:w-px after:bg-neutral-200 after:top-1\/4\n\" data-component-name=\"Article:JumpTo:Inline:Link\">\n<p>DNF &#8211; TADEJ POGACAR<\/p>\n<\/li>\n<li class=\"inline-flex after:content-[&apos;&apos;] after:inline-block after:relative after:h-3\/6 after:w-px after:bg-neutral-200 after:top-1\/4\n\" data-component-name=\"Article:JumpTo:Inline:Link\">\n<p>KOM &#8211; PUERTO DE BARX<\/p>\n<\/li>\n<li class=\"inline-flex after:content-[&apos;&apos;] after:inline-block after:relative after:h-3\/6 after:w-px after:bg-neutral-200 after:top-1\/4\n\" data-component-name=\"Article:JumpTo:Inline:Link\">\n<p>ATTACK &#8211; AZPARREN<\/p>\n<\/li>\n<li class=\"inline-flex after:content-[&apos;&apos;] after:inline-block after:relative after:h-3\/6 after:w-px after:bg-neutral-200 after:top-1\/4\n\" data-component-name=\"Article:JumpTo:Inline:Link\">\n<p>20KM TO GO<\/p>\n<\/li>\n<li class=\"inline-flex after:content-[&apos;&apos;] after:inline-block after:relative after:h-3\/6 after:w-px after:bg-neutral-200 after:top-1\/4\n\" data-component-name=\"Article:JumpTo:Inline:Link\">\n<p>10KM TO GO<\/p>\n<\/li>\n<li class=\"inline-flex after:content-[&apos;&apos;] after:inline-block after:relative after:h-3\/6 after:w-px after:bg-neutral-200 after:top-1\/4\n\" data-component-name=\"Article:JumpTo:Inline:Link\">\n<p>5KM TO GO<\/p>\n<\/li>\n<li class=\"inline-flex after:content-[&apos;&apos;] after:inline-block after:relative after:h-3\/6 after:w-px after:bg-neutral-200 after:top-1\/4\n\" data-component-name=\"Article:JumpTo:Inline:Link\">\n<p>1KM TO GO<\/p>\n<\/li>\n<li class=\"inline-flex after:content-[&apos;&apos;] after:inline-block after:relative after:h-3\/6 after:w-px after:bg-neutral-200 after:top-1\/4\n\" data-component-name=\"Article:JumpTo:Inline:Link\">\n<p>BRYAN COQUARD WINS<\/p>\n<\/li>\n<\/ul>\n<\/div>\n<\/div>\n<\/div>\n<div data-widget-type=\"contentparsed\" id=\"pinned-content\" class=\"clear-both widget widget-contentparsed widget-pinned-content widget-contentparsed-pinned-content widget-pinned news-article widget-content-parsed widget-content-parsed-default widget-content-parsed-live-feed \">\n<div class=\" article-body \">\n<div class>\n<a id=\"elk-a365659e-98cb-11f1-9877-2d386a91f3b8\"><\/a><\/p>\n<p id=\"elk-a3656620-98cb-11f1-81f4-ebea57ef84d3\"><strong>Vuelta a Espa\u00f1a 2026 &#8211; Everything you need to know<\/strong><\/p>\n<p><strong>Vuelta a Espa\u00f1a 2026 &#8211; Route<\/strong><\/p>\n<p><a id=\"elk-seasonal\"><\/a><\/p>\n<aside data-article-category=\"pro-cycling\" data-block-type=\"embed\" data-render-type=\"fte\" data-skip=\"dealsy\" data-widget-type=\"seasonal\" class=\"ecom-root\"><\/aside>\n<p id=\"elk-a3656620-98cb-11f1-81f4-ebea57ef84d3-2\"><strong>Vuelta a Espa\u00f1a 2026 &#8211; Contenders<\/strong><\/p>\n<p><strong>Vuelta a Espa\u00f1a 2026 &#8211; stage 8 preview<\/strong><\/p>\n<p><strong>How to watch the 2026 Vuelta a Espa\u00f1a<\/strong><\/p>\n<p id=\"elk-a3656698-98cb-11f1-acdf-4fd8b8219ada\"><strong>For unbeatable coverage across road, gravel and tech, subscribe to Cyclingnews. You&#8217;ll get comprehensive race coverage of La Vuelta a Espa\u00f1a, subscriber-exclusive analysis from our expert columnists, in-depth features and industry-leading tech insight. Plus, the Cyclingnews app lets you follow the action wherever you go! <\/strong><u><strong>Join today.<\/strong><\/u><\/p>\n<p><a id=\"elk-race-results\"><\/a><\/p>\n<h3 class=\"article-body__section\" id=\"section-race-results\"><span>Race Results<\/span><\/h3>\n<p id=\"elk-e58cd1a0-a3c5-11f1-ad79-eb90c5a27156\">Vuelta a Espa\u00f1a: Bryan Coquard edges Mads Pedersen to win crash-marred stage 8 as Tadej Poga\u010dar abandons<\/p>\n<p><a id=\"elk-a3656774-98cb-11f1-a4bf-c5991d2fae5e\"><\/a><a id=\"elk-have-your-say\"><\/a><\/p>\n<h3 class=\"article-body__section\" id=\"section-have-your-say\"><span>Have your say<\/span><\/h3>\n<div id=\"elk-4f677bc2-a207-11f1-a24b-3f23c6f55c5e\">\n<div class=\"kwizly-quiz kwizly-O6kvGX\"><\/div>\n<\/div>\n<\/div>\n<\/div>\n<\/div>\n<div data-widget-type=\"contentparsed\" id=\"live-feed-multipage\" class=\"clear-both widget widget-contentparsed widget-live-feed-multipage widget-contentparsed-live-feed-multipage news-article widget-content-parsed widget-content-parsed-default multipage widget-content-parsed-live-feed \">\n<div id=\"article-body\" class=\" article-body \">\n<div id=\"ad-unit-1\" class=\"ad-unit\"><\/div>\n<div data-component-name=\"Article:LiveReportUpdater\">\n<\/div>\n<div class=\"wcp-item-content\">\n<p id=\"elk-a36dd968-98cb-11f1-9275-03dc34340abf\">Hello and welcome to stage 8 of the Vuelta a Espa\u00f1a<\/p>\n<\/div>\n<div class=\"wcp-item-content\">\n<time class=\"no-wrap live-feed-date\" datetime=\"2026-08-29T11:29:27+00:00\">2026-08-29T11:29:27.899Z<\/time><\/p>\n<p id=\"elk-e4f9b6be-a39c-11f1-9a8b-5fa3166915be\">For the first time since stage five, the sprinters have a chance to go for a stage win today &#8211; but it won\u2019t be easy. There\u2019s a tough climb crested within the final 30km, which is hard enough to potentially see some sprinters dropped, to see attacks go clear from the peloton. It\u2019s a well-balanced parcours, that promises to be very exciting<\/p>\n<p>Vuelta a Espa\u00f1a 2026 stage 8 preview &#8211; Can Matthew Brennan make it a hat trick of wins in Xeraco?<\/p>\n<p><a id=\"elk-seasonal\"><\/a><\/p>\n<aside data-article-category=\"pro-cycling\" data-block-type=\"embed\" data-render-type=\"fte\" data-skip=\"dealsy\" data-widget-type=\"seasonal\" class=\"ecom-root\"><\/aside>\n<\/div>\n<div class=\"live-feed-ad-unit ad-unit\"><\/div>\n<div class=\"wcp-item-content\">\n<time class=\"no-wrap live-feed-date\" datetime=\"2026-08-29T11:33:00+00:00\">2026-08-29T11:33:00.368Z<\/time><\/p>\n<p id=\"elk-63ae6860-a39d-11f1-8234-4fa4ceb83a6f\">The riders are off from the unofficial start, short of one rider who finished yesterday. Luca Van Boven has abandoned the race after his nasty crash yesterday.<\/p>\n<div class=\"see-more see-more--clipped\" id=\"elk-2093447840588873964\">\n<figure>\n<blockquote class=\"twitter-tweet hawk-ignore\" data-lang=\"en\" cite=\"https:\/\/twitter.com\/cantworkitout\/status\/2093447840588873964\">\n<p lang=\"en\" dir=\"ltr\">Luca Van Boven suffered two broken ribs and a collapsed lung because of the nasty crash during stage 7 of La Vuelta, which he courageously managed to finish. Luca will remain in hospital overnight for further observation and will unfortunately not start tomorrow. He will\u2026 pic.twitter.com\/clsMCFehBLAugust 28, 2026<\/p>\n<\/blockquote>\n<\/figure>\n<div class=\"see-more__filter\"><\/div>\n<\/div>\n<\/div>\n<div class=\"wcp-item-content\">\n<time class=\"no-wrap live-feed-date\" datetime=\"2026-08-29T11:40:19+00:00\">2026-08-29T11:40:19.266Z<\/time><\/p>\n<p id=\"elk-696d7c72-a39e-11f1-82eb-5757c4d13323\">The four jersey wearers at the start today &#8211; Onley, Poga\u010dar, Van Aert and Leknessund.<\/p>\n<figure class=\"van-image-figure inline-layout\" data-bordeaux-image-check id=\"elk-696d7cea-a39e-11f1-88bf-6d87e4aaf94d\">\n<div class=\"image-full-width-wrapper\">\n<div class=\"image-widthsetter\">\n<p class=\"vanilla-image-block\">\n<p><img decoding=\"async\" src=\"https:\/\/cdn.mos.cms.futurecdn.net\/3DPpXWduF4iNBrSVENPu9C.jpg\" alt=\"PUCOL, SPAIN - AUGUST 29: (L-R) Oscar Onley of Great Britain and Netcompany INEOS Cycling Team - White Best Young Rider Jersey, Tadej Pogacar of Slovenia and UAE Team Emirates XRG - Red Leader Jersey, Wout Van Aert of Belgium and Team Visma | Lease a Bike - Green Points Jersey and Andreas Leknessund of Norway and Team Uno-X Mobility - Polka Dot Mountain Jersey take a selfie prior to the La Vuelta - 81st Tour of Spain 2026, Stage 8 a 171km stage from Pucol to Xeraco \/ #UCIWT \/ on August 29, 2026 in Pucol, Spain. (Photo by Tim de Waele\/Getty Images)\" loading=\"lazy\" class=\"rounded-[var(--image--border-radius,0)] inline\">\n<\/p>\n<\/div>\n<\/div><figcaption class=\" inline-layout\"><span class=\"credit\">(Image credit: Getty Images)<\/span><\/figcaption><\/figure>\n<\/div>\n<div class=\"live-feed-ad-unit ad-unit\"><\/div>\n<div class=\"wcp-item-content\">\n<time class=\"no-wrap live-feed-date\" datetime=\"2026-08-29T11:46:48+00:00\">2026-08-29T11:46:48.585Z<\/time><\/p>\n<p id=\"elk-5160a496-a39f-11f1-a5bd-998dc33843e3\">The action is set to kick off any moment, but before it does, be sure to catch up with yesterday&#8217;s stage, the first at this year&#8217;s race to be won by the breakaway.<\/p>\n<p>Vuelta a Espa\u00f1a: Andreas Leknessund, Tobias Johannessen solo away from Wout van Aert in Uno-X Mobility 1-2 on stage 7<\/p>\n<p><a id=\"elk-seasonal\"><\/a><\/p>\n<aside data-article-category=\"pro-cycling\" data-block-type=\"embed\" data-render-type=\"fte\" data-skip=\"dealsy\" data-widget-type=\"seasonal\" class=\"ecom-root\"><\/aside>\n<\/div>\n<div class=\"wcp-item-content\">\n<time class=\"no-wrap live-feed-date\" datetime=\"2026-08-29T11:52:20+00:00\">2026-08-29T11:52:20.688Z<\/time><\/p>\n<p id=\"elk-17386aa0-a3a0-11f1-a55d-db96decc295e\">There was a crash in the neutralised zone, which has delayed the official start of the stage. But hopefully we will be racing any moment.<\/p>\n<\/div>\n<div class=\"live-feed-ad-unit ad-unit\"><\/div>\n<div class=\"wcp-item-content\">\n<time class=\"no-wrap live-feed-date\" datetime=\"2026-08-29T11:59:12+00:00\">2026-08-29T11:59:12.556Z<\/time><\/p>\n<p id=\"elk-0cd8278e-a3a1-11f1-87d0-0b0d2831c5fc\">The peloton are still behind the race car, as the start continues to be delayed as a result of the crash.<\/p>\n<p>When things finally do kick off, expect a fierce battle for the break, on a day where their hopes of survival feel realistic.<\/p>\n<figure class=\"van-image-figure inline-layout\" data-bordeaux-image-check id=\"elk-0cd827fc-a3a1-11f1-a194-095303a51325\">\n<div class=\"image-full-width-wrapper\">\n<div class=\"image-widthsetter\">\n<p class=\"vanilla-image-block\">\n<p><img decoding=\"async\" src=\"https:\/\/cdn.mos.cms.futurecdn.net\/HAva7d7B5EJnoM2yecMgNd.jpg\" alt=\"PUCOL, SPAIN - AUGUST 29: A general view of the peloton prior to the La Vuelta - 81st Tour of Spain 2026, Stage 8 a 171km stage from Pucol to Xeraco \/ #UCIWT \/ on August 29, 2026 in Pucol, Spain. (Photo by Tim de Waele\/Getty Images)\" loading=\"lazy\" class=\"rounded-[var(--image--border-radius,0)] inline\">\n<\/p>\n<\/div>\n<\/div><figcaption class=\" inline-layout\"><span class=\"credit\">(Image credit: Getty Images)<\/span><\/figcaption><\/figure>\n<p><a id=\"elk-seasonal\"><\/a><\/p>\n<aside data-article-category=\"pro-cycling\" data-block-type=\"embed\" data-render-type=\"fte\" data-skip=\"dealsy\" data-widget-type=\"seasonal\" class=\"ecom-root\"><\/aside>\n<\/div>\n<div class=\"wcp-item-content\">\n<time class=\"no-wrap live-feed-date\" datetime=\"2026-08-29T12:03:04+00:00\">2026-08-29T12:03:04.170Z<\/time><br \/>\n<a id=\"elk-official-start\"><\/a><\/p>\n<h3 class=\"article-body__section\" id=\"section-official-start\"><span>OFFICIAL START<\/span><\/h3>\n<p id=\"elk-96d60794-a3a1-11f1-ab92-03ac0a7961da\">And they&#8217;re off! Everyone has regrouped and regathered themselves after the crash, and the race has at last began.<\/p>\n<\/div>\n<div class=\"live-feed-ad-unit ad-unit\"><\/div>\n<div class=\"wcp-item-content\">\n<time class=\"no-wrap live-feed-date\" datetime=\"2026-08-29T12:10:55+00:00\">2026-08-29T12:10:55.262Z<\/time><\/p>\n<p id=\"elk-af9b3906-a3a2-11f1-9b75-d3646373227d\">So far it&#8217;s Burgos Burpellet BH showing most intent. Their rider Sinuh\u00e9 Fern\u00e1ndez has a gap of one minute after attacking from the flag, while his teammate Jos\u00e9 Luis Faura attempted to join him, before dropping back into the peloton.<\/p>\n<\/div>\n<div class=\"wcp-item-content\">\n<time class=\"no-wrap live-feed-date\" datetime=\"2026-08-29T12:16:35+00:00\">2026-08-29T12:16:35.005Z<\/time><br \/>\n<a id=\"elk-150km-to-go\"><\/a><\/p>\n<h3 class=\"article-body__section\" id=\"section-150km-to-go\"><span>150KM TO GO<\/span><\/h3>\n<p id=\"elk-7a17f1ce-a3a3-11f1-b4c7-095e355f9ff0\">The peloton has already eased up, and allowed Fern\u00e1ndez a lead of almost two and a half minutes already. The anticipated battle to get into the break has not materialised; and you wouldn\u2019t expect Fern\u00e1ndez to have any chance fending off an entire peloton by himself.<\/p>\n<\/div>\n<div class=\"live-feed-ad-unit ad-unit\"><\/div>\n<div class=\"wcp-item-content\">\n<time class=\"no-wrap live-feed-date\" datetime=\"2026-08-29T12:22:08+00:00\">2026-08-29T12:22:08.067Z<\/time><\/p>\n<p id=\"elk-40d249cc-a3a4-11f1-8211-7fb6188ce627\">This was the moment at the start of the day when Fern\u00e1ndez attacked, ahead of a disinterested peloton He must surely have imagined he&#8217;d have so company when he made the move.<\/p>\n<figure class=\"van-image-figure inline-layout\" data-bordeaux-image-check id=\"elk-40d24a30-a3a4-11f1-8f1a-bde34fd4856c\">\n<div class=\"image-full-width-wrapper\">\n<div class=\"image-widthsetter\">\n<p class=\"vanilla-image-block\">\n<p><img decoding=\"async\" src=\"https:\/\/cdn.mos.cms.futurecdn.net\/HGPGcBKkJ6TRzHCrw4iNk6.jpg\" alt=\"PUCOL, SPAIN - AUGUST 29: Sinuhe Fernandez of Spain and Team Burgos Burpellet BH attacks during the La Vuelta - 81st Tour of Spain 2026, Stage 8 a 171km stage from Pucol to Xeraco \/ #UCIWT \/ on August 29, 2026 in Pucol, Spain. (Photo by Tim de Waele\/Getty Images)\" loading=\"lazy\" class=\"rounded-[var(--image--border-radius,0)] inline\">\n<\/p>\n<\/div>\n<\/div><figcaption class=\" inline-layout\"><span class=\"credit\">(Image credit: Getty Images)<\/span><\/figcaption><\/figure>\n<\/div>\n<div class=\"wcp-item-content\">\n<time class=\"no-wrap live-feed-date\" datetime=\"2026-08-29T12:29:25+00:00\">2026-08-29T12:29:25.894Z<\/time><br \/>\n<a id=\"elk-dnf-ivan-sosa\"><\/a><\/p>\n<h3 class=\"article-body__section\" id=\"section-dnf-ivan-sosa\"><span>DNF &#8211; IVAN SOSA<\/span><\/h3>\n<p id=\"elk-45b4dc88-a3a5-11f1-aaa9-3ba87dcb8a36\">We have had a first abandon as a result of the pre-flag crash, and it&#8217;s Kern Pharma&#8217;s climber Diego Uriarte. That&#8217;s a shame as he has been lively at this Vuelta, getting into the break on multiple occasions already.<\/p>\n<p>Here was a glimpse of the chaotic aftermath following that incident earlier in the day.<\/p>\n<div class=\"see-more see-more--clipped\" id=\"elk-2093668007046234479\">\n<figure>\n<blockquote class=\"twitter-tweet hawk-ignore\" data-lang=\"en\" cite=\"https:\/\/twitter.com\/cantworkitout\/status\/2093668007046234479\">\n<p lang=\"en\" dir=\"ltr\">\ud83d\ude33 Big crash in the early moments of the stage. Luckily everyone was fine and able to continue after being checked out!\ud83d\ude2b \u00a1Fuerte ca\u00edda en el principio de la etapa! Por suerte, todos los implicados pueden continuar #LaVuelta26 pic.twitter.com\/A0nVLCrgFpAugust 29, 2026<\/p>\n<\/blockquote>\n<\/figure>\n<div class=\"see-more__filter\"><\/div>\n<\/div>\n<p><a id=\"elk-seasonal\"><\/a><\/p>\n<aside data-article-category=\"pro-cycling\" data-block-type=\"embed\" data-render-type=\"fte\" data-skip=\"dealsy\" data-widget-type=\"seasonal\" class=\"ecom-root\"><\/aside>\n<\/div>\n<div class=\"live-feed-ad-unit ad-unit\"><\/div>\n<div class=\"wcp-item-content\">\n<time class=\"no-wrap live-feed-date\" datetime=\"2026-08-29T12:35:13+00:00\">2026-08-29T12:35:13.229Z<\/time><br \/>\n<a id=\"elk-140km-to-go\"><\/a><\/p>\n<h3 class=\"article-body__section\" id=\"section-140km-to-go\"><span>140KM TO GO<\/span><\/h3>\n<p id=\"elk-149e7a36-a3a6-11f1-8423-6550255e72b4\">Fern\u00e1ndez has been given a huge lead over the peloton, almost up to 6 minutes. The peloton is taking thins easy, though Visma have taken control of the pace-setting, presumably for their sprinter Matthew Brennan.<\/p>\n<figure class=\"van-image-figure inline-layout\" data-bordeaux-image-check id=\"elk-149e7a9a-a3a6-11f1-a7f9-cb5cf638c09a\">\n<div class=\"image-full-width-wrapper\">\n<div class=\"image-widthsetter\">\n<p class=\"vanilla-image-block\">\n<p><img decoding=\"async\" src=\"https:\/\/cdn.mos.cms.futurecdn.net\/heqFaD3GxSxGADZeNdntw4.jpg\" alt=\"XERACO, SPAIN - AUGUST 29: Sinuhe Fernandez of Spain and Team Burgos Burpellet BH competes in the breakaway during the La Vuelta - 81st Tour of Spain 2026, Stage 8 a 171km stage from Pucol to Xeraco \/ #UCIWT \/ on August 29, 2026 in Pucol, Spain. (Photo by Tim de Waele\/Getty Images)\" loading=\"lazy\" class=\"rounded-[var(--image--border-radius,0)] inline\">\n<\/p>\n<\/div>\n<\/div><figcaption class=\" inline-layout\"><span class=\"credit\">(Image credit: Getty Images)<\/span><\/figcaption><\/figure>\n<\/div>\n<div class=\"wcp-item-content\">\n<time class=\"no-wrap live-feed-date\" datetime=\"2026-08-29T12:42:36+00:00\">2026-08-29T12:42:36.783Z<\/time><br \/>\n<a id=\"elk-dnf-floris-van-tricht\"><\/a><\/p>\n<h3 class=\"article-body__section\" id=\"section-dnf-floris-van-tricht\"><span>DNF &#8211; FLORIS VAN TRICHT<\/span><\/h3>\n<p id=\"elk-1cfcabc0-a3a7-11f1-bb90-dbe6ede7c42b\">Unfortunately, there has been a second abandon as a consequence of the crash at the start of the day. NSN&#8217;s Floris Van Tricht had been making his Grand Tour debut, but finishes in unlucky fashion.<\/p>\n<\/div>\n<div class=\"live-feed-ad-unit ad-unit\"><\/div>\n<div class=\"wcp-item-content\">\n<time class=\"no-wrap live-feed-date\" datetime=\"2026-08-29T12:47:43+00:00\">2026-08-29T12:47:43.827Z<\/time><br \/>\n<a id=\"elk-130km-to-go\"><\/a><\/p>\n<h3 class=\"article-body__section\" id=\"section-130km-to-go\"><span>130KM TO GO<\/span><\/h3>\n<p id=\"elk-d45cb986-a3a7-11f1-9f75-35c6808253b8\">Visma are leading the peloton, but are a distant 5:30 behind Fern\u00e1ndez. It&#8217;s been a subdued start to the stage.<\/p>\n<figure class=\"van-image-figure inline-layout\" data-bordeaux-image-check id=\"elk-d45cb9f4-a3a7-11f1-aa5e-cb746e52d662\">\n<div class=\"image-full-width-wrapper\">\n<div class=\"image-widthsetter\">\n<p class=\"vanilla-image-block\">\n<p><img decoding=\"async\" src=\"https:\/\/cdn.mos.cms.futurecdn.net\/cuamfmHshPZTFFxHmnwBme.jpg\" alt=\"XERACO, SPAIN - AUGUST 29: Steven Kruijswijk of Netherlands and Team Visma | Lease a Bike and Guillaume Martin of France and Team Groupama - FDJ United lead the peloton during the La Vuelta - 81st Tour of Spain 2026, Stage 8 a 171km stage from Pucol to Xeraco \/ #UCIWT \/ on August 29, 2026 in Pucol, Spain. (Photo by Tim de Waele\/Getty Images)\" loading=\"lazy\" class=\"rounded-[var(--image--border-radius,0)] inline\">\n<\/p>\n<\/div>\n<\/div><figcaption class=\" inline-layout\"><span class=\"credit\">(Image credit: Getty Images)<\/span><\/figcaption><\/figure>\n<\/div>\n<div class=\"wcp-item-content\">\n<time class=\"no-wrap live-feed-date\" datetime=\"2026-08-29T12:54:40+00:00\">2026-08-29T12:54:40.821Z<\/time><\/p>\n<p id=\"elk-cc8cf2ce-a3a8-11f1-bf3e-5f0236477ff3\"><em><strong>For unbeatable coverage across road, gravel and tech, subscribe to Cyclingnews. You&#8217;ll get comprehensive race coverage of La Vuelta a Espa\u00f1a, subscriber-exclusive analysis from our expert columnists, in-depth features and industry-leading tech insight. Plus, the Cyclingnews app lets you follow the action wherever you go!<\/strong><\/em><em><strong> Join today<\/strong><\/em><em><strong>.<\/strong><\/em><\/p>\n<\/div>\n<div class=\"live-feed-ad-unit ad-unit\"><\/div>\n<div class=\"wcp-item-content\">\n<time class=\"no-wrap live-feed-date\" datetime=\"2026-08-29T12:59:20+00:00\">2026-08-29T12:59:20.882Z<\/time><br \/>\n<a id=\"elk-120km-to-go\"><\/a><\/p>\n<h3 class=\"article-body__section\" id=\"section-120km-to-go\"><span>120KM TO GO<\/span><\/h3>\n<p id=\"elk-73956c2c-a3a9-11f1-9b12-09efd242ca35\">A few riders have been held up and are making their way through the convoy back into the peloton. One of those riders is Primo\u017e Rogli\u010d &#8211; he appears unhurt, and it&#8217;s unclear for now whether he went down.<\/p>\n<p>The pace has picked up a bit, but Fern\u00e1ndez&#8217;s lead remains over five minutes.<\/p>\n<p><a id=\"elk-seasonal\"><\/a><\/p>\n<aside data-article-category=\"pro-cycling\" data-block-type=\"embed\" data-render-type=\"fte\" data-skip=\"dealsy\" data-widget-type=\"seasonal\" class=\"ecom-root\"><\/aside>\n<\/div>\n<div class=\"wcp-item-content\">\n<time class=\"no-wrap live-feed-date\" datetime=\"2026-08-29T13:04:04+00:00\">2026-08-29T13:04:04.171Z<\/time><\/p>\n<p id=\"elk-1c6e99fe-a3aa-11f1-83bc-91b9b1f1eb49\">Rogli\u010d did indeed go down, as evidenced by a small rip in his jersey. He does appear to be riding comfortably, though, and is calmly making his way back towards the peloton.<\/p>\n<\/div>\n<div class=\"live-feed-ad-unit ad-unit\"><\/div>\n<div class=\"wcp-item-content\">\n<time class=\"no-wrap live-feed-date\" datetime=\"2026-08-29T13:07:57+00:00\">2026-08-29T13:07:57.352Z<\/time><br \/>\n<a id=\"elk-dnf-mattia-gaffuri\"><\/a><\/p>\n<h3 class=\"article-body__section\" id=\"section-dnf-mattia-gaffuri\"><span>DNF &#8211; MATTIA GAFFURI <\/span><\/h3>\n<p id=\"elk-a763f4dc-a3aa-11f1-a1bc-494d2b00cd19\">More bad news to report, as Mattia Gaffuri becomes the third rider of the day to abandon. He was one of the men to go down in the incident a few kilometres ago, and was clearly much worse off than Rogli\u010d.<\/p>\n<\/div>\n<div class=\"wcp-item-content\">\n<time class=\"no-wrap live-feed-date\" datetime=\"2026-08-29T13:16:29+00:00\">2026-08-29T13:16:29.632Z<\/time><br \/>\n<a id=\"elk-110km-to-go\"><\/a><\/p>\n<h3 class=\"article-body__section\" id=\"section-110km-to-go\"><span>110KM TO GO<\/span><\/h3>\n<p id=\"elk-d8ea04d2-a3ab-11f1-8bee-e9efed5b0fb1\">Steven Kruijswijk has been tasked with setting the pace at the front of the peloton for Visma-Lease a Bike, doing all the work by himself. He&#8217;s keeping the lone leader Fern\u00e1ndez at five minutes, as Visma look to set Brennan up for another sprint win.<\/p>\n<figure class=\"van-image-figure inline-layout\" data-bordeaux-image-check id=\"elk-d8ea054a-a3ab-11f1-b986-a1a672e43a90\">\n<div class=\"image-full-width-wrapper\">\n<div class=\"image-widthsetter\">\n<p class=\"vanilla-image-block\">\n<p><img decoding=\"async\" src=\"https:\/\/cdn.mos.cms.futurecdn.net\/u6CLnic7MBM86nSto5DJcf.jpg\" alt=\"XERACO, SPAIN - AUGUST 29: Guillaume Martin of France and Team Groupama - FDJ United competes during the La Vuelta - 81st Tour of Spain 2026, Stage 8 a 171km stage from Pucol to Xeraco \/ #UCIWT \/ on August 29, 2026 in Pucol, Spain. (Photo by Tim de Waele\/Getty Images)\" loading=\"lazy\" class=\"rounded-[var(--image--border-radius,0)] inline\">\n<\/p>\n<\/div>\n<\/div><figcaption class=\" inline-layout\"><span class=\"credit\">(Image credit: Getty Images)<\/span><\/figcaption><\/figure>\n<\/div>\n<div class=\"live-feed-ad-unit ad-unit\"><\/div>\n<div class=\"wcp-item-content\">\n<time class=\"no-wrap live-feed-date\" datetime=\"2026-08-29T13:28:15+00:00\">2026-08-29T13:28:15.959Z<\/time><\/p>\n<p id=\"elk-7db4b524-a3ad-11f1-ab40-e74220641141\">There was some speculation yesterday that Poga\u010dar&#8217;s attack in the closing stages was motivated by anger, and the need to prove a point after being caught by Enric Mas the day before. But the Slovenian himself denied this, when talking to the media yesterday.<\/p>\n<p>&#8216;I wasn&#8217;t angry at all&#8217; &#8211; Vuelta a Espa\u00f1a leader Tadej Poga\u010dar denies he attacked on Aram\u00f3n Valdelinares finish because he was upset<\/p>\n<figure class=\"van-image-figure inline-layout\" data-bordeaux-image-check id=\"elk-7db4b592-a3ad-11f1-8561-a108b20eee3e\">\n<div class=\"image-full-width-wrapper\">\n<div class=\"image-widthsetter\">\n<p class=\"vanilla-image-block\">\n<p><img decoding=\"async\" src=\"https:\/\/cdn.mos.cms.futurecdn.net\/fvpUUgAhTmrcT5LHhMCAiP.jpg\" alt=\"PUCOL, SPAIN - AUGUST 29: Tadej Pogacar of Slovenia and UAE Team Emirates XRG - Red Leader Jersey prior to the La Vuelta - 81st Tour of Spain 2026, Stage 8 a 171km stage from Pucol to Xeraco \/ #UCIWT \/ on August 29, 2026 in Pucol, Spain. (Photo by Alexander Hassenstein\/Getty Images)\" loading=\"lazy\" class=\"rounded-[var(--image--border-radius,0)] inline\">\n<\/p>\n<\/div>\n<\/div><figcaption class=\" inline-layout\"><span class=\"credit\">(Image credit: Getty Images)<\/span><\/figcaption><\/figure>\n<p><a id=\"elk-seasonal\"><\/a><\/p>\n<aside data-article-category=\"pro-cycling\" data-block-type=\"embed\" data-render-type=\"fte\" data-skip=\"dealsy\" data-widget-type=\"seasonal\" class=\"ecom-root\"><\/aside>\n<\/div>\n<div class=\"wcp-item-content\">\n<time class=\"no-wrap live-feed-date\" datetime=\"2026-08-29T13:35:36+00:00\">2026-08-29T13:35:36.813Z<\/time><\/p>\n<p id=\"elk-848255e0-a3ae-11f1-ab03-ef95ea8bd835\">Callum Thornley is on bidon duty for Red Bull-Bora Hansgrohe. There&#8217;s no sign that his leader Primo\u017e Rogli\u010d is suffering at all following his crash, but we&#8217;ll only know for sure when he&#8217;s tested on tomorrow&#8217;s mountain stage.<\/p>\n<figure class=\"van-image-figure inline-layout\" data-bordeaux-image-check id=\"elk-84825644-a3ae-11f1-9d12-ddda88ca5e21\">\n<div class=\"image-full-width-wrapper\">\n<div class=\"image-widthsetter\">\n<p class=\"vanilla-image-block\">\n<p><img decoding=\"async\" src=\"https:\/\/cdn.mos.cms.futurecdn.net\/yFkoT8bkMTUQyqznhHiyKQ.jpg\" alt=\"XERACO, SPAIN - AUGUST 29: Callum Thornley of Great Britain and Team Red Bull - BORA - hansgrohe carries bottles during the La Vuelta - 81st Tour of Spain 2026, Stage 8 a 171km stage from Pucol to Xeraco \/ #UCIWT \/ on August 29, 2026 in Pucol, Spain. (Photo by Tim de Waele\/Getty Images)\" loading=\"lazy\" class=\"rounded-[var(--image--border-radius,0)] inline\">\n<\/p>\n<\/div>\n<\/div><figcaption class=\" inline-layout\"><span class=\"credit\">(Image credit: Getty Images)<\/span><\/figcaption><\/figure>\n<\/div>\n<div class=\"live-feed-ad-unit ad-unit\"><\/div>\n<div class=\"wcp-item-content\">\n<time class=\"no-wrap live-feed-date\" datetime=\"2026-08-29T13:42:42+00:00\">2026-08-29T13:42:42.941Z<\/time><\/p>\n<p id=\"elk-82a01630-a3af-11f1-a840-a7d621d9d25f\">Felix Gall, safely in the peloton. He was one of the big winner of yesterday&#8217;s stage, finishing the best of the rest behind&#8230;., and as a result moved up to fourth overall, just 11 seconds away from the podium. He&#8217;s unlikely to have a chance to gain that time today, but will tomorrow.<\/p>\n<p>&#8216;A good day to try something&#8217; &#8211; Felix Gall upbeat after aggressive final ascent at Vuelta a Espa\u00f1a<\/p>\n<figure class=\"van-image-figure inline-layout\" data-bordeaux-image-check id=\"elk-82a016a8-a3af-11f1-b548-03f3ac6d9ffa\">\n<div class=\"image-full-width-wrapper\">\n<div class=\"image-widthsetter\">\n<p class=\"vanilla-image-block\">\n<p><img decoding=\"async\" src=\"https:\/\/cdn.mos.cms.futurecdn.net\/Z6XUJwMhdQXkNoSWnDVt8Q.jpg\" alt=\"XERACO, SPAIN - AUGUST 29: Felix Gall of Austria and Team Decathlon CMA CGM competes during the La Vuelta - 81st Tour of Spain 2026, Stage 8 a 171km stage from Pucol to Xeraco \/ #UCIWT \/ on August 29, 2026 in Pucol, Spain. (Photo by Tim de Waele\/Getty Images)\" loading=\"lazy\" class=\"rounded-[var(--image--border-radius,0)] inline\">\n<\/p>\n<\/div>\n<\/div><figcaption class=\" inline-layout\"><span class=\"credit\">(Image credit: Getty Images)<\/span><\/figcaption><\/figure>\n<p><a id=\"elk-seasonal\"><\/a><\/p>\n<aside data-article-category=\"pro-cycling\" data-block-type=\"embed\" data-render-type=\"fte\" data-skip=\"dealsy\" data-widget-type=\"seasonal\" class=\"ecom-root\"><\/aside>\n<\/div>\n<div class=\"wcp-item-content\">\n<time class=\"no-wrap live-feed-date\" datetime=\"2026-08-29T13:50:51+00:00\">2026-08-29T13:50:51.550Z<\/time><br \/>\n<a id=\"elk-90km-to-go\"><\/a><\/p>\n<h3 class=\"article-body__section\" id=\"section-90km-to-go\"><span>90KM TO GO<\/span><\/h3>\n<p id=\"elk-a5e9ed0e-a3b0-11f1-be19-d9908b244da3\">Still it&#8217;s Steven Kruijswijk leading the peloton all by himself, and he&#8217;s brought the gap to Sinuh\u00e9 Fern\u00e1ndez down to 3:20. The terrain remains flat for a while longer yet, before things get interesting with the category three climb of Puerto de Barx.<\/p>\n<figure class=\"van-image-figure inline-layout\" data-bordeaux-image-check id=\"elk-a5e9ed90-a3b0-11f1-803f-bb4f8c458e28\">\n<div class=\"image-full-width-wrapper\">\n<div class=\"image-widthsetter\">\n<p class=\"vanilla-image-block\">\n<p><img decoding=\"async\" src=\"https:\/\/cdn.mos.cms.futurecdn.net\/kBAQvaJbHb6Yp5XD9ZYQUQ.jpg\" alt=\"XERACO, SPAIN - AUGUST 29: A general view of the peloton competing during the La Vuelta - 81st Tour of Spain 2026, Stage 8 a 171km stage from Pucol to Xeraco \/ #UCIWT \/ on August 29, 2026 in Pucol, Spain. (Photo by Tim de Waele\/Getty Images)\" loading=\"lazy\" class=\"rounded-[var(--image--border-radius,0)] inline\">\n<\/p>\n<\/div>\n<\/div><figcaption class=\" inline-layout\"><span class=\"credit\">(Image credit: Getty Images)<\/span><\/figcaption><\/figure>\n<\/div>\n<div class=\"live-feed-ad-unit ad-unit\"><\/div>\n<div class=\"wcp-item-content\">\n<time class=\"no-wrap live-feed-date\" datetime=\"2026-08-29T13:57:38+00:00\">2026-08-29T13:57:38.460Z<\/time><\/p>\n<p id=\"elk-98777dc0-a3b1-11f1-85cf-f56876b0cb91\"><em><strong>For unbeatable coverage across road, gravel and tech, subscribe to Cyclingnews. You&#8217;ll get comprehensive race coverage of La Vuelta a Espa\u00f1a, subscriber-exclusive analysis from our expert columnists, in-depth features and industry-leading tech insight. Plus, the Cyclingnews app lets you follow the action wherever you go!<\/strong><\/em><em><strong> Join today<\/strong><\/em><em><strong>.<\/strong><\/em><\/p>\n<\/div>\n<div class=\"wcp-item-content\">\n<time class=\"no-wrap live-feed-date\" datetime=\"2026-08-29T14:03:45+00:00\">2026-08-29T14:03:45.655Z<\/time><\/p>\n<p id=\"elk-7351ee80-a3b2-11f1-9d8b-1ff2abbf7515\">An interesting development at the front of the peloton, as Steven Kruijswijk pulls off briefly from the front to take a comfort break, and Alpecin-Deceuninck briefly take over from him. Kruijswijk is back on the front again now, but that\u2019s still a hint that Alpecin fancy their chances for the win today with Kaden Groves, despite the Australian\u2019s lack of form and failure to get into the mix on the previous sprint stages at this Vuelta.<\/p>\n<figure class=\"van-image-figure inline-layout\" data-bordeaux-image-check id=\"elk-7351eeee-a3b2-11f1-9f34-3ddbfda635c3\">\n<div class=\"image-full-width-wrapper\">\n<div class=\"image-widthsetter\">\n<p class=\"vanilla-image-block\">\n<p><img decoding=\"async\" src=\"https:\/\/cdn.mos.cms.futurecdn.net\/C5Td2SKQB8hxcHJBdhV2YM.jpg\" alt=\"XERACO, SPAIN - AUGUST 29: (L-R) Ivan Romeo of Spain and Movistar Team and Kaden Groves of Australia and Team Alpecin - Premier Tech compete during the La Vuelta - 81st Tour of Spain 2026, Stage 8 a 171km stage from Pucol to Xeraco \/ #UCIWT \/ on August 29, 2026 in Pucol, Spain. (Photo by Tim de Waele\/Getty Images)\" loading=\"lazy\" class=\"rounded-[var(--image--border-radius,0)] inline\">\n<\/p>\n<\/div>\n<\/div><figcaption class=\" inline-layout\"><span class=\"credit\">(Image credit: Getty Images)<\/span><\/figcaption><\/figure>\n<\/div>\n<div class=\"live-feed-ad-unit ad-unit\"><\/div>\n<div class=\"wcp-item-content\">\n<time class=\"no-wrap live-feed-date\" datetime=\"2026-08-29T14:14:19+00:00\">2026-08-29T14:14:19.446Z<\/time><br \/>\n<a id=\"elk-70km-to-go\"><\/a><\/p>\n<h3 class=\"article-body__section\" id=\"section-70km-to-go\"><span>70KM TO GO<\/span><\/h3>\n<p id=\"elk-ecfe59a2-a3b3-11f1-8f9d-4bea6822e746\">The gap continues to come down, with now just under two minutes separating Fern\u00e1ndez and the peloton, still being led by Kruijswijk. The Dutchman does have a posse of Alpecin riders right behind him, ready to try and set Groves up for the win<\/p>\n<\/div>\n<div class=\"wcp-item-content\">\n<time class=\"no-wrap live-feed-date\" datetime=\"2026-08-29T14:19:22+00:00\">2026-08-29T14:19:22.829Z<\/time><\/p>\n<p id=\"elk-a2088dcc-a3b4-11f1-b779-ef965dbb1729\">While we assume Kruijswijk is working for his Visma teammate Matthew Brennan, the team also have another potential option for the day in Wout van Aert. The Belgian was in the break yesterday and came close to winning the stage, and as a result is wearing the green jersey, leading the points classification ahead of Tadej Poga\u010dar by two points<\/p>\n<p>That\u2019s a slender lead, and one he\u2019ll surely want to defend &#8211; but that\u2019ll be hard if he\u2019s working to try and set Brennan up for a win.<\/p>\n<p><a id=\"elk-seasonal\"><\/a><\/p>\n<aside data-article-category=\"pro-cycling\" data-block-type=\"embed\" data-render-type=\"fte\" data-skip=\"dealsy\" data-widget-type=\"seasonal\" class=\"ecom-root\"><\/aside>\n<p id=\"elk-a2088dcc-a3b4-11f1-b779-ef965dbb1729-2\">&#8216;I didn&#8217;t have confidence in myself&#8217; \u2013 Wout van Aert bags green jersey but regrets missed opportunity in Vuelta a Espa\u00f1a breakaway<\/p>\n<\/div>\n<div class=\"live-feed-ad-unit ad-unit\"><\/div>\n<div class=\"wcp-item-content\">\n<time class=\"no-wrap live-feed-date\" datetime=\"2026-08-29T14:29:36+00:00\">2026-08-29T14:29:36.630Z<\/time><\/p>\n<p id=\"elk-0fc88df2-a3b6-11f1-bebf-25e94a39e94d\">Who will sprint for Netcompany Ineos today? Axel Laurance is looking in good form, with a 5th and 8th finish to his name already this week, but also have Ben Turner as an option, who has a bunch sprint stage win at the Vuelta on his palmares from last year. It&#8217;s a tricky choice for the team, and both riders are capable climbers who will fancy their chances of surviving the climb.<\/p>\n<figure class=\"van-image-figure inline-layout\" data-bordeaux-image-check id=\"elk-0fc88e6a-a3b6-11f1-9030-d905bec8e172\">\n<div class=\"image-full-width-wrapper\">\n<div class=\"image-widthsetter\">\n<p class=\"vanilla-image-block\">\n<p><img decoding=\"async\" src=\"https:\/\/cdn.mos.cms.futurecdn.net\/ZdbYcgjrsU7Z4f82mt5624.jpg\" alt=\"XERACO, SPAIN - AUGUST 29: Axel Laurance of France and Netcompany INEOS Cycling Team competes during the La Vuelta - 81st Tour of Spain 2026, Stage 8 a 171km stage from Pucol to Xeraco \/ #UCIWT \/ on August 29, 2026 in Pucol, Spain. (Photo by Tim de Waele\/Getty Images)\" loading=\"lazy\" class=\"rounded-[var(--image--border-radius,0)] inline\">\n<\/p>\n<\/div>\n<\/div><figcaption class=\" inline-layout\"><span class=\"credit\">(Image credit: Getty Images)<\/span><\/figcaption><\/figure>\n<\/div>\n<div class=\"wcp-item-content\">\n<time class=\"no-wrap live-feed-date\" datetime=\"2026-08-29T14:38:03+00:00\">2026-08-29T14:38:03.477Z<\/time><\/p>\n<p id=\"elk-3dc8f39e-a3b7-11f1-8bd6-d707812a934a\">Another rider to look out for today is Red Bull-Bora Hansgrohe&#8217;s Jordi Meeus. He\u2019s one of the few riders in the peloton who can rival Brennan for pure speed, and managed to survive the climb on stage five that put paid to so many other sprinters\u2019 hopes. He was second that day, and will be eager to go one better having not won a race for almost three months.<\/p>\n<\/div>\n<div class=\"live-feed-ad-unit ad-unit\"><\/div>\n<div class=\"wcp-item-content\">\n<time class=\"no-wrap live-feed-date\" datetime=\"2026-08-29T14:45:59+00:00\">2026-08-29T14:45:59.310Z<\/time><br \/>\n<a id=\"elk-50km-to-go\"><\/a><\/p>\n<h3 class=\"article-body__section\" id=\"section-50km-to-go\"><span>50KM TO GO<\/span><\/h3>\n<p id=\"elk-5983fd58-a3b8-11f1-b4f9-c941215e3a96\">Sinuh\u00e9 Fern\u00e1ndez might not be out in front for much longer at this rate. His lead over the peloton has dropped to only just over a minute, although the chase may slow down if the peloton is reluctant to make the catch to early &#8211; the sprinters&#8217; teams wont want to leave themselves exposed to attacks on the upcoming Puerto de Barx.<\/p>\n<\/div>\n<div class=\"wcp-item-content\">\n<time class=\"no-wrap live-feed-date\" datetime=\"2026-08-29T14:52:05+00:00\">2026-08-29T14:52:05.506Z<\/time><\/p>\n<p id=\"elk-33b45ab8-a3b9-11f1-8e48-4f69bae11fdb\">Following his fourth-place finish on stage five, Alessandro Romele is also a rider to look out for in the expected sprint today, though he\u2019s made headlines for the wrong reasons most recently. The Italian took responsibility for the crash that saw Luca Van Boven abandon the race prior to today\u2019s stage.<\/p>\n<p>\u2018It was fair that I got it&#8217; &#8211; Alessandro Romele accepts yellow card for crash incident that led to Luca Van Boven Vuelta a Espa\u00f1a abandon<\/p>\n<p><a id=\"elk-seasonal\"><\/a><\/p>\n<aside data-article-category=\"pro-cycling\" data-block-type=\"embed\" data-render-type=\"fte\" data-skip=\"dealsy\" data-widget-type=\"seasonal\" class=\"ecom-root\"><\/aside>\n<\/div>\n<div class=\"live-feed-ad-unit ad-unit\"><\/div>\n<div class=\"wcp-item-content\">\n<time class=\"no-wrap live-feed-date\" datetime=\"2026-08-29T15:01:40+00:00\">2026-08-29T15:01:40.651Z<\/time><br \/>\n<a id=\"elk-40km-to-go\"><\/a><\/p>\n<h3 class=\"article-body__section\" id=\"section-40km-to-go\"><span>40KM TO GO<\/span><\/h3>\n<p id=\"elk-8a635d54-a3ba-11f1-afdf-27649802d03d\">The riders are approaching the day&#8217;s intermediate sprint, and as a result the pace in the peloton has picked up. It&#8217;s Visma-Lease a Bike who have put more men at the front, in search of increasing Van Aert&#8217;s lead in the points classification, and are set to catch Fern\u00e1ndez before the sprint.<\/p>\n<\/div>\n<div class=\"wcp-item-content\">\n<time class=\"no-wrap live-feed-date\" datetime=\"2026-08-29T15:08:18+00:00\">2026-08-29T15:08:18.046Z<\/time><br \/>\n<a id=\"elk-intermediate-sprint\"><\/a><\/p>\n<h3 class=\"article-body__section\" id=\"section-intermediate-sprint\"><span>INTERMEDIATE SPRINT<\/span><\/h3>\n<p id=\"elk-77945876-a3bb-11f1-8d96-5bf1c339d901\">Van Aert takes the maximum 20 points at the sprint. Sinuh\u00e9 Fern\u00e1ndez was caught beforehand, and the green jersey was able to take the sprint without anyone competing against him.<\/p>\n<\/div>\n<div class=\"live-feed-ad-unit ad-unit\"><\/div>\n<div class=\"wcp-item-content\">\n<time class=\"no-wrap live-feed-date\" datetime=\"2026-08-29T15:09:09+00:00\">2026-08-29T15:09:09.145Z<\/time><br \/>\n<a id=\"elk-crash-pogacar\"><\/a><\/p>\n<h3 class=\"article-body__section\" id=\"section-crash-pogacar\"><span>CRASH &#8211; POGACAR<\/span><\/h3>\n<p id=\"elk-95d46aec-a3bb-11f1-bf43-b587f7dfa5b2\">The red jersey is down, and he looks hurt. He&#8217;s still sat on the floor a minute or so after hitting the deck. His race might be in peril.<\/p>\n<\/div>\n<div class=\"wcp-item-content\">\n<time class=\"no-wrap live-feed-date\" datetime=\"2026-08-29T15:11:42+00:00\">2026-08-29T15:11:42.452Z<\/time><\/p>\n<p id=\"elk-f1254772-a3bb-11f1-9e7c-91621928f776\">Poga\u010dar has gone down very heavily, and has shed a lot of blood. He briefly got back up on his feet, but has sat down again, clearly in a lot of pain. His abandonment appears imminent.<\/p>\n<p>The peloton has slowed down, but is already several minutes ahead.<\/p>\n<p><a id=\"elk-seasonal\"><\/a><\/p>\n<aside data-article-category=\"pro-cycling\" data-block-type=\"embed\" data-render-type=\"fte\" data-skip=\"dealsy\" data-widget-type=\"seasonal\" class=\"ecom-root\"><\/aside>\n<\/div>\n<div class=\"live-feed-ad-unit ad-unit\"><\/div>\n<div class=\"wcp-item-content\">\n<time class=\"no-wrap live-feed-date\" datetime=\"2026-08-29T15:12:47+00:00\">2026-08-29T15:12:47.205Z<\/time><br \/>\n<a id=\"elk-dnf-tadej-pogacar\"><\/a><\/p>\n<h3 class=\"article-body__section\" id=\"section-dnf-tadej-pogacar\"><span>DNF &#8211; TADEJ POGACAR<\/span><\/h3>\n<p id=\"elk-17d8f54e-a3bc-11f1-a582-41aafc01b950\">The red jersey has climbed into the medical vehicle, and has left the race. This is a shocking development in the race.<\/p>\n<\/div>\n<div class=\"wcp-item-content\">\n<time class=\"no-wrap live-feed-date\" datetime=\"2026-08-29T15:15:08+00:00\">2026-08-29T15:15:08.502Z<\/time><\/p>\n<div class=\"see-more see-more--clipped\" id=\"elk-2093718116178047247\">\n<figure>\n<blockquote class=\"twitter-tweet hawk-ignore\" data-lang=\"en\" cite=\"https:\/\/twitter.com\/cantworkitout\/status\/2093718116178047247\">\n<p lang=\"en\" dir=\"ltr\">\ud83d\udca5 Crash in the peloton and race leader Tadej Pogacar is on the ground! \ud83d\udea8 Ca\u00edda de Tadej Pogacar \ud83d\ude1e El l\u00edder de la carrera se ha ido al suelo y muestra gestos de mucho dolor #LaVuelta26 pic.twitter.com\/449HaJXgQKAugust 29, 2026<\/p>\n<\/blockquote>\n<\/figure>\n<div class=\"see-more__filter\"><\/div>\n<\/div>\n<\/div>\n<div class=\"live-feed-ad-unit ad-unit\"><\/div>\n<div class=\"wcp-item-content\">\n<time class=\"no-wrap live-feed-date\" datetime=\"2026-08-29T15:17:22+00:00\">2026-08-29T15:17:22.428Z<\/time><\/p>\n<p id=\"elk-bbceb3b4-a3bc-11f1-b888-57877cfe0937\">The peloton looks a little in shock, riding only at a steady pace, with no team taking control despite nearing the start of the climb. UAE riders who waited for Poga\u010dar, some of whom also went down in the same incident, are pacing their way back to the peloton.<\/p>\n<p>This is the tenth Grand Tour of Poga\u010dar&#8217;s, and the first he has ever abandoned. Before today, he&#8217;d never even finished lower than third place.<\/p>\n<p><a id=\"elk-seasonal\"><\/a><\/p>\n<aside data-article-category=\"pro-cycling\" data-block-type=\"embed\" data-render-type=\"fte\" data-skip=\"dealsy\" data-widget-type=\"seasonal\" class=\"ecom-root\"><\/aside>\n<\/div>\n<div class=\"wcp-item-content\">\n<time class=\"no-wrap live-feed-date\" datetime=\"2026-08-29T15:20:11+00:00\">2026-08-29T15:20:11.319Z<\/time><br \/>\n<a id=\"elk-kom-puerto-de-barx\"><\/a><\/p>\n<h3 class=\"article-body__section\" id=\"section-kom-puerto-de-barx\"><span>KOM &#8211; PUERTO DE BARX<\/span><\/h3>\n<p id=\"elk-20808a76-a3bd-11f1-be0a-dd3bcdbda043\">The race goes on, and the peloton have just crested the day&#8217;s sole climb, Van Aert claiming the KOM points on offer at the top.<\/p>\n<p>No team really took it on, and no attacks came, so it seems like this stage will go down to a sprint, with most if not all of the major sprinters still in contention.<\/p>\n<p><a id=\"elk-seasonal\"><\/a><\/p>\n<aside data-article-category=\"pro-cycling\" data-block-type=\"embed\" data-render-type=\"fte\" data-skip=\"dealsy\" data-widget-type=\"seasonal\" class=\"ecom-root\"><\/aside>\n<\/div>\n<div class=\"live-feed-ad-unit ad-unit\"><\/div>\n<div class=\"wcp-item-content\">\n<time class=\"no-wrap live-feed-date\" datetime=\"2026-08-29T15:24:50+00:00\">2026-08-29T15:24:50.926Z<\/time><br \/>\n<a id=\"elk-attack-azparren\"><\/a><\/p>\n<h3 class=\"article-body__section\" id=\"section-attack-azparren\"><span>ATTACK &#8211; AZPARREN<\/span><\/h3>\n<p id=\"elk-c72d24a6-a3bd-11f1-bf6b-5ff706e69b03\">There&#8217;s been an attack from the peloton, as Azparren makes an opportunistic move in the aftermath of the climb. He&#8217;s leading by a few seconds, but the peloton has matters under control.<\/p>\n<\/div>\n<div class=\"wcp-item-content\">\n<time class=\"no-wrap live-feed-date\" datetime=\"2026-08-29T15:30:14+00:00\">2026-08-29T15:30:14.902Z<\/time><br \/>\n<a id=\"elk-20km-to-go\"><\/a><\/p>\n<h3 class=\"article-body__section\" id=\"section-20km-to-go\"><span>20KM TO GO<\/span><\/h3>\n<p id=\"elk-88be3eb6-a3be-11f1-96df-15811fc89201\">Azparren still leads the race, but only by about 15 seconds. Visma-Lease a Bike lead the peloton, and have it all strung out as they set things up for the sprint.<\/p>\n<\/div>\n<div class=\"live-feed-ad-unit ad-unit\"><\/div>\n<div class=\"wcp-item-content\">\n<time class=\"no-wrap live-feed-date\" datetime=\"2026-08-29T15:35:32+00:00\">2026-08-29T15:35:32.910Z<\/time><\/p>\n<p id=\"elk-462f253c-a3bf-11f1-a6c3-91120cdfefa1\">Movistar are also present towards the front of the peloton, near Visma-Lease a Bike. They suddenly find themselves in possession of the virtual red jersey, with Enric Mas set to take it on the podium tonight, all being well.<\/p>\n<figure class=\"van-image-figure inline-layout\" data-bordeaux-image-check id=\"elk-462f25aa-a3bf-11f1-8b56-f7c5fae35dfb\">\n<div class=\"image-full-width-wrapper\">\n<div class=\"image-widthsetter\">\n<p class=\"vanilla-image-block\">\n<p><img decoding=\"async\" src=\"https:\/\/cdn.mos.cms.futurecdn.net\/xKDt5q79s3v79Gx4e5r9dD.jpg\" alt=\"XERACO, SPAIN - AUGUST 29: Wout Van Aert of Belgium and Team Visma | Lease a Bike - Green Points Jersey competes during the La Vuelta - 81st Tour of Spain 2026, Stage 8 a 171km stage from Pucol to Xeraco \/ #UCIWT \/ on August 29, 2026 in Pucol, Spain. (Photo by Tim de Waele\/Getty Images)\" loading=\"lazy\" class=\"rounded-[var(--image--border-radius,0)] inline\">\n<\/p>\n<\/div>\n<\/div><figcaption class=\" inline-layout\"><span class=\"credit\">(Image credit: Getty Images)<\/span><\/figcaption><\/figure>\n<\/div>\n<div class=\"wcp-item-content\">\n<time class=\"no-wrap live-feed-date\" datetime=\"2026-08-29T15:41:01+00:00\">2026-08-29T15:41:01.789Z<\/time><br \/>\n<a id=\"elk-10km-to-go\"><\/a><\/p>\n<h3 class=\"article-body__section\" id=\"section-10km-to-go\"><span>10KM TO GO<\/span><\/h3>\n<p id=\"elk-09e47b62-a3c0-11f1-8126-ab3fd5019602\">10 seconds is Azparren&#8217;s slender lead, as he goes under the 10km to go banner.<\/p>\n<p>There&#8217;s been yet another crash, about five riders going down this time, including Carlos Rodr\u00edguez and Luke Tuckwell. Roland Thalmann also went down, and has a very nasty looking road rash, but is on his bike and making his way back to the peloton.<\/p>\n<p><a id=\"elk-seasonal\"><\/a><\/p>\n<aside data-article-category=\"pro-cycling\" data-block-type=\"embed\" data-render-type=\"fte\" data-skip=\"dealsy\" data-widget-type=\"seasonal\" class=\"ecom-root\"><\/aside>\n<\/div>\n<div class=\"live-feed-ad-unit ad-unit\"><\/div>\n<div class=\"wcp-item-content\">\n<time class=\"no-wrap live-feed-date\" datetime=\"2026-08-29T15:45:22+00:00\">2026-08-29T15:45:22.809Z<\/time><br \/>\n<a id=\"elk-5km-to-go\"><\/a><\/p>\n<h3 class=\"article-body__section\" id=\"section-5km-to-go\"><span>5KM TO GO<\/span><\/h3>\n<p id=\"elk-a595e94c-a3c0-11f1-aa50-8d8877dcd5a8\">The peloton is bearing down on Azparren as they enter the final, technical 5km. The catch is soon to be made, with Visma still leading.<\/p>\n<\/div>\n<div class=\"wcp-item-content\">\n<time class=\"no-wrap live-feed-date\" datetime=\"2026-08-29T15:46:54+00:00\">2026-08-29T15:46:54.763Z<\/time><\/p>\n<p id=\"elk-dc4c223a-a3c0-11f1-8178-d7a3c918e65c\">Red Bull-Bora Hansgrohe have taken control at the front of the peloton, with Alpecin also bringing Groves towards the front, and Brennan still up there for Visma-Lease a Bike.<\/p>\n<\/div>\n<div class=\"live-feed-ad-unit ad-unit\"><\/div>\n<div class=\"wcp-item-content\">\n<time class=\"no-wrap live-feed-date\" datetime=\"2026-08-29T15:48:25+00:00\">2026-08-29T15:48:25.365Z<\/time><br \/>\n<a id=\"elk-1km-to-go\"><\/a><\/p>\n<h3 class=\"article-body__section\" id=\"section-1km-to-go\"><span>1KM TO GO<\/span><\/h3>\n<p id=\"elk-124b1166-a3c1-11f1-bfde-5bd0f10a01cc\">Azparren was caught 500m ago, and now Netcompany lead the peloton as they enter the final kilometre.<\/p>\n<\/div>\n<div class=\"wcp-item-content\">\n<time class=\"no-wrap live-feed-date\" datetime=\"2026-08-29T15:49:12+00:00\">2026-08-29T15:49:12.277Z<\/time><\/p>\n<p id=\"elk-2e31427e-a3c1-11f1-aa30-95f8cd1b7e7e\">Van Aert is leading out the sprint, but it&#8217;s for Laporte rather than Brennan, who is further down.<\/p>\n<\/div>\n<div class=\"live-feed-ad-unit ad-unit\"><\/div>\n<div class=\"wcp-item-content\">\n<time class=\"no-wrap live-feed-date\" datetime=\"2026-08-29T15:50:59+00:00\">2026-08-29T15:50:59.512Z<\/time><br \/>\n<a id=\"elk-bryan-coquard-wins\"><\/a><\/p>\n<h3 class=\"article-body__section\" id=\"section-bryan-coquard-wins\"><span>BRYAN COQUARD WINS<\/span><\/h3>\n<p id=\"elk-6e4b8798-a3c1-11f1-87df-6f435043e738\">Coquard takes it, the Grand Tour stage he has spent his whole career chasing!<\/p>\n<\/div>\n<div class=\"wcp-item-content\">\n<time class=\"no-wrap live-feed-date\" datetime=\"2026-08-29T15:53:12+00:00\">2026-08-29T15:53:12.934Z<\/time><\/p>\n<p id=\"elk-bdacf4f2-a3c1-11f1-b8e2-d7b5384bf0c8\">It was a dramatic finale, with yet another crash in the final few hundred metres taking out several riders.<\/p>\n<p>It looked as though Mads Pedersen was going to take the win, but Coquard came from behind and pipped him with a bike-throw. Meeus was third, Turner fourth, and, despite all their work, Brennan was Visma&#8217;s best-placed rider in tenth.<\/p>\n<p><a id=\"elk-seasonal\"><\/a><\/p>\n<aside data-article-category=\"pro-cycling\" data-block-type=\"embed\" data-render-type=\"fte\" data-skip=\"dealsy\" data-widget-type=\"seasonal\" class=\"ecom-root\"><\/aside>\n<\/div>\n<div class=\"live-feed-ad-unit ad-unit\"><\/div>\n<div class=\"wcp-item-content\">\n<time class=\"no-wrap live-feed-date\" datetime=\"2026-08-29T15:58:19+00:00\">2026-08-29T15:58:19.934Z<\/time><\/p>\n<p id=\"elk-74c1bc2c-a3c2-11f1-86ba-7318bdf4b5a9\">It was a very close sprint, with Coquard taking it thanks to an impressive bike-lunge. The Frenchman really wanted that one.<\/p>\n<figure class=\"van-image-figure inline-layout\" data-bordeaux-image-check id=\"elk-74c1bca4-a3c2-11f1-82b5-33456fffd6aa\">\n<div class=\"image-full-width-wrapper\">\n<div class=\"image-widthsetter\">\n<p class=\"vanilla-image-block\">\n<p><img decoding=\"async\" src=\"https:\/\/cdn.mos.cms.futurecdn.net\/oUU4nmXSFM9oQu8rooJrTJ.jpg\" alt=\"Team Cofidis&amp;#039; French rider Bryan Coquard (R) crosses the finish line to win the eighth stage of the Vuelta a Espana 2026, a 171 km race between Pucol and Xeraco on August 29, 2026. (Photo by Josep LAGO \/ AFP)\" loading=\"lazy\" class=\"rounded-[var(--image--border-radius,0)] inline\">\n<\/p>\n<\/div>\n<\/div><figcaption class=\" inline-layout\"><span class=\"credit\">(Image credit: Getty Images)<\/span><\/figcaption><\/figure>\n<\/div>\n<div class=\"wcp-item-content\">\n<time class=\"no-wrap live-feed-date\" datetime=\"2026-08-29T16:03:37+00:00\">2026-08-29T16:03:37.183Z<\/time><\/p>\n<p id=\"elk-32022056-a3c3-11f1-969a-59486fea3f11\">The story of the day is of course the crash that has seen race leader, and the seemingly invincible, Tadej Poga\u010dar leave the race. Here\u2019s our full report of the incident that has rocked the Vuelta.<\/p>\n<p>Tadej Poga\u010dar abandons the Vuelta a Espa\u00f1a after crash on stage 8<\/p>\n<p><a id=\"elk-seasonal\"><\/a><\/p>\n<aside data-article-category=\"pro-cycling\" data-block-type=\"embed\" data-render-type=\"fte\" data-skip=\"dealsy\" data-widget-type=\"seasonal\" class=\"ecom-root\"><\/aside>\n<\/div>\n<div class=\"live-feed-ad-unit ad-unit\"><\/div>\n<div class=\"wcp-item-content\">\n<time class=\"no-wrap live-feed-date\" datetime=\"2026-08-29T16:09:39+00:00\">2026-08-29T16:09:39.707Z<\/time><\/p>\n<p id=\"elk-0a461328-a3c4-11f1-8f57-6f3034496275\">On a brighter note, what a day for Bryan Coquard. This is the thirteenth Grand Tour he has ridden in his career; and, despite having 55 career wins to his name, he\u2019d never before won one at this level. His record of fishing second three times at the Tour de France, and third another two times, has made him notorious as a perennial bridesmaid, so this victory will bring great joy to cycling fans around the world.<\/p>\n<figure class=\"van-image-figure inline-layout\" data-bordeaux-image-check id=\"elk-0a46138c-a3c4-11f1-b69e-0bfcb20d047d\">\n<div class=\"image-full-width-wrapper\">\n<div class=\"image-widthsetter\">\n<p class=\"vanilla-image-block\">\n<p><img decoding=\"async\" src=\"https:\/\/cdn.mos.cms.futurecdn.net\/NwgiTepc2u5qAsdod8vGM.jpg\" alt=\"Team Cofidis&amp;#039; French rider Bryan Coquard celebrates on the podium after winning the eighth stage of the Vuelta a Espana 2026, a 171 km race between Pucol and Xeraco on August 29, 2026. (Photo by Josep LAGO \/ AFP)\" loading=\"lazy\" class=\"rounded-[var(--image--border-radius,0)] inline\">\n<\/p>\n<\/div>\n<\/div><figcaption class=\" inline-layout\"><span class=\"credit\">(Image credit: Getty Images)<\/span><\/figcaption><\/figure>\n<\/div>\n<div class=\"wcp-item-content\">\n<time class=\"no-wrap live-feed-date\" datetime=\"2026-08-29T16:17:38+00:00\">2026-08-29T16:17:38.066Z<\/time><\/p>\n<p id=\"elk-272a5048-a3c5-11f1-a833-2508cb1ebf4f\">Right from the neutralised section, when a crash delayed the start, it was a grim day at the Vuelta, with multiple crashes throughout the stage. Roland Thalmann was one of the worst affected, suffering bad road rashes and a torn jersey when he went down towards the end. A lot of riders have been in the wars.<\/p>\n<figure class=\"van-image-figure inline-layout\" data-bordeaux-image-check id=\"elk-272a50ac-a3c5-11f1-a939-77602835c4aa\">\n<div class=\"image-full-width-wrapper\">\n<div class=\"image-widthsetter\">\n<p class=\"vanilla-image-block\">\n<p><img decoding=\"async\" src=\"https:\/\/cdn.mos.cms.futurecdn.net\/cW6qAak9DBFUE8hwuQYZxj.jpg\" alt=\"XERACO, SPAIN - AUGUST 29: (EDITOR&amp;amp;rsquo;S NOTE: Image contains graphic content.) Roland Thalmann of Switzerland and Team Tudor Pro Cycling after being involved in a crash during the La Vuelta - 81st Tour of Spain 2026, Stage 8 a 171km stage from Pucol to Xeraco \/ #UCIWT \/ on August 29, 2026 in Pucol, Spain. (Photo by Tim de Waele\/Getty Images)\" loading=\"lazy\" class=\"rounded-[var(--image--border-radius,0)] inline\">\n<\/p>\n<\/div>\n<\/div><figcaption class=\" inline-layout\"><span class=\"credit\">(Image credit: Getty Images)<\/span><\/figcaption><\/figure>\n<\/div>\n<div class=\"live-feed-ad-unit ad-unit\"><\/div>\n<div class=\"wcp-item-content\">\n<time class=\"no-wrap live-feed-date\" datetime=\"2026-08-29T16:20:58+00:00\">2026-08-29T16:20:58.171Z<\/time><\/p>\n<p id=\"elk-9eb99060-a3c5-11f1-bc89-cdb21ffba121\">Poga\u010dar&#8217;s crash has blown this race wide open, with multiple riders now within shooting distance of the red jersey.<\/p>\n<p>For now, Enric Mas leads it. Here he is on the podium, sportingly choosing not to adorn the jersey in honour of the stricken Slovenian.<\/p>\n<figure class=\"van-image-figure inline-layout\" data-bordeaux-image-check id=\"elk-9eb990ba-a3c5-11f1-8098-2d506f3374a3\">\n<div class=\"image-full-width-wrapper\">\n<div class=\"image-widthsetter\">\n<p class=\"vanilla-image-block\">\n<p><img decoding=\"async\" src=\"https:\/\/cdn.mos.cms.futurecdn.net\/Gw4GNSWBr665pzk5nkAhiM.jpg\" alt=\"XERACO, SPAIN - AUGUST 29: Enric Mas of Spain and Movistar Team celebrates at podium as Red Leader Jersey winner without putting on a jersey as a sign of respect for the injured former leader Tadej Pogacar of Slovenia and UAE Team Emirates XRG, during the La Vuelta - 81st Tour of Spain 2026, Stage 8 a 171km stage from Pucol to Xeraco \/ #UCIWT \/ on August 29, 2026 in Xeraco, Spain. (Photo by Alexander Hassenstein\/Getty Images)\" loading=\"lazy\" class=\"rounded-[var(--image--border-radius,0)] inline\">\n<\/p>\n<\/div>\n<\/div><figcaption class=\" inline-layout\"><span class=\"credit\">(Image credit: Getty Images)<\/span><\/figcaption><\/figure>\n<p><a id=\"elk-seasonal\"><\/a><\/p>\n<aside data-article-category=\"pro-cycling\" data-block-type=\"embed\" data-render-type=\"fte\" data-skip=\"dealsy\" data-widget-type=\"seasonal\" class=\"ecom-root\"><\/aside>\n<\/div>\n<div class=\"wcp-item-content\">\n<time class=\"no-wrap live-feed-date\" datetime=\"2026-08-29T16:31:13+00:00\">2026-08-29T16:31:13.206Z<\/time><\/p>\n<p id=\"elk-0ce89c24-a3c7-11f1-847a-3d0e44a7fed2\">Thanks for joining us today, on a stage that has turned this Vuelta on its head. This one had the whole range of emotions, from the devastation of Poga\u010dar&#8217;s crash, to the ecstasy of Coquard&#8217;s first Grand Tour win. What had looked like a very straightforward race now looks extremely unpredictable, with multiple riders now in contention for the red jersey.<\/p>\n<p>All bets are off, so be sure to join us again tomorrow &#8211; which is a monster stage in the mountains, and where the new-look GC race is to start taking shape.<\/p>\n<figure class=\"van-image-figure inline-layout\" data-bordeaux-image-check id=\"elk-0ce89c9c-a3c7-11f1-a2ef-71cb2b69b01c\">\n<div class=\"image-full-width-wrapper\">\n<div class=\"image-widthsetter\">\n<p class=\"vanilla-image-block\">\n<p><img decoding=\"async\" src=\"https:\/\/cdn.mos.cms.futurecdn.net\/AKdrRdRX6r8C9mxYdLyWRe.jpg\" alt=\"Team Cofidis&amp;#039; French rider Bryan Coquard celebrates on the podium after winning the eighth stage of the Vuelta a Espana 2026, a 171 km race between Pucol and Xeraco on August 29, 2026. (Photo by Josep LAGO \/ AFP)\" loading=\"lazy\" class=\"rounded-[var(--image--border-radius,0)] inline\">\n<\/p>\n<\/div>\n<\/div><figcaption class=\" inline-layout\"><span class=\"credit\">(Image credit: Getty Images)<\/span><\/figcaption><\/figure>\n<p><a id=\"elk-seasonal\"><\/a><\/p>\n<aside data-article-category=\"pro-cycling\" data-block-type=\"embed\" data-render-type=\"fte\" data-skip=\"dealsy\" data-widget-type=\"seasonal\" class=\"ecom-root\"><\/aside>\n<\/div>\n<div class=\"live-feed-ad-unit ad-unit\"><\/div>\n<div id=\"viafoura-comments\" aria-hidden=\"true\"><\/div>\n<div class=\"relative max-w-[1070px] viafoura-twig-component mt-6\" data-component-name=\"Viafoura:Comments\" data-nosnippet data-community-guidelines-text=\"&lt;p class=&apos;vfcustom-community-guidelines&apos;&gt;Please follow our &lt;a href=&quot;https:\/\/www.cyclingnews.com\/about\/#section-community-guidelines&quot; target=&quot;_blank&quot;&gt;community guidelines&lt;\/a&gt;.&lt;\/p&gt;\" data-join-the-conversation-text=\"Join the Conversation\">\n<div class=\"relative h-(--truncate-height) sm:h-(--truncate-desktop-height) overflow-hidden transition-[height] duration-150\" data-test-id=\"container\" data-component-name=\"Util:Truncate\" id=\"viafoura-comments-container\">\n<div class=\"relative z-10 viafoura rounded-[var(--comment-widget-border-radius,0)]\" id=\"viafoura-comment-wrapper\" data-test-id=\"content\">\n<div class=\"viafoura\">\n<div>\n<\/div>\n<\/div>\n<\/div>\n<div class=\"absolute bg-gradient-to-t from-[var(--truncate-gradient-color,white)] from-50% h-28 z-20 w-full bottom-0 flex items-end justify-center px-0 rounded-none\">\n<\/div>\n<\/div>\n<div class=\"absolute top-0 left-0 w-full h-full flex items-center justify-center z-50 bg-white\/90 border-1 rounded-b-[var(--comment-widget-border-radius,0)]\">\n<div class=\"p-2 text-center\">\n<p class=\"mb-3 text-lg!\">You must confirm your public display name before commenting<\/p>\n<p class=\"mb-3 text-sm!\">Please logout and then login again, you will then be prompted to enter your display name.<\/p>\n<\/div>\n<\/div>\n<\/div>\n<div class=\"related-articles-block\">\n<\/div>\n<\/div>\n<\/div>\n<div data-widget-type=\"ads\" id=\"ads-content\" class=\"clear-both widget widget-ads widget-ads-content widget-ads-ads-content widget-no-data widget-ads-incontent_ad\">\n<div id=\"bdx_incontent_ad\" data-type=\"ads\" data-ads-type=\"bordeaux\" class=\"incontent_ad\"><\/div>\n<\/div>\n<\/div>\n<div id=\"widgetArea17\" class=\"widget-area md:basis-1\/3 widget-area-g-md-vp-1-3 widget-area-g-lg-vp-1-3 widget-area-g-xl-vp-1-3 page-widget-area-17\">\n<div data-widget-type=\"newsletter\" id=\"newsletter\" class=\"clear-both widget widget-newsletter widget-newsletter widget-newsletter-newsletter widget-newsletter-fter\">\n<\/div>\n<div data-widget-type=\"empty\" id=\"sidebar\" class=\"clear-both widget widget-empty widget-sidebar widget-empty-sidebar widget-no-data widget-empty\">\n<\/div>\n<div data-widget-type=\"empty\" id=\"sidebar-top\" class=\"clear-both widget widget-empty widget-sidebar-top widget-empty-sidebar-top ad-unit widget-no-data widget-empty\">\n<\/div>\n<div data-widget-type=\"empty\" id=\"sidebar-popular-top\" class=\"clear-both widget widget-empty widget-sidebar-popular-top widget-empty-sidebar-popular-top ad-unit widget-no-data widget-empty\">\n<\/div>\n<div data-widget-type=\"dynamic\" id=\"mostpopular\" class=\"clear-both widget widget-dynamic widget-mostpopular widget-dynamic-mostpopular widget-dynamic-fter-popular-box\">\n<div class=\"clear-both widget-header\">\n<\/div>\n<div class=\"wdn-fte-pb pos-relative space-t20\n\"><\/p>\n<div class=\"slice-container popular-box-slice\">\n<section class=\"popular-box\" data-component-name=\"Slice:PopularBox\">\n<div class=\"popular-box__label\">\n<div class=\"popular-box__label__tab popular-box__label__tab--active\" role=\"heading\">\nLATEST ARTICLES\n<\/div>\n<\/div>\n<ol class=\"popular-box__articles-list popular-box__articles-list--active\">\n<li class=\"popular-box__article-list\">\n<div class=\"popular-box__article-list__container\">\n<div class=\"popular-box__article-list__image-wrapper\">\n<div>\n<p><img decoding=\"async\" src=\"https:\/\/cdn.mos.cms.futurecdn.net\/prBAptdvbJ3B45dRr6k3QR.jpg\" alt=\"A smiling Tadej Poga\u010dar (UAE Team Emirates-XRG) at the start of stage 8 in Pucol\" loading=\"lazy\" class=\"rounded-[var(--image--border-radius,0)] popular-box__article-list__image image__image\"><\/p>\n<\/div>\n<\/div>\n<div class=\"popular-box__article-list__content\">\n<div class=\"popular-box__article-list__number-text\">1<\/div>\n<div class=\"popular-box__article-list__heading\">\n<p>Tadej Poga\u010dar&#8217;s brutally unexpected exit from the Vuelta\u00a0a Espa\u00f1a is a massive reminder of cycling&#8217;s intrinsic unpredictability &#8211; Analysis<\/p>\n<\/div>\n<\/div>\n<\/div>\n<\/li>\n<li class=\"popular-box__article-list\">\n<div class=\"popular-box__article-list__container\">\n<div class=\"popular-box__article-list__content\">\n<div class=\"popular-box__article-list__number-text\">2<\/div>\n<div class=\"popular-box__article-list__heading\">\n<p>Disappointment at SD Worx-Protime as Mischa Bredewold misses fourth consecutive victory at Classic Lorient Agglom\u00e9ration<\/p>\n<\/div>\n<\/div>\n<\/div>\n<\/li>\n<li class=\"popular-box__article-list\">\n<div class=\"popular-box__article-list__container\">\n<div class=\"popular-box__article-list__content\">\n<div class=\"popular-box__article-list__number-text\">3<\/div>\n<div class=\"popular-box__article-list__heading\">\n<p>&#8216;A lot of people thought they were superheroes today&#8217; \u2013 Matthew Brennan laments risk-taking in Vuelta a Espa\u00f1a peloton on a day marked by numerous crashes<\/p>\n<\/div>\n<\/div>\n<\/div>\n<\/li>\n<li class=\"popular-box__article-list\">\n<div class=\"popular-box__article-list__container\">\n<div class=\"popular-box__article-list__content\">\n<div class=\"popular-box__article-list__number-text\">4<\/div>\n<div class=\"popular-box__article-list__heading\">\n<p>&#8216;It&#8217;s a sad way to end it&#8217; &#8211; exit of Tadej Poga\u010dar sparks wave of sympathy and regret in the Vuelta a Espa\u00f1a peloton<\/p>\n<\/div>\n<\/div>\n<\/div>\n<\/li>\n<li class=\"popular-box__article-list\">\n<div class=\"popular-box__article-list__container\">\n<div class=\"popular-box__article-list__content\">\n<div class=\"popular-box__article-list__number-text\">5<\/div>\n<div class=\"popular-box__article-list__heading\">\n<p>\u2018Right now we have to be with Tadej the person&#8217; &#8211; UAE Team Emirates-XRG management prioritize Poga\u010dar&#8217;s recovery after Vuelta a Espa\u00f1a leader crashes out of race<\/p>\n<\/div>\n<\/div>\n<\/div>\n<\/li>\n<\/ol>\n<\/section>\n<\/div>\n<\/div>\n<\/div>\n<div data-widget-type=\"empty\" id=\"sidebar-popular-bottom\" class=\"clear-both widget widget-empty widget-sidebar-popular-bottom widget-empty-sidebar-popular-bottom ad-unit widget-no-data widget-empty\">\n<\/div>\n<\/div>\n<\/div>\n<\/article>\n<div data-widget-type=\"hero\" id=\"hero\" class=\"clear-both widget widget-hero widget-hero widget-hero-hero hero-live news-article widget-hero widget-hero-fter-review\">\n<div class=\"clear-both widget-header\">\n<\/div>\n<div data-component-name=\"Article:Hero\" class=\"news-article\">\n<div class=\"header-container\">\n<nav class=\"breadcrumb\" aria-label=\"Breadcrumbs\">\n<ol>\n<li>\nPro Cycling\n<\/li>\n<li>\nRacing\n<\/li>\n<li>\nRoad\n<\/li>\n<li>\nVuelta a Espa\u00f1a\n<\/li>\n<\/ol>\n<\/nav>\n<header>\n<div class=\"header-sub-container\">\n<h1 class=\"review-title-long \">As it happened: sprint decides stage 8 of the Vuelta a Espa\u00f1a on a day where the red jersey changes hands<\/h1>\n<h2>Pu\u00e7ol to Xeraco, 171 km<br \/>\n<\/h2>\n<div class=\"vds-byline-block flex flex-row flex-nowrap my-1.5 gap-2 text-left items-start justify-start\" data-component-name=\"Article:BylineBlock\">\n<p>Live-reports<\/p>\n<div class=\"my-auto vds-simple-byline\">\n<span class=\"inline-block vds-author\"><br \/>\nBy<br \/>\nStephen Puddicombe <\/span><br \/>\n<span class=\"inline-block h-3 my-auto border-l border-solid vds-simple-byline__divider max-sm:hidden\"><\/span><\/p>\n<div class=\"flex gap-1 vds-byline-with-avatar__meta\">\n<span class=\"vds-date block font-normal tracking-normal normal-case text-xs\"><br \/>\nLast updated<br \/>\n<time data-component-name=\"UI:DateTime\" datetime=\"2026-08-29T16:31:13Z\" class=\"relative-date\"><br \/>\n29 August 2026<br \/>\n<\/time><br \/>\n<\/span>\n<\/div>\n<\/div>\n<\/div>\n<nav class=\"socialite-widget box less-space \" data-contexturl=\"https:\/\/www.cyclingnews.com\/pro-cycling\/live\/vuelta-a-espana-stage-8-live-can-the-sprinters-survive-a-late-climb\/\" data-mrf-recirculation=\"socialite\">\n<ul class=\"socialite-widget-ul\">\n<li class=\"socialite-widget-item social-facebook\">\n<\/li>\n<li class=\"socialite-widget-item social-twitter\">\n<\/li>\n<li class=\"socialite-widget-item social-pinterest\">\n<\/li>\n<li class=\"socialite-widget-item social-email\">\n<p><i class=\"icon icon-envelope-solid\"><\/i><\/p>\n<\/li>\n<\/ul>\n<p>    <span class=\"text-[color:var(--comment-count-text-color,inherit)]\"><span>0<\/span> <span class=\"visible hidden sm:inline-block\">Comments<\/span><\/span><br \/>\n    <span class=\"text-[color:var(--comment-count-text-color,inherit)] hidden visible sm:inline-block\">Join the conversation<\/span><\/p>\n<\/nav>\n<aside class=\"text-gray-700 flex items-center mx-0 my-5 p-0 justify-start text-left\" id=\"affiliate-disclaimer\" data-component-name=\"AffiliateDisclaimer\" data-hawk-message=\"Affiliate disclaimer removed because hawk deemed there are no affiliate links on this page\">\n<p class=\"text-[color:var(--affiliate-disclaimer--text-color,inherit)] mb-2 text-[length:var(--affiliate-disclaimer--font-size,0.75rem)] leading-[18px] md:text-[13px] [&amp;&gt;a]:text-inherit [&amp;&gt;a]:underline\">\nWhen you purchase through links on our site, we may earn an affiliate commission. Here\u2019s how it works.\n<\/p>\n<\/aside>\n<\/div>\n<\/header>\n<figure>\n<p><img decoding=\"async\" src=\"https:\/\/cdn.mos.cms.futurecdn.net\/oUU4nmXSFM9oQu8rooJrTJ.jpg\" alt=\"Team Cofidis&amp;#039; French rider Bryan Coquard (R) crosses the finish line to win the eighth stage of the Vuelta a Espana 2026, a 171 km race between Pucol and Xeraco on August 29, 2026. (Photo by Josep LAGO \/ AFP)\" class=\"rounded-[var(--image--border-radius,0)] block-image-ads hero-image w-full\" data-component-name=\"Image\"><figcaption class=\"font-article-copy text-(--image--text--color) font-article-copy mt-2\"> <span class=\"credit\">(Image credit: \u00a9 Getty Images)<\/span><br \/>\n<\/figcaption><\/figure>\n<\/div>\n<\/div>\n<\/div>\n<div data-component-name=\"Article:Hero\" class=\"news-article\">\n<div class=\"header-container\">\n<nav class=\"breadcrumb\" aria-label=\"Breadcrumbs\">\n<ol>\n<li>\nPro Cycling\n<\/li>\n<li>\nRacing\n<\/li>\n<li>\nRoad\n<\/li>\n<li>\nVuelta a Espa\u00f1a\n<\/li>\n<\/ol>\n<\/nav>\n<header>\n<div class=\"header-sub-container\">\n<h1 class=\"review-title-long \">As it happened: sprint decides stage 8 of the Vuelta a Espa\u00f1a on a day where the red jersey changes hands<\/h1>\n<h2>Pu\u00e7ol to Xeraco, 171 km<br \/>\n<\/h2>\n<div class=\"vds-byline-block flex flex-row flex-nowrap my-1.5 gap-2 text-left items-start justify-start\" data-component-name=\"Article:BylineBlock\">\n<p>Live-reports<\/p>\n<div class=\"my-auto vds-simple-byline\">\n<span class=\"inline-block vds-author\"><br \/>\nBy<br \/>\nStephen Puddicombe <\/span><br \/>\n<span class=\"inline-block h-3 my-auto border-l border-solid vds-simple-byline__divider max-sm:hidden\"><\/span><\/p>\n<div class=\"flex gap-1 vds-byline-with-avatar__meta\">\n<span class=\"vds-date block font-normal tracking-normal normal-case text-xs\"><br \/>\nLast updated<br \/>\n<time data-component-name=\"UI:DateTime\" datetime=\"2026-08-29T16:31:13Z\" class=\"relative-date\"><br \/>\n29 August 2026<br \/>\n<\/time><br \/>\n<\/span>\n<\/div>\n<\/div>\n<\/div>\n<nav class=\"socialite-widget box less-space \" data-contexturl=\"https:\/\/www.cyclingnews.com\/pro-cycling\/live\/vuelta-a-espana-stage-8-live-can-the-sprinters-survive-a-late-climb\/\" data-mrf-recirculation=\"socialite\">\n<ul class=\"socialite-widget-ul\">\n<li class=\"socialite-widget-item social-facebook\">\n<\/li>\n<li class=\"socialite-widget-item social-twitter\">\n<\/li>\n<li class=\"socialite-widget-item social-pinterest\">\n<\/li>\n<li class=\"socialite-widget-item social-email\">\n<p><i class=\"icon icon-envelope-solid\"><\/i><\/p>\n<\/li>\n<\/ul>\n<p>    <span class=\"text-[color:var(--comment-count-text-color,inherit)]\"><span>0<\/span> <span class=\"visible hidden sm:inline-block\">Comments<\/span><\/span><br \/>\n    <span class=\"text-[color:var(--comment-count-text-color,inherit)] hidden visible sm:inline-block\">Join the conversation<\/span><\/p>\n<\/nav>\n<aside class=\"text-gray-700 flex items-center mx-0 my-5 p-0 justify-start text-left\" id=\"affiliate-disclaimer\" data-component-name=\"AffiliateDisclaimer\" data-hawk-message=\"Affiliate disclaimer removed because hawk deemed there are no affiliate links on this page\">\n<p class=\"text-[color:var(--affiliate-disclaimer--text-color,inherit)] mb-2 text-[length:var(--affiliate-disclaimer--font-size,0.75rem)] leading-[18px] md:text-[13px] [&amp;&gt;a]:text-inherit [&amp;&gt;a]:underline\">\nWhen you purchase through links on our site, we may earn an affiliate commission. Here\u2019s how it works.\n<\/p>\n<\/aside>\n<\/div>\n<\/header>\n<figure>\n<p><img decoding=\"async\" src=\"https:\/\/cdn.mos.cms.futurecdn.net\/oUU4nmXSFM9oQu8rooJrTJ.jpg\" alt=\"Team Cofidis&amp;#039; French rider Bryan Coquard (R) crosses the finish line to win the eighth stage of the Vuelta a Espana 2026, a 171 km race between Pucol and Xeraco on August 29, 2026. (Photo by Josep LAGO \/ AFP)\" class=\"rounded-[var(--image--border-radius,0)] block-image-ads hero-image w-full\" data-component-name=\"Image\"><figcaption class=\"font-article-copy text-(--image--text--color) font-article-copy mt-2\"> <span class=\"credit\">(Image credit: \u00a9 Getty Images)<\/span><br \/>\n<\/figcaption><\/figure>\n<\/div>\n<\/div>\n<div data-widget-type=\"contentparsed\" id=\"pinned-content\" class=\"clear-both widget widget-contentparsed widget-pinned-content widget-contentparsed-pinned-content widget-pinned news-article widget-content-parsed widget-content-parsed-default widget-content-parsed-live-feed \">\n<div class=\" article-body \">\n<div class>\n<a id=\"elk-a365659e-98cb-11f1-9877-2d386a91f3b8\"><\/a><\/p>\n<p id=\"elk-a3656620-98cb-11f1-81f4-ebea57ef84d3\"><strong>Vuelta a Espa\u00f1a 2026 &#8211; Everything you need to know<\/strong><\/p>\n<p><strong>Vuelta a Espa\u00f1a 2026 &#8211; Route<\/strong><\/p>\n<p><a id=\"elk-seasonal\"><\/a><\/p>\n<aside data-article-category=\"pro-cycling\" data-block-type=\"embed\" data-render-type=\"fte\" data-skip=\"dealsy\" data-widget-type=\"seasonal\" class=\"ecom-root\"><\/aside>\n<p id=\"elk-a3656620-98cb-11f1-81f4-ebea57ef84d3-2\"><strong>Vuelta a Espa\u00f1a 2026 &#8211; Contenders<\/strong><\/p>\n<p><strong>Vuelta a Espa\u00f1a 2026 &#8211; stage 8 preview<\/strong><\/p>\n<p><strong>How to watch the 2026 Vuelta a Espa\u00f1a<\/strong><\/p>\n<p id=\"elk-a3656698-98cb-11f1-acdf-4fd8b8219ada\"><strong>For unbeatable coverage across road, gravel and tech, subscribe to Cyclingnews. You&#8217;ll get comprehensive race coverage of La Vuelta a Espa\u00f1a, subscriber-exclusive analysis from our expert columnists, in-depth features and industry-leading tech insight. Plus, the Cyclingnews app lets you follow the action wherever you go! <\/strong><u><strong>Join today.<\/strong><\/u><\/p>\n<p><a id=\"elk-race-results\"><\/a><\/p>\n<h3 class=\"article-body__section\" id=\"section-race-results\"><span>Race Results<\/span><\/h3>\n<p id=\"elk-e58cd1a0-a3c5-11f1-ad79-eb90c5a27156\">Vuelta a Espa\u00f1a: Bryan Coquard edges Mads Pedersen to win crash-marred stage 8 as Tadej Poga\u010dar abandons<\/p>\n<p><a id=\"elk-a3656774-98cb-11f1-a4bf-c5991d2fae5e\"><\/a><a id=\"elk-have-your-say\"><\/a><\/p>\n<h3 class=\"article-body__section\" id=\"section-have-your-say\"><span>Have your say<\/span><\/h3>\n<div id=\"elk-4f677bc2-a207-11f1-a24b-3f23c6f55c5e\">\n<div class=\"kwizly-quiz kwizly-O6kvGX\"><\/div>\n<\/div>\n<\/div>\n<\/div>\n<\/div>\n<div data-widget-type=\"contentparsed\" id=\"live-feed-multipage\" class=\"clear-both widget widget-contentparsed widget-live-feed-multipage widget-contentparsed-live-feed-multipage news-article widget-content-parsed widget-content-parsed-default multipage widget-content-parsed-live-feed \">\n<div id=\"article-body\" class=\" article-body \">\n<div id=\"ad-unit-1\" class=\"ad-unit\"><\/div>\n<div data-component-name=\"Article:LiveReportUpdater\">\n<\/div>\n<div class=\"wcp-item-content\">\n<p id=\"elk-a36dd968-98cb-11f1-9275-03dc34340abf\">Hello and welcome to stage 8 of the Vuelta a Espa\u00f1a<\/p>\n<\/div>\n<div class=\"wcp-item-content\">\n<time class=\"no-wrap live-feed-date\" datetime=\"2026-08-29T11:29:27+00:00\">2026-08-29T11:29:27.899Z<\/time><\/p>\n<p id=\"elk-e4f9b6be-a39c-11f1-9a8b-5fa3166915be\">For the first time since stage five, the sprinters have a chance to go for a stage win today &#8211; but it won\u2019t be easy. There\u2019s a tough climb crested within the final 30km, which is hard enough to potentially see some sprinters dropped, to see attacks go clear from the peloton. It\u2019s a well-balanced parcours, that promises to be very exciting<\/p>\n<p>Vuelta a Espa\u00f1a 2026 stage 8 preview &#8211; Can Matthew Brennan make it a hat trick of wins in Xeraco?<\/p>\n<p><a id=\"elk-seasonal\"><\/a><\/p>\n<aside data-article-category=\"pro-cycling\" data-block-type=\"embed\" data-render-type=\"fte\" data-skip=\"dealsy\" data-widget-type=\"seasonal\" class=\"ecom-root\"><\/aside>\n<\/div>\n<div class=\"live-feed-ad-unit ad-unit\"><\/div>\n<div class=\"wcp-item-content\">\n<time class=\"no-wrap live-feed-date\" datetime=\"2026-08-29T11:33:00+00:00\">2026-08-29T11:33:00.368Z<\/time><\/p>\n<p id=\"elk-63ae6860-a39d-11f1-8234-4fa4ceb83a6f\">The riders are off from the unofficial start, short of one rider who finished yesterday. Luca Van Boven has abandoned the race after his nasty crash yesterday.<\/p>\n<div class=\"see-more see-more--clipped\" id=\"elk-2093447840588873964\">\n<figure>\n<blockquote class=\"twitter-tweet hawk-ignore\" data-lang=\"en\" cite=\"https:\/\/twitter.com\/cantworkitout\/status\/2093447840588873964\">\n<p lang=\"en\" dir=\"ltr\">Luca Van Boven suffered two broken ribs and a collapsed lung because of the nasty crash during stage 7 of La Vuelta, which he courageously managed to finish. Luca will remain in hospital overnight for further observation and will unfortunately not start tomorrow. He will\u2026 pic.twitter.com\/clsMCFehBLAugust 28, 2026<\/p>\n<\/blockquote>\n<\/figure>\n<div class=\"see-more__filter\"><\/div>\n<\/div>\n<\/div>\n<div class=\"wcp-item-content\">\n<time class=\"no-wrap live-feed-date\" datetime=\"2026-08-29T11:40:19+00:00\">2026-08-29T11:40:19.266Z<\/time><\/p>\n<p id=\"elk-696d7c72-a39e-11f1-82eb-5757c4d13323\">The four jersey wearers at the start today &#8211; Onley, Poga\u010dar, Van Aert and Leknessund.<\/p>\n<figure class=\"van-image-figure inline-layout\" data-bordeaux-image-check id=\"elk-696d7cea-a39e-11f1-88bf-6d87e4aaf94d\">\n<div class=\"image-full-width-wrapper\">\n<div class=\"image-widthsetter\">\n<p class=\"vanilla-image-block\">\n<p><img decoding=\"async\" src=\"https:\/\/cdn.mos.cms.futurecdn.net\/3DPpXWduF4iNBrSVENPu9C.jpg\" alt=\"PUCOL, SPAIN - AUGUST 29: (L-R) Oscar Onley of Great Britain and Netcompany INEOS Cycling Team - White Best Young Rider Jersey, Tadej Pogacar of Slovenia and UAE Team Emirates XRG - Red Leader Jersey, Wout Van Aert of Belgium and Team Visma | Lease a Bike - Green Points Jersey and Andreas Leknessund of Norway and Team Uno-X Mobility - Polka Dot Mountain Jersey take a selfie prior to the La Vuelta - 81st Tour of Spain 2026, Stage 8 a 171km stage from Pucol to Xeraco \/ #UCIWT \/ on August 29, 2026 in Pucol, Spain. (Photo by Tim de Waele\/Getty Images)\" loading=\"lazy\" class=\"rounded-[var(--image--border-radius,0)] inline\">\n<\/p>\n<\/div>\n<\/div><figcaption class=\" inline-layout\"><span class=\"credit\">(Image credit: Getty Images)<\/span><\/figcaption><\/figure>\n<\/div>\n<div class=\"live-feed-ad-unit ad-unit\"><\/div>\n<div class=\"wcp-item-content\">\n<time class=\"no-wrap live-feed-date\" datetime=\"2026-08-29T11:46:48+00:00\">2026-08-29T11:46:48.585Z<\/time><\/p>\n<p id=\"elk-5160a496-a39f-11f1-a5bd-998dc33843e3\">The action is set to kick off any moment, but before it does, be sure to catch up with yesterday&#8217;s stage, the first at this year&#8217;s race to be won by the breakaway.<\/p>\n<p>Vuelta a Espa\u00f1a: Andreas Leknessund, Tobias Johannessen solo away from Wout van Aert in Uno-X Mobility 1-2 on stage 7<\/p>\n<p><a id=\"elk-seasonal\"><\/a><\/p>\n<aside data-article-category=\"pro-cycling\" data-block-type=\"embed\" data-render-type=\"fte\" data-skip=\"dealsy\" data-widget-type=\"seasonal\" class=\"ecom-root\"><\/aside>\n<\/div>\n<div class=\"wcp-item-content\">\n<time class=\"no-wrap live-feed-date\" datetime=\"2026-08-29T11:52:20+00:00\">2026-08-29T11:52:20.688Z<\/time><\/p>\n<p id=\"elk-17386aa0-a3a0-11f1-a55d-db96decc295e\">There was a crash in the neutralised zone, which has delayed the official start of the stage. But hopefully we will be racing any moment.<\/p>\n<\/div>\n<div class=\"live-feed-ad-unit ad-unit\"><\/div>\n<div class=\"wcp-item-content\">\n<time class=\"no-wrap live-feed-date\" datetime=\"2026-08-29T11:59:12+00:00\">2026-08-29T11:59:12.556Z<\/time><\/p>\n<p id=\"elk-0cd8278e-a3a1-11f1-87d0-0b0d2831c5fc\">The peloton are still behind the race car, as the start continues to be delayed as a result of the crash.<\/p>\n<p>When things finally do kick off, expect a fierce battle for the break, on a day where their hopes of survival feel realistic.<\/p>\n<figure class=\"van-image-figure inline-layout\" data-bordeaux-image-check id=\"elk-0cd827fc-a3a1-11f1-a194-095303a51325\">\n<div class=\"image-full-width-wrapper\">\n<div class=\"image-widthsetter\">\n<p class=\"vanilla-image-block\">\n<p><img decoding=\"async\" src=\"https:\/\/cdn.mos.cms.futurecdn.net\/HAva7d7B5EJnoM2yecMgNd.jpg\" alt=\"PUCOL, SPAIN - AUGUST 29: A general view of the peloton prior to the La Vuelta - 81st Tour of Spain 2026, Stage 8 a 171km stage from Pucol to Xeraco \/ #UCIWT \/ on August 29, 2026 in Pucol, Spain. (Photo by Tim de Waele\/Getty Images)\" loading=\"lazy\" class=\"rounded-[var(--image--border-radius,0)] inline\">\n<\/p>\n<\/div>\n<\/div><figcaption class=\" inline-layout\"><span class=\"credit\">(Image credit: Getty Images)<\/span><\/figcaption><\/figure>\n<p><a id=\"elk-seasonal\"><\/a><\/p>\n<aside data-article-category=\"pro-cycling\" data-block-type=\"embed\" data-render-type=\"fte\" data-skip=\"dealsy\" data-widget-type=\"seasonal\" class=\"ecom-root\"><\/aside>\n<\/div>\n<div class=\"wcp-item-content\">\n<time class=\"no-wrap live-feed-date\" datetime=\"2026-08-29T12:03:04+00:00\">2026-08-29T12:03:04.170Z<\/time><br \/>\n<a id=\"elk-official-start\"><\/a><\/p>\n<h3 class=\"article-body__section\" id=\"section-official-start\"><span>OFFICIAL START<\/span><\/h3>\n<p id=\"elk-96d60794-a3a1-11f1-ab92-03ac0a7961da\">And they&#8217;re off! Everyone has regrouped and regathered themselves after the crash, and the race has at last began.<\/p>\n<\/div>\n<div class=\"live-feed-ad-unit ad-unit\"><\/div>\n<div class=\"wcp-item-content\">\n<time class=\"no-wrap live-feed-date\" datetime=\"2026-08-29T12:10:55+00:00\">2026-08-29T12:10:55.262Z<\/time><\/p>\n<p id=\"elk-af9b3906-a3a2-11f1-9b75-d3646373227d\">So far it&#8217;s Burgos Burpellet BH showing most intent. Their rider Sinuh\u00e9 Fern\u00e1ndez has a gap of one minute after attacking from the flag, while his teammate Jos\u00e9 Luis Faura attempted to join him, before dropping back into the peloton.<\/p>\n<\/div>\n<div class=\"wcp-item-content\">\n<time class=\"no-wrap live-feed-date\" datetime=\"2026-08-29T12:16:35+00:00\">2026-08-29T12:16:35.005Z<\/time><br \/>\n<a id=\"elk-150km-to-go\"><\/a><\/p>\n<h3 class=\"article-body__section\" id=\"section-150km-to-go\"><span>150KM TO GO<\/span><\/h3>\n<p id=\"elk-7a17f1ce-a3a3-11f1-b4c7-095e355f9ff0\">The peloton has already eased up, and allowed Fern\u00e1ndez a lead of almost two and a half minutes already. The anticipated battle to get into the break has not materialised; and you wouldn\u2019t expect Fern\u00e1ndez to have any chance fending off an entire peloton by himself.<\/p>\n<\/div>\n<div class=\"live-feed-ad-unit ad-unit\"><\/div>\n<div class=\"wcp-item-content\">\n<time class=\"no-wrap live-feed-date\" datetime=\"2026-08-29T12:22:08+00:00\">2026-08-29T12:22:08.067Z<\/time><\/p>\n<p id=\"elk-40d249cc-a3a4-11f1-8211-7fb6188ce627\">This was the moment at the start of the day when Fern\u00e1ndez attacked, ahead of a disinterested peloton He must surely have imagined he&#8217;d have so company when he made the move.<\/p>\n<figure class=\"van-image-figure inline-layout\" data-bordeaux-image-check id=\"elk-40d24a30-a3a4-11f1-8f1a-bde34fd4856c\">\n<div class=\"image-full-width-wrapper\">\n<div class=\"image-widthsetter\">\n<p class=\"vanilla-image-block\">\n<p><img decoding=\"async\" src=\"https:\/\/cdn.mos.cms.futurecdn.net\/HGPGcBKkJ6TRzHCrw4iNk6.jpg\" alt=\"PUCOL, SPAIN - AUGUST 29: Sinuhe Fernandez of Spain and Team Burgos Burpellet BH attacks during the La Vuelta - 81st Tour of Spain 2026, Stage 8 a 171km stage from Pucol to Xeraco \/ #UCIWT \/ on August 29, 2026 in Pucol, Spain. (Photo by Tim de Waele\/Getty Images)\" loading=\"lazy\" class=\"rounded-[var(--image--border-radius,0)] inline\">\n<\/p>\n<\/div>\n<\/div><figcaption class=\" inline-layout\"><span class=\"credit\">(Image credit: Getty Images)<\/span><\/figcaption><\/figure>\n<\/div>\n<div class=\"wcp-item-content\">\n<time class=\"no-wrap live-feed-date\" datetime=\"2026-08-29T12:29:25+00:00\">2026-08-29T12:29:25.894Z<\/time><br \/>\n<a id=\"elk-dnf-ivan-sosa\"><\/a><\/p>\n<h3 class=\"article-body__section\" id=\"section-dnf-ivan-sosa\"><span>DNF &#8211; IVAN SOSA<\/span><\/h3>\n<p id=\"elk-45b4dc88-a3a5-11f1-aaa9-3ba87dcb8a36\">We have had a first abandon as a result of the pre-flag crash, and it&#8217;s Kern Pharma&#8217;s climber Diego Uriarte. That&#8217;s a shame as he has been lively at this Vuelta, getting into the break on multiple occasions already.<\/p>\n<p>Here was a glimpse of the chaotic aftermath following that incident earlier in the day.<\/p>\n<div class=\"see-more see-more--clipped\" id=\"elk-2093668007046234479\">\n<figure>\n<blockquote class=\"twitter-tweet hawk-ignore\" data-lang=\"en\" cite=\"https:\/\/twitter.com\/cantworkitout\/status\/2093668007046234479\">\n<p lang=\"en\" dir=\"ltr\">\ud83d\ude33 Big crash in the early moments of the stage. Luckily everyone was fine and able to continue after being checked out!\ud83d\ude2b \u00a1Fuerte ca\u00edda en el principio de la etapa! Por suerte, todos los implicados pueden continuar #LaVuelta26 pic.twitter.com\/A0nVLCrgFpAugust 29, 2026<\/p>\n<\/blockquote>\n<\/figure>\n<div class=\"see-more__filter\"><\/div>\n<\/div>\n<p><a id=\"elk-seasonal\"><\/a><\/p>\n<aside data-article-category=\"pro-cycling\" data-block-type=\"embed\" data-render-type=\"fte\" data-skip=\"dealsy\" data-widget-type=\"seasonal\" class=\"ecom-root\"><\/aside>\n<\/div>\n<div class=\"live-feed-ad-unit ad-unit\"><\/div>\n<div class=\"wcp-item-content\">\n<time class=\"no-wrap live-feed-date\" datetime=\"2026-08-29T12:35:13+00:00\">2026-08-29T12:35:13.229Z<\/time><br \/>\n<a id=\"elk-140km-to-go\"><\/a><\/p>\n<h3 class=\"article-body__section\" id=\"section-140km-to-go\"><span>140KM TO GO<\/span><\/h3>\n<p id=\"elk-149e7a36-a3a6-11f1-8423-6550255e72b4\">Fern\u00e1ndez has been given a huge lead over the peloton, almost up to 6 minutes. The peloton is taking thins easy, though Visma have taken control of the pace-setting, presumably for their sprinter Matthew Brennan.<\/p>\n<figure class=\"van-image-figure inline-layout\" data-bordeaux-image-check id=\"elk-149e7a9a-a3a6-11f1-a7f9-cb5cf638c09a\">\n<div class=\"image-full-width-wrapper\">\n<div class=\"image-widthsetter\">\n<p class=\"vanilla-image-block\">\n<p><img decoding=\"async\" src=\"https:\/\/cdn.mos.cms.futurecdn.net\/heqFaD3GxSxGADZeNdntw4.jpg\" alt=\"XERACO, SPAIN - AUGUST 29: Sinuhe Fernandez of Spain and Team Burgos Burpellet BH competes in the breakaway during the La Vuelta - 81st Tour of Spain 2026, Stage 8 a 171km stage from Pucol to Xeraco \/ #UCIWT \/ on August 29, 2026 in Pucol, Spain. (Photo by Tim de Waele\/Getty Images)\" loading=\"lazy\" class=\"rounded-[var(--image--border-radius,0)] inline\">\n<\/p>\n<\/div>\n<\/div><figcaption class=\" inline-layout\"><span class=\"credit\">(Image credit: Getty Images)<\/span><\/figcaption><\/figure>\n<\/div>\n<div class=\"wcp-item-content\">\n<time class=\"no-wrap live-feed-date\" datetime=\"2026-08-29T12:42:36+00:00\">2026-08-29T12:42:36.783Z<\/time><br \/>\n<a id=\"elk-dnf-floris-van-tricht\"><\/a><\/p>\n<h3 class=\"article-body__section\" id=\"section-dnf-floris-van-tricht\"><span>DNF &#8211; FLORIS VAN TRICHT<\/span><\/h3>\n<p id=\"elk-1cfcabc0-a3a7-11f1-bb90-dbe6ede7c42b\">Unfortunately, there has been a second abandon as a consequence of the crash at the start of the day. NSN&#8217;s Floris Van Tricht had been making his Grand Tour debut, but finishes in unlucky fashion.<\/p>\n<\/div>\n<div class=\"live-feed-ad-unit ad-unit\"><\/div>\n<div class=\"wcp-item-content\">\n<time class=\"no-wrap live-feed-date\" datetime=\"2026-08-29T12:47:43+00:00\">2026-08-29T12:47:43.827Z<\/time><br \/>\n<a id=\"elk-130km-to-go\"><\/a><\/p>\n<h3 class=\"article-body__section\" id=\"section-130km-to-go\"><span>130KM TO GO<\/span><\/h3>\n<p id=\"elk-d45cb986-a3a7-11f1-9f75-35c6808253b8\">Visma are leading the peloton, but are a distant 5:30 behind Fern\u00e1ndez. It&#8217;s been a subdued start to the stage.<\/p>\n<figure class=\"van-image-figure inline-layout\" data-bordeaux-image-check id=\"elk-d45cb9f4-a3a7-11f1-aa5e-cb746e52d662\">\n<div class=\"image-full-width-wrapper\">\n<div class=\"image-widthsetter\">\n<p class=\"vanilla-image-block\">\n<p><img decoding=\"async\" src=\"https:\/\/cdn.mos.cms.futurecdn.net\/cuamfmHshPZTFFxHmnwBme.jpg\" alt=\"XERACO, SPAIN - AUGUST 29: Steven Kruijswijk of Netherlands and Team Visma | Lease a Bike and Guillaume Martin of France and Team Groupama - FDJ United lead the peloton during the La Vuelta - 81st Tour of Spain 2026, Stage 8 a 171km stage from Pucol to Xeraco \/ #UCIWT \/ on August 29, 2026 in Pucol, Spain. (Photo by Tim de Waele\/Getty Images)\" loading=\"lazy\" class=\"rounded-[var(--image--border-radius,0)] inline\">\n<\/p>\n<\/div>\n<\/div><figcaption class=\" inline-layout\"><span class=\"credit\">(Image credit: Getty Images)<\/span><\/figcaption><\/figure>\n<\/div>\n<div class=\"wcp-item-content\">\n<time class=\"no-wrap live-feed-date\" datetime=\"2026-08-29T12:54:40+00:00\">2026-08-29T12:54:40.821Z<\/time><\/p>\n<p id=\"elk-cc8cf2ce-a3a8-11f1-bf3e-5f0236477ff3\"><em><strong>For unbeatable coverage across road, gravel and tech, subscribe to Cyclingnews. You&#8217;ll get comprehensive race coverage of La Vuelta a Espa\u00f1a, subscriber-exclusive analysis from our expert columnists, in-depth features and industry-leading tech insight. Plus, the Cyclingnews app lets you follow the action wherever you go!<\/strong><\/em><em><strong> Join today<\/strong><\/em><em><strong>.<\/strong><\/em><\/p>\n<\/div>\n<div class=\"live-feed-ad-unit ad-unit\"><\/div>\n<div class=\"wcp-item-content\">\n<time class=\"no-wrap live-feed-date\" datetime=\"2026-08-29T12:59:20+00:00\">2026-08-29T12:59:20.882Z<\/time><br \/>\n<a id=\"elk-120km-to-go\"><\/a><\/p>\n<h3 class=\"article-body__section\" id=\"section-120km-to-go\"><span>120KM TO GO<\/span><\/h3>\n<p id=\"elk-73956c2c-a3a9-11f1-9b12-09efd242ca35\">A few riders have been held up and are making their way through the convoy back into the peloton. One of those riders is Primo\u017e Rogli\u010d &#8211; he appears unhurt, and it&#8217;s unclear for now whether he went down.<\/p>\n<p>The pace has picked up a bit, but Fern\u00e1ndez&#8217;s lead remains over five minutes.<\/p>\n<p><a id=\"elk-seasonal\"><\/a><\/p>\n<aside data-article-category=\"pro-cycling\" data-block-type=\"embed\" data-render-type=\"fte\" data-skip=\"dealsy\" data-widget-type=\"seasonal\" class=\"ecom-root\"><\/aside>\n<\/div>\n<div class=\"wcp-item-content\">\n<time class=\"no-wrap live-feed-date\" datetime=\"2026-08-29T13:04:04+00:00\">2026-08-29T13:04:04.171Z<\/time><\/p>\n<p id=\"elk-1c6e99fe-a3aa-11f1-83bc-91b9b1f1eb49\">Rogli\u010d did indeed go down, as evidenced by a small rip in his jersey. He does appear to be riding comfortably, though, and is calmly making his way back towards the peloton.<\/p>\n<\/div>\n<div class=\"live-feed-ad-unit ad-unit\"><\/div>\n<div class=\"wcp-item-content\">\n<time class=\"no-wrap live-feed-date\" datetime=\"2026-08-29T13:07:57+00:00\">2026-08-29T13:07:57.352Z<\/time><br \/>\n<a id=\"elk-dnf-mattia-gaffuri\"><\/a><\/p>\n<h3 class=\"article-body__section\" id=\"section-dnf-mattia-gaffuri\"><span>DNF &#8211; MATTIA GAFFURI <\/span><\/h3>\n<p id=\"elk-a763f4dc-a3aa-11f1-a1bc-494d2b00cd19\">More bad news to report, as Mattia Gaffuri becomes the third rider of the day to abandon. He was one of the men to go down in the incident a few kilometres ago, and was clearly much worse off than Rogli\u010d.<\/p>\n<\/div>\n<div class=\"wcp-item-content\">\n<time class=\"no-wrap live-feed-date\" datetime=\"2026-08-29T13:16:29+00:00\">2026-08-29T13:16:29.632Z<\/time><br \/>\n<a id=\"elk-110km-to-go\"><\/a><\/p>\n<h3 class=\"article-body__section\" id=\"section-110km-to-go\"><span>110KM TO GO<\/span><\/h3>\n<p id=\"elk-d8ea04d2-a3ab-11f1-8bee-e9efed5b0fb1\">Steven Kruijswijk has been tasked with setting the pace at the front of the peloton for Visma-Lease a Bike, doing all the work by himself. He&#8217;s keeping the lone leader Fern\u00e1ndez at five minutes, as Visma look to set Brennan up for another sprint win.<\/p>\n<figure class=\"van-image-figure inline-layout\" data-bordeaux-image-check id=\"elk-d8ea054a-a3ab-11f1-b986-a1a672e43a90\">\n<div class=\"image-full-width-wrapper\">\n<div class=\"image-widthsetter\">\n<p class=\"vanilla-image-block\">\n<p><img decoding=\"async\" src=\"https:\/\/cdn.mos.cms.futurecdn.net\/u6CLnic7MBM86nSto5DJcf.jpg\" alt=\"XERACO, SPAIN - AUGUST 29: Guillaume Martin of France and Team Groupama - FDJ United competes during the La Vuelta - 81st Tour of Spain 2026, Stage 8 a 171km stage from Pucol to Xeraco \/ #UCIWT \/ on August 29, 2026 in Pucol, Spain. (Photo by Tim de Waele\/Getty Images)\" loading=\"lazy\" class=\"rounded-[var(--image--border-radius,0)] inline\">\n<\/p>\n<\/div>\n<\/div><figcaption class=\" inline-layout\"><span class=\"credit\">(Image credit: Getty Images)<\/span><\/figcaption><\/figure>\n<\/div>\n<div class=\"live-feed-ad-unit ad-unit\"><\/div>\n<div class=\"wcp-item-content\">\n<time class=\"no-wrap live-feed-date\" datetime=\"2026-08-29T13:28:15+00:00\">2026-08-29T13:28:15.959Z<\/time><\/p>\n<p id=\"elk-7db4b524-a3ad-11f1-ab40-e74220641141\">There was some speculation yesterday that Poga\u010dar&#8217;s attack in the closing stages was motivated by anger, and the need to prove a point after being caught by Enric Mas the day before. But the Slovenian himself denied this, when talking to the media yesterday.<\/p>\n<p>&#8216;I wasn&#8217;t angry at all&#8217; &#8211; Vuelta a Espa\u00f1a leader Tadej Poga\u010dar denies he attacked on Aram\u00f3n Valdelinares finish because he was upset<\/p>\n<figure class=\"van-image-figure inline-layout\" data-bordeaux-image-check id=\"elk-7db4b592-a3ad-11f1-8561-a108b20eee3e\">\n<div class=\"image-full-width-wrapper\">\n<div class=\"image-widthsetter\">\n<p class=\"vanilla-image-block\">\n<p><img decoding=\"async\" src=\"https:\/\/cdn.mos.cms.futurecdn.net\/fvpUUgAhTmrcT5LHhMCAiP.jpg\" alt=\"PUCOL, SPAIN - AUGUST 29: Tadej Pogacar of Slovenia and UAE Team Emirates XRG - Red Leader Jersey prior to the La Vuelta - 81st Tour of Spain 2026, Stage 8 a 171km stage from Pucol to Xeraco \/ #UCIWT \/ on August 29, 2026 in Pucol, Spain. (Photo by Alexander Hassenstein\/Getty Images)\" loading=\"lazy\" class=\"rounded-[var(--image--border-radius,0)] inline\">\n<\/p>\n<\/div>\n<\/div><figcaption class=\" inline-layout\"><span class=\"credit\">(Image credit: Getty Images)<\/span><\/figcaption><\/figure>\n<p><a id=\"elk-seasonal\"><\/a><\/p>\n<aside data-article-category=\"pro-cycling\" data-block-type=\"embed\" data-render-type=\"fte\" data-skip=\"dealsy\" data-widget-type=\"seasonal\" class=\"ecom-root\"><\/aside>\n<\/div>\n<div class=\"wcp-item-content\">\n<time class=\"no-wrap live-feed-date\" datetime=\"2026-08-29T13:35:36+00:00\">2026-08-29T13:35:36.813Z<\/time><\/p>\n<p id=\"elk-848255e0-a3ae-11f1-ab03-ef95ea8bd835\">Callum Thornley is on bidon duty for Red Bull-Bora Hansgrohe. There&#8217;s no sign that his leader Primo\u017e Rogli\u010d is suffering at all following his crash, but we&#8217;ll only know for sure when he&#8217;s tested on tomorrow&#8217;s mountain stage.<\/p>\n<figure class=\"van-image-figure inline-layout\" data-bordeaux-image-check id=\"elk-84825644-a3ae-11f1-9d12-ddda88ca5e21\">\n<div class=\"image-full-width-wrapper\">\n<div class=\"image-widthsetter\">\n<p class=\"vanilla-image-block\">\n<p><img decoding=\"async\" src=\"https:\/\/cdn.mos.cms.futurecdn.net\/yFkoT8bkMTUQyqznhHiyKQ.jpg\" alt=\"XERACO, SPAIN - AUGUST 29: Callum Thornley of Great Britain and Team Red Bull - BORA - hansgrohe carries bottles during the La Vuelta - 81st Tour of Spain 2026, Stage 8 a 171km stage from Pucol to Xeraco \/ #UCIWT \/ on August 29, 2026 in Pucol, Spain. (Photo by Tim de Waele\/Getty Images)\" loading=\"lazy\" class=\"rounded-[var(--image--border-radius,0)] inline\">\n<\/p>\n<\/div>\n<\/div><figcaption class=\" inline-layout\"><span class=\"credit\">(Image credit: Getty Images)<\/span><\/figcaption><\/figure>\n<\/div>\n<div class=\"live-feed-ad-unit ad-unit\"><\/div>\n<div class=\"wcp-item-content\">\n<time class=\"no-wrap live-feed-date\" datetime=\"2026-08-29T13:42:42+00:00\">2026-08-29T13:42:42.941Z<\/time><\/p>\n<p id=\"elk-82a01630-a3af-11f1-a840-a7d621d9d25f\">Felix Gall, safely in the peloton. He was one of the big winner of yesterday&#8217;s stage, finishing the best of the rest behind&#8230;., and as a result moved up to fourth overall, just 11 seconds away from the podium. He&#8217;s unlikely to have a chance to gain that time today, but will tomorrow.<\/p>\n<p>&#8216;A good day to try something&#8217; &#8211; Felix Gall upbeat after aggressive final ascent at Vuelta a Espa\u00f1a<\/p>\n<figure class=\"van-image-figure inline-layout\" data-bordeaux-image-check id=\"elk-82a016a8-a3af-11f1-b548-03f3ac6d9ffa\">\n<div class=\"image-full-width-wrapper\">\n<div class=\"image-widthsetter\">\n<p class=\"vanilla-image-block\">\n<p><img decoding=\"async\" src=\"https:\/\/cdn.mos.cms.futurecdn.net\/Z6XUJwMhdQXkNoSWnDVt8Q.jpg\" alt=\"XERACO, SPAIN - AUGUST 29: Felix Gall of Austria and Team Decathlon CMA CGM competes during the La Vuelta - 81st Tour of Spain 2026, Stage 8 a 171km stage from Pucol to Xeraco \/ #UCIWT \/ on August 29, 2026 in Pucol, Spain. (Photo by Tim de Waele\/Getty Images)\" loading=\"lazy\" class=\"rounded-[var(--image--border-radius,0)] inline\">\n<\/p>\n<\/div>\n<\/div><figcaption class=\" inline-layout\"><span class=\"credit\">(Image credit: Getty Images)<\/span><\/figcaption><\/figure>\n<p><a id=\"elk-seasonal\"><\/a><\/p>\n<aside data-article-category=\"pro-cycling\" data-block-type=\"embed\" data-render-type=\"fte\" data-skip=\"dealsy\" data-widget-type=\"seasonal\" class=\"ecom-root\"><\/aside>\n<\/div>\n<div class=\"wcp-item-content\">\n<time class=\"no-wrap live-feed-date\" datetime=\"2026-08-29T13:50:51+00:00\">2026-08-29T13:50:51.550Z<\/time><br \/>\n<a id=\"elk-90km-to-go\"><\/a><\/p>\n<h3 class=\"article-body__section\" id=\"section-90km-to-go\"><span>90KM TO GO<\/span><\/h3>\n<p id=\"elk-a5e9ed0e-a3b0-11f1-be19-d9908b244da3\">Still it&#8217;s Steven Kruijswijk leading the peloton all by himself, and he&#8217;s brought the gap to Sinuh\u00e9 Fern\u00e1ndez down to 3:20. The terrain remains flat for a while longer yet, before things get interesting with the category three climb of Puerto de Barx.<\/p>\n<figure class=\"van-image-figure inline-layout\" data-bordeaux-image-check id=\"elk-a5e9ed90-a3b0-11f1-803f-bb4f8c458e28\">\n<div class=\"image-full-width-wrapper\">\n<div class=\"image-widthsetter\">\n<p class=\"vanilla-image-block\">\n<p><img decoding=\"async\" src=\"https:\/\/cdn.mos.cms.futurecdn.net\/kBAQvaJbHb6Yp5XD9ZYQUQ.jpg\" alt=\"XERACO, SPAIN - AUGUST 29: A general view of the peloton competing during the La Vuelta - 81st Tour of Spain 2026, Stage 8 a 171km stage from Pucol to Xeraco \/ #UCIWT \/ on August 29, 2026 in Pucol, Spain. (Photo by Tim de Waele\/Getty Images)\" loading=\"lazy\" class=\"rounded-[var(--image--border-radius,0)] inline\">\n<\/p>\n<\/div>\n<\/div><figcaption class=\" inline-layout\"><span class=\"credit\">(Image credit: Getty Images)<\/span><\/figcaption><\/figure>\n<\/div>\n<div class=\"live-feed-ad-unit ad-unit\"><\/div>\n<div class=\"wcp-item-content\">\n<time class=\"no-wrap live-feed-date\" datetime=\"2026-08-29T13:57:38+00:00\">2026-08-29T13:57:38.460Z<\/time><\/p>\n<p id=\"elk-98777dc0-a3b1-11f1-85cf-f56876b0cb91\"><em><strong>For unbeatable coverage across road, gravel and tech, subscribe to Cyclingnews. You&#8217;ll get comprehensive race coverage of La Vuelta a Espa\u00f1a, subscriber-exclusive analysis from our expert columnists, in-depth features and industry-leading tech insight. Plus, the Cyclingnews app lets you follow the action wherever you go!<\/strong><\/em><em><strong> Join today<\/strong><\/em><em><strong>.<\/strong><\/em><\/p>\n<\/div>\n<div class=\"wcp-item-content\">\n<time class=\"no-wrap live-feed-date\" datetime=\"2026-08-29T14:03:45+00:00\">2026-08-29T14:03:45.655Z<\/time><\/p>\n<p id=\"elk-7351ee80-a3b2-11f1-9d8b-1ff2abbf7515\">An interesting development at the front of the peloton, as Steven Kruijswijk pulls off briefly from the front to take a comfort break, and Alpecin-Deceuninck briefly take over from him. Kruijswijk is back on the front again now, but that\u2019s still a hint that Alpecin fancy their chances for the win today with Kaden Groves, despite the Australian\u2019s lack of form and failure to get into the mix on the previous sprint stages at this Vuelta.<\/p>\n<figure class=\"van-image-figure inline-layout\" data-bordeaux-image-check id=\"elk-7351eeee-a3b2-11f1-9f34-3ddbfda635c3\">\n<div class=\"image-full-width-wrapper\">\n<div class=\"image-widthsetter\">\n<p class=\"vanilla-image-block\">\n<p><img decoding=\"async\" src=\"https:\/\/cdn.mos.cms.futurecdn.net\/C5Td2SKQB8hxcHJBdhV2YM.jpg\" alt=\"XERACO, SPAIN - AUGUST 29: (L-R) Ivan Romeo of Spain and Movistar Team and Kaden Groves of Australia and Team Alpecin - Premier Tech compete during the La Vuelta - 81st Tour of Spain 2026, Stage 8 a 171km stage from Pucol to Xeraco \/ #UCIWT \/ on August 29, 2026 in Pucol, Spain. (Photo by Tim de Waele\/Getty Images)\" loading=\"lazy\" class=\"rounded-[var(--image--border-radius,0)] inline\">\n<\/p>\n<\/div>\n<\/div><figcaption class=\" inline-layout\"><span class=\"credit\">(Image credit: Getty Images)<\/span><\/figcaption><\/figure>\n<\/div>\n<div class=\"live-feed-ad-unit ad-unit\"><\/div>\n<div class=\"wcp-item-content\">\n<time class=\"no-wrap live-feed-date\" datetime=\"2026-08-29T14:14:19+00:00\">2026-08-29T14:14:19.446Z<\/time><br \/>\n<a id=\"elk-70km-to-go\"><\/a><\/p>\n<h3 class=\"article-body__section\" id=\"section-70km-to-go\"><span>70KM TO GO<\/span><\/h3>\n<p id=\"elk-ecfe59a2-a3b3-11f1-8f9d-4bea6822e746\">The gap continues to come down, with now just under two minutes separating Fern\u00e1ndez and the peloton, still being led by Kruijswijk. The Dutchman does have a posse of Alpecin riders right behind him, ready to try and set Groves up for the win<\/p>\n<\/div>\n<div class=\"wcp-item-content\">\n<time class=\"no-wrap live-feed-date\" datetime=\"2026-08-29T14:19:22+00:00\">2026-08-29T14:19:22.829Z<\/time><\/p>\n<p id=\"elk-a2088dcc-a3b4-11f1-b779-ef965dbb1729\">While we assume Kruijswijk is working for his Visma teammate Matthew Brennan, the team also have another potential option for the day in Wout van Aert. The Belgian was in the break yesterday and came close to winning the stage, and as a result is wearing the green jersey, leading the points classification ahead of Tadej Poga\u010dar by two points<\/p>\n<p>That\u2019s a slender lead, and one he\u2019ll surely want to defend &#8211; but that\u2019ll be hard if he\u2019s working to try and set Brennan up for a win.<\/p>\n<p><a id=\"elk-seasonal\"><\/a><\/p>\n<aside data-article-category=\"pro-cycling\" data-block-type=\"embed\" data-render-type=\"fte\" data-skip=\"dealsy\" data-widget-type=\"seasonal\" class=\"ecom-root\"><\/aside>\n<p id=\"elk-a2088dcc-a3b4-11f1-b779-ef965dbb1729-2\">&#8216;I didn&#8217;t have confidence in myself&#8217; \u2013 Wout van Aert bags green jersey but regrets missed opportunity in Vuelta a Espa\u00f1a breakaway<\/p>\n<\/div>\n<div class=\"live-feed-ad-unit ad-unit\"><\/div>\n<div class=\"wcp-item-content\">\n<time class=\"no-wrap live-feed-date\" datetime=\"2026-08-29T14:29:36+00:00\">2026-08-29T14:29:36.630Z<\/time><\/p>\n<p id=\"elk-0fc88df2-a3b6-11f1-bebf-25e94a39e94d\">Who will sprint for Netcompany Ineos today? Axel Laurance is looking in good form, with a 5th and 8th finish to his name already this week, but also have Ben Turner as an option, who has a bunch sprint stage win at the Vuelta on his palmares from last year. It&#8217;s a tricky choice for the team, and both riders are capable climbers who will fancy their chances of surviving the climb.<\/p>\n<figure class=\"van-image-figure inline-layout\" data-bordeaux-image-check id=\"elk-0fc88e6a-a3b6-11f1-9030-d905bec8e172\">\n<div class=\"image-full-width-wrapper\">\n<div class=\"image-widthsetter\">\n<p class=\"vanilla-image-block\">\n<p><img decoding=\"async\" src=\"https:\/\/cdn.mos.cms.futurecdn.net\/ZdbYcgjrsU7Z4f82mt5624.jpg\" alt=\"XERACO, SPAIN - AUGUST 29: Axel Laurance of France and Netcompany INEOS Cycling Team competes during the La Vuelta - 81st Tour of Spain 2026, Stage 8 a 171km stage from Pucol to Xeraco \/ #UCIWT \/ on August 29, 2026 in Pucol, Spain. (Photo by Tim de Waele\/Getty Images)\" loading=\"lazy\" class=\"rounded-[var(--image--border-radius,0)] inline\">\n<\/p>\n<\/div>\n<\/div><figcaption class=\" inline-layout\"><span class=\"credit\">(Image credit: Getty Images)<\/span><\/figcaption><\/figure>\n<\/div>\n<div class=\"wcp-item-content\">\n<time class=\"no-wrap live-feed-date\" datetime=\"2026-08-29T14:38:03+00:00\">2026-08-29T14:38:03.477Z<\/time><\/p>\n<p id=\"elk-3dc8f39e-a3b7-11f1-8bd6-d707812a934a\">Another rider to look out for today is Red Bull-Bora Hansgrohe&#8217;s Jordi Meeus. He\u2019s one of the few riders in the peloton who can rival Brennan for pure speed, and managed to survive the climb on stage five that put paid to so many other sprinters\u2019 hopes. He was second that day, and will be eager to go one better having not won a race for almost three months.<\/p>\n<\/div>\n<div class=\"live-feed-ad-unit ad-unit\"><\/div>\n<div class=\"wcp-item-content\">\n<time class=\"no-wrap live-feed-date\" datetime=\"2026-08-29T14:45:59+00:00\">2026-08-29T14:45:59.310Z<\/time><br \/>\n<a id=\"elk-50km-to-go\"><\/a><\/p>\n<h3 class=\"article-body__section\" id=\"section-50km-to-go\"><span>50KM TO GO<\/span><\/h3>\n<p id=\"elk-5983fd58-a3b8-11f1-b4f9-c941215e3a96\">Sinuh\u00e9 Fern\u00e1ndez might not be out in front for much longer at this rate. His lead over the peloton has dropped to only just over a minute, although the chase may slow down if the peloton is reluctant to make the catch to early &#8211; the sprinters&#8217; teams wont want to leave themselves exposed to attacks on the upcoming Puerto de Barx.<\/p>\n<\/div>\n<div class=\"wcp-item-content\">\n<time class=\"no-wrap live-feed-date\" datetime=\"2026-08-29T14:52:05+00:00\">2026-08-29T14:52:05.506Z<\/time><\/p>\n<p id=\"elk-33b45ab8-a3b9-11f1-8e48-4f69bae11fdb\">Following his fourth-place finish on stage five, Alessandro Romele is also a rider to look out for in the expected sprint today, though he\u2019s made headlines for the wrong reasons most recently. The Italian took responsibility for the crash that saw Luca Van Boven abandon the race prior to today\u2019s stage.<\/p>\n<p>\u2018It was fair that I got it&#8217; &#8211; Alessandro Romele accepts yellow card for crash incident that led to Luca Van Boven Vuelta a Espa\u00f1a abandon<\/p>\n<p><a id=\"elk-seasonal\"><\/a><\/p>\n<aside data-article-category=\"pro-cycling\" data-block-type=\"embed\" data-render-type=\"fte\" data-skip=\"dealsy\" data-widget-type=\"seasonal\" class=\"ecom-root\"><\/aside>\n<\/div>\n<div class=\"live-feed-ad-unit ad-unit\"><\/div>\n<div class=\"wcp-item-content\">\n<time class=\"no-wrap live-feed-date\" datetime=\"2026-08-29T15:01:40+00:00\">2026-08-29T15:01:40.651Z<\/time><br \/>\n<a id=\"elk-40km-to-go\"><\/a><\/p>\n<h3 class=\"article-body__section\" id=\"section-40km-to-go\"><span>40KM TO GO<\/span><\/h3>\n<p id=\"elk-8a635d54-a3ba-11f1-afdf-27649802d03d\">The riders are approaching the day&#8217;s intermediate sprint, and as a result the pace in the peloton has picked up. It&#8217;s Visma-Lease a Bike who have put more men at the front, in search of increasing Van Aert&#8217;s lead in the points classification, and are set to catch Fern\u00e1ndez before the sprint.<\/p>\n<\/div>\n<div class=\"wcp-item-content\">\n<time class=\"no-wrap live-feed-date\" datetime=\"2026-08-29T15:08:18+00:00\">2026-08-29T15:08:18.046Z<\/time><br \/>\n<a id=\"elk-intermediate-sprint\"><\/a><\/p>\n<h3 class=\"article-body__section\" id=\"section-intermediate-sprint\"><span>INTERMEDIATE SPRINT<\/span><\/h3>\n<p id=\"elk-77945876-a3bb-11f1-8d96-5bf1c339d901\">Van Aert takes the maximum 20 points at the sprint. Sinuh\u00e9 Fern\u00e1ndez was caught beforehand, and the green jersey was able to take the sprint without anyone competing against him.<\/p>\n<\/div>\n<div class=\"live-feed-ad-unit ad-unit\"><\/div>\n<div class=\"wcp-item-content\">\n<time class=\"no-wrap live-feed-date\" datetime=\"2026-08-29T15:09:09+00:00\">2026-08-29T15:09:09.145Z<\/time><br \/>\n<a id=\"elk-crash-pogacar\"><\/a><\/p>\n<h3 class=\"article-body__section\" id=\"section-crash-pogacar\"><span>CRASH &#8211; POGACAR<\/span><\/h3>\n<p id=\"elk-95d46aec-a3bb-11f1-bf43-b587f7dfa5b2\">The red jersey is down, and he looks hurt. He&#8217;s still sat on the floor a minute or so after hitting the deck. His race might be in peril.<\/p>\n<\/div>\n<div class=\"wcp-item-content\">\n<time class=\"no-wrap live-feed-date\" datetime=\"2026-08-29T15:11:42+00:00\">2026-08-29T15:11:42.452Z<\/time><\/p>\n<p id=\"elk-f1254772-a3bb-11f1-9e7c-91621928f776\">Poga\u010dar has gone down very heavily, and has shed a lot of blood. He briefly got back up on his feet, but has sat down again, clearly in a lot of pain. His abandonment appears imminent.<\/p>\n<p>The peloton has slowed down, but is already several minutes ahead.<\/p>\n<p><a id=\"elk-seasonal\"><\/a><\/p>\n<aside data-article-category=\"pro-cycling\" data-block-type=\"embed\" data-render-type=\"fte\" data-skip=\"dealsy\" data-widget-type=\"seasonal\" class=\"ecom-root\"><\/aside>\n<\/div>\n<div class=\"live-feed-ad-unit ad-unit\"><\/div>\n<div class=\"wcp-item-content\">\n<time class=\"no-wrap live-feed-date\" datetime=\"2026-08-29T15:12:47+00:00\">2026-08-29T15:12:47.205Z<\/time><br \/>\n<a id=\"elk-dnf-tadej-pogacar\"><\/a><\/p>\n<h3 class=\"article-body__section\" id=\"section-dnf-tadej-pogacar\"><span>DNF &#8211; TADEJ POGACAR<\/span><\/h3>\n<p id=\"elk-17d8f54e-a3bc-11f1-a582-41aafc01b950\">The red jersey has climbed into the medical vehicle, and has left the race. This is a shocking development in the race.<\/p>\n<\/div>\n<div class=\"wcp-item-content\">\n<time class=\"no-wrap live-feed-date\" datetime=\"2026-08-29T15:15:08+00:00\">2026-08-29T15:15:08.502Z<\/time><\/p>\n<div class=\"see-more see-more--clipped\" id=\"elk-2093718116178047247\">\n<figure>\n<blockquote class=\"twitter-tweet hawk-ignore\" data-lang=\"en\" cite=\"https:\/\/twitter.com\/cantworkitout\/status\/2093718116178047247\">\n<p lang=\"en\" dir=\"ltr\">\ud83d\udca5 Crash in the peloton and race leader Tadej Pogacar is on the ground! \ud83d\udea8 Ca\u00edda de Tadej Pogacar \ud83d\ude1e El l\u00edder de la carrera se ha ido al suelo y muestra gestos de mucho dolor #LaVuelta26 pic.twitter.com\/449HaJXgQKAugust 29, 2026<\/p>\n<\/blockquote>\n<\/figure>\n<div class=\"see-more__filter\"><\/div>\n<\/div>\n<\/div>\n<div class=\"live-feed-ad-unit ad-unit\"><\/div>\n<div class=\"wcp-item-content\">\n<time class=\"no-wrap live-feed-date\" datetime=\"2026-08-29T15:17:22+00:00\">2026-08-29T15:17:22.428Z<\/time><\/p>\n<p id=\"elk-bbceb3b4-a3bc-11f1-b888-57877cfe0937\">The peloton looks a little in shock, riding only at a steady pace, with no team taking control despite nearing the start of the climb. UAE riders who waited for Poga\u010dar, some of whom also went down in the same incident, are pacing their way back to the peloton.<\/p>\n<p>This is the tenth Grand Tour of Poga\u010dar&#8217;s, and the first he has ever abandoned. Before today, he&#8217;d never even finished lower than third place.<\/p>\n<p><a id=\"elk-seasonal\"><\/a><\/p>\n<aside data-article-category=\"pro-cycling\" data-block-type=\"embed\" data-render-type=\"fte\" data-skip=\"dealsy\" data-widget-type=\"seasonal\" class=\"ecom-root\"><\/aside>\n<\/div>\n<div class=\"wcp-item-content\">\n<time class=\"no-wrap live-feed-date\" datetime=\"2026-08-29T15:20:11+00:00\">2026-08-29T15:20:11.319Z<\/time><br \/>\n<a id=\"elk-kom-puerto-de-barx\"><\/a><\/p>\n<h3 class=\"article-body__section\" id=\"section-kom-puerto-de-barx\"><span>KOM &#8211; PUERTO DE BARX<\/span><\/h3>\n<p id=\"elk-20808a76-a3bd-11f1-be0a-dd3bcdbda043\">The race goes on, and the peloton have just crested the day&#8217;s sole climb, Van Aert claiming the KOM points on offer at the top.<\/p>\n<p>No team really took it on, and no attacks came, so it seems like this stage will go down to a sprint, with most if not all of the major sprinters still in contention.<\/p>\n<p><a id=\"elk-seasonal\"><\/a><\/p>\n<aside data-article-category=\"pro-cycling\" data-block-type=\"embed\" data-render-type=\"fte\" data-skip=\"dealsy\" data-widget-type=\"seasonal\" class=\"ecom-root\"><\/aside>\n<\/div>\n<div class=\"live-feed-ad-unit ad-unit\"><\/div>\n<div class=\"wcp-item-content\">\n<time class=\"no-wrap live-feed-date\" datetime=\"2026-08-29T15:24:50+00:00\">2026-08-29T15:24:50.926Z<\/time><br \/>\n<a id=\"elk-attack-azparren\"><\/a><\/p>\n<h3 class=\"article-body__section\" id=\"section-attack-azparren\"><span>ATTACK &#8211; AZPARREN<\/span><\/h3>\n<p id=\"elk-c72d24a6-a3bd-11f1-bf6b-5ff706e69b03\">There&#8217;s been an attack from the peloton, as Azparren makes an opportunistic move in the aftermath of the climb. He&#8217;s leading by a few seconds, but the peloton has matters under control.<\/p>\n<\/div>\n<div class=\"wcp-item-content\">\n<time class=\"no-wrap live-feed-date\" datetime=\"2026-08-29T15:30:14+00:00\">2026-08-29T15:30:14.902Z<\/time><br \/>\n<a id=\"elk-20km-to-go\"><\/a><\/p>\n<h3 class=\"article-body__section\" id=\"section-20km-to-go\"><span>20KM TO GO<\/span><\/h3>\n<p id=\"elk-88be3eb6-a3be-11f1-96df-15811fc89201\">Azparren still leads the race, but only by about 15 seconds. Visma-Lease a Bike lead the peloton, and have it all strung out as they set things up for the sprint.<\/p>\n<\/div>\n<div class=\"live-feed-ad-unit ad-unit\"><\/div>\n<div class=\"wcp-item-content\">\n<time class=\"no-wrap live-feed-date\" datetime=\"2026-08-29T15:35:32+00:00\">2026-08-29T15:35:32.910Z<\/time><\/p>\n<p id=\"elk-462f253c-a3bf-11f1-a6c3-91120cdfefa1\">Movistar are also present towards the front of the peloton, near Visma-Lease a Bike. They suddenly find themselves in possession of the virtual red jersey, with Enric Mas set to take it on the podium tonight, all being well.<\/p>\n<figure class=\"van-image-figure inline-layout\" data-bordeaux-image-check id=\"elk-462f25aa-a3bf-11f1-8b56-f7c5fae35dfb\">\n<div class=\"image-full-width-wrapper\">\n<div class=\"image-widthsetter\">\n<p class=\"vanilla-image-block\">\n<p><img decoding=\"async\" src=\"https:\/\/cdn.mos.cms.futurecdn.net\/xKDt5q79s3v79Gx4e5r9dD.jpg\" alt=\"XERACO, SPAIN - AUGUST 29: Wout Van Aert of Belgium and Team Visma | Lease a Bike - Green Points Jersey competes during the La Vuelta - 81st Tour of Spain 2026, Stage 8 a 171km stage from Pucol to Xeraco \/ #UCIWT \/ on August 29, 2026 in Pucol, Spain. (Photo by Tim de Waele\/Getty Images)\" loading=\"lazy\" class=\"rounded-[var(--image--border-radius,0)] inline\">\n<\/p>\n<\/div>\n<\/div><figcaption class=\" inline-layout\"><span class=\"credit\">(Image credit: Getty Images)<\/span><\/figcaption><\/figure>\n<\/div>\n<div class=\"wcp-item-content\">\n<time class=\"no-wrap live-feed-date\" datetime=\"2026-08-29T15:41:01+00:00\">2026-08-29T15:41:01.789Z<\/time><br \/>\n<a id=\"elk-10km-to-go\"><\/a><\/p>\n<h3 class=\"article-body__section\" id=\"section-10km-to-go\"><span>10KM TO GO<\/span><\/h3>\n<p id=\"elk-09e47b62-a3c0-11f1-8126-ab3fd5019602\">10 seconds is Azparren&#8217;s slender lead, as he goes under the 10km to go banner.<\/p>\n<p>There&#8217;s been yet another crash, about five riders going down this time, including Carlos Rodr\u00edguez and Luke Tuckwell. Roland Thalmann also went down, and has a very nasty looking road rash, but is on his bike and making his way back to the peloton.<\/p>\n<p><a id=\"elk-seasonal\"><\/a><\/p>\n<aside data-article-category=\"pro-cycling\" data-block-type=\"embed\" data-render-type=\"fte\" data-skip=\"dealsy\" data-widget-type=\"seasonal\" class=\"ecom-root\"><\/aside>\n<\/div>\n<div class=\"live-feed-ad-unit ad-unit\"><\/div>\n<div class=\"wcp-item-content\">\n<time class=\"no-wrap live-feed-date\" datetime=\"2026-08-29T15:45:22+00:00\">2026-08-29T15:45:22.809Z<\/time><br \/>\n<a id=\"elk-5km-to-go\"><\/a><\/p>\n<h3 class=\"article-body__section\" id=\"section-5km-to-go\"><span>5KM TO GO<\/span><\/h3>\n<p id=\"elk-a595e94c-a3c0-11f1-aa50-8d8877dcd5a8\">The peloton is bearing down on Azparren as they enter the final, technical 5km. The catch is soon to be made, with Visma still leading.<\/p>\n<\/div>\n<div class=\"wcp-item-content\">\n<time class=\"no-wrap live-feed-date\" datetime=\"2026-08-29T15:46:54+00:00\">2026-08-29T15:46:54.763Z<\/time><\/p>\n<p id=\"elk-dc4c223a-a3c0-11f1-8178-d7a3c918e65c\">Red Bull-Bora Hansgrohe have taken control at the front of the peloton, with Alpecin also bringing Groves towards the front, and Brennan still up there for Visma-Lease a Bike.<\/p>\n<\/div>\n<div class=\"live-feed-ad-unit ad-unit\"><\/div>\n<div class=\"wcp-item-content\">\n<time class=\"no-wrap live-feed-date\" datetime=\"2026-08-29T15:48:25+00:00\">2026-08-29T15:48:25.365Z<\/time><br \/>\n<a id=\"elk-1km-to-go\"><\/a><\/p>\n<h3 class=\"article-body__section\" id=\"section-1km-to-go\"><span>1KM TO GO<\/span><\/h3>\n<p id=\"elk-124b1166-a3c1-11f1-bfde-5bd0f10a01cc\">Azparren was caught 500m ago, and now Netcompany lead the peloton as they enter the final kilometre.<\/p>\n<\/div>\n<div class=\"wcp-item-content\">\n<time class=\"no-wrap live-feed-date\" datetime=\"2026-08-29T15:49:12+00:00\">2026-08-29T15:49:12.277Z<\/time><\/p>\n<p id=\"elk-2e31427e-a3c1-11f1-aa30-95f8cd1b7e7e\">Van Aert is leading out the sprint, but it&#8217;s for Laporte rather than Brennan, who is further down.<\/p>\n<\/div>\n<div class=\"live-feed-ad-unit ad-unit\"><\/div>\n<div class=\"wcp-item-content\">\n<time class=\"no-wrap live-feed-date\" datetime=\"2026-08-29T15:50:59+00:00\">2026-08-29T15:50:59.512Z<\/time><br \/>\n<a id=\"elk-bryan-coquard-wins\"><\/a><\/p>\n<h3 class=\"article-body__section\" id=\"section-bryan-coquard-wins\"><span>BRYAN COQUARD WINS<\/span><\/h3>\n<p id=\"elk-6e4b8798-a3c1-11f1-87df-6f435043e738\">Coquard takes it, the Grand Tour stage he has spent his whole career chasing!<\/p>\n<\/div>\n<div class=\"wcp-item-content\">\n<time class=\"no-wrap live-feed-date\" datetime=\"2026-08-29T15:53:12+00:00\">2026-08-29T15:53:12.934Z<\/time><\/p>\n<p id=\"elk-bdacf4f2-a3c1-11f1-b8e2-d7b5384bf0c8\">It was a dramatic finale, with yet another crash in the final few hundred metres taking out several riders.<\/p>\n<p>It looked as though Mads Pedersen was going to take the win, but Coquard came from behind and pipped him with a bike-throw. Meeus was third, Turner fourth, and, despite all their work, Brennan was Visma&#8217;s best-placed rider in tenth.<\/p>\n<p><a id=\"elk-seasonal\"><\/a><\/p>\n<aside data-article-category=\"pro-cycling\" data-block-type=\"embed\" data-render-type=\"fte\" data-skip=\"dealsy\" data-widget-type=\"seasonal\" class=\"ecom-root\"><\/aside>\n<\/div>\n<div class=\"live-feed-ad-unit ad-unit\"><\/div>\n<div class=\"wcp-item-content\">\n<time class=\"no-wrap live-feed-date\" datetime=\"2026-08-29T15:58:19+00:00\">2026-08-29T15:58:19.934Z<\/time><\/p>\n<p id=\"elk-74c1bc2c-a3c2-11f1-86ba-7318bdf4b5a9\">It was a very close sprint, with Coquard taking it thanks to an impressive bike-lunge. The Frenchman really wanted that one.<\/p>\n<figure class=\"van-image-figure inline-layout\" data-bordeaux-image-check id=\"elk-74c1bca4-a3c2-11f1-82b5-33456fffd6aa\">\n<div class=\"image-full-width-wrapper\">\n<div class=\"image-widthsetter\">\n<p class=\"vanilla-image-block\">\n<p><img decoding=\"async\" src=\"https:\/\/cdn.mos.cms.futurecdn.net\/oUU4nmXSFM9oQu8rooJrTJ.jpg\" alt=\"Team Cofidis&amp;#039; French rider Bryan Coquard (R) crosses the finish line to win the eighth stage of the Vuelta a Espana 2026, a 171 km race between Pucol and Xeraco on August 29, 2026. (Photo by Josep LAGO \/ AFP)\" loading=\"lazy\" class=\"rounded-[var(--image--border-radius,0)] inline\">\n<\/p>\n<\/div>\n<\/div><figcaption class=\" inline-layout\"><span class=\"credit\">(Image credit: Getty Images)<\/span><\/figcaption><\/figure>\n<\/div>\n<div class=\"wcp-item-content\">\n<time class=\"no-wrap live-feed-date\" datetime=\"2026-08-29T16:03:37+00:00\">2026-08-29T16:03:37.183Z<\/time><\/p>\n<p id=\"elk-32022056-a3c3-11f1-969a-59486fea3f11\">The story of the day is of course the crash that has seen race leader, and the seemingly invincible, Tadej Poga\u010dar leave the race. Here\u2019s our full report of the incident that has rocked the Vuelta.<\/p>\n<p>Tadej Poga\u010dar abandons the Vuelta a Espa\u00f1a after crash on stage 8<\/p>\n<p><a id=\"elk-seasonal\"><\/a><\/p>\n<aside data-article-category=\"pro-cycling\" data-block-type=\"embed\" data-render-type=\"fte\" data-skip=\"dealsy\" data-widget-type=\"seasonal\" class=\"ecom-root\"><\/aside>\n<\/div>\n<div class=\"live-feed-ad-unit ad-unit\"><\/div>\n<div class=\"wcp-item-content\">\n<time class=\"no-wrap live-feed-date\" datetime=\"2026-08-29T16:09:39+00:00\">2026-08-29T16:09:39.707Z<\/time><\/p>\n<p id=\"elk-0a461328-a3c4-11f1-8f57-6f3034496275\">On a brighter note, what a day for Bryan Coquard. This is the thirteenth Grand Tour he has ridden in his career; and, despite having 55 career wins to his name, he\u2019d never before won one at this level. His record of fishing second three times at the Tour de France, and third another two times, has made him notorious as a perennial bridesmaid, so this victory will bring great joy to cycling fans around the world.<\/p>\n<figure class=\"van-image-figure inline-layout\" data-bordeaux-image-check id=\"elk-0a46138c-a3c4-11f1-b69e-0bfcb20d047d\">\n<div class=\"image-full-width-wrapper\">\n<div class=\"image-widthsetter\">\n<p class=\"vanilla-image-block\">\n<p><img decoding=\"async\" src=\"https:\/\/cdn.mos.cms.futurecdn.net\/NwgiTepc2u5qAsdod8vGM.jpg\" alt=\"Team Cofidis&amp;#039; French rider Bryan Coquard celebrates on the podium after winning the eighth stage of the Vuelta a Espana 2026, a 171 km race between Pucol and Xeraco on August 29, 2026. (Photo by Josep LAGO \/ AFP)\" loading=\"lazy\" class=\"rounded-[var(--image--border-radius,0)] inline\">\n<\/p>\n<\/div>\n<\/div><figcaption class=\" inline-layout\"><span class=\"credit\">(Image credit: Getty Images)<\/span><\/figcaption><\/figure>\n<\/div>\n<div class=\"wcp-item-content\">\n<time class=\"no-wrap live-feed-date\" datetime=\"2026-08-29T16:17:38+00:00\">2026-08-29T16:17:38.066Z<\/time><\/p>\n<p id=\"elk-272a5048-a3c5-11f1-a833-2508cb1ebf4f\">Right from the neutralised section, when a crash delayed the start, it was a grim day at the Vuelta, with multiple crashes throughout the stage. Roland Thalmann was one of the worst affected, suffering bad road rashes and a torn jersey when he went down towards the end. A lot of riders have been in the wars.<\/p>\n<figure class=\"van-image-figure inline-layout\" data-bordeaux-image-check id=\"elk-272a50ac-a3c5-11f1-a939-77602835c4aa\">\n<div class=\"image-full-width-wrapper\">\n<div class=\"image-widthsetter\">\n<p class=\"vanilla-image-block\">\n<p><img decoding=\"async\" src=\"https:\/\/cdn.mos.cms.futurecdn.net\/cW6qAak9DBFUE8hwuQYZxj.jpg\" alt=\"XERACO, SPAIN - AUGUST 29: (EDITOR&amp;amp;rsquo;S NOTE: Image contains graphic content.) Roland Thalmann of Switzerland and Team Tudor Pro Cycling after being involved in a crash during the La Vuelta - 81st Tour of Spain 2026, Stage 8 a 171km stage from Pucol to Xeraco \/ #UCIWT \/ on August 29, 2026 in Pucol, Spain. (Photo by Tim de Waele\/Getty Images)\" loading=\"lazy\" class=\"rounded-[var(--image--border-radius,0)] inline\">\n<\/p>\n<\/div>\n<\/div><figcaption class=\" inline-layout\"><span class=\"credit\">(Image credit: Getty Images)<\/span><\/figcaption><\/figure>\n<\/div>\n<div class=\"live-feed-ad-unit ad-unit\"><\/div>\n<div class=\"wcp-item-content\">\n<time class=\"no-wrap live-feed-date\" datetime=\"2026-08-29T16:20:58+00:00\">2026-08-29T16:20:58.171Z<\/time><\/p>\n<p id=\"elk-9eb99060-a3c5-11f1-bc89-cdb21ffba121\">Poga\u010dar&#8217;s crash has blown this race wide open, with multiple riders now within shooting distance of the red jersey.<\/p>\n<p>For now, Enric Mas leads it. Here he is on the podium, sportingly choosing not to adorn the jersey in honour of the stricken Slovenian.<\/p>\n<figure class=\"van-image-figure inline-layout\" data-bordeaux-image-check id=\"elk-9eb990ba-a3c5-11f1-8098-2d506f3374a3\">\n<div class=\"image-full-width-wrapper\">\n<div class=\"image-widthsetter\">\n<p class=\"vanilla-image-block\">\n<p><img decoding=\"async\" src=\"https:\/\/cdn.mos.cms.futurecdn.net\/Gw4GNSWBr665pzk5nkAhiM.jpg\" alt=\"XERACO, SPAIN - AUGUST 29: Enric Mas of Spain and Movistar Team celebrates at podium as Red Leader Jersey winner without putting on a jersey as a sign of respect for the injured former leader Tadej Pogacar of Slovenia and UAE Team Emirates XRG, during the La Vuelta - 81st Tour of Spain 2026, Stage 8 a 171km stage from Pucol to Xeraco \/ #UCIWT \/ on August 29, 2026 in Xeraco, Spain. (Photo by Alexander Hassenstein\/Getty Images)\" loading=\"lazy\" class=\"rounded-[var(--image--border-radius,0)] inline\">\n<\/p>\n<\/div>\n<\/div><figcaption class=\" inline-layout\"><span class=\"credit\">(Image credit: Getty Images)<\/span><\/figcaption><\/figure>\n<p><a id=\"elk-seasonal\"><\/a><\/p>\n<aside data-article-category=\"pro-cycling\" data-block-type=\"embed\" data-render-type=\"fte\" data-skip=\"dealsy\" data-widget-type=\"seasonal\" class=\"ecom-root\"><\/aside>\n<\/div>\n<div class=\"wcp-item-content\">\n<time class=\"no-wrap live-feed-date\" datetime=\"2026-08-29T16:31:13+00:00\">2026-08-29T16:31:13.206Z<\/time><\/p>\n<p id=\"elk-0ce89c24-a3c7-11f1-847a-3d0e44a7fed2\">Thanks for joining us today, on a stage that has turned this Vuelta on its head. This one had the whole range of emotions, from the devastation of Poga\u010dar&#8217;s crash, to the ecstasy of Coquard&#8217;s first Grand Tour win. What had looked like a very straightforward race now looks extremely unpredictable, with multiple riders now in contention for the red jersey.<\/p>\n<p>All bets are off, so be sure to join us again tomorrow &#8211; which is a monster stage in the mountains, and where the new-look GC race is to start taking shape.<\/p>\n<figure class=\"van-image-figure inline-layout\" data-bordeaux-image-check id=\"elk-0ce89c9c-a3c7-11f1-a2ef-71cb2b69b01c\">\n<div class=\"image-full-width-wrapper\">\n<div class=\"image-widthsetter\">\n<p class=\"vanilla-image-block\">\n<p><img decoding=\"async\" src=\"https:\/\/cdn.mos.cms.futurecdn.net\/AKdrRdRX6r8C9mxYdLyWRe.jpg\" alt=\"Team Cofidis&amp;#039; French rider Bryan Coquard celebrates on the podium after winning the eighth stage of the Vuelta a Espana 2026, a 171 km race between Pucol and Xeraco on August 29, 2026. (Photo by Josep LAGO \/ AFP)\" loading=\"lazy\" class=\"rounded-[var(--image--border-radius,0)] inline\">\n<\/p>\n<\/div>\n<\/div><figcaption class=\" inline-layout\"><span class=\"credit\">(Image credit: Getty Images)<\/span><\/figcaption><\/figure>\n<p><a id=\"elk-seasonal\"><\/a><\/p>\n<aside data-article-category=\"pro-cycling\" data-block-type=\"embed\" data-render-type=\"fte\" data-skip=\"dealsy\" data-widget-type=\"seasonal\" class=\"ecom-root\"><\/aside>\n<\/div>\n<div class=\"live-feed-ad-unit ad-unit\"><\/div>\n<div id=\"viafoura-comments\" aria-hidden=\"true\"><\/div>\n<div class=\"relative max-w-[1070px] viafoura-twig-component mt-6\" data-component-name=\"Viafoura:Comments\" data-nosnippet data-community-guidelines-text=\"&lt;p class=&apos;vfcustom-community-guidelines&apos;&gt;Please follow our &lt;a href=&quot;https:\/\/www.cyclingnews.com\/about\/#section-community-guidelines&quot; target=&quot;_blank&quot;&gt;community guidelines&lt;\/a&gt;.&lt;\/p&gt;\" data-join-the-conversation-text=\"Join the Conversation\">\n<div class=\"relative h-(--truncate-height) sm:h-(--truncate-desktop-height) overflow-hidden transition-[height] duration-150\" data-test-id=\"container\" data-component-name=\"Util:Truncate\" id=\"viafoura-comments-container\">\n<div class=\"relative z-10 viafoura rounded-[var(--comment-widget-border-radius,0)]\" id=\"viafoura-comment-wrapper\" data-test-id=\"content\">\n<div class=\"viafoura\">\n<div>\n<\/div>\n<\/div>\n<\/div>\n<div class=\"absolute bg-gradient-to-t from-[var(--truncate-gradient-color,white)] from-50% h-28 z-20 w-full bottom-0 flex items-end justify-center px-0 rounded-none\">\n<\/div>\n<\/div>\n<div class=\"absolute top-0 left-0 w-full h-full flex items-center justify-center z-50 bg-white\/90 border-1 rounded-b-[var(--comment-widget-border-radius,0)]\">\n<div class=\"p-2 text-center\">\n<p class=\"mb-3 text-lg!\">You must confirm your public display name before commenting<\/p>\n<p class=\"mb-3 text-sm!\">Please logout and then login again, you will then be prompted to enter your display name.<\/p>\n<\/div>\n<\/div>\n<\/div>\n<div class=\"related-articles-block\">\n<\/div>\n<\/div>\n<\/div>\n<div id=\"article-body\" class=\" article-body \">\n<div id=\"ad-unit-1\" class=\"ad-unit\"><\/div>\n<div data-component-name=\"Article:LiveReportUpdater\">\n<\/div>\n<div class=\"wcp-item-content\">\n<p id=\"elk-a36dd968-98cb-11f1-9275-03dc34340abf\">Hello and welcome to stage 8 of the Vuelta a Espa\u00f1a<\/p>\n<\/div>\n<div class=\"wcp-item-content\">\n<time class=\"no-wrap live-feed-date\" datetime=\"2026-08-29T11:29:27+00:00\">2026-08-29T11:29:27.899Z<\/time><\/p>\n<p id=\"elk-e4f9b6be-a39c-11f1-9a8b-5fa3166915be\">For the first time since stage five, the sprinters have a chance to go for a stage win today &#8211; but it won\u2019t be easy. There\u2019s a tough climb crested within the final 30km, which is hard enough to potentially see some sprinters dropped, to see attacks go clear from the peloton. It\u2019s a well-balanced parcours, that promises to be very exciting<\/p>\n<p>Vuelta a Espa\u00f1a 2026 stage 8 preview &#8211; Can Matthew Brennan make it a hat trick of wins in Xeraco?<\/p>\n<p><a id=\"elk-seasonal\"><\/a><\/p>\n<aside data-article-category=\"pro-cycling\" data-block-type=\"embed\" data-render-type=\"fte\" data-skip=\"dealsy\" data-widget-type=\"seasonal\" class=\"ecom-root\"><\/aside>\n<\/div>\n<div class=\"live-feed-ad-unit ad-unit\"><\/div>\n<div class=\"wcp-item-content\">\n<time class=\"no-wrap live-feed-date\" datetime=\"2026-08-29T11:33:00+00:00\">2026-08-29T11:33:00.368Z<\/time><\/p>\n<p id=\"elk-63ae6860-a39d-11f1-8234-4fa4ceb83a6f\">The riders are off from the unofficial start, short of one rider who finished yesterday. Luca Van Boven has abandoned the race after his nasty crash yesterday.<\/p>\n<div class=\"see-more see-more--clipped\" id=\"elk-2093447840588873964\">\n<figure>\n<blockquote class=\"twitter-tweet hawk-ignore\" data-lang=\"en\" cite=\"https:\/\/twitter.com\/cantworkitout\/status\/2093447840588873964\">\n<p lang=\"en\" dir=\"ltr\">Luca Van Boven suffered two broken ribs and a collapsed lung because of the nasty crash during stage 7 of La Vuelta, which he courageously managed to finish. Luca will remain in hospital overnight for further observation and will unfortunately not start tomorrow. He will\u2026 pic.twitter.com\/clsMCFehBLAugust 28, 2026<\/p>\n<\/blockquote>\n<\/figure>\n<div class=\"see-more__filter\"><\/div>\n<\/div>\n<\/div>\n<div class=\"wcp-item-content\">\n<time class=\"no-wrap live-feed-date\" datetime=\"2026-08-29T11:40:19+00:00\">2026-08-29T11:40:19.266Z<\/time><\/p>\n<p id=\"elk-696d7c72-a39e-11f1-82eb-5757c4d13323\">The four jersey wearers at the start today &#8211; Onley, Poga\u010dar, Van Aert and Leknessund.<\/p>\n<figure class=\"van-image-figure inline-layout\" data-bordeaux-image-check id=\"elk-696d7cea-a39e-11f1-88bf-6d87e4aaf94d\">\n<div class=\"image-full-width-wrapper\">\n<div class=\"image-widthsetter\">\n<p class=\"vanilla-image-block\">\n<p><img decoding=\"async\" src=\"https:\/\/cdn.mos.cms.futurecdn.net\/3DPpXWduF4iNBrSVENPu9C.jpg\" alt=\"PUCOL, SPAIN - AUGUST 29: (L-R) Oscar Onley of Great Britain and Netcompany INEOS Cycling Team - White Best Young Rider Jersey, Tadej Pogacar of Slovenia and UAE Team Emirates XRG - Red Leader Jersey, Wout Van Aert of Belgium and Team Visma | Lease a Bike - Green Points Jersey and Andreas Leknessund of Norway and Team Uno-X Mobility - Polka Dot Mountain Jersey take a selfie prior to the La Vuelta - 81st Tour of Spain 2026, Stage 8 a 171km stage from Pucol to Xeraco \/ #UCIWT \/ on August 29, 2026 in Pucol, Spain. (Photo by Tim de Waele\/Getty Images)\" loading=\"lazy\" class=\"rounded-[var(--image--border-radius,0)] inline\">\n<\/p>\n<\/div>\n<\/div><figcaption class=\" inline-layout\"><span class=\"credit\">(Image credit: Getty Images)<\/span><\/figcaption><\/figure>\n<\/div>\n<div class=\"live-feed-ad-unit ad-unit\"><\/div>\n<div class=\"wcp-item-content\">\n<time class=\"no-wrap live-feed-date\" datetime=\"2026-08-29T11:46:48+00:00\">2026-08-29T11:46:48.585Z<\/time><\/p>\n<p id=\"elk-5160a496-a39f-11f1-a5bd-998dc33843e3\">The action is set to kick off any moment, but before it does, be sure to catch up with yesterday&#8217;s stage, the first at this year&#8217;s race to be won by the breakaway.<\/p>\n<p>Vuelta a Espa\u00f1a: Andreas Leknessund, Tobias Johannessen solo away from Wout van Aert in Uno-X Mobility 1-2 on stage 7<\/p>\n<p><a id=\"elk-seasonal\"><\/a><\/p>\n<aside data-article-category=\"pro-cycling\" data-block-type=\"embed\" data-render-type=\"fte\" data-skip=\"dealsy\" data-widget-type=\"seasonal\" class=\"ecom-root\"><\/aside>\n<\/div>\n<div class=\"wcp-item-content\">\n<time class=\"no-wrap live-feed-date\" datetime=\"2026-08-29T11:52:20+00:00\">2026-08-29T11:52:20.688Z<\/time><\/p>\n<p id=\"elk-17386aa0-a3a0-11f1-a55d-db96decc295e\">There was a crash in the neutralised zone, which has delayed the official start of the stage. But hopefully we will be racing any moment.<\/p>\n<\/div>\n<div class=\"live-feed-ad-unit ad-unit\"><\/div>\n<div class=\"wcp-item-content\">\n<time class=\"no-wrap live-feed-date\" datetime=\"2026-08-29T11:59:12+00:00\">2026-08-29T11:59:12.556Z<\/time><\/p>\n<p id=\"elk-0cd8278e-a3a1-11f1-87d0-0b0d2831c5fc\">The peloton are still behind the race car, as the start continues to be delayed as a result of the crash.<\/p>\n<p>When things finally do kick off, expect a fierce battle for the break, on a day where their hopes of survival feel realistic.<\/p>\n<figure class=\"van-image-figure inline-layout\" data-bordeaux-image-check id=\"elk-0cd827fc-a3a1-11f1-a194-095303a51325\">\n<div class=\"image-full-width-wrapper\">\n<div class=\"image-widthsetter\">\n<p class=\"vanilla-image-block\">\n<p><img decoding=\"async\" src=\"https:\/\/cdn.mos.cms.futurecdn.net\/HAva7d7B5EJnoM2yecMgNd.jpg\" alt=\"PUCOL, SPAIN - AUGUST 29: A general view of the peloton prior to the La Vuelta - 81st Tour of Spain 2026, Stage 8 a 171km stage from Pucol to Xeraco \/ #UCIWT \/ on August 29, 2026 in Pucol, Spain. (Photo by Tim de Waele\/Getty Images)\" loading=\"lazy\" class=\"rounded-[var(--image--border-radius,0)] inline\">\n<\/p>\n<\/div>\n<\/div><figcaption class=\" inline-layout\"><span class=\"credit\">(Image credit: Getty Images)<\/span><\/figcaption><\/figure>\n<p><a id=\"elk-seasonal\"><\/a><\/p>\n<aside data-article-category=\"pro-cycling\" data-block-type=\"embed\" data-render-type=\"fte\" data-skip=\"dealsy\" data-widget-type=\"seasonal\" class=\"ecom-root\"><\/aside>\n<\/div>\n<div class=\"wcp-item-content\">\n<time class=\"no-wrap live-feed-date\" datetime=\"2026-08-29T12:03:04+00:00\">2026-08-29T12:03:04.170Z<\/time><br \/>\n<a id=\"elk-official-start\"><\/a><\/p>\n<h3 class=\"article-body__section\" id=\"section-official-start\"><span>OFFICIAL START<\/span><\/h3>\n<p id=\"elk-96d60794-a3a1-11f1-ab92-03ac0a7961da\">And they&#8217;re off! Everyone has regrouped and regathered themselves after the crash, and the race has at last began.<\/p>\n<\/div>\n<div class=\"live-feed-ad-unit ad-unit\"><\/div>\n<div class=\"wcp-item-content\">\n<time class=\"no-wrap live-feed-date\" datetime=\"2026-08-29T12:10:55+00:00\">2026-08-29T12:10:55.262Z<\/time><\/p>\n<p id=\"elk-af9b3906-a3a2-11f1-9b75-d3646373227d\">So far it&#8217;s Burgos Burpellet BH showing most intent. Their rider Sinuh\u00e9 Fern\u00e1ndez has a gap of one minute after attacking from the flag, while his teammate Jos\u00e9 Luis Faura attempted to join him, before dropping back into the peloton.<\/p>\n<\/div>\n<div class=\"wcp-item-content\">\n<time class=\"no-wrap live-feed-date\" datetime=\"2026-08-29T12:16:35+00:00\">2026-08-29T12:16:35.005Z<\/time><br \/>\n<a id=\"elk-150km-to-go\"><\/a><\/p>\n<h3 class=\"article-body__section\" id=\"section-150km-to-go\"><span>150KM TO GO<\/span><\/h3>\n<p id=\"elk-7a17f1ce-a3a3-11f1-b4c7-095e355f9ff0\">The peloton has already eased up, and allowed Fern\u00e1ndez a lead of almost two and a half minutes already. The anticipated battle to get into the break has not materialised; and you wouldn\u2019t expect Fern\u00e1ndez to have any chance fending off an entire peloton by himself.<\/p>\n<\/div>\n<div class=\"live-feed-ad-unit ad-unit\"><\/div>\n<div class=\"wcp-item-content\">\n<time class=\"no-wrap live-feed-date\" datetime=\"2026-08-29T12:22:08+00:00\">2026-08-29T12:22:08.067Z<\/time><\/p>\n<p id=\"elk-40d249cc-a3a4-11f1-8211-7fb6188ce627\">This was the moment at the start of the day when Fern\u00e1ndez attacked, ahead of a disinterested peloton He must surely have imagined he&#8217;d have so company when he made the move.<\/p>\n<figure class=\"van-image-figure inline-layout\" data-bordeaux-image-check id=\"elk-40d24a30-a3a4-11f1-8f1a-bde34fd4856c\">\n<div class=\"image-full-width-wrapper\">\n<div class=\"image-widthsetter\">\n<p class=\"vanilla-image-block\">\n<p><img decoding=\"async\" src=\"https:\/\/cdn.mos.cms.futurecdn.net\/HGPGcBKkJ6TRzHCrw4iNk6.jpg\" alt=\"PUCOL, SPAIN - AUGUST 29: Sinuhe Fernandez of Spain and Team Burgos Burpellet BH attacks during the La Vuelta - 81st Tour of Spain 2026, Stage 8 a 171km stage from Pucol to Xeraco \/ #UCIWT \/ on August 29, 2026 in Pucol, Spain. (Photo by Tim de Waele\/Getty Images)\" loading=\"lazy\" class=\"rounded-[var(--image--border-radius,0)] inline\">\n<\/p>\n<\/div>\n<\/div><figcaption class=\" inline-layout\"><span class=\"credit\">(Image credit: Getty Images)<\/span><\/figcaption><\/figure>\n<\/div>\n<div class=\"wcp-item-content\">\n<time class=\"no-wrap live-feed-date\" datetime=\"2026-08-29T12:29:25+00:00\">2026-08-29T12:29:25.894Z<\/time><br \/>\n<a id=\"elk-dnf-ivan-sosa\"><\/a><\/p>\n<h3 class=\"article-body__section\" id=\"section-dnf-ivan-sosa\"><span>DNF &#8211; IVAN SOSA<\/span><\/h3>\n<p id=\"elk-45b4dc88-a3a5-11f1-aaa9-3ba87dcb8a36\">We have had a first abandon as a result of the pre-flag crash, and it&#8217;s Kern Pharma&#8217;s climber Diego Uriarte. That&#8217;s a shame as he has been lively at this Vuelta, getting into the break on multiple occasions already.<\/p>\n<p>Here was a glimpse of the chaotic aftermath following that incident earlier in the day.<\/p>\n<div class=\"see-more see-more--clipped\" id=\"elk-2093668007046234479\">\n<figure>\n<blockquote class=\"twitter-tweet hawk-ignore\" data-lang=\"en\" cite=\"https:\/\/twitter.com\/cantworkitout\/status\/2093668007046234479\">\n<p lang=\"en\" dir=\"ltr\">\ud83d\ude33 Big crash in the early moments of the stage. Luckily everyone was fine and able to continue after being checked out!\ud83d\ude2b \u00a1Fuerte ca\u00edda en el principio de la etapa! Por suerte, todos los implicados pueden continuar #LaVuelta26 pic.twitter.com\/A0nVLCrgFpAugust 29, 2026<\/p>\n<\/blockquote>\n<\/figure>\n<div class=\"see-more__filter\"><\/div>\n<\/div>\n<p><a id=\"elk-seasonal\"><\/a><\/p>\n<aside data-article-category=\"pro-cycling\" data-block-type=\"embed\" data-render-type=\"fte\" data-skip=\"dealsy\" data-widget-type=\"seasonal\" class=\"ecom-root\"><\/aside>\n<\/div>\n<div class=\"live-feed-ad-unit ad-unit\"><\/div>\n<div class=\"wcp-item-content\">\n<time class=\"no-wrap live-feed-date\" datetime=\"2026-08-29T12:35:13+00:00\">2026-08-29T12:35:13.229Z<\/time><br \/>\n<a id=\"elk-140km-to-go\"><\/a><\/p>\n<h3 class=\"article-body__section\" id=\"section-140km-to-go\"><span>140KM TO GO<\/span><\/h3>\n<p id=\"elk-149e7a36-a3a6-11f1-8423-6550255e72b4\">Fern\u00e1ndez has been given a huge lead over the peloton, almost up to 6 minutes. The peloton is taking thins easy, though Visma have taken control of the pace-setting, presumably for their sprinter Matthew Brennan.<\/p>\n<figure class=\"van-image-figure inline-layout\" data-bordeaux-image-check id=\"elk-149e7a9a-a3a6-11f1-a7f9-cb5cf638c09a\">\n<div class=\"image-full-width-wrapper\">\n<div class=\"image-widthsetter\">\n<p class=\"vanilla-image-block\">\n<p><img decoding=\"async\" src=\"https:\/\/cdn.mos.cms.futurecdn.net\/heqFaD3GxSxGADZeNdntw4.jpg\" alt=\"XERACO, SPAIN - AUGUST 29: Sinuhe Fernandez of Spain and Team Burgos Burpellet BH competes in the breakaway during the La Vuelta - 81st Tour of Spain 2026, Stage 8 a 171km stage from Pucol to Xeraco \/ #UCIWT \/ on August 29, 2026 in Pucol, Spain. (Photo by Tim de Waele\/Getty Images)\" loading=\"lazy\" class=\"rounded-[var(--image--border-radius,0)] inline\">\n<\/p>\n<\/div>\n<\/div><figcaption class=\" inline-layout\"><span class=\"credit\">(Image credit: Getty Images)<\/span><\/figcaption><\/figure>\n<\/div>\n<div class=\"wcp-item-content\">\n<time class=\"no-wrap live-feed-date\" datetime=\"2026-08-29T12:42:36+00:00\">2026-08-29T12:42:36.783Z<\/time><br \/>\n<a id=\"elk-dnf-floris-van-tricht\"><\/a><\/p>\n<h3 class=\"article-body__section\" id=\"section-dnf-floris-van-tricht\"><span>DNF &#8211; FLORIS VAN TRICHT<\/span><\/h3>\n<p id=\"elk-1cfcabc0-a3a7-11f1-bb90-dbe6ede7c42b\">Unfortunately, there has been a second abandon as a consequence of the crash at the start of the day. NSN&#8217;s Floris Van Tricht had been making his Grand Tour debut, but finishes in unlucky fashion.<\/p>\n<\/div>\n<div class=\"live-feed-ad-unit ad-unit\"><\/div>\n<div class=\"wcp-item-content\">\n<time class=\"no-wrap live-feed-date\" datetime=\"2026-08-29T12:47:43+00:00\">2026-08-29T12:47:43.827Z<\/time><br \/>\n<a id=\"elk-130km-to-go\"><\/a><\/p>\n<h3 class=\"article-body__section\" id=\"section-130km-to-go\"><span>130KM TO GO<\/span><\/h3>\n<p id=\"elk-d45cb986-a3a7-11f1-9f75-35c6808253b8\">Visma are leading the peloton, but are a distant 5:30 behind Fern\u00e1ndez. It&#8217;s been a subdued start to the stage.<\/p>\n<figure class=\"van-image-figure inline-layout\" data-bordeaux-image-check id=\"elk-d45cb9f4-a3a7-11f1-aa5e-cb746e52d662\">\n<div class=\"image-full-width-wrapper\">\n<div class=\"image-widthsetter\">\n<p class=\"vanilla-image-block\">\n<p><img decoding=\"async\" src=\"https:\/\/cdn.mos.cms.futurecdn.net\/cuamfmHshPZTFFxHmnwBme.jpg\" alt=\"XERACO, SPAIN - AUGUST 29: Steven Kruijswijk of Netherlands and Team Visma | Lease a Bike and Guillaume Martin of France and Team Groupama - FDJ United lead the peloton during the La Vuelta - 81st Tour of Spain 2026, Stage 8 a 171km stage from Pucol to Xeraco \/ #UCIWT \/ on August 29, 2026 in Pucol, Spain. (Photo by Tim de Waele\/Getty Images)\" loading=\"lazy\" class=\"rounded-[var(--image--border-radius,0)] inline\">\n<\/p>\n<\/div>\n<\/div><figcaption class=\" inline-layout\"><span class=\"credit\">(Image credit: Getty Images)<\/span><\/figcaption><\/figure>\n<\/div>\n<div class=\"wcp-item-content\">\n<time class=\"no-wrap live-feed-date\" datetime=\"2026-08-29T12:54:40+00:00\">2026-08-29T12:54:40.821Z<\/time><\/p>\n<p id=\"elk-cc8cf2ce-a3a8-11f1-bf3e-5f0236477ff3\"><em><strong>For unbeatable coverage across road, gravel and tech, subscribe to Cyclingnews. You&#8217;ll get comprehensive race coverage of La Vuelta a Espa\u00f1a, subscriber-exclusive analysis from our expert columnists, in-depth features and industry-leading tech insight. Plus, the Cyclingnews app lets you follow the action wherever you go!<\/strong><\/em><em><strong> Join today<\/strong><\/em><em><strong>.<\/strong><\/em><\/p>\n<\/div>\n<div class=\"live-feed-ad-unit ad-unit\"><\/div>\n<div class=\"wcp-item-content\">\n<time class=\"no-wrap live-feed-date\" datetime=\"2026-08-29T12:59:20+00:00\">2026-08-29T12:59:20.882Z<\/time><br \/>\n<a id=\"elk-120km-to-go\"><\/a><\/p>\n<h3 class=\"article-body__section\" id=\"section-120km-to-go\"><span>120KM TO GO<\/span><\/h3>\n<p id=\"elk-73956c2c-a3a9-11f1-9b12-09efd242ca35\">A few riders have been held up and are making their way through the convoy back into the peloton. One of those riders is Primo\u017e Rogli\u010d &#8211; he appears unhurt, and it&#8217;s unclear for now whether he went down.<\/p>\n<p>The pace has picked up a bit, but Fern\u00e1ndez&#8217;s lead remains over five minutes.<\/p>\n<p><a id=\"elk-seasonal\"><\/a><\/p>\n<aside data-article-category=\"pro-cycling\" data-block-type=\"embed\" data-render-type=\"fte\" data-skip=\"dealsy\" data-widget-type=\"seasonal\" class=\"ecom-root\"><\/aside>\n<\/div>\n<div class=\"wcp-item-content\">\n<time class=\"no-wrap live-feed-date\" datetime=\"2026-08-29T13:04:04+00:00\">2026-08-29T13:04:04.171Z<\/time><\/p>\n<p id=\"elk-1c6e99fe-a3aa-11f1-83bc-91b9b1f1eb49\">Rogli\u010d did indeed go down, as evidenced by a small rip in his jersey. He does appear to be riding comfortably, though, and is calmly making his way back towards the peloton.<\/p>\n<\/div>\n<div class=\"live-feed-ad-unit ad-unit\"><\/div>\n<div class=\"wcp-item-content\">\n<time class=\"no-wrap live-feed-date\" datetime=\"2026-08-29T13:07:57+00:00\">2026-08-29T13:07:57.352Z<\/time><br \/>\n<a id=\"elk-dnf-mattia-gaffuri\"><\/a><\/p>\n<h3 class=\"article-body__section\" id=\"section-dnf-mattia-gaffuri\"><span>DNF &#8211; MATTIA GAFFURI <\/span><\/h3>\n<p id=\"elk-a763f4dc-a3aa-11f1-a1bc-494d2b00cd19\">More bad news to report, as Mattia Gaffuri becomes the third rider of the day to abandon. He was one of the men to go down in the incident a few kilometres ago, and was clearly much worse off than Rogli\u010d.<\/p>\n<\/div>\n<div class=\"wcp-item-content\">\n<time class=\"no-wrap live-feed-date\" datetime=\"2026-08-29T13:16:29+00:00\">2026-08-29T13:16:29.632Z<\/time><br \/>\n<a id=\"elk-110km-to-go\"><\/a><\/p>\n<h3 class=\"article-body__section\" id=\"section-110km-to-go\"><span>110KM TO GO<\/span><\/h3>\n<p id=\"elk-d8ea04d2-a3ab-11f1-8bee-e9efed5b0fb1\">Steven Kruijswijk has been tasked with setting the pace at the front of the peloton for Visma-Lease a Bike, doing all the work by himself. He&#8217;s keeping the lone leader Fern\u00e1ndez at five minutes, as Visma look to set Brennan up for another sprint win.<\/p>\n<figure class=\"van-image-figure inline-layout\" data-bordeaux-image-check id=\"elk-d8ea054a-a3ab-11f1-b986-a1a672e43a90\">\n<div class=\"image-full-width-wrapper\">\n<div class=\"image-widthsetter\">\n<p class=\"vanilla-image-block\">\n<p><img decoding=\"async\" src=\"https:\/\/cdn.mos.cms.futurecdn.net\/u6CLnic7MBM86nSto5DJcf.jpg\" alt=\"XERACO, SPAIN - AUGUST 29: Guillaume Martin of France and Team Groupama - FDJ United competes during the La Vuelta - 81st Tour of Spain 2026, Stage 8 a 171km stage from Pucol to Xeraco \/ #UCIWT \/ on August 29, 2026 in Pucol, Spain. (Photo by Tim de Waele\/Getty Images)\" loading=\"lazy\" class=\"rounded-[var(--image--border-radius,0)] inline\">\n<\/p>\n<\/div>\n<\/div><figcaption class=\" inline-layout\"><span class=\"credit\">(Image credit: Getty Images)<\/span><\/figcaption><\/figure>\n<\/div>\n<div class=\"live-feed-ad-unit ad-unit\"><\/div>\n<div class=\"wcp-item-content\">\n<time class=\"no-wrap live-feed-date\" datetime=\"2026-08-29T13:28:15+00:00\">2026-08-29T13:28:15.959Z<\/time><\/p>\n<p id=\"elk-7db4b524-a3ad-11f1-ab40-e74220641141\">There was some speculation yesterday that Poga\u010dar&#8217;s attack in the closing stages was motivated by anger, and the need to prove a point after being caught by Enric Mas the day before. But the Slovenian himself denied this, when talking to the media yesterday.<\/p>\n<p>&#8216;I wasn&#8217;t angry at all&#8217; &#8211; Vuelta a Espa\u00f1a leader Tadej Poga\u010dar denies he attacked on Aram\u00f3n Valdelinares finish because he was upset<\/p>\n<figure class=\"van-image-figure inline-layout\" data-bordeaux-image-check id=\"elk-7db4b592-a3ad-11f1-8561-a108b20eee3e\">\n<div class=\"image-full-width-wrapper\">\n<div class=\"image-widthsetter\">\n<p class=\"vanilla-image-block\">\n<p><img decoding=\"async\" src=\"https:\/\/cdn.mos.cms.futurecdn.net\/fvpUUgAhTmrcT5LHhMCAiP.jpg\" alt=\"PUCOL, SPAIN - AUGUST 29: Tadej Pogacar of Slovenia and UAE Team Emirates XRG - Red Leader Jersey prior to the La Vuelta - 81st Tour of Spain 2026, Stage 8 a 171km stage from Pucol to Xeraco \/ #UCIWT \/ on August 29, 2026 in Pucol, Spain. (Photo by Alexander Hassenstein\/Getty Images)\" loading=\"lazy\" class=\"rounded-[var(--image--border-radius,0)] inline\">\n<\/p>\n<\/div>\n<\/div><figcaption class=\" inline-layout\"><span class=\"credit\">(Image credit: Getty Images)<\/span><\/figcaption><\/figure>\n<p><a id=\"elk-seasonal\"><\/a><\/p>\n<aside data-article-category=\"pro-cycling\" data-block-type=\"embed\" data-render-type=\"fte\" data-skip=\"dealsy\" data-widget-type=\"seasonal\" class=\"ecom-root\"><\/aside>\n<\/div>\n<div class=\"wcp-item-content\">\n<time class=\"no-wrap live-feed-date\" datetime=\"2026-08-29T13:35:36+00:00\">2026-08-29T13:35:36.813Z<\/time><\/p>\n<p id=\"elk-848255e0-a3ae-11f1-ab03-ef95ea8bd835\">Callum Thornley is on bidon duty for Red Bull-Bora Hansgrohe. There&#8217;s no sign that his leader Primo\u017e Rogli\u010d is suffering at all following his crash, but we&#8217;ll only know for sure when he&#8217;s tested on tomorrow&#8217;s mountain stage.<\/p>\n<figure class=\"van-image-figure inline-layout\" data-bordeaux-image-check id=\"elk-84825644-a3ae-11f1-9d12-ddda88ca5e21\">\n<div class=\"image-full-width-wrapper\">\n<div class=\"image-widthsetter\">\n<p class=\"vanilla-image-block\">\n<p><img decoding=\"async\" src=\"https:\/\/cdn.mos.cms.futurecdn.net\/yFkoT8bkMTUQyqznhHiyKQ.jpg\" alt=\"XERACO, SPAIN - AUGUST 29: Callum Thornley of Great Britain and Team Red Bull - BORA - hansgrohe carries bottles during the La Vuelta - 81st Tour of Spain 2026, Stage 8 a 171km stage from Pucol to Xeraco \/ #UCIWT \/ on August 29, 2026 in Pucol, Spain. (Photo by Tim de Waele\/Getty Images)\" loading=\"lazy\" class=\"rounded-[var(--image--border-radius,0)] inline\">\n<\/p>\n<\/div>\n<\/div><figcaption class=\" inline-layout\"><span class=\"credit\">(Image credit: Getty Images)<\/span><\/figcaption><\/figure>\n<\/div>\n<div class=\"live-feed-ad-unit ad-unit\"><\/div>\n<div class=\"wcp-item-content\">\n<time class=\"no-wrap live-feed-date\" datetime=\"2026-08-29T13:42:42+00:00\">2026-08-29T13:42:42.941Z<\/time><\/p>\n<p id=\"elk-82a01630-a3af-11f1-a840-a7d621d9d25f\">Felix Gall, safely in the peloton. He was one of the big winner of yesterday&#8217;s stage, finishing the best of the rest behind&#8230;., and as a result moved up to fourth overall, just 11 seconds away from the podium. He&#8217;s unlikely to have a chance to gain that time today, but will tomorrow.<\/p>\n<p>&#8216;A good day to try something&#8217; &#8211; Felix Gall upbeat after aggressive final ascent at Vuelta a Espa\u00f1a<\/p>\n<figure class=\"van-image-figure inline-layout\" data-bordeaux-image-check id=\"elk-82a016a8-a3af-11f1-b548-03f3ac6d9ffa\">\n<div class=\"image-full-width-wrapper\">\n<div class=\"image-widthsetter\">\n<p class=\"vanilla-image-block\">\n<p><img decoding=\"async\" src=\"https:\/\/cdn.mos.cms.futurecdn.net\/Z6XUJwMhdQXkNoSWnDVt8Q.jpg\" alt=\"XERACO, SPAIN - AUGUST 29: Felix Gall of Austria and Team Decathlon CMA CGM competes during the La Vuelta - 81st Tour of Spain 2026, Stage 8 a 171km stage from Pucol to Xeraco \/ #UCIWT \/ on August 29, 2026 in Pucol, Spain. (Photo by Tim de Waele\/Getty Images)\" loading=\"lazy\" class=\"rounded-[var(--image--border-radius,0)] inline\">\n<\/p>\n<\/div>\n<\/div><figcaption class=\" inline-layout\"><span class=\"credit\">(Image credit: Getty Images)<\/span><\/figcaption><\/figure>\n<p><a id=\"elk-seasonal\"><\/a><\/p>\n<aside data-article-category=\"pro-cycling\" data-block-type=\"embed\" data-render-type=\"fte\" data-skip=\"dealsy\" data-widget-type=\"seasonal\" class=\"ecom-root\"><\/aside>\n<\/div>\n<div class=\"wcp-item-content\">\n<time class=\"no-wrap live-feed-date\" datetime=\"2026-08-29T13:50:51+00:00\">2026-08-29T13:50:51.550Z<\/time><br \/>\n<a id=\"elk-90km-to-go\"><\/a><\/p>\n<h3 class=\"article-body__section\" id=\"section-90km-to-go\"><span>90KM TO GO<\/span><\/h3>\n<p id=\"elk-a5e9ed0e-a3b0-11f1-be19-d9908b244da3\">Still it&#8217;s Steven Kruijswijk leading the peloton all by himself, and he&#8217;s brought the gap to Sinuh\u00e9 Fern\u00e1ndez down to 3:20. The terrain remains flat for a while longer yet, before things get interesting with the category three climb of Puerto de Barx.<\/p>\n<figure class=\"van-image-figure inline-layout\" data-bordeaux-image-check id=\"elk-a5e9ed90-a3b0-11f1-803f-bb4f8c458e28\">\n<div class=\"image-full-width-wrapper\">\n<div class=\"image-widthsetter\">\n<p class=\"vanilla-image-block\">\n<p><img decoding=\"async\" src=\"https:\/\/cdn.mos.cms.futurecdn.net\/kBAQvaJbHb6Yp5XD9ZYQUQ.jpg\" alt=\"XERACO, SPAIN - AUGUST 29: A general view of the peloton competing during the La Vuelta - 81st Tour of Spain 2026, Stage 8 a 171km stage from Pucol to Xeraco \/ #UCIWT \/ on August 29, 2026 in Pucol, Spain. (Photo by Tim de Waele\/Getty Images)\" loading=\"lazy\" class=\"rounded-[var(--image--border-radius,0)] inline\">\n<\/p>\n<\/div>\n<\/div><figcaption class=\" inline-layout\"><span class=\"credit\">(Image credit: Getty Images)<\/span><\/figcaption><\/figure>\n<\/div>\n<div class=\"live-feed-ad-unit ad-unit\"><\/div>\n<div class=\"wcp-item-content\">\n<time class=\"no-wrap live-feed-date\" datetime=\"2026-08-29T13:57:38+00:00\">2026-08-29T13:57:38.460Z<\/time><\/p>\n<p id=\"elk-98777dc0-a3b1-11f1-85cf-f56876b0cb91\"><em><strong>For unbeatable coverage across road, gravel and tech, subscribe to Cyclingnews. You&#8217;ll get comprehensive race coverage of La Vuelta a Espa\u00f1a, subscriber-exclusive analysis from our expert columnists, in-depth features and industry-leading tech insight. Plus, the Cyclingnews app lets you follow the action wherever you go!<\/strong><\/em><em><strong> Join today<\/strong><\/em><em><strong>.<\/strong><\/em><\/p>\n<\/div>\n<div class=\"wcp-item-content\">\n<time class=\"no-wrap live-feed-date\" datetime=\"2026-08-29T14:03:45+00:00\">2026-08-29T14:03:45.655Z<\/time><\/p>\n<p id=\"elk-7351ee80-a3b2-11f1-9d8b-1ff2abbf7515\">An interesting development at the front of the peloton, as Steven Kruijswijk pulls off briefly from the front to take a comfort break, and Alpecin-Deceuninck briefly take over from him. Kruijswijk is back on the front again now, but that\u2019s still a hint that Alpecin fancy their chances for the win today with Kaden Groves, despite the Australian\u2019s lack of form and failure to get into the mix on the previous sprint stages at this Vuelta.<\/p>\n<figure class=\"van-image-figure inline-layout\" data-bordeaux-image-check id=\"elk-7351eeee-a3b2-11f1-9f34-3ddbfda635c3\">\n<div class=\"image-full-width-wrapper\">\n<div class=\"image-widthsetter\">\n<p class=\"vanilla-image-block\">\n<p><img decoding=\"async\" src=\"https:\/\/cdn.mos.cms.futurecdn.net\/C5Td2SKQB8hxcHJBdhV2YM.jpg\" alt=\"XERACO, SPAIN - AUGUST 29: (L-R) Ivan Romeo of Spain and Movistar Team and Kaden Groves of Australia and Team Alpecin - Premier Tech compete during the La Vuelta - 81st Tour of Spain 2026, Stage 8 a 171km stage from Pucol to Xeraco \/ #UCIWT \/ on August 29, 2026 in Pucol, Spain. (Photo by Tim de Waele\/Getty Images)\" loading=\"lazy\" class=\"rounded-[var(--image--border-radius,0)] inline\">\n<\/p>\n<\/div>\n<\/div><figcaption class=\" inline-layout\"><span class=\"credit\">(Image credit: Getty Images)<\/span><\/figcaption><\/figure>\n<\/div>\n<div class=\"live-feed-ad-unit ad-unit\"><\/div>\n<div class=\"wcp-item-content\">\n<time class=\"no-wrap live-feed-date\" datetime=\"2026-08-29T14:14:19+00:00\">2026-08-29T14:14:19.446Z<\/time><br \/>\n<a id=\"elk-70km-to-go\"><\/a><\/p>\n<h3 class=\"article-body__section\" id=\"section-70km-to-go\"><span>70KM TO GO<\/span><\/h3>\n<p id=\"elk-ecfe59a2-a3b3-11f1-8f9d-4bea6822e746\">The gap continues to come down, with now just under two minutes separating Fern\u00e1ndez and the peloton, still being led by Kruijswijk. The Dutchman does have a posse of Alpecin riders right behind him, ready to try and set Groves up for the win<\/p>\n<\/div>\n<div class=\"wcp-item-content\">\n<time class=\"no-wrap live-feed-date\" datetime=\"2026-08-29T14:19:22+00:00\">2026-08-29T14:19:22.829Z<\/time><\/p>\n<p id=\"elk-a2088dcc-a3b4-11f1-b779-ef965dbb1729\">While we assume Kruijswijk is working for his Visma teammate Matthew Brennan, the team also have another potential option for the day in Wout van Aert. The Belgian was in the break yesterday and came close to winning the stage, and as a result is wearing the green jersey, leading the points classification ahead of Tadej Poga\u010dar by two points<\/p>\n<p>That\u2019s a slender lead, and one he\u2019ll surely want to defend &#8211; but that\u2019ll be hard if he\u2019s working to try and set Brennan up for a win.<\/p>\n<p><a id=\"elk-seasonal\"><\/a><\/p>\n<aside data-article-category=\"pro-cycling\" data-block-type=\"embed\" data-render-type=\"fte\" data-skip=\"dealsy\" data-widget-type=\"seasonal\" class=\"ecom-root\"><\/aside>\n<p id=\"elk-a2088dcc-a3b4-11f1-b779-ef965dbb1729-2\">&#8216;I didn&#8217;t have confidence in myself&#8217; \u2013 Wout van Aert bags green jersey but regrets missed opportunity in Vuelta a Espa\u00f1a breakaway<\/p>\n<\/div>\n<div class=\"live-feed-ad-unit ad-unit\"><\/div>\n<div class=\"wcp-item-content\">\n<time class=\"no-wrap live-feed-date\" datetime=\"2026-08-29T14:29:36+00:00\">2026-08-29T14:29:36.630Z<\/time><\/p>\n<p id=\"elk-0fc88df2-a3b6-11f1-bebf-25e94a39e94d\">Who will sprint for Netcompany Ineos today? Axel Laurance is looking in good form, with a 5th and 8th finish to his name already this week, but also have Ben Turner as an option, who has a bunch sprint stage win at the Vuelta on his palmares from last year. It&#8217;s a tricky choice for the team, and both riders are capable climbers who will fancy their chances of surviving the climb.<\/p>\n<figure class=\"van-image-figure inline-layout\" data-bordeaux-image-check id=\"elk-0fc88e6a-a3b6-11f1-9030-d905bec8e172\">\n<div class=\"image-full-width-wrapper\">\n<div class=\"image-widthsetter\">\n<p class=\"vanilla-image-block\">\n<p><img decoding=\"async\" src=\"https:\/\/cdn.mos.cms.futurecdn.net\/ZdbYcgjrsU7Z4f82mt5624.jpg\" alt=\"XERACO, SPAIN - AUGUST 29: Axel Laurance of France and Netcompany INEOS Cycling Team competes during the La Vuelta - 81st Tour of Spain 2026, Stage 8 a 171km stage from Pucol to Xeraco \/ #UCIWT \/ on August 29, 2026 in Pucol, Spain. (Photo by Tim de Waele\/Getty Images)\" loading=\"lazy\" class=\"rounded-[var(--image--border-radius,0)] inline\">\n<\/p>\n<\/div>\n<\/div><figcaption class=\" inline-layout\"><span class=\"credit\">(Image credit: Getty Images)<\/span><\/figcaption><\/figure>\n<\/div>\n<div class=\"wcp-item-content\">\n<time class=\"no-wrap live-feed-date\" datetime=\"2026-08-29T14:38:03+00:00\">2026-08-29T14:38:03.477Z<\/time><\/p>\n<p id=\"elk-3dc8f39e-a3b7-11f1-8bd6-d707812a934a\">Another rider to look out for today is Red Bull-Bora Hansgrohe&#8217;s Jordi Meeus. He\u2019s one of the few riders in the peloton who can rival Brennan for pure speed, and managed to survive the climb on stage five that put paid to so many other sprinters\u2019 hopes. He was second that day, and will be eager to go one better having not won a race for almost three months.<\/p>\n<\/div>\n<div class=\"live-feed-ad-unit ad-unit\"><\/div>\n<div class=\"wcp-item-content\">\n<time class=\"no-wrap live-feed-date\" datetime=\"2026-08-29T14:45:59+00:00\">2026-08-29T14:45:59.310Z<\/time><br \/>\n<a id=\"elk-50km-to-go\"><\/a><\/p>\n<h3 class=\"article-body__section\" id=\"section-50km-to-go\"><span>50KM TO GO<\/span><\/h3>\n<p id=\"elk-5983fd58-a3b8-11f1-b4f9-c941215e3a96\">Sinuh\u00e9 Fern\u00e1ndez might not be out in front for much longer at this rate. His lead over the peloton has dropped to only just over a minute, although the chase may slow down if the peloton is reluctant to make the catch to early &#8211; the sprinters&#8217; teams wont want to leave themselves exposed to attacks on the upcoming Puerto de Barx.<\/p>\n<\/div>\n<div class=\"wcp-item-content\">\n<time class=\"no-wrap live-feed-date\" datetime=\"2026-08-29T14:52:05+00:00\">2026-08-29T14:52:05.506Z<\/time><\/p>\n<p id=\"elk-33b45ab8-a3b9-11f1-8e48-4f69bae11fdb\">Following his fourth-place finish on stage five, Alessandro Romele is also a rider to look out for in the expected sprint today, though he\u2019s made headlines for the wrong reasons most recently. The Italian took responsibility for the crash that saw Luca Van Boven abandon the race prior to today\u2019s stage.<\/p>\n<p>\u2018It was fair that I got it&#8217; &#8211; Alessandro Romele accepts yellow card for crash incident that led to Luca Van Boven Vuelta a Espa\u00f1a abandon<\/p>\n<p><a id=\"elk-seasonal\"><\/a><\/p>\n<aside data-article-category=\"pro-cycling\" data-block-type=\"embed\" data-render-type=\"fte\" data-skip=\"dealsy\" data-widget-type=\"seasonal\" class=\"ecom-root\"><\/aside>\n<\/div>\n<div class=\"live-feed-ad-unit ad-unit\"><\/div>\n<div class=\"wcp-item-content\">\n<time class=\"no-wrap live-feed-date\" datetime=\"2026-08-29T15:01:40+00:00\">2026-08-29T15:01:40.651Z<\/time><br \/>\n<a id=\"elk-40km-to-go\"><\/a><\/p>\n<h3 class=\"article-body__section\" id=\"section-40km-to-go\"><span>40KM TO GO<\/span><\/h3>\n<p id=\"elk-8a635d54-a3ba-11f1-afdf-27649802d03d\">The riders are approaching the day&#8217;s intermediate sprint, and as a result the pace in the peloton has picked up. It&#8217;s Visma-Lease a Bike who have put more men at the front, in search of increasing Van Aert&#8217;s lead in the points classification, and are set to catch Fern\u00e1ndez before the sprint.<\/p>\n<\/div>\n<div class=\"wcp-item-content\">\n<time class=\"no-wrap live-feed-date\" datetime=\"2026-08-29T15:08:18+00:00\">2026-08-29T15:08:18.046Z<\/time><br \/>\n<a id=\"elk-intermediate-sprint\"><\/a><\/p>\n<h3 class=\"article-body__section\" id=\"section-intermediate-sprint\"><span>INTERMEDIATE SPRINT<\/span><\/h3>\n<p id=\"elk-77945876-a3bb-11f1-8d96-5bf1c339d901\">Van Aert takes the maximum 20 points at the sprint. Sinuh\u00e9 Fern\u00e1ndez was caught beforehand, and the green jersey was able to take the sprint without anyone competing against him.<\/p>\n<\/div>\n<div class=\"live-feed-ad-unit ad-unit\"><\/div>\n<div class=\"wcp-item-content\">\n<time class=\"no-wrap live-feed-date\" datetime=\"2026-08-29T15:09:09+00:00\">2026-08-29T15:09:09.145Z<\/time><br \/>\n<a id=\"elk-crash-pogacar\"><\/a><\/p>\n<h3 class=\"article-body__section\" id=\"section-crash-pogacar\"><span>CRASH &#8211; POGACAR<\/span><\/h3>\n<p id=\"elk-95d46aec-a3bb-11f1-bf43-b587f7dfa5b2\">The red jersey is down, and he looks hurt. He&#8217;s still sat on the floor a minute or so after hitting the deck. His race might be in peril.<\/p>\n<\/div>\n<div class=\"wcp-item-content\">\n<time class=\"no-wrap live-feed-date\" datetime=\"2026-08-29T15:11:42+00:00\">2026-08-29T15:11:42.452Z<\/time><\/p>\n<p id=\"elk-f1254772-a3bb-11f1-9e7c-91621928f776\">Poga\u010dar has gone down very heavily, and has shed a lot of blood. He briefly got back up on his feet, but has sat down again, clearly in a lot of pain. His abandonment appears imminent.<\/p>\n<p>The peloton has slowed down, but is already several minutes ahead.<\/p>\n<p><a id=\"elk-seasonal\"><\/a><\/p>\n<aside data-article-category=\"pro-cycling\" data-block-type=\"embed\" data-render-type=\"fte\" data-skip=\"dealsy\" data-widget-type=\"seasonal\" class=\"ecom-root\"><\/aside>\n<\/div>\n<div class=\"live-feed-ad-unit ad-unit\"><\/div>\n<div class=\"wcp-item-content\">\n<time class=\"no-wrap live-feed-date\" datetime=\"2026-08-29T15:12:47+00:00\">2026-08-29T15:12:47.205Z<\/time><br \/>\n<a id=\"elk-dnf-tadej-pogacar\"><\/a><\/p>\n<h3 class=\"article-body__section\" id=\"section-dnf-tadej-pogacar\"><span>DNF &#8211; TADEJ POGACAR<\/span><\/h3>\n<p id=\"elk-17d8f54e-a3bc-11f1-a582-41aafc01b950\">The red jersey has climbed into the medical vehicle, and has left the race. This is a shocking development in the race.<\/p>\n<\/div>\n<div class=\"wcp-item-content\">\n<time class=\"no-wrap live-feed-date\" datetime=\"2026-08-29T15:15:08+00:00\">2026-08-29T15:15:08.502Z<\/time><\/p>\n<div class=\"see-more see-more--clipped\" id=\"elk-2093718116178047247\">\n<figure>\n<blockquote class=\"twitter-tweet hawk-ignore\" data-lang=\"en\" cite=\"https:\/\/twitter.com\/cantworkitout\/status\/2093718116178047247\">\n<p lang=\"en\" dir=\"ltr\">\ud83d\udca5 Crash in the peloton and race leader Tadej Pogacar is on the ground! \ud83d\udea8 Ca\u00edda de Tadej Pogacar \ud83d\ude1e El l\u00edder de la carrera se ha ido al suelo y muestra gestos de mucho dolor #LaVuelta26 pic.twitter.com\/449HaJXgQKAugust 29, 2026<\/p>\n<\/blockquote>\n<\/figure>\n<div class=\"see-more__filter\"><\/div>\n<\/div>\n<\/div>\n<div class=\"live-feed-ad-unit ad-unit\"><\/div>\n<div class=\"wcp-item-content\">\n<time class=\"no-wrap live-feed-date\" datetime=\"2026-08-29T15:17:22+00:00\">2026-08-29T15:17:22.428Z<\/time><\/p>\n<p id=\"elk-bbceb3b4-a3bc-11f1-b888-57877cfe0937\">The peloton looks a little in shock, riding only at a steady pace, with no team taking control despite nearing the start of the climb. UAE riders who waited for Poga\u010dar, some of whom also went down in the same incident, are pacing their way back to the peloton.<\/p>\n<p>This is the tenth Grand Tour of Poga\u010dar&#8217;s, and the first he has ever abandoned. Before today, he&#8217;d never even finished lower than third place.<\/p>\n<p><a id=\"elk-seasonal\"><\/a><\/p>\n<aside data-article-category=\"pro-cycling\" data-block-type=\"embed\" data-render-type=\"fte\" data-skip=\"dealsy\" data-widget-type=\"seasonal\" class=\"ecom-root\"><\/aside>\n<\/div>\n<div class=\"wcp-item-content\">\n<time class=\"no-wrap live-feed-date\" datetime=\"2026-08-29T15:20:11+00:00\">2026-08-29T15:20:11.319Z<\/time><br \/>\n<a id=\"elk-kom-puerto-de-barx\"><\/a><\/p>\n<h3 class=\"article-body__section\" id=\"section-kom-puerto-de-barx\"><span>KOM &#8211; PUERTO DE BARX<\/span><\/h3>\n<p id=\"elk-20808a76-a3bd-11f1-be0a-dd3bcdbda043\">The race goes on, and the peloton have just crested the day&#8217;s sole climb, Van Aert claiming the KOM points on offer at the top.<\/p>\n<p>No team really took it on, and no attacks came, so it seems like this stage will go down to a sprint, with most if not all of the major sprinters still in contention.<\/p>\n<p><a id=\"elk-seasonal\"><\/a><\/p>\n<aside data-article-category=\"pro-cycling\" data-block-type=\"embed\" data-render-type=\"fte\" data-skip=\"dealsy\" data-widget-type=\"seasonal\" class=\"ecom-root\"><\/aside>\n<\/div>\n<div class=\"live-feed-ad-unit ad-unit\"><\/div>\n<div class=\"wcp-item-content\">\n<time class=\"no-wrap live-feed-date\" datetime=\"2026-08-29T15:24:50+00:00\">2026-08-29T15:24:50.926Z<\/time><br \/>\n<a id=\"elk-attack-azparren\"><\/a><\/p>\n<h3 class=\"article-body__section\" id=\"section-attack-azparren\"><span>ATTACK &#8211; AZPARREN<\/span><\/h3>\n<p id=\"elk-c72d24a6-a3bd-11f1-bf6b-5ff706e69b03\">There&#8217;s been an attack from the peloton, as Azparren makes an opportunistic move in the aftermath of the climb. He&#8217;s leading by a few seconds, but the peloton has matters under control.<\/p>\n<\/div>\n<div class=\"wcp-item-content\">\n<time class=\"no-wrap live-feed-date\" datetime=\"2026-08-29T15:30:14+00:00\">2026-08-29T15:30:14.902Z<\/time><br \/>\n<a id=\"elk-20km-to-go\"><\/a><\/p>\n<h3 class=\"article-body__section\" id=\"section-20km-to-go\"><span>20KM TO GO<\/span><\/h3>\n<p id=\"elk-88be3eb6-a3be-11f1-96df-15811fc89201\">Azparren still leads the race, but only by about 15 seconds. Visma-Lease a Bike lead the peloton, and have it all strung out as they set things up for the sprint.<\/p>\n<\/div>\n<div class=\"live-feed-ad-unit ad-unit\"><\/div>\n<div class=\"wcp-item-content\">\n<time class=\"no-wrap live-feed-date\" datetime=\"2026-08-29T15:35:32+00:00\">2026-08-29T15:35:32.910Z<\/time><\/p>\n<p id=\"elk-462f253c-a3bf-11f1-a6c3-91120cdfefa1\">Movistar are also present towards the front of the peloton, near Visma-Lease a Bike. They suddenly find themselves in possession of the virtual red jersey, with Enric Mas set to take it on the podium tonight, all being well.<\/p>\n<figure class=\"van-image-figure inline-layout\" data-bordeaux-image-check id=\"elk-462f25aa-a3bf-11f1-8b56-f7c5fae35dfb\">\n<div class=\"image-full-width-wrapper\">\n<div class=\"image-widthsetter\">\n<p class=\"vanilla-image-block\">\n<p><img decoding=\"async\" src=\"https:\/\/cdn.mos.cms.futurecdn.net\/xKDt5q79s3v79Gx4e5r9dD.jpg\" alt=\"XERACO, SPAIN - AUGUST 29: Wout Van Aert of Belgium and Team Visma | Lease a Bike - Green Points Jersey competes during the La Vuelta - 81st Tour of Spain 2026, Stage 8 a 171km stage from Pucol to Xeraco \/ #UCIWT \/ on August 29, 2026 in Pucol, Spain. (Photo by Tim de Waele\/Getty Images)\" loading=\"lazy\" class=\"rounded-[var(--image--border-radius,0)] inline\">\n<\/p>\n<\/div>\n<\/div><figcaption class=\" inline-layout\"><span class=\"credit\">(Image credit: Getty Images)<\/span><\/figcaption><\/figure>\n<\/div>\n<div class=\"wcp-item-content\">\n<time class=\"no-wrap live-feed-date\" datetime=\"2026-08-29T15:41:01+00:00\">2026-08-29T15:41:01.789Z<\/time><br \/>\n<a id=\"elk-10km-to-go\"><\/a><\/p>\n<h3 class=\"article-body__section\" id=\"section-10km-to-go\"><span>10KM TO GO<\/span><\/h3>\n<p id=\"elk-09e47b62-a3c0-11f1-8126-ab3fd5019602\">10 seconds is Azparren&#8217;s slender lead, as he goes under the 10km to go banner.<\/p>\n<p>There&#8217;s been yet another crash, about five riders going down this time, including Carlos Rodr\u00edguez and Luke Tuckwell. Roland Thalmann also went down, and has a very nasty looking road rash, but is on his bike and making his way back to the peloton.<\/p>\n<p><a id=\"elk-seasonal\"><\/a><\/p>\n<aside data-article-category=\"pro-cycling\" data-block-type=\"embed\" data-render-type=\"fte\" data-skip=\"dealsy\" data-widget-type=\"seasonal\" class=\"ecom-root\"><\/aside>\n<\/div>\n<div class=\"live-feed-ad-unit ad-unit\"><\/div>\n<div class=\"wcp-item-content\">\n<time class=\"no-wrap live-feed-date\" datetime=\"2026-08-29T15:45:22+00:00\">2026-08-29T15:45:22.809Z<\/time><br \/>\n<a id=\"elk-5km-to-go\"><\/a><\/p>\n<h3 class=\"article-body__section\" id=\"section-5km-to-go\"><span>5KM TO GO<\/span><\/h3>\n<p id=\"elk-a595e94c-a3c0-11f1-aa50-8d8877dcd5a8\">The peloton is bearing down on Azparren as they enter the final, technical 5km. The catch is soon to be made, with Visma still leading.<\/p>\n<\/div>\n<div class=\"wcp-item-content\">\n<time class=\"no-wrap live-feed-date\" datetime=\"2026-08-29T15:46:54+00:00\">2026-08-29T15:46:54.763Z<\/time><\/p>\n<p id=\"elk-dc4c223a-a3c0-11f1-8178-d7a3c918e65c\">Red Bull-Bora Hansgrohe have taken control at the front of the peloton, with Alpecin also bringing Groves towards the front, and Brennan still up there for Visma-Lease a Bike.<\/p>\n<\/div>\n<div class=\"live-feed-ad-unit ad-unit\"><\/div>\n<div class=\"wcp-item-content\">\n<time class=\"no-wrap live-feed-date\" datetime=\"2026-08-29T15:48:25+00:00\">2026-08-29T15:48:25.365Z<\/time><br \/>\n<a id=\"elk-1km-to-go\"><\/a><\/p>\n<h3 class=\"article-body__section\" id=\"section-1km-to-go\"><span>1KM TO GO<\/span><\/h3>\n<p id=\"elk-124b1166-a3c1-11f1-bfde-5bd0f10a01cc\">Azparren was caught 500m ago, and now Netcompany lead the peloton as they enter the final kilometre.<\/p>\n<\/div>\n<div class=\"wcp-item-content\">\n<time class=\"no-wrap live-feed-date\" datetime=\"2026-08-29T15:49:12+00:00\">2026-08-29T15:49:12.277Z<\/time><\/p>\n<p id=\"elk-2e31427e-a3c1-11f1-aa30-95f8cd1b7e7e\">Van Aert is leading out the sprint, but it&#8217;s for Laporte rather than Brennan, who is further down.<\/p>\n<\/div>\n<div class=\"live-feed-ad-unit ad-unit\"><\/div>\n<div class=\"wcp-item-content\">\n<time class=\"no-wrap live-feed-date\" datetime=\"2026-08-29T15:50:59+00:00\">2026-08-29T15:50:59.512Z<\/time><br \/>\n<a id=\"elk-bryan-coquard-wins\"><\/a><\/p>\n<h3 class=\"article-body__section\" id=\"section-bryan-coquard-wins\"><span>BRYAN COQUARD WINS<\/span><\/h3>\n<p id=\"elk-6e4b8798-a3c1-11f1-87df-6f435043e738\">Coquard takes it, the Grand Tour stage he has spent his whole career chasing!<\/p>\n<\/div>\n<div class=\"wcp-item-content\">\n<time class=\"no-wrap live-feed-date\" datetime=\"2026-08-29T15:53:12+00:00\">2026-08-29T15:53:12.934Z<\/time><\/p>\n<p id=\"elk-bdacf4f2-a3c1-11f1-b8e2-d7b5384bf0c8\">It was a dramatic finale, with yet another crash in the final few hundred metres taking out several riders.<\/p>\n<p>It looked as though Mads Pedersen was going to take the win, but Coquard came from behind and pipped him with a bike-throw. Meeus was third, Turner fourth, and, despite all their work, Brennan was Visma&#8217;s best-placed rider in tenth.<\/p>\n<p><a id=\"elk-seasonal\"><\/a><\/p>\n<aside data-article-category=\"pro-cycling\" data-block-type=\"embed\" data-render-type=\"fte\" data-skip=\"dealsy\" data-widget-type=\"seasonal\" class=\"ecom-root\"><\/aside>\n<\/div>\n<div class=\"live-feed-ad-unit ad-unit\"><\/div>\n<div class=\"wcp-item-content\">\n<time class=\"no-wrap live-feed-date\" datetime=\"2026-08-29T15:58:19+00:00\">2026-08-29T15:58:19.934Z<\/time><\/p>\n<p id=\"elk-74c1bc2c-a3c2-11f1-86ba-7318bdf4b5a9\">It was a very close sprint, with Coquard taking it thanks to an impressive bike-lunge. The Frenchman really wanted that one.<\/p>\n<figure class=\"van-image-figure inline-layout\" data-bordeaux-image-check id=\"elk-74c1bca4-a3c2-11f1-82b5-33456fffd6aa\">\n<div class=\"image-full-width-wrapper\">\n<div class=\"image-widthsetter\">\n<p class=\"vanilla-image-block\">\n<p><img decoding=\"async\" src=\"https:\/\/cdn.mos.cms.futurecdn.net\/oUU4nmXSFM9oQu8rooJrTJ.jpg\" alt=\"Team Cofidis&amp;#039; French rider Bryan Coquard (R) crosses the finish line to win the eighth stage of the Vuelta a Espana 2026, a 171 km race between Pucol and Xeraco on August 29, 2026. (Photo by Josep LAGO \/ AFP)\" loading=\"lazy\" class=\"rounded-[var(--image--border-radius,0)] inline\">\n<\/p>\n<\/div>\n<\/div><figcaption class=\" inline-layout\"><span class=\"credit\">(Image credit: Getty Images)<\/span><\/figcaption><\/figure>\n<\/div>\n<div class=\"wcp-item-content\">\n<time class=\"no-wrap live-feed-date\" datetime=\"2026-08-29T16:03:37+00:00\">2026-08-29T16:03:37.183Z<\/time><\/p>\n<p id=\"elk-32022056-a3c3-11f1-969a-59486fea3f11\">The story of the day is of course the crash that has seen race leader, and the seemingly invincible, Tadej Poga\u010dar leave the race. Here\u2019s our full report of the incident that has rocked the Vuelta.<\/p>\n<p>Tadej Poga\u010dar abandons the Vuelta a Espa\u00f1a after crash on stage 8<\/p>\n<p><a id=\"elk-seasonal\"><\/a><\/p>\n<aside data-article-category=\"pro-cycling\" data-block-type=\"embed\" data-render-type=\"fte\" data-skip=\"dealsy\" data-widget-type=\"seasonal\" class=\"ecom-root\"><\/aside>\n<\/div>\n<div class=\"live-feed-ad-unit ad-unit\"><\/div>\n<div class=\"wcp-item-content\">\n<time class=\"no-wrap live-feed-date\" datetime=\"2026-08-29T16:09:39+00:00\">2026-08-29T16:09:39.707Z<\/time><\/p>\n<p id=\"elk-0a461328-a3c4-11f1-8f57-6f3034496275\">On a brighter note, what a day for Bryan Coquard. This is the thirteenth Grand Tour he has ridden in his career; and, despite having 55 career wins to his name, he\u2019d never before won one at this level. His record of fishing second three times at the Tour de France, and third another two times, has made him notorious as a perennial bridesmaid, so this victory will bring great joy to cycling fans around the world.<\/p>\n<figure class=\"van-image-figure inline-layout\" data-bordeaux-image-check id=\"elk-0a46138c-a3c4-11f1-b69e-0bfcb20d047d\">\n<div class=\"image-full-width-wrapper\">\n<div class=\"image-widthsetter\">\n<p class=\"vanilla-image-block\">\n<p><img decoding=\"async\" src=\"https:\/\/cdn.mos.cms.futurecdn.net\/NwgiTepc2u5qAsdod8vGM.jpg\" alt=\"Team Cofidis&amp;#039; French rider Bryan Coquard celebrates on the podium after winning the eighth stage of the Vuelta a Espana 2026, a 171 km race between Pucol and Xeraco on August 29, 2026. (Photo by Josep LAGO \/ AFP)\" loading=\"lazy\" class=\"rounded-[var(--image--border-radius,0)] inline\">\n<\/p>\n<\/div>\n<\/div><figcaption class=\" inline-layout\"><span class=\"credit\">(Image credit: Getty Images)<\/span><\/figcaption><\/figure>\n<\/div>\n<div class=\"wcp-item-content\">\n<time class=\"no-wrap live-feed-date\" datetime=\"2026-08-29T16:17:38+00:00\">2026-08-29T16:17:38.066Z<\/time><\/p>\n<p id=\"elk-272a5048-a3c5-11f1-a833-2508cb1ebf4f\">Right from the neutralised section, when a crash delayed the start, it was a grim day at the Vuelta, with multiple crashes throughout the stage. Roland Thalmann was one of the worst affected, suffering bad road rashes and a torn jersey when he went down towards the end. A lot of riders have been in the wars.<\/p>\n<figure class=\"van-image-figure inline-layout\" data-bordeaux-image-check id=\"elk-272a50ac-a3c5-11f1-a939-77602835c4aa\">\n<div class=\"image-full-width-wrapper\">\n<div class=\"image-widthsetter\">\n<p class=\"vanilla-image-block\">\n<p><img decoding=\"async\" src=\"https:\/\/cdn.mos.cms.futurecdn.net\/cW6qAak9DBFUE8hwuQYZxj.jpg\" alt=\"XERACO, SPAIN - AUGUST 29: (EDITOR&amp;amp;rsquo;S NOTE: Image contains graphic content.) Roland Thalmann of Switzerland and Team Tudor Pro Cycling after being involved in a crash during the La Vuelta - 81st Tour of Spain 2026, Stage 8 a 171km stage from Pucol to Xeraco \/ #UCIWT \/ on August 29, 2026 in Pucol, Spain. (Photo by Tim de Waele\/Getty Images)\" loading=\"lazy\" class=\"rounded-[var(--image--border-radius,0)] inline\">\n<\/p>\n<\/div>\n<\/div><figcaption class=\" inline-layout\"><span class=\"credit\">(Image credit: Getty Images)<\/span><\/figcaption><\/figure>\n<\/div>\n<div class=\"live-feed-ad-unit ad-unit\"><\/div>\n<div class=\"wcp-item-content\">\n<time class=\"no-wrap live-feed-date\" datetime=\"2026-08-29T16:20:58+00:00\">2026-08-29T16:20:58.171Z<\/time><\/p>\n<p id=\"elk-9eb99060-a3c5-11f1-bc89-cdb21ffba121\">Poga\u010dar&#8217;s crash has blown this race wide open, with multiple riders now within shooting distance of the red jersey.<\/p>\n<p>For now, Enric Mas leads it. Here he is on the podium, sportingly choosing not to adorn the jersey in honour of the stricken Slovenian.<\/p>\n<figure class=\"van-image-figure inline-layout\" data-bordeaux-image-check id=\"elk-9eb990ba-a3c5-11f1-8098-2d506f3374a3\">\n<div class=\"image-full-width-wrapper\">\n<div class=\"image-widthsetter\">\n<p class=\"vanilla-image-block\">\n<p><img decoding=\"async\" src=\"https:\/\/cdn.mos.cms.futurecdn.net\/Gw4GNSWBr665pzk5nkAhiM.jpg\" alt=\"XERACO, SPAIN - AUGUST 29: Enric Mas of Spain and Movistar Team celebrates at podium as Red Leader Jersey winner without putting on a jersey as a sign of respect for the injured former leader Tadej Pogacar of Slovenia and UAE Team Emirates XRG, during the La Vuelta - 81st Tour of Spain 2026, Stage 8 a 171km stage from Pucol to Xeraco \/ #UCIWT \/ on August 29, 2026 in Xeraco, Spain. (Photo by Alexander Hassenstein\/Getty Images)\" loading=\"lazy\" class=\"rounded-[var(--image--border-radius,0)] inline\">\n<\/p>\n<\/div>\n<\/div><figcaption class=\" inline-layout\"><span class=\"credit\">(Image credit: Getty Images)<\/span><\/figcaption><\/figure>\n<p><a id=\"elk-seasonal\"><\/a><\/p>\n<aside data-article-category=\"pro-cycling\" data-block-type=\"embed\" data-render-type=\"fte\" data-skip=\"dealsy\" data-widget-type=\"seasonal\" class=\"ecom-root\"><\/aside>\n<\/div>\n<div class=\"wcp-item-content\">\n<time class=\"no-wrap live-feed-date\" datetime=\"2026-08-29T16:31:13+00:00\">2026-08-29T16:31:13.206Z<\/time><\/p>\n<p id=\"elk-0ce89c24-a3c7-11f1-847a-3d0e44a7fed2\">Thanks for joining us today, on a stage that has turned this Vuelta on its head. This one had the whole range of emotions, from the devastation of Poga\u010dar&#8217;s crash, to the ecstasy of Coquard&#8217;s first Grand Tour win. What had looked like a very straightforward race now looks extremely unpredictable, with multiple riders now in contention for the red jersey.<\/p>\n<p>All bets are off, so be sure to join us again tomorrow &#8211; which is a monster stage in the mountains, and where the new-look GC race is to start taking shape.<\/p>\n<figure class=\"van-image-figure inline-layout\" data-bordeaux-image-check id=\"elk-0ce89c9c-a3c7-11f1-a2ef-71cb2b69b01c\">\n<div class=\"image-full-width-wrapper\">\n<div class=\"image-widthsetter\">\n<p class=\"vanilla-image-block\">\n<p><img decoding=\"async\" src=\"https:\/\/cdn.mos.cms.futurecdn.net\/AKdrRdRX6r8C9mxYdLyWRe.jpg\" alt=\"Team Cofidis&amp;#039; French rider Bryan Coquard celebrates on the podium after winning the eighth stage of the Vuelta a Espana 2026, a 171 km race between Pucol and Xeraco on August 29, 2026. (Photo by Josep LAGO \/ AFP)\" loading=\"lazy\" class=\"rounded-[var(--image--border-radius,0)] inline\">\n<\/p>\n<\/div>\n<\/div><figcaption class=\" inline-layout\"><span class=\"credit\">(Image credit: Getty Images)<\/span><\/figcaption><\/figure>\n<p><a id=\"elk-seasonal\"><\/a><\/p>\n<aside data-article-category=\"pro-cycling\" data-block-type=\"embed\" data-render-type=\"fte\" data-skip=\"dealsy\" data-widget-type=\"seasonal\" class=\"ecom-root\"><\/aside>\n<\/div>\n<div class=\"live-feed-ad-unit ad-unit\"><\/div>\n<div id=\"viafoura-comments\" aria-hidden=\"true\"><\/div>\n<div class=\"relative max-w-[1070px] viafoura-twig-component mt-6\" data-component-name=\"Viafoura:Comments\" data-nosnippet data-community-guidelines-text=\"&lt;p class=&apos;vfcustom-community-guidelines&apos;&gt;Please follow our &lt;a href=&quot;https:\/\/www.cyclingnews.com\/about\/#section-community-guidelines&quot; target=&quot;_blank&quot;&gt;community guidelines&lt;\/a&gt;.&lt;\/p&gt;\" data-join-the-conversation-text=\"Join the Conversation\">\n<div class=\"relative h-(--truncate-height) sm:h-(--truncate-desktop-height) overflow-hidden transition-[height] duration-150\" data-test-id=\"container\" data-component-name=\"Util:Truncate\" id=\"viafoura-comments-container\">\n<div class=\"relative z-10 viafoura rounded-[var(--comment-widget-border-radius,0)]\" id=\"viafoura-comment-wrapper\" data-test-id=\"content\">\n<div class=\"viafoura\">\n<div>\n<\/div>\n<\/div>\n<\/div>\n<div class=\"absolute bg-gradient-to-t from-[var(--truncate-gradient-color,white)] from-50% h-28 z-20 w-full bottom-0 flex items-end justify-center px-0 rounded-none\">\n<\/div>\n<\/div>\n<div class=\"absolute top-0 left-0 w-full h-full flex items-center justify-center z-50 bg-white\/90 border-1 rounded-b-[var(--comment-widget-border-radius,0)]\">\n<div class=\"p-2 text-center\">\n<p class=\"mb-3 text-lg!\">You must confirm your public display name before commenting<\/p>\n<p class=\"mb-3 text-sm!\">Please logout and then login again, you will then be prompted to enter your display name.<\/p>\n<\/div>\n<\/div>\n<\/div>\n<div class=\"related-articles-block\">\n<\/div>\n<\/div>\n<p>[analyse_source url=&#8221;https:\/\/www.cyclingnews.com\/pro-cycling\/live\/vuelta-a-espana-stage-8-live-can-the-sprinters-survive-a-late-climb\/&#8221;]<\/p>\n","protected":false},"excerpt":{"rendered":"<p>[analyse_image type=&#8221;featured&#8221; src=&#8221;https:\/\/cdn.mos.cms.futurecdn.net\/oUU4nmXSFM9oQu8rooJrTJ-1024-80.jpg&#8221;] 1 As it happened: Vuelta a Espa\u00f1a stage 3 comes to a premature end 2 As it happened: Domination on stage 4 of the Vuelta a Espa\u00f1a with a long-range solo move in Andorra 3 As it happened: British sensation steals the show in first road stage at La Vuelta a Espa\u00f1a [&hellip;]<\/p>\n","protected":false},"author":1,"featured_media":0,"comment_status":"open","ping_status":"","sticky":false,"template":"","format":"standard","meta":{"footnotes":""},"categories":[2],"tags":[226,68],"class_list":["post-2118609","post","type-post","status-publish","format-standard","hentry","category-politics","tag-crawlmanager","tag-cyclingnews-com"],"_links":{"self":[{"href":"https:\/\/analyse.optim.biz\/index.php?rest_route=\/wp\/v2\/posts\/2118609","targetHints":{"allow":["GET"]}}],"collection":[{"href":"https:\/\/analyse.optim.biz\/index.php?rest_route=\/wp\/v2\/posts"}],"about":[{"href":"https:\/\/analyse.optim.biz\/index.php?rest_route=\/wp\/v2\/types\/post"}],"author":[{"embeddable":true,"href":"https:\/\/analyse.optim.biz\/index.php?rest_route=\/wp\/v2\/users\/1"}],"replies":[{"embeddable":true,"href":"https:\/\/analyse.optim.biz\/index.php?rest_route=%2Fwp%2Fv2%2Fcomments&post=2118609"}],"version-history":[{"count":0,"href":"https:\/\/analyse.optim.biz\/index.php?rest_route=\/wp\/v2\/posts\/2118609\/revisions"}],"wp:attachment":[{"href":"https:\/\/analyse.optim.biz\/index.php?rest_route=%2Fwp%2Fv2%2Fmedia&parent=2118609"}],"wp:term":[{"taxonomy":"category","embeddable":true,"href":"https:\/\/analyse.optim.biz\/index.php?rest_route=%2Fwp%2Fv2%2Fcategories&post=2118609"},{"taxonomy":"post_tag","embeddable":true,"href":"https:\/\/analyse.optim.biz\/index.php?rest_route=%2Fwp%2Fv2%2Ftags&post=2118609"}],"curies":[{"name":"wp","href":"https:\/\/api.w.org\/{rel}","templated":true}]}}