{"id":211855,"date":"2014-02-19T20:47:12","date_gmt":"2014-02-19T17:47:12","guid":{"rendered":"https:\/\/analyse.optim.biz\/?p=211855"},"modified":"2014-02-19T20:47:12","modified_gmt":"2014-02-19T17:47:12","slug":"crin-antonescu-klaus-iohannis-este-cheia-blocajului-in-usl","status":"publish","type":"post","link":"https:\/\/analyse.optim.biz\/?p=211855","title":{"rendered":"Crin Antonescu: Klaus Iohannis este cheia blocajului \u00een USL"},"content":{"rendered":"<div class=\"entry data-app-meta data-app-meta-article\" data-embed-base-url-canonical=\"https:\/\/www.digi24.ro\/embed\/stiri\/actualitate\/politica\/crin-antonescu-klaus-iohannis-este-cheia-blocajului-in-usl-203117\">\n<p data-index=\"1\">\u201e<span>Acuza\u021bia \u00eei vine ca o m\u0103nu\u0219\u0103, pentru scopurile sale politice. Eu nu cred c\u0103 e vorba de lips\u0103 de responsabilitate\u201d, a spus Crin Antonescu la Digi 24.<\/span><\/p>\n<p data-index=\"2\">El a ar\u0103tat c\u0103, \u00een ceea ce prive\u0219te apelul pre\u0219edintelui ca primarul Sibiului, Klaus Iohannis, s\u0103 fie numit \u00een func\u021bia de vicepremier, \u201enu este vorba despre o m\u00e2n\u0103 dat\u0103 cuiva\u201d.<\/p>\n<p data-index=\"3\">\u201e<span>Traian B\u0103sescu vede c\u0103 c\u0103 Klaus Iohannis este cheia blocajului pe care primul ministru \u0219i PSD \u00eel fac, tranform\u00e2nd o situa\u021bie simpl\u0103, de rutin\u0103, \u00eenlocuirea a patru mini\u0219tri, care se putea face de acum dou\u0103 s\u0103pt\u0103m\u00e2ni, acum o s\u0103pt\u0103m\u00e2n\u0103 sau de azi, cu convocarea parlamentului, \u0219i car sper s \u0103se fac\u0103 luni, cand parlamentul revine la munc\u0103\u201d, a spus el.<\/span><\/p>\n<p data-index=\"4\">, a spus Crin Antonescu.<\/p>\n<p data-index=\"5\">El a ad\u0103ugat c\u0103 PNL nu a cerut nimic \u00een plus, doar a \u00eenlocuit ni\u0219te min\u0219tri \u0219i c\u0103 \u201enu e problem\u0103, din spusele prim ministrului, cu niciunul din ei\u201d.<\/p>\n<\/div>\n<p> Source URL: https:\/\/www.digi24.ro\/stiri\/actualitate\/politica\/crin-antonescu-klaus-iohannis-este-cheia-blocajului-in-usl-203117<\/p>\n","protected":false},"excerpt":{"rendered":"<p>\u201eAcuza\u021bia \u00eei vine ca o m\u0103nu\u0219\u0103, pentru scopurile sale politice. Eu nu cred c\u0103 e vorba de lips\u0103 de responsabilitate\u201d, a spus Crin Antonescu la Digi 24. El a ar\u0103tat c\u0103, \u00een ceea ce prive\u0219te apelul pre\u0219edintelui ca primarul Sibiului, Klaus Iohannis, s\u0103 fie numit \u00een func\u021bia de vicepremier, \u201enu este vorba despre o m\u00e2n\u0103 [&hellip;]<\/p>\n","protected":false},"author":1,"featured_media":211856,"comment_status":"open","ping_status":"","sticky":false,"template":"","format":"standard","meta":{"footnotes":""},"categories":[2],"tags":[11],"class_list":["post-211855","post","type-post","status-publish","format-standard","has-post-thumbnail","hentry","category-politics","tag-digi24"],"_links":{"self":[{"href":"https:\/\/analyse.optim.biz\/index.php?rest_route=\/wp\/v2\/posts\/211855","targetHints":{"allow":["GET"]}}],"collection":[{"href":"https:\/\/analyse.optim.biz\/index.php?rest_route=\/wp\/v2\/posts"}],"about":[{"href":"https:\/\/analyse.optim.biz\/index.php?rest_route=\/wp\/v2\/types\/post"}],"author":[{"embeddable":true,"href":"https:\/\/analyse.optim.biz\/index.php?rest_route=\/wp\/v2\/users\/1"}],"replies":[{"embeddable":true,"href":"https:\/\/analyse.optim.biz\/index.php?rest_route=%2Fwp%2Fv2%2Fcomments&post=211855"}],"version-history":[{"count":0,"href":"https:\/\/analyse.optim.biz\/index.php?rest_route=\/wp\/v2\/posts\/211855\/revisions"}],"wp:featuredmedia":[{"embeddable":true,"href":"https:\/\/analyse.optim.biz\/index.php?rest_route=\/wp\/v2\/media\/211856"}],"wp:attachment":[{"href":"https:\/\/analyse.optim.biz\/index.php?rest_route=%2Fwp%2Fv2%2Fmedia&parent=211855"}],"wp:term":[{"taxonomy":"category","embeddable":true,"href":"https:\/\/analyse.optim.biz\/index.php?rest_route=%2Fwp%2Fv2%2Fcategories&post=211855"},{"taxonomy":"post_tag","embeddable":true,"href":"https:\/\/analyse.optim.biz\/index.php?rest_route=%2Fwp%2Fv2%2Ftags&post=211855"}],"curies":[{"name":"wp","href":"https:\/\/api.w.org\/{rel}","templated":true}]}}