{"id":2118514,"date":"2026-08-28T16:48:40","date_gmt":"2026-08-28T13:48:40","guid":{"rendered":"https:\/\/analyse.optim.biz\/?p=2118514"},"modified":"2026-08-28T16:48:40","modified_gmt":"2026-08-28T13:48:40","slug":"sa-fii-sanatos-mesajul-lui-alin-popoviciu-pnl-pentru-dominic-fritz-care-isi-pierde-mandatul-in-30-de-zile","status":"publish","type":"post","link":"https:\/\/analyse.optim.biz\/?p=2118514","title":{"rendered":"\u201eS\u0103 fii s\u0103n\u0103tos!\u201d Mesajul lui Alin Popoviciu (PNL) pentru Dominic Fritz, care \u00ee\u0219i pierde mandatul \u00een 30 de zile"},"content":{"rendered":"<p>[analyse_image type=&#8221;featured&#8221; src=&#8221;https:\/\/cdn.expressdebanat.ro\/wp-content\/uploads\/2026\/08\/alin-popoviciu-pnl.jpg&#8221;]<\/p>\n<div id=\"post-area\" class=\"post-981961 post type-post status-publish format-standard has-post-thumbnail hentry category-politica category-timis category-timisoara tag-alin-popoviciu tag-dominic-fritz tag-legea-ani tag-pnl-timis tag-primaria-timisoara\">\n<div id=\"social-box\">\n<ul class=\"post-social\">\n<li class=\"social-share-button\">\n<li class=\"social-share-button\">\n<li class=\"social-share-button\"><\/ul>\n<\/div>\n<div id=\"content-area\">\n<div class=\"post-image\"><img loading=\"lazy\" decoding=\"async\" width=\"620\" height=\"400\" src=\"https:\/\/cdn.expressdebanat.ro\/wp-content\/uploads\/2026\/08\/alin-popoviciu-pnl-620x400.jpg\" class=\"attachment-post-thumb size-post-thumb wp-post-image perfmatters-lazy\" alt=\"alin popoviciu pnl\"><img loading=\"lazy\" decoding=\"async\" width=\"620\" height=\"400\" src=\"https:\/\/cdn.expressdebanat.ro\/wp-content\/uploads\/2026\/08\/alin-popoviciu-pnl-620x400.jpg\" class=\"attachment-post-thumb size-post-thumb wp-post-image\" alt=\"alin popoviciu pnl\"><\/div>\n<p class=\"isSelectedEnd\"><strong>Secretarul general al PNL Timi\u0219 \u0219i vicepre\u0219edintele CJ Timi\u0219, Alin Popoviciu, reac\u021bioneaz\u0103 dup\u0103 promulgarea Legii ANI, care duce la \u00eencetarea mandatului lui Dominic Fritz \u00een 30 de zile. \u201eS\u0103 fii s\u0103n\u0103tos!\u201d, i-a transmis Popoviciu primarului Timi\u0219oarei.<\/strong><\/p>\n<p class=\"isSelectedEnd\"><em>\u201eE oficial! Dominic Fritz mai are 30 de zile la Prim\u0103ria Timi\u0219oara. \u00cens\u0103 ast\u0103zi el este \u00eenc\u0103 primar \u0219i a\u0219a va r\u0103m\u00e2ne p\u00e2n\u0103 la finalul celor 30 de zile, dac\u0103, desigur, nu va decide s\u0103 \u00ee\u0219i dea demisia \u00eentre timp.\u201d<\/em>, a declarat Alin Popoviciu, secretarul general al PNL Timi\u0219.<\/p>\n<h4><a href=\"https:\/\/expressdebanat.ro\/nicusor-dan-a-promulgat-legea-integritatii-cu-tot-cu-amendamentul-fritz\/\">CITE\u0218TE \u0218I: Nicu\u0219or Dan a promulgat noua Lege ANI, cu tot cu amendamentul Fritz<\/a><\/h4>\n<p class=\"isSelectedEnd\">Liberalul vorbe\u0219te \u0219i despre ceea ce ar trebui s\u0103 urmeze la Prim\u0103ria Timi\u0219oara \u0219i respinge ideea c\u0103 viitorul primar ar trebui stabilit prin <em>\u201e\u00een\u021belegeri politice\u201d<\/em>. Popoviciu sus\u021bine c\u0103 PNL nu a discutat despre sus\u021binerea unui candidat comun cu USR \u0219i spune c\u0103, \u00een cazul unor alegeri, partidele trebuie s\u0103 caute <em>\u201eomul potrivit pentru Timi\u0219oara\u201d<\/em>.<\/p>\n<p class=\"isSelectedEnd\"><em>\u201eAm fost \u00eentrebat dac\u0103 PNL va sus\u021bine un candidat comun pentru Prim\u0103ria Timi\u0219oara, dar din partea USR. R\u0103spunsul meu este foarte clar \u0219i tran\u0219ant! Nu au existat astfel de discu\u021bii.<\/em><\/p>\n<p><em>Datoria noastr\u0103, a tuturor politicienilor, este s\u0103 g\u0103sim omul potrivit pentru Timi\u0219oara. Un primar care s\u0103 \u00een\u021beleag\u0103 c\u0103 prim\u0103ria nu este proprietatea lui. C\u0103 Timi\u0219oara nu este o mo\u0219ie. C\u0103 func\u021bia de primar nu \u00eei d\u0103 dreptul s\u0103 se cread\u0103 st\u0103p\u00e2n peste ora\u0219 (\u2026) s\u0103 lucreze pentru timi\u0219oreni, nu pentru propriul proiect politic. (\u2026)<\/em><\/p>\n<p><em>Noi, politicienii, nu avem voie s\u0103 alegem \u00een locul Timi\u0219oarei. Pentru c\u0103, la final, nu partidele vor conduce Timi\u0219oara. Timi\u0219orenii vor decide cine o conduce.<\/em><em>\u201d<\/em>, a afirmat liberalul.<\/p>\n<p class=\"PDq2pG_selectionAnchorContainer\" data-start=\"379\" data-end=\"502\">La finalul mesajului s\u0103u, Popoviciu a avut un mesaj pentru <em>\u201e\u00eenc\u0103 primarul Timi\u0219oarei, Dominic Fritz\u201d<\/em>: <em>\u201eS\u0103 fii s\u0103n\u0103tos!\u201d<\/em><\/p>\n<h4><a href=\"https:\/\/expressdebanat.ro\/dominic-fritz-52-000-de-voturi-ale-timisorenilor-anulate-scuipate-masinarie-mafiota-psd-pentru-a-scapa-de-primarul-timisoarei\/\">CITE\u0218TE \u0218I: Dominic Fritz: 52.000 de voturi ale timi\u0219orenilor anulate, scuipate! Ma\u0219in\u0103rie mafiot\u0103 PSD pentru a sc\u0103pa de primarul Timi\u0219oarei!<\/a><\/h4>\n<\/div>\n<div id=\"social-box\">\n<ul class=\"post-social\">\n<li class=\"fb-line\">\n<li><a href=\"http:\/\/twitter.com\/share\" class=\"twitter-share-button\" data-lang=\"en\" data-count=\"horizontal\">Tweet<\/a><\/li>\n<li>\n<li><a href=\"http:\/\/pinterest.com\/pin\/create\/button\/?url=https%3A%2F%2Fexpressdebanat.ro%2Fsa-fii-sanatos-mesajul-lui-alin-popoviciu-pnl-pentru-dominic-fritz-care-isi-pierde-mandatul-in-30-de-zile%2F&amp;media=https:\/\/cdn.expressdebanat.ro\/wp-content\/uploads\/2026\/08\/alin-popoviciu-pnl.jpg&amp;description=%E2%80%9ES%C4%83%20fii%20s%C4%83n%C4%83tos!%E2%80%9D%20Mesajul%20lui%20Alin%20Popoviciu%20(PNL)%20pentru%20Dominic%20Fritz,%20care%20%C3%AE%C8%99i%20pierde%20mandatul%20%C3%AEn%2030%20de%20zile\" class=\"pin-it-button\">Pin It<\/a><\/li>\n<\/ul>\n<\/div>\n<\/div>\n<div id=\"content-area\">\n<div class=\"post-image\"><img loading=\"lazy\" decoding=\"async\" width=\"620\" height=\"400\" src=\"https:\/\/cdn.expressdebanat.ro\/wp-content\/uploads\/2026\/08\/alin-popoviciu-pnl-620x400.jpg\" class=\"attachment-post-thumb size-post-thumb wp-post-image perfmatters-lazy\" alt=\"alin popoviciu pnl\"><img loading=\"lazy\" decoding=\"async\" width=\"620\" height=\"400\" src=\"https:\/\/cdn.expressdebanat.ro\/wp-content\/uploads\/2026\/08\/alin-popoviciu-pnl-620x400.jpg\" class=\"attachment-post-thumb size-post-thumb wp-post-image\" alt=\"alin popoviciu pnl\"><\/div>\n<p class=\"isSelectedEnd\"><strong>Secretarul general al PNL Timi\u0219 \u0219i vicepre\u0219edintele CJ Timi\u0219, Alin Popoviciu, reac\u021bioneaz\u0103 dup\u0103 promulgarea Legii ANI, care duce la \u00eencetarea mandatului lui Dominic Fritz \u00een 30 de zile. \u201eS\u0103 fii s\u0103n\u0103tos!\u201d, i-a transmis Popoviciu primarului Timi\u0219oarei.<\/strong><\/p>\n<p class=\"isSelectedEnd\"><em>\u201eE oficial! Dominic Fritz mai are 30 de zile la Prim\u0103ria Timi\u0219oara. \u00cens\u0103 ast\u0103zi el este \u00eenc\u0103 primar \u0219i a\u0219a va r\u0103m\u00e2ne p\u00e2n\u0103 la finalul celor 30 de zile, dac\u0103, desigur, nu va decide s\u0103 \u00ee\u0219i dea demisia \u00eentre timp.\u201d<\/em>, a declarat Alin Popoviciu, secretarul general al PNL Timi\u0219.<\/p>\n<h4><a href=\"https:\/\/expressdebanat.ro\/nicusor-dan-a-promulgat-legea-integritatii-cu-tot-cu-amendamentul-fritz\/\">CITE\u0218TE \u0218I: Nicu\u0219or Dan a promulgat noua Lege ANI, cu tot cu amendamentul Fritz<\/a><\/h4>\n<p class=\"isSelectedEnd\">Liberalul vorbe\u0219te \u0219i despre ceea ce ar trebui s\u0103 urmeze la Prim\u0103ria Timi\u0219oara \u0219i respinge ideea c\u0103 viitorul primar ar trebui stabilit prin <em>\u201e\u00een\u021belegeri politice\u201d<\/em>. Popoviciu sus\u021bine c\u0103 PNL nu a discutat despre sus\u021binerea unui candidat comun cu USR \u0219i spune c\u0103, \u00een cazul unor alegeri, partidele trebuie s\u0103 caute <em>\u201eomul potrivit pentru Timi\u0219oara\u201d<\/em>.<\/p>\n<p class=\"isSelectedEnd\"><em>\u201eAm fost \u00eentrebat dac\u0103 PNL va sus\u021bine un candidat comun pentru Prim\u0103ria Timi\u0219oara, dar din partea USR. R\u0103spunsul meu este foarte clar \u0219i tran\u0219ant! Nu au existat astfel de discu\u021bii.<\/em><\/p>\n<p><em>Datoria noastr\u0103, a tuturor politicienilor, este s\u0103 g\u0103sim omul potrivit pentru Timi\u0219oara. Un primar care s\u0103 \u00een\u021beleag\u0103 c\u0103 prim\u0103ria nu este proprietatea lui. C\u0103 Timi\u0219oara nu este o mo\u0219ie. C\u0103 func\u021bia de primar nu \u00eei d\u0103 dreptul s\u0103 se cread\u0103 st\u0103p\u00e2n peste ora\u0219 (\u2026) s\u0103 lucreze pentru timi\u0219oreni, nu pentru propriul proiect politic. (\u2026)<\/em><\/p>\n<p><em>Noi, politicienii, nu avem voie s\u0103 alegem \u00een locul Timi\u0219oarei. Pentru c\u0103, la final, nu partidele vor conduce Timi\u0219oara. Timi\u0219orenii vor decide cine o conduce.<\/em><em>\u201d<\/em>, a afirmat liberalul.<\/p>\n<p class=\"PDq2pG_selectionAnchorContainer\" data-start=\"379\" data-end=\"502\">La finalul mesajului s\u0103u, Popoviciu a avut un mesaj pentru <em>\u201e\u00eenc\u0103 primarul Timi\u0219oarei, Dominic Fritz\u201d<\/em>: <em>\u201eS\u0103 fii s\u0103n\u0103tos!\u201d<\/em><\/p>\n<h4><a href=\"https:\/\/expressdebanat.ro\/dominic-fritz-52-000-de-voturi-ale-timisorenilor-anulate-scuipate-masinarie-mafiota-psd-pentru-a-scapa-de-primarul-timisoarei\/\">CITE\u0218TE \u0218I: Dominic Fritz: 52.000 de voturi ale timi\u0219orenilor anulate, scuipate! Ma\u0219in\u0103rie mafiot\u0103 PSD pentru a sc\u0103pa de primarul Timi\u0219oarei!<\/a><\/h4>\n<\/div>\n<p>[analyse_source url=&#8221;https:\/\/expressdebanat.ro\/sa-fii-sanatos-mesajul-lui-alin-popoviciu-pnl-pentru-dominic-fritz-care-isi-pierde-mandatul-in-30-de-zile\/&#8221;]<\/p>\n","protected":false},"excerpt":{"rendered":"<p>[analyse_image type=&#8221;featured&#8221; src=&#8221;https:\/\/cdn.expressdebanat.ro\/wp-content\/uploads\/2026\/08\/alin-popoviciu-pnl.jpg&#8221;] Secretarul general al PNL Timi\u0219 \u0219i vicepre\u0219edintele CJ Timi\u0219, Alin Popoviciu, reac\u021bioneaz\u0103 dup\u0103 promulgarea Legii ANI, care duce la \u00eencetarea mandatului lui Dominic Fritz \u00een 30 de zile. \u201eS\u0103 fii s\u0103n\u0103tos!\u201d, i-a transmis Popoviciu primarului Timi\u0219oarei. \u201eE oficial! Dominic Fritz mai are 30 de zile la Prim\u0103ria Timi\u0219oara. \u00cens\u0103 ast\u0103zi el este [&hellip;]<\/p>\n","protected":false},"author":1,"featured_media":0,"comment_status":"open","ping_status":"","sticky":false,"template":"","format":"standard","meta":{"footnotes":""},"categories":[89],"tags":[226,196],"class_list":["post-2118514","post","type-post","status-publish","format-standard","hentry","category-romania","tag-crawlmanager","tag-expressdebanat-ro"],"_links":{"self":[{"href":"https:\/\/analyse.optim.biz\/index.php?rest_route=\/wp\/v2\/posts\/2118514","targetHints":{"allow":["GET"]}}],"collection":[{"href":"https:\/\/analyse.optim.biz\/index.php?rest_route=\/wp\/v2\/posts"}],"about":[{"href":"https:\/\/analyse.optim.biz\/index.php?rest_route=\/wp\/v2\/types\/post"}],"author":[{"embeddable":true,"href":"https:\/\/analyse.optim.biz\/index.php?rest_route=\/wp\/v2\/users\/1"}],"replies":[{"embeddable":true,"href":"https:\/\/analyse.optim.biz\/index.php?rest_route=%2Fwp%2Fv2%2Fcomments&post=2118514"}],"version-history":[{"count":0,"href":"https:\/\/analyse.optim.biz\/index.php?rest_route=\/wp\/v2\/posts\/2118514\/revisions"}],"wp:attachment":[{"href":"https:\/\/analyse.optim.biz\/index.php?rest_route=%2Fwp%2Fv2%2Fmedia&parent=2118514"}],"wp:term":[{"taxonomy":"category","embeddable":true,"href":"https:\/\/analyse.optim.biz\/index.php?rest_route=%2Fwp%2Fv2%2Fcategories&post=2118514"},{"taxonomy":"post_tag","embeddable":true,"href":"https:\/\/analyse.optim.biz\/index.php?rest_route=%2Fwp%2Fv2%2Ftags&post=2118514"}],"curies":[{"name":"wp","href":"https:\/\/api.w.org\/{rel}","templated":true}]}}