{"id":2118510,"date":"2026-08-28T14:26:26","date_gmt":"2026-08-28T11:26:26","guid":{"rendered":"https:\/\/analyse.optim.biz\/?p=2118510"},"modified":"2026-08-28T14:26:26","modified_gmt":"2026-08-28T11:26:26","slug":"ruben-latcau-succesorul-lui-fritz-raspunsul-viceprimarului","status":"publish","type":"post","link":"https:\/\/analyse.optim.biz\/?p=2118510","title":{"rendered":"Ruben La\u021bc\u0103u, succesorul lui Fritz? R\u0103spunsul viceprimarului"},"content":{"rendered":"<p>[analyse_image type=&#8221;featured&#8221; src=&#8221;https:\/\/cdn.expressdebanat.ro\/wp-content\/uploads\/2026\/08\/WhatsApp-Image-2026-08-28-at-17.19.23.jpeg&#8221;]<\/p>\n<div id=\"post-area\" class=\"post-981952 post type-post status-publish format-standard has-post-thumbnail hentry category-politica category-timis category-timisoara tag-alegeri-timisoara tag-dominic-fritz tag-important tag-primaria-timisoara tag-ruben-latcau tag-usr-timis\">\n<div id=\"social-box\">\n<ul class=\"post-social\">\n<li class=\"social-share-button\">\n<li class=\"social-share-button\">\n<li class=\"social-share-button\"><\/ul>\n<\/div>\n<div id=\"content-area\">\n<div class=\"post-image\"><img loading=\"lazy\" decoding=\"async\" width=\"620\" height=\"400\" src=\"https:\/\/cdn.expressdebanat.ro\/wp-content\/uploads\/2026\/08\/WhatsApp-Image-2026-08-28-at-17.19.23-620x400.jpeg\" class=\"attachment-post-thumb size-post-thumb wp-post-image perfmatters-lazy\" alt=\"ruben latcau\"><img loading=\"lazy\" decoding=\"async\" width=\"620\" height=\"400\" src=\"https:\/\/cdn.expressdebanat.ro\/wp-content\/uploads\/2026\/08\/WhatsApp-Image-2026-08-28-at-17.19.23-620x400.jpeg\" class=\"attachment-post-thumb size-post-thumb wp-post-image\" alt=\"ruben latcau\"><\/div>\n<p><strong>USR va avea un candidat dac\u0103 Dominic Fritz \u00ee\u0219i pierde mandatul \u00eenainte de termen, a declarat v<\/strong><strong>iceprimarul Timi\u0219oarei, Ruben La\u021bc\u0103u, pentru Express de Banat. <\/strong><\/p>\n<p>Viceprimarul USR al Timi\u0219oarei respinge deocamdat\u0103 scenariul unei candidaturi.<\/p>\n<p><em>\u201eNu discut\u0103m de candidaturi. Timi\u0219oara are un primar ales \u0219i, indiferent ce decizii ia PSD \u0219i acoli\u021bii lor din justi\u021bie, votul dat de timi\u0219oreni \u00een 2024 r\u0103m\u00e2ne valabil.\u201d<\/em>, a declarat Ruben La\u021bc\u0103u pentru <strong>Express de Banat<\/strong>.<\/p>\n<p>Viceprimarul spune c\u0103 alegerile locale din 2024 trebuie s\u0103 r\u0103m\u00e2n\u0103 reperul pentru mandatul actual. <em>\u201eP\u00e2n\u0103 la alegeri mai sunt doi ani din acest moment.\u201d<\/em>, a ad\u0103ugat Ruben La\u021bc\u0103u.<\/p>\n<h4><a href=\"https:\/\/expressdebanat.ro\/sipos-confirma-negocierile-pnl-usr-pentru-timisoara-ne-dorim-sa-ajungem-la-acest-acord\/\">CITE\u0218TE \u0218I: <span class=\"selectable-text copyable-text xkrh14z\">\u0218ipo\u0219 confirm\u0103 negocierile PNL-USR pentru Timi\u0219oara: \u201eNe dorim s\u0103 ajungem la acest acord\u201d<\/span><\/a><\/h4>\n<p>\u00centrebat dac\u0103 ar putea candida pentru Prim\u0103ria Timi\u0219oara \u00een cazul \u00een care mandatul lui Dominic Fritz ar \u00eenceta \u00eenainte de termen \u0219i ar fi organizate alegeri par\u021biale, La\u021bc\u0103u a precizat c\u0103 nu \u00ee\u0219i dore\u0219te aceast\u0103 candidatur\u0103.<\/p>\n<p><em>\u201eUSR va avea, cu siguran\u021b\u0103, un candidat la Prim\u0103ria Timi\u0219oara. Nu am personal aceast\u0103 ambi\u021bie. Se va clarifica.\u201d,\u00a0<\/em>a spus La\u021bc\u0103u.<\/p>\n<p>Viceprimarul a revenit \u00eens\u0103 asupra situa\u021biei lui Dominic Fritz \u0219i a criticat posibilitatea \u00eencet\u0103rii mandatului acestuia \u00eenainte de termen. <em>\u201eDar \u00eenc\u0103 o dat\u0103, primarul Timi\u0219oarei este Dominic Fritz. Voturile oamenilor nu vor putea fi anulate de nicio instan\u021b\u0103 sau de PSD.\u201d<\/em>, a declarat alesul USR.<\/p>\n<h4><a href=\"https:\/\/expressdebanat.ro\/marilen-pirtea-pnl-timis-nu-a-decis-un-candidat-comun-cu-usr-la-primaria-timisoara\/\">CITE\u0218TE \u0218I: Marilen Pirtea: PNL Timi\u0219 nu a decis un candidat comun cu USR la Prim\u0103ria Timi\u0219oara<\/a><\/h4>\n<p>Ruben La\u021bc\u0103u este viceprimar al Timi\u0219oarei din 2020, membru USR din 2017. \u00cenainte s\u0103 intre \u00een administra\u021bie, a lucrat \u00een industria automotive, \u00een proiectare, management de proiect \u0219i coordonarea unor echipe de ingineri. Este absolvent de inginerie mecanic\u0103 al Universit\u0103\u021bii din Oradea.<\/p>\n<p>\u00cen administra\u021bia Fritz, La\u021bc\u0103u este responsabil de domenii precum investi\u021bii, regenerarea urban\u0103, transport public \u0219i infrastructur\u0103 edilitar\u0103.<\/p>\n<p>*<\/p>\n<p>Numele viceprimarului USR a fost vehiculat ca posibil candidat comun al USR \u0219i PNL la Prim\u0103ria Timi\u0219oara, \u00een cazul unor alegeri par\u021biale. Sorin \u0218ipo\u0219, pre\u0219edintele USR Timi\u0219, a confirmat pentru Express de Banat c\u0103 exist\u0103 discu\u021bii cu PNL despre posibilitatea unor candidaturi comune \u00een teritoriu, dar a precizat c\u0103 nu s-a ajuns la un acord.<\/p>\n<p>Pe de alt\u0103 parte,\u00a0pre\u0219edintele PNL Timi\u0219, Marilen Pirtea, a declarat c\u0103 liberalii nu au luat nicio decizie privind o eventual\u0103 candidatur\u0103 comun\u0103 \u0219i c\u0103, \u00een cazul lui Ruben La\u021bc\u0103u, <em>\u201enu exist\u0103 \u00een acest moment, la nivelul PNL Timi\u0219, nicio discu\u021bie privind sus\u021binerea candidaturii sale\u201d<\/em>.<\/p>\n<\/div>\n<div id=\"social-box\">\n<ul class=\"post-social\">\n<li class=\"fb-line\">\n<li><a href=\"http:\/\/twitter.com\/share\" class=\"twitter-share-button\" data-lang=\"en\" data-count=\"horizontal\">Tweet<\/a><\/li>\n<li>\n<li><a href=\"http:\/\/pinterest.com\/pin\/create\/button\/?url=https%3A%2F%2Fexpressdebanat.ro%2Fruben-latcau-succesorul-lui-fritz-raspunsul-viceprimarului%2F&amp;media=https:\/\/cdn.expressdebanat.ro\/wp-content\/uploads\/2026\/08\/WhatsApp-Image-2026-08-28-at-17.19.23.jpeg&amp;description=Ruben%20La%C8%9Bc%C4%83u,%20succesorul%20lui%20Fritz?%20R%C4%83spunsul%20viceprimarului\" class=\"pin-it-button\">Pin It<\/a><\/li>\n<\/ul>\n<\/div>\n<\/div>\n<div id=\"content-area\">\n<div class=\"post-image\"><img loading=\"lazy\" decoding=\"async\" width=\"620\" height=\"400\" src=\"https:\/\/cdn.expressdebanat.ro\/wp-content\/uploads\/2026\/08\/WhatsApp-Image-2026-08-28-at-17.19.23-620x400.jpeg\" class=\"attachment-post-thumb size-post-thumb wp-post-image perfmatters-lazy\" alt=\"ruben latcau\"><img loading=\"lazy\" decoding=\"async\" width=\"620\" height=\"400\" src=\"https:\/\/cdn.expressdebanat.ro\/wp-content\/uploads\/2026\/08\/WhatsApp-Image-2026-08-28-at-17.19.23-620x400.jpeg\" class=\"attachment-post-thumb size-post-thumb wp-post-image\" alt=\"ruben latcau\"><\/div>\n<p><strong>USR va avea un candidat dac\u0103 Dominic Fritz \u00ee\u0219i pierde mandatul \u00eenainte de termen, a declarat v<\/strong><strong>iceprimarul Timi\u0219oarei, Ruben La\u021bc\u0103u, pentru Express de Banat. <\/strong><\/p>\n<p>Viceprimarul USR al Timi\u0219oarei respinge deocamdat\u0103 scenariul unei candidaturi.<\/p>\n<p><em>\u201eNu discut\u0103m de candidaturi. Timi\u0219oara are un primar ales \u0219i, indiferent ce decizii ia PSD \u0219i acoli\u021bii lor din justi\u021bie, votul dat de timi\u0219oreni \u00een 2024 r\u0103m\u00e2ne valabil.\u201d<\/em>, a declarat Ruben La\u021bc\u0103u pentru <strong>Express de Banat<\/strong>.<\/p>\n<p>Viceprimarul spune c\u0103 alegerile locale din 2024 trebuie s\u0103 r\u0103m\u00e2n\u0103 reperul pentru mandatul actual. <em>\u201eP\u00e2n\u0103 la alegeri mai sunt doi ani din acest moment.\u201d<\/em>, a ad\u0103ugat Ruben La\u021bc\u0103u.<\/p>\n<h4><a href=\"https:\/\/expressdebanat.ro\/sipos-confirma-negocierile-pnl-usr-pentru-timisoara-ne-dorim-sa-ajungem-la-acest-acord\/\">CITE\u0218TE \u0218I: <span class=\"selectable-text copyable-text xkrh14z\">\u0218ipo\u0219 confirm\u0103 negocierile PNL-USR pentru Timi\u0219oara: \u201eNe dorim s\u0103 ajungem la acest acord\u201d<\/span><\/a><\/h4>\n<p>\u00centrebat dac\u0103 ar putea candida pentru Prim\u0103ria Timi\u0219oara \u00een cazul \u00een care mandatul lui Dominic Fritz ar \u00eenceta \u00eenainte de termen \u0219i ar fi organizate alegeri par\u021biale, La\u021bc\u0103u a precizat c\u0103 nu \u00ee\u0219i dore\u0219te aceast\u0103 candidatur\u0103.<\/p>\n<p><em>\u201eUSR va avea, cu siguran\u021b\u0103, un candidat la Prim\u0103ria Timi\u0219oara. Nu am personal aceast\u0103 ambi\u021bie. Se va clarifica.\u201d,\u00a0<\/em>a spus La\u021bc\u0103u.<\/p>\n<p>Viceprimarul a revenit \u00eens\u0103 asupra situa\u021biei lui Dominic Fritz \u0219i a criticat posibilitatea \u00eencet\u0103rii mandatului acestuia \u00eenainte de termen. <em>\u201eDar \u00eenc\u0103 o dat\u0103, primarul Timi\u0219oarei este Dominic Fritz. Voturile oamenilor nu vor putea fi anulate de nicio instan\u021b\u0103 sau de PSD.\u201d<\/em>, a declarat alesul USR.<\/p>\n<h4><a href=\"https:\/\/expressdebanat.ro\/marilen-pirtea-pnl-timis-nu-a-decis-un-candidat-comun-cu-usr-la-primaria-timisoara\/\">CITE\u0218TE \u0218I: Marilen Pirtea: PNL Timi\u0219 nu a decis un candidat comun cu USR la Prim\u0103ria Timi\u0219oara<\/a><\/h4>\n<p>Ruben La\u021bc\u0103u este viceprimar al Timi\u0219oarei din 2020, membru USR din 2017. \u00cenainte s\u0103 intre \u00een administra\u021bie, a lucrat \u00een industria automotive, \u00een proiectare, management de proiect \u0219i coordonarea unor echipe de ingineri. Este absolvent de inginerie mecanic\u0103 al Universit\u0103\u021bii din Oradea.<\/p>\n<p>\u00cen administra\u021bia Fritz, La\u021bc\u0103u este responsabil de domenii precum investi\u021bii, regenerarea urban\u0103, transport public \u0219i infrastructur\u0103 edilitar\u0103.<\/p>\n<p>*<\/p>\n<p>Numele viceprimarului USR a fost vehiculat ca posibil candidat comun al USR \u0219i PNL la Prim\u0103ria Timi\u0219oara, \u00een cazul unor alegeri par\u021biale. Sorin \u0218ipo\u0219, pre\u0219edintele USR Timi\u0219, a confirmat pentru Express de Banat c\u0103 exist\u0103 discu\u021bii cu PNL despre posibilitatea unor candidaturi comune \u00een teritoriu, dar a precizat c\u0103 nu s-a ajuns la un acord.<\/p>\n<p>Pe de alt\u0103 parte,\u00a0pre\u0219edintele PNL Timi\u0219, Marilen Pirtea, a declarat c\u0103 liberalii nu au luat nicio decizie privind o eventual\u0103 candidatur\u0103 comun\u0103 \u0219i c\u0103, \u00een cazul lui Ruben La\u021bc\u0103u, <em>\u201enu exist\u0103 \u00een acest moment, la nivelul PNL Timi\u0219, nicio discu\u021bie privind sus\u021binerea candidaturii sale\u201d<\/em>.<\/p>\n<\/div>\n<p>[analyse_source url=&#8221;https:\/\/expressdebanat.ro\/ruben-latcau-succesorul-lui-fritz-raspunsul-viceprimarului\/&#8221;]<\/p>\n","protected":false},"excerpt":{"rendered":"<p>[analyse_image type=&#8221;featured&#8221; src=&#8221;https:\/\/cdn.expressdebanat.ro\/wp-content\/uploads\/2026\/08\/WhatsApp-Image-2026-08-28-at-17.19.23.jpeg&#8221;] USR va avea un candidat dac\u0103 Dominic Fritz \u00ee\u0219i pierde mandatul \u00eenainte de termen, a declarat viceprimarul Timi\u0219oarei, Ruben La\u021bc\u0103u, pentru Express de Banat. Viceprimarul USR al Timi\u0219oarei respinge deocamdat\u0103 scenariul unei candidaturi. \u201eNu discut\u0103m de candidaturi. Timi\u0219oara are un primar ales \u0219i, indiferent ce decizii ia PSD \u0219i acoli\u021bii lor din [&hellip;]<\/p>\n","protected":false},"author":1,"featured_media":0,"comment_status":"open","ping_status":"","sticky":false,"template":"","format":"standard","meta":{"footnotes":""},"categories":[89],"tags":[226,196],"class_list":["post-2118510","post","type-post","status-publish","format-standard","hentry","category-romania","tag-crawlmanager","tag-expressdebanat-ro"],"_links":{"self":[{"href":"https:\/\/analyse.optim.biz\/index.php?rest_route=\/wp\/v2\/posts\/2118510","targetHints":{"allow":["GET"]}}],"collection":[{"href":"https:\/\/analyse.optim.biz\/index.php?rest_route=\/wp\/v2\/posts"}],"about":[{"href":"https:\/\/analyse.optim.biz\/index.php?rest_route=\/wp\/v2\/types\/post"}],"author":[{"embeddable":true,"href":"https:\/\/analyse.optim.biz\/index.php?rest_route=\/wp\/v2\/users\/1"}],"replies":[{"embeddable":true,"href":"https:\/\/analyse.optim.biz\/index.php?rest_route=%2Fwp%2Fv2%2Fcomments&post=2118510"}],"version-history":[{"count":0,"href":"https:\/\/analyse.optim.biz\/index.php?rest_route=\/wp\/v2\/posts\/2118510\/revisions"}],"wp:attachment":[{"href":"https:\/\/analyse.optim.biz\/index.php?rest_route=%2Fwp%2Fv2%2Fmedia&parent=2118510"}],"wp:term":[{"taxonomy":"category","embeddable":true,"href":"https:\/\/analyse.optim.biz\/index.php?rest_route=%2Fwp%2Fv2%2Fcategories&post=2118510"},{"taxonomy":"post_tag","embeddable":true,"href":"https:\/\/analyse.optim.biz\/index.php?rest_route=%2Fwp%2Fv2%2Ftags&post=2118510"}],"curies":[{"name":"wp","href":"https:\/\/api.w.org\/{rel}","templated":true}]}}