{"id":2118505,"date":"2026-08-28T12:20:25","date_gmt":"2026-08-28T09:20:25","guid":{"rendered":"https:\/\/analyse.optim.biz\/?p=2118505"},"modified":"2026-08-28T12:20:25","modified_gmt":"2026-08-28T09:20:25","slug":"marilen-pirtea-pnl-timis-nu-a-decis-un-candidat-comun-cu-usr-la-primaria-timisoara","status":"publish","type":"post","link":"https:\/\/analyse.optim.biz\/?p=2118505","title":{"rendered":"Marilen Pirtea: PNL Timi\u0219 nu a decis un candidat comun cu USR la Prim\u0103ria Timi\u0219oara"},"content":{"rendered":"<p>[analyse_image type=&#8221;featured&#8221; src=&#8221;https:\/\/cdn.expressdebanat.ro\/wp-content\/uploads\/2026\/08\/marilen-pirtea-si-ilie-bolojan.jpeg&#8221;]<\/p>\n<div id=\"post-area\" class=\"post-981939 post type-post status-publish format-standard has-post-thumbnail hentry category-politica category-timis category-timisoara tag-important tag-marilen-pirtea tag-pnl-timis tag-primaria-timisoara tag-ruben-latcau tag-usr-timis\">\n<div id=\"social-box\">\n<ul class=\"post-social\">\n<li class=\"social-share-button\">\n<li class=\"social-share-button\">\n<li class=\"social-share-button\"><\/ul>\n<\/div>\n<div id=\"content-area\">\n<div class=\"post-image\"><img loading=\"lazy\" decoding=\"async\" width=\"620\" height=\"400\" src=\"https:\/\/cdn.expressdebanat.ro\/wp-content\/uploads\/2026\/08\/marilen-pirtea-si-ilie-bolojan-620x400.jpeg\" class=\"attachment-post-thumb size-post-thumb wp-post-image perfmatters-lazy\" alt=\"marilen pirtea si ilie bolojan\"><img loading=\"lazy\" decoding=\"async\" width=\"620\" height=\"400\" src=\"https:\/\/cdn.expressdebanat.ro\/wp-content\/uploads\/2026\/08\/marilen-pirtea-si-ilie-bolojan-620x400.jpeg\" class=\"attachment-post-thumb size-post-thumb wp-post-image\" alt=\"marilen pirtea si ilie bolojan\"><\/div>\n<p class=\"isSelectedEnd\"><strong>Pre\u0219edintele PNL Timi\u0219, Marilen Pirtea, a declarat pentru<\/strong><strong><em>Express de Banat<\/em><\/strong><strong>c\u0103 liberalii nu au luat nicio decizie privind o eventual\u0103 candidatur\u0103 comun\u0103 cu USR la Prim\u0103ria Timi\u0219oara \u0219i c\u0103, deocamdat\u0103, nu exist\u0103 un candidat stabilit.<\/strong><\/p>\n<p class=\"isSelectedEnd\"><em>\u201e\u00cen acest moment, la nivelul PNL Timi\u0219 nu exist\u0103 nicio decizie privind o eventual\u0103 candidatur\u0103 comun\u0103 PNL-USR la Prim\u0103ria Timi\u0219oara \u0219i nici nu a fost stabilit vreun nume de candidat.<\/em><\/p>\n<p class=\"isSelectedEnd\"><em>Cred c\u0103 este prematur s\u0103 discut\u0103m despre candidaturi \u00eenainte de a exista, \u00een primul r\u00e2nd, certitudinea organiz\u0103rii unor alegeri par\u021biale. Dac\u0103 vom ajunge \u00een aceast\u0103 situa\u021bie, PNL va lua o decizie \u00een urma unei analize serioase, at\u00e2t la nivel local, c\u00e2t \u0219i \u00eempreun\u0103 cu conducerea na\u021bional\u0103 a partidului.\u201d<\/em>, a declarat Marilen Pirtea, liderul PNL Timi\u0219, pentru <strong>Express de Banat<\/strong>.<\/p>\n<p class=\"isSelectedEnd\">Pirtea nu exclude o eventual\u0103 colaborare cu USR, dar liberalii iau \u00een calcul inclusiv varianta unui candidat propriu.<\/p>\n<p class=\"isSelectedEnd\"><em>\u201eCriteriul esen\u021bial trebuie s\u0103 fie interesul Timi\u0219oarei \u0219i capacitatea candidatului de a administra ora\u0219ul, nu \u00eemp\u0103r\u021birea politic\u0103 anticipat\u0103 a unor candidaturi. PNL Timi\u0219 are oameni care pot intra \u00eentr-o asemenea competi\u021bie \u0219i este firesc s\u0103 lu\u0103m \u00een calcul inclusiv varianta unui candidat propriu.<\/em><\/p>\n<p class=\"isSelectedEnd\"><em>\u00cen acela\u0219i timp, nu cred c\u0103 este responsabil s\u0103 excludem, \u00eenainte de orice discu\u021bie \u0219i orice analiz\u0103, formule politice care ar putea fi construite \u00een jurul unui proiect serios pentru Timi\u0219oara.\u201d<\/em>, a mai spus pre\u0219edintele PNL Timi\u0219.<\/p>\n<p class=\"isSelectedEnd\">Referitor la o eventual\u0103 sus\u021binere a lui Ruben La\u021bc\u0103u, Pirtea precizeaz\u0103 c\u0103 <em>\u201enu exist\u0103 \u00een acest moment, la nivelul PNL Timi\u0219, nicio discu\u021bie privind sus\u021binerea candidaturii sale\u201d<\/em>.<\/p>\n<p>Amintim c\u0103 <a href=\"https:\/\/expressdebanat.ro\/sipos-confirma-negocierile-pnl-usr-pentru-timisoara-ne-dorim-sa-ajungem-la-acest-acord\/\">Sorin \u0218ipo\u0219, pre\u0219edintele USR Timi\u0219, a confirmat c\u0103 exist\u0103 discu\u021bii cu PNL la Bucure\u0219ti despre reformarea statului \u0219i despre posibilitatea unor candidaturi comune \u00een teritoriu<\/a>. \u0218ipo\u0219 a precizat \u00eens\u0103 c\u0103 nu s-a ajuns la un acord \u0219i c\u0103 discu\u021biile sunt mai avansate \u00een ceea ce prive\u0219te proiectele din Parlament.<\/p>\n<\/div>\n<div id=\"social-box\">\n<ul class=\"post-social\">\n<li class=\"fb-line\">\n<li><a href=\"http:\/\/twitter.com\/share\" class=\"twitter-share-button\" data-lang=\"en\" data-count=\"horizontal\">Tweet<\/a><\/li>\n<li>\n<li><a href=\"http:\/\/pinterest.com\/pin\/create\/button\/?url=https%3A%2F%2Fexpressdebanat.ro%2Fmarilen-pirtea-pnl-timis-nu-a-decis-un-candidat-comun-cu-usr-la-primaria-timisoara%2F&amp;media=https:\/\/cdn.expressdebanat.ro\/wp-content\/uploads\/2026\/08\/marilen-pirtea-si-ilie-bolojan.jpeg&amp;description=Marilen%20Pirtea:%20PNL%20Timi%C8%99%20nu%20a%20decis%20un%20candidat%20comun%20cu%20USR%20la%20Prim%C4%83ria%20Timi%C8%99oara\" class=\"pin-it-button\">Pin It<\/a><\/li>\n<\/ul>\n<\/div>\n<\/div>\n<div id=\"content-area\">\n<div class=\"post-image\"><img loading=\"lazy\" decoding=\"async\" width=\"620\" height=\"400\" src=\"https:\/\/cdn.expressdebanat.ro\/wp-content\/uploads\/2026\/08\/marilen-pirtea-si-ilie-bolojan-620x400.jpeg\" class=\"attachment-post-thumb size-post-thumb wp-post-image perfmatters-lazy\" alt=\"marilen pirtea si ilie bolojan\"><img loading=\"lazy\" decoding=\"async\" width=\"620\" height=\"400\" src=\"https:\/\/cdn.expressdebanat.ro\/wp-content\/uploads\/2026\/08\/marilen-pirtea-si-ilie-bolojan-620x400.jpeg\" class=\"attachment-post-thumb size-post-thumb wp-post-image\" alt=\"marilen pirtea si ilie bolojan\"><\/div>\n<p class=\"isSelectedEnd\"><strong>Pre\u0219edintele PNL Timi\u0219, Marilen Pirtea, a declarat pentru<\/strong><strong><em>Express de Banat<\/em><\/strong><strong>c\u0103 liberalii nu au luat nicio decizie privind o eventual\u0103 candidatur\u0103 comun\u0103 cu USR la Prim\u0103ria Timi\u0219oara \u0219i c\u0103, deocamdat\u0103, nu exist\u0103 un candidat stabilit.<\/strong><\/p>\n<p class=\"isSelectedEnd\"><em>\u201e\u00cen acest moment, la nivelul PNL Timi\u0219 nu exist\u0103 nicio decizie privind o eventual\u0103 candidatur\u0103 comun\u0103 PNL-USR la Prim\u0103ria Timi\u0219oara \u0219i nici nu a fost stabilit vreun nume de candidat.<\/em><\/p>\n<p class=\"isSelectedEnd\"><em>Cred c\u0103 este prematur s\u0103 discut\u0103m despre candidaturi \u00eenainte de a exista, \u00een primul r\u00e2nd, certitudinea organiz\u0103rii unor alegeri par\u021biale. Dac\u0103 vom ajunge \u00een aceast\u0103 situa\u021bie, PNL va lua o decizie \u00een urma unei analize serioase, at\u00e2t la nivel local, c\u00e2t \u0219i \u00eempreun\u0103 cu conducerea na\u021bional\u0103 a partidului.\u201d<\/em>, a declarat Marilen Pirtea, liderul PNL Timi\u0219, pentru <strong>Express de Banat<\/strong>.<\/p>\n<p class=\"isSelectedEnd\">Pirtea nu exclude o eventual\u0103 colaborare cu USR, dar liberalii iau \u00een calcul inclusiv varianta unui candidat propriu.<\/p>\n<p class=\"isSelectedEnd\"><em>\u201eCriteriul esen\u021bial trebuie s\u0103 fie interesul Timi\u0219oarei \u0219i capacitatea candidatului de a administra ora\u0219ul, nu \u00eemp\u0103r\u021birea politic\u0103 anticipat\u0103 a unor candidaturi. PNL Timi\u0219 are oameni care pot intra \u00eentr-o asemenea competi\u021bie \u0219i este firesc s\u0103 lu\u0103m \u00een calcul inclusiv varianta unui candidat propriu.<\/em><\/p>\n<p class=\"isSelectedEnd\"><em>\u00cen acela\u0219i timp, nu cred c\u0103 este responsabil s\u0103 excludem, \u00eenainte de orice discu\u021bie \u0219i orice analiz\u0103, formule politice care ar putea fi construite \u00een jurul unui proiect serios pentru Timi\u0219oara.\u201d<\/em>, a mai spus pre\u0219edintele PNL Timi\u0219.<\/p>\n<p class=\"isSelectedEnd\">Referitor la o eventual\u0103 sus\u021binere a lui Ruben La\u021bc\u0103u, Pirtea precizeaz\u0103 c\u0103 <em>\u201enu exist\u0103 \u00een acest moment, la nivelul PNL Timi\u0219, nicio discu\u021bie privind sus\u021binerea candidaturii sale\u201d<\/em>.<\/p>\n<p>Amintim c\u0103 <a href=\"https:\/\/expressdebanat.ro\/sipos-confirma-negocierile-pnl-usr-pentru-timisoara-ne-dorim-sa-ajungem-la-acest-acord\/\">Sorin \u0218ipo\u0219, pre\u0219edintele USR Timi\u0219, a confirmat c\u0103 exist\u0103 discu\u021bii cu PNL la Bucure\u0219ti despre reformarea statului \u0219i despre posibilitatea unor candidaturi comune \u00een teritoriu<\/a>. \u0218ipo\u0219 a precizat \u00eens\u0103 c\u0103 nu s-a ajuns la un acord \u0219i c\u0103 discu\u021biile sunt mai avansate \u00een ceea ce prive\u0219te proiectele din Parlament.<\/p>\n<\/div>\n<p>[analyse_source url=&#8221;https:\/\/expressdebanat.ro\/marilen-pirtea-pnl-timis-nu-a-decis-un-candidat-comun-cu-usr-la-primaria-timisoara\/&#8221;]<\/p>\n","protected":false},"excerpt":{"rendered":"<p>[analyse_image type=&#8221;featured&#8221; src=&#8221;https:\/\/cdn.expressdebanat.ro\/wp-content\/uploads\/2026\/08\/marilen-pirtea-si-ilie-bolojan.jpeg&#8221;] Pre\u0219edintele PNL Timi\u0219, Marilen Pirtea, a declarat pentruExpress de Banatc\u0103 liberalii nu au luat nicio decizie privind o eventual\u0103 candidatur\u0103 comun\u0103 cu USR la Prim\u0103ria Timi\u0219oara \u0219i c\u0103, deocamdat\u0103, nu exist\u0103 un candidat stabilit. \u201e\u00cen acest moment, la nivelul PNL Timi\u0219 nu exist\u0103 nicio decizie privind o eventual\u0103 candidatur\u0103 comun\u0103 PNL-USR la [&hellip;]<\/p>\n","protected":false},"author":1,"featured_media":0,"comment_status":"open","ping_status":"","sticky":false,"template":"","format":"standard","meta":{"footnotes":""},"categories":[89],"tags":[226,196],"class_list":["post-2118505","post","type-post","status-publish","format-standard","hentry","category-romania","tag-crawlmanager","tag-expressdebanat-ro"],"_links":{"self":[{"href":"https:\/\/analyse.optim.biz\/index.php?rest_route=\/wp\/v2\/posts\/2118505","targetHints":{"allow":["GET"]}}],"collection":[{"href":"https:\/\/analyse.optim.biz\/index.php?rest_route=\/wp\/v2\/posts"}],"about":[{"href":"https:\/\/analyse.optim.biz\/index.php?rest_route=\/wp\/v2\/types\/post"}],"author":[{"embeddable":true,"href":"https:\/\/analyse.optim.biz\/index.php?rest_route=\/wp\/v2\/users\/1"}],"replies":[{"embeddable":true,"href":"https:\/\/analyse.optim.biz\/index.php?rest_route=%2Fwp%2Fv2%2Fcomments&post=2118505"}],"version-history":[{"count":0,"href":"https:\/\/analyse.optim.biz\/index.php?rest_route=\/wp\/v2\/posts\/2118505\/revisions"}],"wp:attachment":[{"href":"https:\/\/analyse.optim.biz\/index.php?rest_route=%2Fwp%2Fv2%2Fmedia&parent=2118505"}],"wp:term":[{"taxonomy":"category","embeddable":true,"href":"https:\/\/analyse.optim.biz\/index.php?rest_route=%2Fwp%2Fv2%2Fcategories&post=2118505"},{"taxonomy":"post_tag","embeddable":true,"href":"https:\/\/analyse.optim.biz\/index.php?rest_route=%2Fwp%2Fv2%2Ftags&post=2118505"}],"curies":[{"name":"wp","href":"https:\/\/api.w.org\/{rel}","templated":true}]}}