{"id":2118499,"date":"2026-08-28T11:04:26","date_gmt":"2026-08-28T08:04:26","guid":{"rendered":"https:\/\/analyse.optim.biz\/?p=2118499"},"modified":"2026-08-28T11:04:26","modified_gmt":"2026-08-28T08:04:26","slug":"sipos-confirma-negocierile-pnl-usr-pentru-timisoara-ne-dorim-sa-ajungem-la-acest-acord","status":"publish","type":"post","link":"https:\/\/analyse.optim.biz\/?p=2118499","title":{"rendered":"\u0218ipo\u0219 confirm\u0103 negocierile PNL-USR pentru Timi\u0219oara: \u201eNe dorim s\u0103 ajungem la acest acord\u201d"},"content":{"rendered":"<p>[analyse_image type=&#8221;featured&#8221; src=&#8221;https:\/\/cdn.expressdebanat.ro\/wp-content\/uploads\/2026\/08\/sorin-sipos-presedinte-usr-timis.jpeg&#8221;]<\/p>\n<div id=\"post-area\" class=\"post-981914 post type-post status-publish format-standard has-post-thumbnail hentry category-politica category-timis category-timisoara tag-alegeri-partiale tag-articol-principal tag-dominic-fritz tag-important tag-pnl-timis tag-primaria-timisoara tag-usr-timis\">\n<div id=\"social-box\">\n<ul class=\"post-social\">\n<li class=\"social-share-button\">\n<li class=\"social-share-button\">\n<li class=\"social-share-button\"><\/ul>\n<\/div>\n<div id=\"content-area\">\n<div class=\"post-image\"><img loading=\"lazy\" decoding=\"async\" width=\"620\" height=\"400\" src=\"https:\/\/cdn.expressdebanat.ro\/wp-content\/uploads\/2026\/08\/sorin-sipos-presedinte-usr-timis-620x400.jpeg\" class=\"attachment-post-thumb size-post-thumb wp-post-image perfmatters-lazy\" alt=\"sorin sipos presedinte usr timis\"><img loading=\"lazy\" decoding=\"async\" width=\"620\" height=\"400\" src=\"https:\/\/cdn.expressdebanat.ro\/wp-content\/uploads\/2026\/08\/sorin-sipos-presedinte-usr-timis-620x400.jpeg\" class=\"attachment-post-thumb size-post-thumb wp-post-image\" alt=\"sorin sipos presedinte usr timis\"><\/div>\n<p class=\"isSelectedEnd\"><strong>PNL \u0219i USR poart\u0103 discu\u021bii pentru o posibil\u0103 colaborare la alegerile locale, inclusiv pentru sus\u021binerea unor candidaturi comune. Sorin \u0218ipo\u0219, pre\u0219edintele USR Timi\u0219, confirm\u0103 pentru Express de Banat c\u0103 negocierile exist\u0103, dar precizeaz\u0103 c\u0103 nu a fost \u00eencheiat \u00eenc\u0103 un acord pentru Prim\u0103ria Timi\u0219oara.<\/strong><\/p>\n<p class=\"isSelectedEnd\"><em>\u201eEu pot s\u0103 v\u0103 confirm c\u0103 exist\u0103 discu\u021bii cu PNL, la Bucure\u0219ti, pe subiectele care \u021bin de reforma statului. \u00cen acest context, de a \u00eencerca s\u0103 constituim un pol reformist care s\u0103 impun\u0103 c\u00e2t mai mult din reforma pe care ne-o dorim pentru statul rom\u00e2n, sunt discu\u021bii \u0219i despre aceste aspecte, cum am putea colabora \u0219i \u00een teritoriu prin diferite candidaturi comune.\u201d<\/em>, a declarat senatorul Sorin \u0218ipo\u0219, pre\u0219edintele USR Timi\u0219, pentru <strong>Express de Banat<\/strong>.<\/p>\n<h4><a href=\"https:\/\/expressdebanat.ro\/bolojan-si-fritz-bat-palma-pentru-primaria-timisoara-ruben-latcau-varianta-usr\/\">CITE\u0218TE \u0218I: Bolojan \u0219i Fritz bat palma pentru Prim\u0103ria Timi\u0219oara. Ruben La\u021bc\u0103u, varianta USR<\/a><\/h4>\n<p class=\"isSelectedEnd\">Potrivit acestuia, discu\u021biile dintre cele dou\u0103 partide sunt \u00eentr-un stadiu avansat \u00een ceea ce prive\u0219te proiectele din Parlament, \u00een timp ce pentru alegerile locale nu exist\u0103 \u00eenc\u0103 o \u00een\u021belegere final\u0103.<\/p>\n<p class=\"isSelectedEnd\"><em>\u201eNu am ajuns la un acord \u00eencheiat pe subiectul \u0103sta, dar aceste discu\u021bii sunt la un nivel avansat, mai ales \u00een ce prive\u0219te proiectele din Parlament. Ne dorim s\u0103 ajungem la acest acord.\u201d<\/em>, a afirmat liderul USR Timi\u0219.<\/p>\n<h3>Cine ar putea candida la Timi\u0219oara<\/h3>\n<p class=\"isSelectedEnd\">\u00cen cazul unor alegeri par\u021biale pentru Prim\u0103ria Timi\u0219oara, USR nu a stabilit deocamdat\u0103 un candidat. Dincolo de numele viceprimarului Ruben La\u021bc\u0103u, \u00een spa\u021biul public a fost vehiculat\u0103 inclusiv varianta Florin Dr\u0103gan, rectorul Universit\u0103\u021bii Politehnica Timi\u0219oara. \u0218ipo\u0219 sus\u021bine c\u0103 partidul analizeaz\u0103 mai multe nume \u0219i c\u0103 decizia va fi luat\u0103 dup\u0103 clarificarea situa\u021biei mandatului lui Dominic Fritz.<\/p>\n<p class=\"isSelectedEnd\"><em>\u201eBine\u00een\u021beles c\u0103 noi ne preg\u0103tim pentru orice variant\u0103. Un partid puternic cum e USR \u00een acest moment are variante pentru orice situa\u021bie. Nu am luat \u00eenc\u0103 o decizie despre ce candidat vom avea pentru c\u0103 nu aveam claritatea acestei \u00eencet\u0103ri de mandat. Noi avem multe variante, resursele umane ale USR sunt puternice.\u201d<\/em>, a declarat pre\u0219edintele USR Timi\u0219 pentru <strong>Express de Banat.<\/strong><\/p>\n<p class=\"isSelectedEnd\"><em>\u201eAvem oameni care se pricep la administra\u021bie \u0219i a\u0219tept\u0103m s\u0103 avem claritatea \u00eencheierii mandatului \u0219i apoi vom lua o decizie \u0219i \u00een sensul acesta.\u201d<\/em>, a completat Sorin \u0218ipo\u0219.<\/p>\n<h3>USR a\u0219teapt\u0103 clarificarea Legii ANI<\/h3>\n<p class=\"isSelectedEnd\">Deciziile privind o eventual\u0103 candidatur\u0103 \u0219i alegerile par\u021biale sunt am\u00e2nate \u0219i din cauza incertitudinii legate de noua Lege ANI. USR sper\u0103 \u00eenc\u0103 s\u0103 existe o solu\u021bie legislativ\u0103 \u00eenainte ca legea s\u0103 produc\u0103 efecte asupra mandatului lui Dominic Fritz.<\/p>\n<p class=\"isSelectedEnd\"><em>\u201ePentru noi e important s\u0103 avem claritatea aceasta \u00een care \u00eenc\u0103, cel pu\u021bin teoretic, mai este posibil ca Legea ANI s\u0103 nu fie promulgat\u0103. Noi avem un proiect de lege curat. A\u0219a cum legea privind incompatibilit\u0103\u021bile a trecut \u00een Parlament \u00een mai pu\u021bin de 48 de ore, exist\u0103 teoretic \u0219i aceast\u0103 variant\u0103. Dar <\/em><em>p\u00e2n\u0103 atunci nu avem nici m\u0103car modalitatea \u00een care administrativ s\u0103 vedem cum se va \u00eentrerupe mandatul domnului primar Fritz. Nu am \u00eenaintat cu aceste decizii tocmai pe acest motiv, c\u0103 a\u0219tept\u0103m s\u0103 fie clar c\u00e2nd \u0219i cum se va \u00eentrerupe un mandat al votului dat de timi\u0219oreni c\u0103tre Dominic Fritz.\u201d<\/em>, a mai afirmat liderul USR Timi\u0219.<\/p>\n<\/div>\n<div id=\"social-box\">\n<ul class=\"post-social\">\n<li class=\"fb-line\">\n<li><a href=\"http:\/\/twitter.com\/share\" class=\"twitter-share-button\" data-lang=\"en\" data-count=\"horizontal\">Tweet<\/a><\/li>\n<li>\n<li><a href=\"http:\/\/pinterest.com\/pin\/create\/button\/?url=https%3A%2F%2Fexpressdebanat.ro%2Fsipos-confirma-negocierile-pnl-usr-pentru-timisoara-ne-dorim-sa-ajungem-la-acest-acord%2F&amp;media=https:\/\/cdn.expressdebanat.ro\/wp-content\/uploads\/2026\/08\/sorin-sipos-presedinte-usr-timis.jpeg&amp;description=%C8%98ipo%C8%99%20confirm%C4%83%20negocierile%20PNL-USR%20pentru%20Timi%C8%99oara:%20%E2%80%9ENe%20dorim%20s%C4%83%20ajungem%20la%20acest%20acord%E2%80%9D\" class=\"pin-it-button\">Pin It<\/a><\/li>\n<\/ul>\n<\/div>\n<\/div>\n<div id=\"content-area\">\n<div class=\"post-image\"><img loading=\"lazy\" decoding=\"async\" width=\"620\" height=\"400\" src=\"https:\/\/cdn.expressdebanat.ro\/wp-content\/uploads\/2026\/08\/sorin-sipos-presedinte-usr-timis-620x400.jpeg\" class=\"attachment-post-thumb size-post-thumb wp-post-image perfmatters-lazy\" alt=\"sorin sipos presedinte usr timis\"><img loading=\"lazy\" decoding=\"async\" width=\"620\" height=\"400\" src=\"https:\/\/cdn.expressdebanat.ro\/wp-content\/uploads\/2026\/08\/sorin-sipos-presedinte-usr-timis-620x400.jpeg\" class=\"attachment-post-thumb size-post-thumb wp-post-image\" alt=\"sorin sipos presedinte usr timis\"><\/div>\n<p class=\"isSelectedEnd\"><strong>PNL \u0219i USR poart\u0103 discu\u021bii pentru o posibil\u0103 colaborare la alegerile locale, inclusiv pentru sus\u021binerea unor candidaturi comune. Sorin \u0218ipo\u0219, pre\u0219edintele USR Timi\u0219, confirm\u0103 pentru Express de Banat c\u0103 negocierile exist\u0103, dar precizeaz\u0103 c\u0103 nu a fost \u00eencheiat \u00eenc\u0103 un acord pentru Prim\u0103ria Timi\u0219oara.<\/strong><\/p>\n<p class=\"isSelectedEnd\"><em>\u201eEu pot s\u0103 v\u0103 confirm c\u0103 exist\u0103 discu\u021bii cu PNL, la Bucure\u0219ti, pe subiectele care \u021bin de reforma statului. \u00cen acest context, de a \u00eencerca s\u0103 constituim un pol reformist care s\u0103 impun\u0103 c\u00e2t mai mult din reforma pe care ne-o dorim pentru statul rom\u00e2n, sunt discu\u021bii \u0219i despre aceste aspecte, cum am putea colabora \u0219i \u00een teritoriu prin diferite candidaturi comune.\u201d<\/em>, a declarat senatorul Sorin \u0218ipo\u0219, pre\u0219edintele USR Timi\u0219, pentru <strong>Express de Banat<\/strong>.<\/p>\n<h4><a href=\"https:\/\/expressdebanat.ro\/bolojan-si-fritz-bat-palma-pentru-primaria-timisoara-ruben-latcau-varianta-usr\/\">CITE\u0218TE \u0218I: Bolojan \u0219i Fritz bat palma pentru Prim\u0103ria Timi\u0219oara. Ruben La\u021bc\u0103u, varianta USR<\/a><\/h4>\n<p class=\"isSelectedEnd\">Potrivit acestuia, discu\u021biile dintre cele dou\u0103 partide sunt \u00eentr-un stadiu avansat \u00een ceea ce prive\u0219te proiectele din Parlament, \u00een timp ce pentru alegerile locale nu exist\u0103 \u00eenc\u0103 o \u00een\u021belegere final\u0103.<\/p>\n<p class=\"isSelectedEnd\"><em>\u201eNu am ajuns la un acord \u00eencheiat pe subiectul \u0103sta, dar aceste discu\u021bii sunt la un nivel avansat, mai ales \u00een ce prive\u0219te proiectele din Parlament. Ne dorim s\u0103 ajungem la acest acord.\u201d<\/em>, a afirmat liderul USR Timi\u0219.<\/p>\n<h3>Cine ar putea candida la Timi\u0219oara<\/h3>\n<p class=\"isSelectedEnd\">\u00cen cazul unor alegeri par\u021biale pentru Prim\u0103ria Timi\u0219oara, USR nu a stabilit deocamdat\u0103 un candidat. Dincolo de numele viceprimarului Ruben La\u021bc\u0103u, \u00een spa\u021biul public a fost vehiculat\u0103 inclusiv varianta Florin Dr\u0103gan, rectorul Universit\u0103\u021bii Politehnica Timi\u0219oara. \u0218ipo\u0219 sus\u021bine c\u0103 partidul analizeaz\u0103 mai multe nume \u0219i c\u0103 decizia va fi luat\u0103 dup\u0103 clarificarea situa\u021biei mandatului lui Dominic Fritz.<\/p>\n<p class=\"isSelectedEnd\"><em>\u201eBine\u00een\u021beles c\u0103 noi ne preg\u0103tim pentru orice variant\u0103. Un partid puternic cum e USR \u00een acest moment are variante pentru orice situa\u021bie. Nu am luat \u00eenc\u0103 o decizie despre ce candidat vom avea pentru c\u0103 nu aveam claritatea acestei \u00eencet\u0103ri de mandat. Noi avem multe variante, resursele umane ale USR sunt puternice.\u201d<\/em>, a declarat pre\u0219edintele USR Timi\u0219 pentru <strong>Express de Banat.<\/strong><\/p>\n<p class=\"isSelectedEnd\"><em>\u201eAvem oameni care se pricep la administra\u021bie \u0219i a\u0219tept\u0103m s\u0103 avem claritatea \u00eencheierii mandatului \u0219i apoi vom lua o decizie \u0219i \u00een sensul acesta.\u201d<\/em>, a completat Sorin \u0218ipo\u0219.<\/p>\n<h3>USR a\u0219teapt\u0103 clarificarea Legii ANI<\/h3>\n<p class=\"isSelectedEnd\">Deciziile privind o eventual\u0103 candidatur\u0103 \u0219i alegerile par\u021biale sunt am\u00e2nate \u0219i din cauza incertitudinii legate de noua Lege ANI. USR sper\u0103 \u00eenc\u0103 s\u0103 existe o solu\u021bie legislativ\u0103 \u00eenainte ca legea s\u0103 produc\u0103 efecte asupra mandatului lui Dominic Fritz.<\/p>\n<p class=\"isSelectedEnd\"><em>\u201ePentru noi e important s\u0103 avem claritatea aceasta \u00een care \u00eenc\u0103, cel pu\u021bin teoretic, mai este posibil ca Legea ANI s\u0103 nu fie promulgat\u0103. Noi avem un proiect de lege curat. A\u0219a cum legea privind incompatibilit\u0103\u021bile a trecut \u00een Parlament \u00een mai pu\u021bin de 48 de ore, exist\u0103 teoretic \u0219i aceast\u0103 variant\u0103. Dar <\/em><em>p\u00e2n\u0103 atunci nu avem nici m\u0103car modalitatea \u00een care administrativ s\u0103 vedem cum se va \u00eentrerupe mandatul domnului primar Fritz. Nu am \u00eenaintat cu aceste decizii tocmai pe acest motiv, c\u0103 a\u0219tept\u0103m s\u0103 fie clar c\u00e2nd \u0219i cum se va \u00eentrerupe un mandat al votului dat de timi\u0219oreni c\u0103tre Dominic Fritz.\u201d<\/em>, a mai afirmat liderul USR Timi\u0219.<\/p>\n<\/div>\n<p>[analyse_source url=&#8221;https:\/\/expressdebanat.ro\/sipos-confirma-negocierile-pnl-usr-pentru-timisoara-ne-dorim-sa-ajungem-la-acest-acord\/&#8221;]<\/p>\n","protected":false},"excerpt":{"rendered":"<p>[analyse_image type=&#8221;featured&#8221; src=&#8221;https:\/\/cdn.expressdebanat.ro\/wp-content\/uploads\/2026\/08\/sorin-sipos-presedinte-usr-timis.jpeg&#8221;] PNL \u0219i USR poart\u0103 discu\u021bii pentru o posibil\u0103 colaborare la alegerile locale, inclusiv pentru sus\u021binerea unor candidaturi comune. Sorin \u0218ipo\u0219, pre\u0219edintele USR Timi\u0219, confirm\u0103 pentru Express de Banat c\u0103 negocierile exist\u0103, dar precizeaz\u0103 c\u0103 nu a fost \u00eencheiat \u00eenc\u0103 un acord pentru Prim\u0103ria Timi\u0219oara. \u201eEu pot s\u0103 v\u0103 confirm c\u0103 exist\u0103 discu\u021bii [&hellip;]<\/p>\n","protected":false},"author":1,"featured_media":0,"comment_status":"open","ping_status":"","sticky":false,"template":"","format":"standard","meta":{"footnotes":""},"categories":[89],"tags":[226,196],"class_list":["post-2118499","post","type-post","status-publish","format-standard","hentry","category-romania","tag-crawlmanager","tag-expressdebanat-ro"],"_links":{"self":[{"href":"https:\/\/analyse.optim.biz\/index.php?rest_route=\/wp\/v2\/posts\/2118499","targetHints":{"allow":["GET"]}}],"collection":[{"href":"https:\/\/analyse.optim.biz\/index.php?rest_route=\/wp\/v2\/posts"}],"about":[{"href":"https:\/\/analyse.optim.biz\/index.php?rest_route=\/wp\/v2\/types\/post"}],"author":[{"embeddable":true,"href":"https:\/\/analyse.optim.biz\/index.php?rest_route=\/wp\/v2\/users\/1"}],"replies":[{"embeddable":true,"href":"https:\/\/analyse.optim.biz\/index.php?rest_route=%2Fwp%2Fv2%2Fcomments&post=2118499"}],"version-history":[{"count":0,"href":"https:\/\/analyse.optim.biz\/index.php?rest_route=\/wp\/v2\/posts\/2118499\/revisions"}],"wp:attachment":[{"href":"https:\/\/analyse.optim.biz\/index.php?rest_route=%2Fwp%2Fv2%2Fmedia&parent=2118499"}],"wp:term":[{"taxonomy":"category","embeddable":true,"href":"https:\/\/analyse.optim.biz\/index.php?rest_route=%2Fwp%2Fv2%2Fcategories&post=2118499"},{"taxonomy":"post_tag","embeddable":true,"href":"https:\/\/analyse.optim.biz\/index.php?rest_route=%2Fwp%2Fv2%2Ftags&post=2118499"}],"curies":[{"name":"wp","href":"https:\/\/api.w.org\/{rel}","templated":true}]}}