{"id":2118496,"date":"2026-08-28T10:04:58","date_gmt":"2026-08-28T07:04:58","guid":{"rendered":"https:\/\/analyse.optim.biz\/?p=2118496"},"modified":"2026-08-28T10:04:58","modified_gmt":"2026-08-28T07:04:58","slug":"brindusa-armanca-a-murit-jurnalista-avea-72-de-ani","status":"publish","type":"post","link":"https:\/\/analyse.optim.biz\/?p=2118496","title":{"rendered":"Br\u00eendu\u0219a Armanca a murit. Jurnalista avea 72 de ani"},"content":{"rendered":"<p>[analyse_image type=&#8221;featured&#8221; src=&#8221;https:\/\/cdn.expressdebanat.ro\/wp-content\/uploads\/2026\/08\/brindusa-armanca.jpg&#8221;]<\/p>\n<div id=\"post-area\" class=\"post-981894 post type-post status-publish format-standard has-post-thumbnail hentry category-social category-timis category-timisoara tag-brindusa-armanca tag-important tag-jurnalism tag-timisoara tag-tvr-timisoara tag-uvt\">\n<div id=\"social-box\">\n<ul class=\"post-social\">\n<li class=\"social-share-button\">\n<li class=\"social-share-button\">\n<li class=\"social-share-button\"><\/ul>\n<\/div>\n<div id=\"content-area\">\n<div class=\"post-image\"><img loading=\"lazy\" decoding=\"async\" width=\"620\" height=\"400\" src=\"https:\/\/cdn.expressdebanat.ro\/wp-content\/uploads\/2026\/08\/brindusa-armanca-620x400.jpg\" class=\"attachment-post-thumb size-post-thumb wp-post-image perfmatters-lazy\" alt=\"brindusa armanca\"><img loading=\"lazy\" decoding=\"async\" width=\"620\" height=\"400\" src=\"https:\/\/cdn.expressdebanat.ro\/wp-content\/uploads\/2026\/08\/brindusa-armanca-620x400.jpg\" class=\"attachment-post-thumb size-post-thumb wp-post-image\" alt=\"brindusa armanca\"><\/div>\n<div class=\"fwoyd6a93541f512c6\"><img loading=\"lazy\" decoding=\"async\" class=\"size-full wp-image-947090 perfmatters-lazy\" src=\"https:\/\/cdn.expressdebanat.ro\/wp-content\/uploads\/2025\/10\/banner-1164-x-200-px.jpg\" alt=\"banner 1164 x 200 px\" width=\"1000\" height=\"171\"><img loading=\"lazy\" decoding=\"async\" class=\"size-full wp-image-947090\" src=\"https:\/\/cdn.expressdebanat.ro\/wp-content\/uploads\/2025\/10\/banner-1164-x-200-px.jpg\" alt=\"banner 1164 x 200 px\" width=\"1000\" height=\"171\"><\/div>\n<p class=\"isSelectedEnd\"><strong>Jurnalista \u0219i profesoara universitar\u0103 Br\u00eendu\u0219a Armanca a murit la 72 de ani. A avut o carier\u0103 de peste patru decenii \u00een pres\u0103, televiziune \u0219i \u00een \u00eenv\u0103\u021b\u0103m\u00e2ntul superior.<\/strong><\/p>\n<p><em>\u201eO sor\u0103 a mea, om drept \u0219i bun, cu sim\u021bul justi\u021biei \u0219i al binelui public a murit, Br\u00eendu\u0219a Armanca. Suntem mai pu\u021bini.\u201d<\/em>, a anun\u021bat scriitorul \u0219i diplomatul Vasile Popovici.<\/p>\n<p class=\"isSelectedEnd\">Un mesaj de condolean\u021be a transmis \u0219i Teodor Baconschi, fost ministru de Externe.<\/p>\n<p><em>\u201eAflu c\u0103 s-a stins d-na Br\u00e2ndu\u0219a Armanca. \u0218tiu de la prietenii s\u0103i timi\u0219oreni c\u0103 a trecut, s\u0103raca, printr-o dur\u0103 agonie \u00een ATI. A fost un om onest, curajos, tenace \u0219i totodat\u0103 de mare bun sim\u021b. A format \u00een spirit democratic multe promo\u021bii de viitori jurnali\u0219ti. \u0218tiu de asemenea c\u0103 a avut o misiune fructuoas\u0103 ca director al ICR Budapesta. Condolean\u021be familiei! Dumnezeu s\u0103 o odihneasc\u0103 \u00een pace!\u201d<\/em>, a transmis Baconschi.<\/p>\n<p class=\"isSelectedEnd\">Br\u00eendu\u0219a Armanca a fost desemnat\u0103 recent Cet\u0103\u021bean de Onoare al Timi\u0219oarei, pentru contribu\u021bia sa la jurnalismul \u0219i via\u021ba cultural\u0103 a ora\u0219ului.<\/p>\n<p class=\"isSelectedEnd\">A lucrat la publica\u021bii precum \u201eExpres\u201d, \u201eOrizont\u201d \u0219i \u201eAverea\u201d, iar \u00eentre 1997 \u0219i 2003 a condus Studioul Teritorial TVR Timi\u0219oara, unde a realizat mai multe documentare, printre care \u201eTimi\u0219oara rozelor\u201d.<\/p>\n<p class=\"isSelectedEnd\">A fost profesor de jurnalism la Universitatea de Vest din Timi\u0219oara, unde a format mai multe genera\u021bii de jurnali\u0219ti, iar \u00eentre 2006 \u0219i 2012 a condus Institutul Cultural Rom\u00e2n de la Budapesta.<\/p>\n<p class=\"isSelectedEnd\">Br\u00eendu\u0219a Armanca a publicat mai multe volume despre jurnalism \u0219i comunicare \u0219i a primit de-a lungul carierei numeroase premii, inclusiv distinc\u021bii APTR \u0219i Premiul \u201eDiogene\u201d pentru jurnalism radio la Europa Liber\u0103.<\/p>\n<p class=\"isSelectedEnd\">\u00cen 2023, a realizat, \u00eempreun\u0103 cu Judith Klein, documentarul \u201e\u00cen c\u0103utarea Hertei M\u00fcller. Literatura salvat\u0103\u201d.<\/p>\n<\/div>\n<div id=\"social-box\">\n<ul class=\"post-social\">\n<li class=\"fb-line\">\n<li><a href=\"http:\/\/twitter.com\/share\" class=\"twitter-share-button\" data-lang=\"en\" data-count=\"horizontal\">Tweet<\/a><\/li>\n<li>\n<li><a href=\"http:\/\/pinterest.com\/pin\/create\/button\/?url=https%3A%2F%2Fexpressdebanat.ro%2Fbrindusa-armanca-a-murit-jurnalista-avea-72-de-ani%2F&amp;media=https:\/\/cdn.expressdebanat.ro\/wp-content\/uploads\/2026\/08\/brindusa-armanca.jpg&amp;description=Br%C3%AEndu%C8%99a%20Armanca%20a%20murit.%20Jurnalista%20avea%2072%20de%20ani\" class=\"pin-it-button\">Pin It<\/a><\/li>\n<\/ul>\n<\/div>\n<\/div>\n<div id=\"content-area\">\n<div class=\"post-image\"><img loading=\"lazy\" decoding=\"async\" width=\"620\" height=\"400\" src=\"https:\/\/cdn.expressdebanat.ro\/wp-content\/uploads\/2026\/08\/brindusa-armanca-620x400.jpg\" class=\"attachment-post-thumb size-post-thumb wp-post-image perfmatters-lazy\" alt=\"brindusa armanca\"><img loading=\"lazy\" decoding=\"async\" width=\"620\" height=\"400\" src=\"https:\/\/cdn.expressdebanat.ro\/wp-content\/uploads\/2026\/08\/brindusa-armanca-620x400.jpg\" class=\"attachment-post-thumb size-post-thumb wp-post-image\" alt=\"brindusa armanca\"><\/div>\n<div class=\"fwoyd6a93541f512c6\"><img loading=\"lazy\" decoding=\"async\" class=\"size-full wp-image-947090 perfmatters-lazy\" src=\"https:\/\/cdn.expressdebanat.ro\/wp-content\/uploads\/2025\/10\/banner-1164-x-200-px.jpg\" alt=\"banner 1164 x 200 px\" width=\"1000\" height=\"171\"><img loading=\"lazy\" decoding=\"async\" class=\"size-full wp-image-947090\" src=\"https:\/\/cdn.expressdebanat.ro\/wp-content\/uploads\/2025\/10\/banner-1164-x-200-px.jpg\" alt=\"banner 1164 x 200 px\" width=\"1000\" height=\"171\"><\/div>\n<p class=\"isSelectedEnd\"><strong>Jurnalista \u0219i profesoara universitar\u0103 Br\u00eendu\u0219a Armanca a murit la 72 de ani. A avut o carier\u0103 de peste patru decenii \u00een pres\u0103, televiziune \u0219i \u00een \u00eenv\u0103\u021b\u0103m\u00e2ntul superior.<\/strong><\/p>\n<p><em>\u201eO sor\u0103 a mea, om drept \u0219i bun, cu sim\u021bul justi\u021biei \u0219i al binelui public a murit, Br\u00eendu\u0219a Armanca. Suntem mai pu\u021bini.\u201d<\/em>, a anun\u021bat scriitorul \u0219i diplomatul Vasile Popovici.<\/p>\n<p class=\"isSelectedEnd\">Un mesaj de condolean\u021be a transmis \u0219i Teodor Baconschi, fost ministru de Externe.<\/p>\n<p><em>\u201eAflu c\u0103 s-a stins d-na Br\u00e2ndu\u0219a Armanca. \u0218tiu de la prietenii s\u0103i timi\u0219oreni c\u0103 a trecut, s\u0103raca, printr-o dur\u0103 agonie \u00een ATI. A fost un om onest, curajos, tenace \u0219i totodat\u0103 de mare bun sim\u021b. A format \u00een spirit democratic multe promo\u021bii de viitori jurnali\u0219ti. \u0218tiu de asemenea c\u0103 a avut o misiune fructuoas\u0103 ca director al ICR Budapesta. Condolean\u021be familiei! Dumnezeu s\u0103 o odihneasc\u0103 \u00een pace!\u201d<\/em>, a transmis Baconschi.<\/p>\n<p class=\"isSelectedEnd\">Br\u00eendu\u0219a Armanca a fost desemnat\u0103 recent Cet\u0103\u021bean de Onoare al Timi\u0219oarei, pentru contribu\u021bia sa la jurnalismul \u0219i via\u021ba cultural\u0103 a ora\u0219ului.<\/p>\n<p class=\"isSelectedEnd\">A lucrat la publica\u021bii precum \u201eExpres\u201d, \u201eOrizont\u201d \u0219i \u201eAverea\u201d, iar \u00eentre 1997 \u0219i 2003 a condus Studioul Teritorial TVR Timi\u0219oara, unde a realizat mai multe documentare, printre care \u201eTimi\u0219oara rozelor\u201d.<\/p>\n<p class=\"isSelectedEnd\">A fost profesor de jurnalism la Universitatea de Vest din Timi\u0219oara, unde a format mai multe genera\u021bii de jurnali\u0219ti, iar \u00eentre 2006 \u0219i 2012 a condus Institutul Cultural Rom\u00e2n de la Budapesta.<\/p>\n<p class=\"isSelectedEnd\">Br\u00eendu\u0219a Armanca a publicat mai multe volume despre jurnalism \u0219i comunicare \u0219i a primit de-a lungul carierei numeroase premii, inclusiv distinc\u021bii APTR \u0219i Premiul \u201eDiogene\u201d pentru jurnalism radio la Europa Liber\u0103.<\/p>\n<p class=\"isSelectedEnd\">\u00cen 2023, a realizat, \u00eempreun\u0103 cu Judith Klein, documentarul \u201e\u00cen c\u0103utarea Hertei M\u00fcller. Literatura salvat\u0103\u201d.<\/p>\n<\/div>\n<p>[analyse_source url=&#8221;https:\/\/expressdebanat.ro\/brindusa-armanca-a-murit-jurnalista-avea-72-de-ani\/&#8221;]<\/p>\n","protected":false},"excerpt":{"rendered":"<p>[analyse_image type=&#8221;featured&#8221; src=&#8221;https:\/\/cdn.expressdebanat.ro\/wp-content\/uploads\/2026\/08\/brindusa-armanca.jpg&#8221;] Jurnalista \u0219i profesoara universitar\u0103 Br\u00eendu\u0219a Armanca a murit la 72 de ani. A avut o carier\u0103 de peste patru decenii \u00een pres\u0103, televiziune \u0219i \u00een \u00eenv\u0103\u021b\u0103m\u00e2ntul superior. \u201eO sor\u0103 a mea, om drept \u0219i bun, cu sim\u021bul justi\u021biei \u0219i al binelui public a murit, Br\u00eendu\u0219a Armanca. Suntem mai pu\u021bini.\u201d, a anun\u021bat scriitorul [&hellip;]<\/p>\n","protected":false},"author":1,"featured_media":0,"comment_status":"open","ping_status":"","sticky":false,"template":"","format":"standard","meta":{"footnotes":""},"categories":[89],"tags":[226,196],"class_list":["post-2118496","post","type-post","status-publish","format-standard","hentry","category-romania","tag-crawlmanager","tag-expressdebanat-ro"],"_links":{"self":[{"href":"https:\/\/analyse.optim.biz\/index.php?rest_route=\/wp\/v2\/posts\/2118496","targetHints":{"allow":["GET"]}}],"collection":[{"href":"https:\/\/analyse.optim.biz\/index.php?rest_route=\/wp\/v2\/posts"}],"about":[{"href":"https:\/\/analyse.optim.biz\/index.php?rest_route=\/wp\/v2\/types\/post"}],"author":[{"embeddable":true,"href":"https:\/\/analyse.optim.biz\/index.php?rest_route=\/wp\/v2\/users\/1"}],"replies":[{"embeddable":true,"href":"https:\/\/analyse.optim.biz\/index.php?rest_route=%2Fwp%2Fv2%2Fcomments&post=2118496"}],"version-history":[{"count":0,"href":"https:\/\/analyse.optim.biz\/index.php?rest_route=\/wp\/v2\/posts\/2118496\/revisions"}],"wp:attachment":[{"href":"https:\/\/analyse.optim.biz\/index.php?rest_route=%2Fwp%2Fv2%2Fmedia&parent=2118496"}],"wp:term":[{"taxonomy":"category","embeddable":true,"href":"https:\/\/analyse.optim.biz\/index.php?rest_route=%2Fwp%2Fv2%2Fcategories&post=2118496"},{"taxonomy":"post_tag","embeddable":true,"href":"https:\/\/analyse.optim.biz\/index.php?rest_route=%2Fwp%2Fv2%2Ftags&post=2118496"}],"curies":[{"name":"wp","href":"https:\/\/api.w.org\/{rel}","templated":true}]}}