{"id":2118494,"date":"2026-08-28T09:26:59","date_gmt":"2026-08-28T06:26:59","guid":{"rendered":"https:\/\/analyse.optim.biz\/?p=2118494"},"modified":"2026-08-28T09:26:59","modified_gmt":"2026-08-28T06:26:59","slug":"bolojan-si-fritz-bat-palma-pentru-primaria-timisoara-ruben-latcau-varianta-usr","status":"publish","type":"post","link":"https:\/\/analyse.optim.biz\/?p=2118494","title":{"rendered":"Bolojan \u0219i Fritz bat palma pentru Prim\u0103ria Timi\u0219oara. Ruben La\u021bc\u0103u, varianta USR"},"content":{"rendered":"<p>[analyse_image type=&#8221;featured&#8221; src=&#8221;https:\/\/cdn.expressdebanat.ro\/wp-content\/uploads\/2026\/08\/fritz-si-bolojan.jpeg&#8221;]<\/p>\n<div id=\"post-area\" class=\"post-981898 post type-post status-publish format-standard has-post-thumbnail hentry category-politica category-timis category-timisoara tag-alegeri-timisoara tag-articol-principal tag-important tag-pnl tag-primaria-timisoara tag-ruben-latcau tag-usr\">\n<div id=\"social-box\">\n<ul class=\"post-social\">\n<li class=\"social-share-button\">\n<li class=\"social-share-button\">\n<li class=\"social-share-button\"><\/ul>\n<\/div>\n<div id=\"content-area\">\n<div class=\"post-image\"><img loading=\"lazy\" decoding=\"async\" width=\"620\" height=\"400\" src=\"https:\/\/cdn.expressdebanat.ro\/wp-content\/uploads\/2026\/08\/fritz-si-bolojan-620x400.jpeg\" class=\"attachment-post-thumb size-post-thumb wp-post-image perfmatters-lazy\" alt=\"fritz si bolojan\"><img loading=\"lazy\" decoding=\"async\" width=\"620\" height=\"400\" src=\"https:\/\/cdn.expressdebanat.ro\/wp-content\/uploads\/2026\/08\/fritz-si-bolojan-620x400.jpeg\" class=\"attachment-post-thumb size-post-thumb wp-post-image\" alt=\"fritz si bolojan\"><\/div>\n<p class=\"isSelectedEnd\"><strong>PNL \u0219i USR s-ar fi \u00een\u021beles s\u0103 sus\u021bin\u0103 un candidat comun la Prim\u0103ria Timi\u0219oara, dup\u0103 plecarea lui Dominic Fritz, potrivit unor surse politice citate de Adev\u0103rul. Una dintre variantele discutate este actualul viceprimar USR Ruben La\u021bc\u0103u.<\/strong><\/p>\n<p class=\"isSelectedEnd\">Potrivit surselor citate, Ilie Bolojan \u0219i Dominic Fritz au discutat despre un candidat comun pentru alegerile par\u021biale care ar putea avea loc la Timi\u0219oara \u00een aceast\u0103 toamn\u0103. Candidatul ar putea fi din USR sau un independent cunoscut \u00een ora\u0219.<\/p>\n<p class=\"isSelectedEnd\">Ruben La\u021bc\u0103u este una dintre variantele luate \u00een calcul. PSD ar putea intra \u00een curs\u0103 cu Alexandru Rogobete, fost ministru al S\u0103n\u0103t\u0103\u021bii \u00een Guvernul Bolojan, mai scrie Adev\u0103rul.<\/p>\n<p class=\"isSelectedEnd\">Dominic Fritz ar urma s\u0103 \u00ee\u0219i \u00eencheie mandatul la sf\u00e2r\u0219itul lunii septembrie, dup\u0103 promulgarea noii Legi ANI, \u0219i s\u0103 r\u0103m\u00e2n\u0103 cu pozi\u021bia de conducere la USR. Potrivit informa\u021biilor citate, Fritz nu ar putea candida timp de trei ani la alegeri, \u00eens\u0103, \u00een cazul \u00een care USR r\u0103m\u00e2ne la guvernare, ar putea ocupa o func\u021bie de ministru.<\/p>\n<p class=\"isSelectedEnd\">Data alegerilor par\u021biale va fi stabilit\u0103 de noul Guvern.<\/p>\n<\/div>\n<div id=\"social-box\">\n<ul class=\"post-social\">\n<li class=\"fb-line\">\n<li><a href=\"http:\/\/twitter.com\/share\" class=\"twitter-share-button\" data-lang=\"en\" data-count=\"horizontal\">Tweet<\/a><\/li>\n<li>\n<li><a href=\"http:\/\/pinterest.com\/pin\/create\/button\/?url=https%3A%2F%2Fexpressdebanat.ro%2Fbolojan-si-fritz-bat-palma-pentru-primaria-timisoara-ruben-latcau-varianta-usr%2F&amp;media=https:\/\/cdn.expressdebanat.ro\/wp-content\/uploads\/2026\/08\/fritz-si-bolojan.jpeg&amp;description=Bolojan%20%C8%99i%20Fritz%20bat%20palma%20pentru%20Prim%C4%83ria%20Timi%C8%99oara.%20Ruben%20La%C8%9Bc%C4%83u,%20varianta%20USR\" class=\"pin-it-button\">Pin It<\/a><\/li>\n<\/ul>\n<\/div>\n<\/div>\n<div id=\"content-area\">\n<div class=\"post-image\"><img loading=\"lazy\" decoding=\"async\" width=\"620\" height=\"400\" src=\"https:\/\/cdn.expressdebanat.ro\/wp-content\/uploads\/2026\/08\/fritz-si-bolojan-620x400.jpeg\" class=\"attachment-post-thumb size-post-thumb wp-post-image perfmatters-lazy\" alt=\"fritz si bolojan\"><img loading=\"lazy\" decoding=\"async\" width=\"620\" height=\"400\" src=\"https:\/\/cdn.expressdebanat.ro\/wp-content\/uploads\/2026\/08\/fritz-si-bolojan-620x400.jpeg\" class=\"attachment-post-thumb size-post-thumb wp-post-image\" alt=\"fritz si bolojan\"><\/div>\n<p class=\"isSelectedEnd\"><strong>PNL \u0219i USR s-ar fi \u00een\u021beles s\u0103 sus\u021bin\u0103 un candidat comun la Prim\u0103ria Timi\u0219oara, dup\u0103 plecarea lui Dominic Fritz, potrivit unor surse politice citate de Adev\u0103rul. Una dintre variantele discutate este actualul viceprimar USR Ruben La\u021bc\u0103u.<\/strong><\/p>\n<p class=\"isSelectedEnd\">Potrivit surselor citate, Ilie Bolojan \u0219i Dominic Fritz au discutat despre un candidat comun pentru alegerile par\u021biale care ar putea avea loc la Timi\u0219oara \u00een aceast\u0103 toamn\u0103. Candidatul ar putea fi din USR sau un independent cunoscut \u00een ora\u0219.<\/p>\n<p class=\"isSelectedEnd\">Ruben La\u021bc\u0103u este una dintre variantele luate \u00een calcul. PSD ar putea intra \u00een curs\u0103 cu Alexandru Rogobete, fost ministru al S\u0103n\u0103t\u0103\u021bii \u00een Guvernul Bolojan, mai scrie Adev\u0103rul.<\/p>\n<p class=\"isSelectedEnd\">Dominic Fritz ar urma s\u0103 \u00ee\u0219i \u00eencheie mandatul la sf\u00e2r\u0219itul lunii septembrie, dup\u0103 promulgarea noii Legi ANI, \u0219i s\u0103 r\u0103m\u00e2n\u0103 cu pozi\u021bia de conducere la USR. Potrivit informa\u021biilor citate, Fritz nu ar putea candida timp de trei ani la alegeri, \u00eens\u0103, \u00een cazul \u00een care USR r\u0103m\u00e2ne la guvernare, ar putea ocupa o func\u021bie de ministru.<\/p>\n<p class=\"isSelectedEnd\">Data alegerilor par\u021biale va fi stabilit\u0103 de noul Guvern.<\/p>\n<\/div>\n<p>[analyse_source url=&#8221;https:\/\/expressdebanat.ro\/bolojan-si-fritz-bat-palma-pentru-primaria-timisoara-ruben-latcau-varianta-usr\/&#8221;]<\/p>\n","protected":false},"excerpt":{"rendered":"<p>[analyse_image type=&#8221;featured&#8221; src=&#8221;https:\/\/cdn.expressdebanat.ro\/wp-content\/uploads\/2026\/08\/fritz-si-bolojan.jpeg&#8221;] PNL \u0219i USR s-ar fi \u00een\u021beles s\u0103 sus\u021bin\u0103 un candidat comun la Prim\u0103ria Timi\u0219oara, dup\u0103 plecarea lui Dominic Fritz, potrivit unor surse politice citate de Adev\u0103rul. Una dintre variantele discutate este actualul viceprimar USR Ruben La\u021bc\u0103u. Potrivit surselor citate, Ilie Bolojan \u0219i Dominic Fritz au discutat despre un candidat comun pentru alegerile [&hellip;]<\/p>\n","protected":false},"author":1,"featured_media":0,"comment_status":"open","ping_status":"","sticky":false,"template":"","format":"standard","meta":{"footnotes":""},"categories":[89],"tags":[226,196],"class_list":["post-2118494","post","type-post","status-publish","format-standard","hentry","category-romania","tag-crawlmanager","tag-expressdebanat-ro"],"_links":{"self":[{"href":"https:\/\/analyse.optim.biz\/index.php?rest_route=\/wp\/v2\/posts\/2118494","targetHints":{"allow":["GET"]}}],"collection":[{"href":"https:\/\/analyse.optim.biz\/index.php?rest_route=\/wp\/v2\/posts"}],"about":[{"href":"https:\/\/analyse.optim.biz\/index.php?rest_route=\/wp\/v2\/types\/post"}],"author":[{"embeddable":true,"href":"https:\/\/analyse.optim.biz\/index.php?rest_route=\/wp\/v2\/users\/1"}],"replies":[{"embeddable":true,"href":"https:\/\/analyse.optim.biz\/index.php?rest_route=%2Fwp%2Fv2%2Fcomments&post=2118494"}],"version-history":[{"count":0,"href":"https:\/\/analyse.optim.biz\/index.php?rest_route=\/wp\/v2\/posts\/2118494\/revisions"}],"wp:attachment":[{"href":"https:\/\/analyse.optim.biz\/index.php?rest_route=%2Fwp%2Fv2%2Fmedia&parent=2118494"}],"wp:term":[{"taxonomy":"category","embeddable":true,"href":"https:\/\/analyse.optim.biz\/index.php?rest_route=%2Fwp%2Fv2%2Fcategories&post=2118494"},{"taxonomy":"post_tag","embeddable":true,"href":"https:\/\/analyse.optim.biz\/index.php?rest_route=%2Fwp%2Fv2%2Ftags&post=2118494"}],"curies":[{"name":"wp","href":"https:\/\/api.w.org\/{rel}","templated":true}]}}