{"id":2118493,"date":"2026-08-28T06:34:21","date_gmt":"2026-08-28T03:34:21","guid":{"rendered":"https:\/\/analyse.optim.biz\/?p=2118493"},"modified":"2026-08-28T06:34:21","modified_gmt":"2026-08-28T03:34:21","slug":"fritz-reinterpreteaza-scrisoarea-trimisa-comisiei-europene-privind-blocarea-a-770-de-milioane-de-euro","status":"publish","type":"post","link":"https:\/\/analyse.optim.biz\/?p=2118493","title":{"rendered":"Fritz reinterpreteaz\u0103 scrisoarea trimis\u0103 Comisiei Europene privind blocarea a 770 de milioane de euro!"},"content":{"rendered":"<p>[analyse_image type=&#8221;featured&#8221; src=&#8221;https:\/\/cdn.expressdebanat.ro\/wp-content\/uploads\/2026\/08\/fritz_usr_ce.jpg&#8221;]<\/p>\n<div id=\"post-area\" class=\"post-981866 post type-post status-publish format-standard has-post-thumbnail hentry category-politica category-timis category-timisoara tag-comisie-europeana tag-dominic-fritz tag-express-de-banat tag-important tag-legea-integritatii tag-pnrr tag-ppe tag-primar-timisoara tag-renew tag-usr\">\n<div id=\"social-box\">\n<ul class=\"post-social\">\n<li class=\"social-share-button\">\n<li class=\"social-share-button\">\n<li class=\"social-share-button\"><\/ul>\n<\/div>\n<div id=\"content-area\">\n<div class=\"post-image\"><img loading=\"lazy\" decoding=\"async\" width=\"620\" height=\"400\" src=\"https:\/\/cdn.expressdebanat.ro\/wp-content\/uploads\/2026\/08\/fritz_usr_ce-620x400.jpg\" class=\"attachment-post-thumb size-post-thumb wp-post-image perfmatters-lazy\" alt=\"fritz usr ce\"><img loading=\"lazy\" decoding=\"async\" width=\"620\" height=\"400\" src=\"https:\/\/cdn.expressdebanat.ro\/wp-content\/uploads\/2026\/08\/fritz_usr_ce-620x400.jpg\" class=\"attachment-post-thumb size-post-thumb wp-post-image\" alt=\"fritz usr ce\"><\/div>\n<p><strong>Pre\u0219edintele USR sus\u021bine c\u0103 scrisoarea transmis\u0103 de Partidul Popular European (PPE) \u0219i grupul Renew Europe Comisiei Europene a fost \u00een\u021beleas\u0103 gre\u0219it!<\/strong><\/p>\n<p>Potrivit lui Dominic Fritz, \u00een scrisoarea respectiv\u0103 nu se solicit\u0103 blocarea celor 770 de milioane de euro din fondurile PNRR destinate Rom\u00e2niei ca o consecin\u021b\u0103 a adopt\u0103rii noii legi a integrit\u0103\u021bii.<\/p>\n<p><em>\u201eNu despre asta a fost scrisoarea. Scrisoarea a fost una \u00een favoarea Rom\u00e2niei, scrisoarea a fost una ca Rom\u00e2nia s\u0103 primeasc\u0103 ace\u0219ti bani \u0219i tocmai de aceea scrisoarea a avertizat ce se va \u00eent\u00e2mpla dac\u0103 vom depune ca un jalon o lege care nu corespunde cu dreptul european. Pentru c\u0103 atunci Comisia, nu e o chestie de cum se trezesc ei diminea\u021b\u0103 \u0219i ce aleg, ci atunci ei sunt obliga\u021bi s\u0103 nu ramburseze ace\u0219ti bani dac\u0103 contravine dreptul european. \u0218i tocmai acest pericol a pus pe mas\u0103 aceast\u0103 scrisoare nu a fost, chiar dac\u0103 \u0219tiu c\u0103 a\u0219a unii au preluat-o.\u201d,<\/em> a spus Fritz.<\/p>\n<p>Acesta a mai spus c\u0103 USR analizeaz\u0103 posibilitatea de a sesiza Curtea Constitu\u021bional\u0103 \u00een cazul legii: <em>\u201eS\u0103 vedem, s\u0103 vedem dac\u0103 exist\u0103 suficien\u021bi parlamentari. Asta e ceva ce se \u00eent\u00e2mpl\u0103 la nivel de parlament. Acum a trebuit s\u0103 vedem cine sus\u021bine s\u0103 sesiz\u0103m Curtea.\u201d<\/em><\/p>\n<p><em>\u201e\u0218i asta e, cum s\u0103 spun, asta e o chestie de igien\u0103 institu\u021bional\u0103, democratic\u0103, nu-i vorba despre mine, de\u0219i acum eu am devenit cumva fa\u021ba acestei legi, dar este vorba despre demnitatea Rom\u00e2niei \u0219i despre cele mai fundamentale reguli \u00eentr-un stat de drept. C\u0103 nu po\u021bi inventa o nou\u0103 sanc\u021biune dup\u0103 ce ai sanc\u021bionat deja definitiv pe cineva.\u201d<\/em>, a spus liderul USR.<\/p>\n<p>\u00a0<\/p>\n<p>FOTO: Inquam Photos \/<a href=\"https:\/\/inquamphotos.com\/user\/george-calin\">George\u00a0C\u0103lin<\/a><\/p>\n<\/div>\n<div id=\"social-box\">\n<ul class=\"post-social\">\n<li class=\"fb-line\">\n<li><a href=\"http:\/\/twitter.com\/share\" class=\"twitter-share-button\" data-lang=\"en\" data-count=\"horizontal\">Tweet<\/a><\/li>\n<li>\n<li><a href=\"http:\/\/pinterest.com\/pin\/create\/button\/?url=https%3A%2F%2Fexpressdebanat.ro%2Ffritz-reinterpreteaza-scrisoarea-trimisa-comisiei-europene-privind-blocarea-a-770-de-milioane-de-euro%2F&amp;media=https:\/\/cdn.expressdebanat.ro\/wp-content\/uploads\/2026\/08\/fritz_usr_ce.jpg&amp;description=Fritz%20reinterpreteaz%C4%83%20scrisoarea%20trimis%C4%83%20Comisiei%20Europene%20privind%20blocarea%20a%20770%20de%20milioane%20de%20euro!\" class=\"pin-it-button\">Pin It<\/a><\/li>\n<\/ul>\n<\/div>\n<\/div>\n<div id=\"content-area\">\n<div class=\"post-image\"><img loading=\"lazy\" decoding=\"async\" width=\"620\" height=\"400\" src=\"https:\/\/cdn.expressdebanat.ro\/wp-content\/uploads\/2026\/08\/fritz_usr_ce-620x400.jpg\" class=\"attachment-post-thumb size-post-thumb wp-post-image perfmatters-lazy\" alt=\"fritz usr ce\"><img loading=\"lazy\" decoding=\"async\" width=\"620\" height=\"400\" src=\"https:\/\/cdn.expressdebanat.ro\/wp-content\/uploads\/2026\/08\/fritz_usr_ce-620x400.jpg\" class=\"attachment-post-thumb size-post-thumb wp-post-image\" alt=\"fritz usr ce\"><\/div>\n<p><strong>Pre\u0219edintele USR sus\u021bine c\u0103 scrisoarea transmis\u0103 de Partidul Popular European (PPE) \u0219i grupul Renew Europe Comisiei Europene a fost \u00een\u021beleas\u0103 gre\u0219it!<\/strong><\/p>\n<p>Potrivit lui Dominic Fritz, \u00een scrisoarea respectiv\u0103 nu se solicit\u0103 blocarea celor 770 de milioane de euro din fondurile PNRR destinate Rom\u00e2niei ca o consecin\u021b\u0103 a adopt\u0103rii noii legi a integrit\u0103\u021bii.<\/p>\n<p><em>\u201eNu despre asta a fost scrisoarea. Scrisoarea a fost una \u00een favoarea Rom\u00e2niei, scrisoarea a fost una ca Rom\u00e2nia s\u0103 primeasc\u0103 ace\u0219ti bani \u0219i tocmai de aceea scrisoarea a avertizat ce se va \u00eent\u00e2mpla dac\u0103 vom depune ca un jalon o lege care nu corespunde cu dreptul european. Pentru c\u0103 atunci Comisia, nu e o chestie de cum se trezesc ei diminea\u021b\u0103 \u0219i ce aleg, ci atunci ei sunt obliga\u021bi s\u0103 nu ramburseze ace\u0219ti bani dac\u0103 contravine dreptul european. \u0218i tocmai acest pericol a pus pe mas\u0103 aceast\u0103 scrisoare nu a fost, chiar dac\u0103 \u0219tiu c\u0103 a\u0219a unii au preluat-o.\u201d,<\/em> a spus Fritz.<\/p>\n<p>Acesta a mai spus c\u0103 USR analizeaz\u0103 posibilitatea de a sesiza Curtea Constitu\u021bional\u0103 \u00een cazul legii: <em>\u201eS\u0103 vedem, s\u0103 vedem dac\u0103 exist\u0103 suficien\u021bi parlamentari. Asta e ceva ce se \u00eent\u00e2mpl\u0103 la nivel de parlament. Acum a trebuit s\u0103 vedem cine sus\u021bine s\u0103 sesiz\u0103m Curtea.\u201d<\/em><\/p>\n<p><em>\u201e\u0218i asta e, cum s\u0103 spun, asta e o chestie de igien\u0103 institu\u021bional\u0103, democratic\u0103, nu-i vorba despre mine, de\u0219i acum eu am devenit cumva fa\u021ba acestei legi, dar este vorba despre demnitatea Rom\u00e2niei \u0219i despre cele mai fundamentale reguli \u00eentr-un stat de drept. C\u0103 nu po\u021bi inventa o nou\u0103 sanc\u021biune dup\u0103 ce ai sanc\u021bionat deja definitiv pe cineva.\u201d<\/em>, a spus liderul USR.<\/p>\n<p>\u00a0<\/p>\n<p>FOTO: Inquam Photos \/<a href=\"https:\/\/inquamphotos.com\/user\/george-calin\">George\u00a0C\u0103lin<\/a><\/p>\n<\/div>\n<p>[analyse_source url=&#8221;https:\/\/expressdebanat.ro\/fritz-reinterpreteaza-scrisoarea-trimisa-comisiei-europene-privind-blocarea-a-770-de-milioane-de-euro\/&#8221;]<\/p>\n","protected":false},"excerpt":{"rendered":"<p>[analyse_image type=&#8221;featured&#8221; src=&#8221;https:\/\/cdn.expressdebanat.ro\/wp-content\/uploads\/2026\/08\/fritz_usr_ce.jpg&#8221;] Pre\u0219edintele USR sus\u021bine c\u0103 scrisoarea transmis\u0103 de Partidul Popular European (PPE) \u0219i grupul Renew Europe Comisiei Europene a fost \u00een\u021beleas\u0103 gre\u0219it! Potrivit lui Dominic Fritz, \u00een scrisoarea respectiv\u0103 nu se solicit\u0103 blocarea celor 770 de milioane de euro din fondurile PNRR destinate Rom\u00e2niei ca o consecin\u021b\u0103 a adopt\u0103rii noii legi a integrit\u0103\u021bii. [&hellip;]<\/p>\n","protected":false},"author":1,"featured_media":0,"comment_status":"open","ping_status":"","sticky":false,"template":"","format":"standard","meta":{"footnotes":""},"categories":[89],"tags":[226,196],"class_list":["post-2118493","post","type-post","status-publish","format-standard","hentry","category-romania","tag-crawlmanager","tag-expressdebanat-ro"],"_links":{"self":[{"href":"https:\/\/analyse.optim.biz\/index.php?rest_route=\/wp\/v2\/posts\/2118493","targetHints":{"allow":["GET"]}}],"collection":[{"href":"https:\/\/analyse.optim.biz\/index.php?rest_route=\/wp\/v2\/posts"}],"about":[{"href":"https:\/\/analyse.optim.biz\/index.php?rest_route=\/wp\/v2\/types\/post"}],"author":[{"embeddable":true,"href":"https:\/\/analyse.optim.biz\/index.php?rest_route=\/wp\/v2\/users\/1"}],"replies":[{"embeddable":true,"href":"https:\/\/analyse.optim.biz\/index.php?rest_route=%2Fwp%2Fv2%2Fcomments&post=2118493"}],"version-history":[{"count":0,"href":"https:\/\/analyse.optim.biz\/index.php?rest_route=\/wp\/v2\/posts\/2118493\/revisions"}],"wp:attachment":[{"href":"https:\/\/analyse.optim.biz\/index.php?rest_route=%2Fwp%2Fv2%2Fmedia&parent=2118493"}],"wp:term":[{"taxonomy":"category","embeddable":true,"href":"https:\/\/analyse.optim.biz\/index.php?rest_route=%2Fwp%2Fv2%2Fcategories&post=2118493"},{"taxonomy":"post_tag","embeddable":true,"href":"https:\/\/analyse.optim.biz\/index.php?rest_route=%2Fwp%2Fv2%2Ftags&post=2118493"}],"curies":[{"name":"wp","href":"https:\/\/api.w.org\/{rel}","templated":true}]}}