{"id":2118491,"date":"2026-08-28T06:00:56","date_gmt":"2026-08-28T03:00:56","guid":{"rendered":"https:\/\/analyse.optim.biz\/?p=2118491"},"modified":"2026-08-28T06:00:56","modified_gmt":"2026-08-28T03:00:56","slug":"dominic-fritz-nu-abandoneaza-timisoara","status":"publish","type":"post","link":"https:\/\/analyse.optim.biz\/?p=2118491","title":{"rendered":"Dominic Fritz nu abandoneaz\u0103 Timi\u0219oara!"},"content":{"rendered":"<p>[analyse_image type=&#8221;featured&#8221; src=&#8221;https:\/\/cdn.expressdebanat.ro\/wp-content\/uploads\/2026\/08\/fritz_demisie.jpg&#8221;]<\/p>\n<div id=\"post-area\" class=\"post-981861 post type-post status-publish format-standard has-post-thumbnail hentry category-politica category-timis category-timisoara tag-articol-principal tag-demisie tag-dominic-fritz tag-express-de-banat tag-important tag-legea-integritatii tag-primar-timisoara\">\n<div id=\"social-box\">\n<ul class=\"post-social\">\n<li class=\"social-share-button\">\n<li class=\"social-share-button\">\n<li class=\"social-share-button\"><\/ul>\n<\/div>\n<div id=\"content-area\">\n<div class=\"post-image\"><img loading=\"lazy\" decoding=\"async\" width=\"620\" height=\"400\" src=\"https:\/\/cdn.expressdebanat.ro\/wp-content\/uploads\/2026\/08\/fritz_demisie-620x400.jpg\" class=\"attachment-post-thumb size-post-thumb wp-post-image perfmatters-lazy\" alt=\"fritz demisie\"><img loading=\"lazy\" decoding=\"async\" width=\"620\" height=\"400\" src=\"https:\/\/cdn.expressdebanat.ro\/wp-content\/uploads\/2026\/08\/fritz_demisie-620x400.jpg\" class=\"attachment-post-thumb size-post-thumb wp-post-image\" alt=\"fritz demisie\"><\/div>\n<p><strong>Dominic Fritz nu \u00ee\u0219i va da demisia din func\u021bia de primar al Timi\u0219oarei, dup\u0103 adoptarea noii Legi a Integrit\u0103\u021bii!<\/strong><\/p>\n<p>\u00centrebat dac\u0103 s-a g\u00e2ndit s\u0103 demisioneze, Fritz a sus\u021binut c\u0103 o eventual\u0103 plecare a sa nu ar rezolva problema pe care o ridic\u0103 \u00een cazul legii, despre care spune c\u0103 este contrar\u0103 dreptului european.<\/p>\n<p><em>\u201eS\u0103 zicem c\u0103 mi-a\u0219 da demisia. Legea tot e \u00een vigoare \u0219i tot contravine dreptului european. De aia zic, nu e despre mine. Este despre Constitu\u021bie \u0219i despre dreptul european\u201d<\/em>, a declarat Fritz, la Digi24.<\/p>\n<p>El a spus c\u0103 aceast\u0103 lege nu are leg\u0103tur\u0103 cu el, ci cu faptul c\u0103 \u201enu po\u021bi inventa o sanc\u021biune retroactiv\u0103\u201d.<\/p>\n<p><em>\u201eDe ce s\u0103-mi dau demisia dac\u0103 eu m-am dus \u00een fa\u021ba timi\u0219orenilor \u0219i mi-au dat un mandat de patru ani. Mi-au dat un mandat de patru ani. P\u00e2n\u0103 \u00een ultima zi, nu m\u0103 voi ascunde de acest mandat \u0219i nu voi abandona Timi\u0219oara \u00een niciun caz\u201d,<\/em> a mai spus Fritz.<\/p>\n<p>Liderul USR a lansat acuza\u021bii grave la adresa social-democra\u021bilor.<\/p>\n<p><em>\u201eAr fi grav s\u0103 ne l\u0103s\u0103m c\u0103lca\u021bi \u00een picioare de un sistem de borfa\u0219i\u201d<\/em>, a spus el.<\/p>\n<p>\u00centrebat cine face parte din acest sistem, Fritz a spus: <em>\u201eEste evident c\u0103 PSD, c\u0103 PSD e acolo \u00een mijloc, este evident c\u0103 PSD a capturat mai multe institu\u021bii, \u00eencep\u00e2nd cu banii, la Consiliul Legislativ care acum d\u0103 avize negative pe band\u0103 rulant\u0103 \u0219i multe alte institu\u021bii care evident sunt capturate de PSD. Din p\u0103cate am v\u0103zut \u0219i la Curtea Constitu\u021bional\u0103 c\u0103 exist\u0103 o majoritate politic\u0103 acolo care nu mai judec\u0103 spe\u021ba \u00een sine, ci care judec\u0103 ce \u00ee\u0219i dore\u0219te st\u0103p\u00e2nul politic. \u0218i avem \u0219i o parte din sistemul de justi\u021bie care \u00eentr-un mod evident este coordonat cu acest partid caracati\u021b\u0103\u201d<\/em>, a spus primarul Timi\u0219oarei.<\/p>\n<p>Senatul a votat miercuri noua Lege a Integrit\u0103\u021bii cu 106 voturi \u201epentru\u201d, 19 voturi \u201e\u00eempotriv\u0103\u201d \u0219i nicio ab\u021binere.<\/p>\n<p>Actul normativ schimb\u0103 cadrul legislativ privind func\u021bionarea Agen\u021biei Na\u021bionale de Integritate \u0219i include \u201eamendamentul Fritz\u201d care stabile\u0219te pierderea mandatului de c\u0103tre ale\u0219ii g\u0103si\u021bi \u00een conflict de interese.<\/p>\n<p>Dominic Fritz, pre\u0219edintele USR \u0219i primarul Timi\u0219oarei, a fost condamnat definitiv de \u00ceCCJ pentru conflict de interese \u0219i, \u00een eventualitatea promulg\u0103rii legii, acesta \u0219i-ar pierde mandatul.<\/p>\n<p>\u00a0<\/p>\n<p>FOTO: Inquam Photos \/<a href=\"https:\/\/inquamphotos.com\/user\/virgil-simonescu\">Virgil\u00a0Simonescu<\/a><\/p>\n<p>\u00a0<\/p>\n<\/div>\n<div id=\"social-box\">\n<ul class=\"post-social\">\n<li class=\"fb-line\">\n<li><a href=\"http:\/\/twitter.com\/share\" class=\"twitter-share-button\" data-lang=\"en\" data-count=\"horizontal\">Tweet<\/a><\/li>\n<li>\n<li><a href=\"http:\/\/pinterest.com\/pin\/create\/button\/?url=https%3A%2F%2Fexpressdebanat.ro%2Fdominic-fritz-nu-abandoneaza-timisoara%2F&amp;media=https:\/\/cdn.expressdebanat.ro\/wp-content\/uploads\/2026\/08\/fritz_demisie.jpg&amp;description=Dominic%20Fritz%20nu%20abandoneaz%C4%83%20Timi%C8%99oara!\" class=\"pin-it-button\">Pin It<\/a><\/li>\n<\/ul>\n<\/div>\n<\/div>\n<div id=\"content-area\">\n<div class=\"post-image\"><img loading=\"lazy\" decoding=\"async\" width=\"620\" height=\"400\" src=\"https:\/\/cdn.expressdebanat.ro\/wp-content\/uploads\/2026\/08\/fritz_demisie-620x400.jpg\" class=\"attachment-post-thumb size-post-thumb wp-post-image perfmatters-lazy\" alt=\"fritz demisie\"><img loading=\"lazy\" decoding=\"async\" width=\"620\" height=\"400\" src=\"https:\/\/cdn.expressdebanat.ro\/wp-content\/uploads\/2026\/08\/fritz_demisie-620x400.jpg\" class=\"attachment-post-thumb size-post-thumb wp-post-image\" alt=\"fritz demisie\"><\/div>\n<p><strong>Dominic Fritz nu \u00ee\u0219i va da demisia din func\u021bia de primar al Timi\u0219oarei, dup\u0103 adoptarea noii Legi a Integrit\u0103\u021bii!<\/strong><\/p>\n<p>\u00centrebat dac\u0103 s-a g\u00e2ndit s\u0103 demisioneze, Fritz a sus\u021binut c\u0103 o eventual\u0103 plecare a sa nu ar rezolva problema pe care o ridic\u0103 \u00een cazul legii, despre care spune c\u0103 este contrar\u0103 dreptului european.<\/p>\n<p><em>\u201eS\u0103 zicem c\u0103 mi-a\u0219 da demisia. Legea tot e \u00een vigoare \u0219i tot contravine dreptului european. De aia zic, nu e despre mine. Este despre Constitu\u021bie \u0219i despre dreptul european\u201d<\/em>, a declarat Fritz, la Digi24.<\/p>\n<p>El a spus c\u0103 aceast\u0103 lege nu are leg\u0103tur\u0103 cu el, ci cu faptul c\u0103 \u201enu po\u021bi inventa o sanc\u021biune retroactiv\u0103\u201d.<\/p>\n<p><em>\u201eDe ce s\u0103-mi dau demisia dac\u0103 eu m-am dus \u00een fa\u021ba timi\u0219orenilor \u0219i mi-au dat un mandat de patru ani. Mi-au dat un mandat de patru ani. P\u00e2n\u0103 \u00een ultima zi, nu m\u0103 voi ascunde de acest mandat \u0219i nu voi abandona Timi\u0219oara \u00een niciun caz\u201d,<\/em> a mai spus Fritz.<\/p>\n<p>Liderul USR a lansat acuza\u021bii grave la adresa social-democra\u021bilor.<\/p>\n<p><em>\u201eAr fi grav s\u0103 ne l\u0103s\u0103m c\u0103lca\u021bi \u00een picioare de un sistem de borfa\u0219i\u201d<\/em>, a spus el.<\/p>\n<p>\u00centrebat cine face parte din acest sistem, Fritz a spus: <em>\u201eEste evident c\u0103 PSD, c\u0103 PSD e acolo \u00een mijloc, este evident c\u0103 PSD a capturat mai multe institu\u021bii, \u00eencep\u00e2nd cu banii, la Consiliul Legislativ care acum d\u0103 avize negative pe band\u0103 rulant\u0103 \u0219i multe alte institu\u021bii care evident sunt capturate de PSD. Din p\u0103cate am v\u0103zut \u0219i la Curtea Constitu\u021bional\u0103 c\u0103 exist\u0103 o majoritate politic\u0103 acolo care nu mai judec\u0103 spe\u021ba \u00een sine, ci care judec\u0103 ce \u00ee\u0219i dore\u0219te st\u0103p\u00e2nul politic. \u0218i avem \u0219i o parte din sistemul de justi\u021bie care \u00eentr-un mod evident este coordonat cu acest partid caracati\u021b\u0103\u201d<\/em>, a spus primarul Timi\u0219oarei.<\/p>\n<p>Senatul a votat miercuri noua Lege a Integrit\u0103\u021bii cu 106 voturi \u201epentru\u201d, 19 voturi \u201e\u00eempotriv\u0103\u201d \u0219i nicio ab\u021binere.<\/p>\n<p>Actul normativ schimb\u0103 cadrul legislativ privind func\u021bionarea Agen\u021biei Na\u021bionale de Integritate \u0219i include \u201eamendamentul Fritz\u201d care stabile\u0219te pierderea mandatului de c\u0103tre ale\u0219ii g\u0103si\u021bi \u00een conflict de interese.<\/p>\n<p>Dominic Fritz, pre\u0219edintele USR \u0219i primarul Timi\u0219oarei, a fost condamnat definitiv de \u00ceCCJ pentru conflict de interese \u0219i, \u00een eventualitatea promulg\u0103rii legii, acesta \u0219i-ar pierde mandatul.<\/p>\n<p>\u00a0<\/p>\n<p>FOTO: Inquam Photos \/<a href=\"https:\/\/inquamphotos.com\/user\/virgil-simonescu\">Virgil\u00a0Simonescu<\/a><\/p>\n<p>\u00a0<\/p>\n<\/div>\n<p>[analyse_source url=&#8221;https:\/\/expressdebanat.ro\/dominic-fritz-nu-abandoneaza-timisoara\/&#8221;]<\/p>\n","protected":false},"excerpt":{"rendered":"<p>[analyse_image type=&#8221;featured&#8221; src=&#8221;https:\/\/cdn.expressdebanat.ro\/wp-content\/uploads\/2026\/08\/fritz_demisie.jpg&#8221;] Dominic Fritz nu \u00ee\u0219i va da demisia din func\u021bia de primar al Timi\u0219oarei, dup\u0103 adoptarea noii Legi a Integrit\u0103\u021bii! \u00centrebat dac\u0103 s-a g\u00e2ndit s\u0103 demisioneze, Fritz a sus\u021binut c\u0103 o eventual\u0103 plecare a sa nu ar rezolva problema pe care o ridic\u0103 \u00een cazul legii, despre care spune c\u0103 este contrar\u0103 dreptului [&hellip;]<\/p>\n","protected":false},"author":1,"featured_media":0,"comment_status":"open","ping_status":"","sticky":false,"template":"","format":"standard","meta":{"footnotes":""},"categories":[89],"tags":[226,196],"class_list":["post-2118491","post","type-post","status-publish","format-standard","hentry","category-romania","tag-crawlmanager","tag-expressdebanat-ro"],"_links":{"self":[{"href":"https:\/\/analyse.optim.biz\/index.php?rest_route=\/wp\/v2\/posts\/2118491","targetHints":{"allow":["GET"]}}],"collection":[{"href":"https:\/\/analyse.optim.biz\/index.php?rest_route=\/wp\/v2\/posts"}],"about":[{"href":"https:\/\/analyse.optim.biz\/index.php?rest_route=\/wp\/v2\/types\/post"}],"author":[{"embeddable":true,"href":"https:\/\/analyse.optim.biz\/index.php?rest_route=\/wp\/v2\/users\/1"}],"replies":[{"embeddable":true,"href":"https:\/\/analyse.optim.biz\/index.php?rest_route=%2Fwp%2Fv2%2Fcomments&post=2118491"}],"version-history":[{"count":0,"href":"https:\/\/analyse.optim.biz\/index.php?rest_route=\/wp\/v2\/posts\/2118491\/revisions"}],"wp:attachment":[{"href":"https:\/\/analyse.optim.biz\/index.php?rest_route=%2Fwp%2Fv2%2Fmedia&parent=2118491"}],"wp:term":[{"taxonomy":"category","embeddable":true,"href":"https:\/\/analyse.optim.biz\/index.php?rest_route=%2Fwp%2Fv2%2Fcategories&post=2118491"},{"taxonomy":"post_tag","embeddable":true,"href":"https:\/\/analyse.optim.biz\/index.php?rest_route=%2Fwp%2Fv2%2Ftags&post=2118491"}],"curies":[{"name":"wp","href":"https:\/\/api.w.org\/{rel}","templated":true}]}}