{"id":2118489,"date":"2026-08-28T04:15:22","date_gmt":"2026-08-28T01:15:22","guid":{"rendered":"https:\/\/analyse.optim.biz\/?p=2118489"},"modified":"2026-08-28T04:15:22","modified_gmt":"2026-08-28T01:15:22","slug":"timis-3-000-de-oameni-la-un-dentist-cu-contract-la-stat-medicii-cer-mai-multi-bani-pentru-tratamente-decontate","status":"publish","type":"post","link":"https:\/\/analyse.optim.biz\/?p=2118489","title":{"rendered":"Timi\u0219. 3.000 de oameni la un dentist cu contract la stat. Medicii cer mai mul\u021bi bani pentru tratamente decontate"},"content":{"rendered":"<p>[analyse_image type=&#8221;featured&#8221; src=&#8221;https:\/\/cdn.expressdebanat.ro\/wp-content\/uploads\/2026\/08\/dentist-stomatolog-cabinet.jpg&#8221;]<\/p>\n<div id=\"post-area\" class=\"post-981856 post type-post status-publish format-standard has-post-thumbnail hentry category-lugoj category-sanatate category-timis category-timisoara tag-cjas-timis tag-cnas tag-important tag-servicii-stomatologice tag-stomatologie-timis tag-tratamente-dentare\">\n<div id=\"social-box\">\n<ul class=\"post-social\">\n<li class=\"social-share-button\">\n<li class=\"social-share-button\">\n<li class=\"social-share-button\"><\/ul>\n<\/div>\n<div id=\"content-area\">\n<div class=\"post-image\"><img loading=\"lazy\" decoding=\"async\" width=\"620\" height=\"400\" src=\"https:\/\/cdn.expressdebanat.ro\/wp-content\/uploads\/2026\/08\/dentist-stomatolog-cabinet-620x400.jpg\" class=\"attachment-post-thumb size-post-thumb wp-post-image perfmatters-lazy\" alt=\"dentist, stomatolog, cabinet\"><img loading=\"lazy\" decoding=\"async\" width=\"620\" height=\"400\" src=\"https:\/\/cdn.expressdebanat.ro\/wp-content\/uploads\/2026\/08\/dentist-stomatolog-cabinet-620x400.jpg\" class=\"attachment-post-thumb size-post-thumb wp-post-image\" alt=\"dentist, stomatolog, cabinet\"><\/div>\n<div class=\"pcptk6a93494ed56f6\"><a href=\"https:\/\/www.facebook.com\/clinicavestmed\"><img loading=\"lazy\" decoding=\"async\" class=\"size-full wp-image-961300 perfmatters-lazy\" src=\"https:\/\/cdn.expressdebanat.ro\/wp-content\/uploads\/2026\/02\/WhatsApp-Image-2026-02-03-at-11.55.13.jpeg\" alt=\"vestmed 1000x200\" width=\"1000\" height=\"200\"><img loading=\"lazy\" decoding=\"async\" class=\"size-full wp-image-961300\" src=\"https:\/\/cdn.expressdebanat.ro\/wp-content\/uploads\/2026\/02\/WhatsApp-Image-2026-02-03-at-11.55.13.jpeg\" alt=\"vestmed 1000x200\" width=\"1000\" height=\"200\"><\/a><\/div>\n<p class=\"isSelectedEnd\"><strong>\u00cen Timi\u0219 exist\u0103 un furnizor de servicii stomatologice \u00een contract cu CJAS la aproximativ 3.000 de locuitori, potrivit Colegiului Medicilor Stomatologi Timi\u0219, care atrage aten\u021bia asupra accesului redus la servicii \u00een mediul rural.<\/strong><\/p>\n<p class=\"isSelectedEnd\">Medicii stomatologi din Timi\u0219 cer mai mul\u021bi bani pentru serviciile decontate de stat \u0219i spun c\u0103 plafonul lunar se epuizeaz\u0103 rapid, iar pacien\u021bii care ajung mai t\u00e2rziu la cabinet risc\u0103 s\u0103 nu mai poat\u0103 beneficia de servicii decontate.<\/p>\n<p class=\"isSelectedEnd\">\u00cen jude\u021b sunt aproximativ 766.000 de locuitori \u0219i 257 de furnizori afla\u021bi \u00een contract cu CJAS Timi\u0219. Colegiul spune c\u0103 este nevoie de mai multe cabinete care s\u0103 lucreze cu sistemul public, \u00een special \u00een localit\u0103\u021bile din mediul rural.<\/p>\n<p class=\"isSelectedEnd\"><em>\u201eExist\u0103 dezechilibru \u00eentre mediul urban \u0219i cel rural. (\u2026) Este imperativ\u0103 nu doar sus\u021binerea furnizorilor actuali, ci \u0219i cre\u0219terea num\u0103rului acestora prin m\u0103suri stimulative care s\u0103 favorizeze direct zonele rurale defavorizate.\u201d<\/em>, spune dr. Dan \u015eutean, pre\u0219edintele Colegiului Medicilor Stomatologi Timi\u0219.<\/p>\n<p class=\"isSelectedEnd\">CMS Timi\u0219 cere cre\u0219terea plafonului la minimum 10.000 de lei pe lun\u0103, majorarea cu cel pu\u021bin 30% a tarifelor pentru procedurile care nu au fost actualizate \u0219i indexarea anual\u0103 a acestora \u00een func\u021bie de infla\u021bie. Medicii cer \u0219i ca serviciile de preven\u021bie \u0219i tratamentele de baz\u0103 pentru copii s\u0103 poat\u0103 fi acordate chiar \u0219i dup\u0103 epuizarea plafonului lunar.<\/p>\n<div class=\"zkcvf6a93494ed5749\"><a href=\"https:\/\/www.bacoluxhotels.ro\/\"><img loading=\"lazy\" decoding=\"async\" class=\"size-full wp-image-943602 perfmatters-lazy\" src=\"https:\/\/cdn.expressdebanat.ro\/wp-content\/uploads\/2025\/09\/WhatsApp-Image-2025-09-29-at-12.42.18.jpeg\" alt=\"Afrodita 1000x200 \" width=\"1000\" height=\"200\"><img loading=\"lazy\" decoding=\"async\" class=\"size-full wp-image-943602\" src=\"https:\/\/cdn.expressdebanat.ro\/wp-content\/uploads\/2025\/09\/WhatsApp-Image-2025-09-29-at-12.42.18.jpeg\" alt=\"Afrodita 1000x200 \" width=\"1000\" height=\"200\"><\/a><img loading=\"lazy\" decoding=\"async\" class=\"size-full wp-image-947090 perfmatters-lazy\" src=\"https:\/\/cdn.expressdebanat.ro\/wp-content\/uploads\/2025\/10\/banner-1164-x-200-px.jpg\" alt=\"banner 1164 x 200 px\" width=\"1000\" height=\"171\"><img loading=\"lazy\" decoding=\"async\" class=\"size-full wp-image-947090\" src=\"https:\/\/cdn.expressdebanat.ro\/wp-content\/uploads\/2025\/10\/banner-1164-x-200-px.jpg\" alt=\"banner 1164 x 200 px\" width=\"1000\" height=\"171\"><\/div>\n<p class=\"isSelectedEnd\"><em>\u201eAccesul copiilor la servicii de preven\u021bie \u0219i la tratamente stomatologice de baz\u0103 nu ar trebui s\u0103 fie condi\u021bionat de epuizarea plafonului lunar al cabinetului.\u201d<\/em>, transmite Colegiul.<\/p>\n<p class=\"isSelectedEnd\">Organiza\u021bia sus\u021bine \u0219i introducerea unor servicii preventive, precum periajul profesional \u0219i detartrajul, \u00een lista serviciilor decontate, dar spune c\u0103 acestea trebuie s\u0103 fie \u00eenso\u021bite de o finan\u021bare suficient\u0103.<\/p>\n<p class=\"isSelectedEnd\">Pentru mediul rural, medicii propun un plafon de referin\u021b\u0103 cu 50% mai mare, pentru a \u00eencuraja cabinetele s\u0103 lucreze \u00een localit\u0103\u021bile unde accesul la servicii este redus.<\/p>\n<p class=\"isSelectedEnd\">Colegiul mai cere reguli mai simple pentru decontare \u0219i o perioad\u0103 de tranzi\u021bie de \u0219ase luni pentru noua aplica\u021bie informatic\u0103 de program\u0103ri.<\/p>\n<\/div>\n<div id=\"social-box\">\n<ul class=\"post-social\">\n<li class=\"fb-line\">\n<li><a href=\"http:\/\/twitter.com\/share\" class=\"twitter-share-button\" data-lang=\"en\" data-count=\"horizontal\">Tweet<\/a><\/li>\n<li>\n<li><a href=\"http:\/\/pinterest.com\/pin\/create\/button\/?url=https%3A%2F%2Fexpressdebanat.ro%2Ftimis-3-000-de-oameni-la-un-dentist-cu-contract-la-stat-medicii-cer-mai-multi-bani-pentru-tratamente-decontate%2F&amp;media=https:\/\/cdn.expressdebanat.ro\/wp-content\/uploads\/2026\/08\/dentist-stomatolog-cabinet.jpg&amp;description=Timi%C8%99.%203.000%20de%20oameni%20la%20un%20dentist%20cu%20contract%20la%20stat.%20Medicii%20cer%20mai%20mul%C8%9Bi%20bani%20pentru%20tratamente%20decontate\" class=\"pin-it-button\">Pin It<\/a><\/li>\n<\/ul>\n<\/div>\n<\/div>\n<div id=\"content-area\">\n<div class=\"post-image\"><img loading=\"lazy\" decoding=\"async\" width=\"620\" height=\"400\" src=\"https:\/\/cdn.expressdebanat.ro\/wp-content\/uploads\/2026\/08\/dentist-stomatolog-cabinet-620x400.jpg\" class=\"attachment-post-thumb size-post-thumb wp-post-image perfmatters-lazy\" alt=\"dentist, stomatolog, cabinet\"><img loading=\"lazy\" decoding=\"async\" width=\"620\" height=\"400\" src=\"https:\/\/cdn.expressdebanat.ro\/wp-content\/uploads\/2026\/08\/dentist-stomatolog-cabinet-620x400.jpg\" class=\"attachment-post-thumb size-post-thumb wp-post-image\" alt=\"dentist, stomatolog, cabinet\"><\/div>\n<div class=\"pcptk6a93494ed56f6\"><a href=\"https:\/\/www.facebook.com\/clinicavestmed\"><img loading=\"lazy\" decoding=\"async\" class=\"size-full wp-image-961300 perfmatters-lazy\" src=\"https:\/\/cdn.expressdebanat.ro\/wp-content\/uploads\/2026\/02\/WhatsApp-Image-2026-02-03-at-11.55.13.jpeg\" alt=\"vestmed 1000x200\" width=\"1000\" height=\"200\"><img loading=\"lazy\" decoding=\"async\" class=\"size-full wp-image-961300\" src=\"https:\/\/cdn.expressdebanat.ro\/wp-content\/uploads\/2026\/02\/WhatsApp-Image-2026-02-03-at-11.55.13.jpeg\" alt=\"vestmed 1000x200\" width=\"1000\" height=\"200\"><\/a><\/div>\n<p class=\"isSelectedEnd\"><strong>\u00cen Timi\u0219 exist\u0103 un furnizor de servicii stomatologice \u00een contract cu CJAS la aproximativ 3.000 de locuitori, potrivit Colegiului Medicilor Stomatologi Timi\u0219, care atrage aten\u021bia asupra accesului redus la servicii \u00een mediul rural.<\/strong><\/p>\n<p class=\"isSelectedEnd\">Medicii stomatologi din Timi\u0219 cer mai mul\u021bi bani pentru serviciile decontate de stat \u0219i spun c\u0103 plafonul lunar se epuizeaz\u0103 rapid, iar pacien\u021bii care ajung mai t\u00e2rziu la cabinet risc\u0103 s\u0103 nu mai poat\u0103 beneficia de servicii decontate.<\/p>\n<p class=\"isSelectedEnd\">\u00cen jude\u021b sunt aproximativ 766.000 de locuitori \u0219i 257 de furnizori afla\u021bi \u00een contract cu CJAS Timi\u0219. Colegiul spune c\u0103 este nevoie de mai multe cabinete care s\u0103 lucreze cu sistemul public, \u00een special \u00een localit\u0103\u021bile din mediul rural.<\/p>\n<p class=\"isSelectedEnd\"><em>\u201eExist\u0103 dezechilibru \u00eentre mediul urban \u0219i cel rural. (\u2026) Este imperativ\u0103 nu doar sus\u021binerea furnizorilor actuali, ci \u0219i cre\u0219terea num\u0103rului acestora prin m\u0103suri stimulative care s\u0103 favorizeze direct zonele rurale defavorizate.\u201d<\/em>, spune dr. Dan \u015eutean, pre\u0219edintele Colegiului Medicilor Stomatologi Timi\u0219.<\/p>\n<p class=\"isSelectedEnd\">CMS Timi\u0219 cere cre\u0219terea plafonului la minimum 10.000 de lei pe lun\u0103, majorarea cu cel pu\u021bin 30% a tarifelor pentru procedurile care nu au fost actualizate \u0219i indexarea anual\u0103 a acestora \u00een func\u021bie de infla\u021bie. Medicii cer \u0219i ca serviciile de preven\u021bie \u0219i tratamentele de baz\u0103 pentru copii s\u0103 poat\u0103 fi acordate chiar \u0219i dup\u0103 epuizarea plafonului lunar.<\/p>\n<div class=\"zkcvf6a93494ed5749\"><a href=\"https:\/\/www.bacoluxhotels.ro\/\"><img loading=\"lazy\" decoding=\"async\" class=\"size-full wp-image-943602 perfmatters-lazy\" src=\"https:\/\/cdn.expressdebanat.ro\/wp-content\/uploads\/2025\/09\/WhatsApp-Image-2025-09-29-at-12.42.18.jpeg\" alt=\"Afrodita 1000x200 \" width=\"1000\" height=\"200\"><img loading=\"lazy\" decoding=\"async\" class=\"size-full wp-image-943602\" src=\"https:\/\/cdn.expressdebanat.ro\/wp-content\/uploads\/2025\/09\/WhatsApp-Image-2025-09-29-at-12.42.18.jpeg\" alt=\"Afrodita 1000x200 \" width=\"1000\" height=\"200\"><\/a><img loading=\"lazy\" decoding=\"async\" class=\"size-full wp-image-947090 perfmatters-lazy\" src=\"https:\/\/cdn.expressdebanat.ro\/wp-content\/uploads\/2025\/10\/banner-1164-x-200-px.jpg\" alt=\"banner 1164 x 200 px\" width=\"1000\" height=\"171\"><img loading=\"lazy\" decoding=\"async\" class=\"size-full wp-image-947090\" src=\"https:\/\/cdn.expressdebanat.ro\/wp-content\/uploads\/2025\/10\/banner-1164-x-200-px.jpg\" alt=\"banner 1164 x 200 px\" width=\"1000\" height=\"171\"><\/div>\n<p class=\"isSelectedEnd\"><em>\u201eAccesul copiilor la servicii de preven\u021bie \u0219i la tratamente stomatologice de baz\u0103 nu ar trebui s\u0103 fie condi\u021bionat de epuizarea plafonului lunar al cabinetului.\u201d<\/em>, transmite Colegiul.<\/p>\n<p class=\"isSelectedEnd\">Organiza\u021bia sus\u021bine \u0219i introducerea unor servicii preventive, precum periajul profesional \u0219i detartrajul, \u00een lista serviciilor decontate, dar spune c\u0103 acestea trebuie s\u0103 fie \u00eenso\u021bite de o finan\u021bare suficient\u0103.<\/p>\n<p class=\"isSelectedEnd\">Pentru mediul rural, medicii propun un plafon de referin\u021b\u0103 cu 50% mai mare, pentru a \u00eencuraja cabinetele s\u0103 lucreze \u00een localit\u0103\u021bile unde accesul la servicii este redus.<\/p>\n<p class=\"isSelectedEnd\">Colegiul mai cere reguli mai simple pentru decontare \u0219i o perioad\u0103 de tranzi\u021bie de \u0219ase luni pentru noua aplica\u021bie informatic\u0103 de program\u0103ri.<\/p>\n<\/div>\n<p>[analyse_source url=&#8221;https:\/\/expressdebanat.ro\/timis-3-000-de-oameni-la-un-dentist-cu-contract-la-stat-medicii-cer-mai-multi-bani-pentru-tratamente-decontate\/&#8221;]<\/p>\n","protected":false},"excerpt":{"rendered":"<p>[analyse_image type=&#8221;featured&#8221; src=&#8221;https:\/\/cdn.expressdebanat.ro\/wp-content\/uploads\/2026\/08\/dentist-stomatolog-cabinet.jpg&#8221;] \u00cen Timi\u0219 exist\u0103 un furnizor de servicii stomatologice \u00een contract cu CJAS la aproximativ 3.000 de locuitori, potrivit Colegiului Medicilor Stomatologi Timi\u0219, care atrage aten\u021bia asupra accesului redus la servicii \u00een mediul rural. Medicii stomatologi din Timi\u0219 cer mai mul\u021bi bani pentru serviciile decontate de stat \u0219i spun c\u0103 plafonul lunar se [&hellip;]<\/p>\n","protected":false},"author":1,"featured_media":0,"comment_status":"open","ping_status":"","sticky":false,"template":"","format":"standard","meta":{"footnotes":""},"categories":[89],"tags":[226,196],"class_list":["post-2118489","post","type-post","status-publish","format-standard","hentry","category-romania","tag-crawlmanager","tag-expressdebanat-ro"],"_links":{"self":[{"href":"https:\/\/analyse.optim.biz\/index.php?rest_route=\/wp\/v2\/posts\/2118489","targetHints":{"allow":["GET"]}}],"collection":[{"href":"https:\/\/analyse.optim.biz\/index.php?rest_route=\/wp\/v2\/posts"}],"about":[{"href":"https:\/\/analyse.optim.biz\/index.php?rest_route=\/wp\/v2\/types\/post"}],"author":[{"embeddable":true,"href":"https:\/\/analyse.optim.biz\/index.php?rest_route=\/wp\/v2\/users\/1"}],"replies":[{"embeddable":true,"href":"https:\/\/analyse.optim.biz\/index.php?rest_route=%2Fwp%2Fv2%2Fcomments&post=2118489"}],"version-history":[{"count":0,"href":"https:\/\/analyse.optim.biz\/index.php?rest_route=\/wp\/v2\/posts\/2118489\/revisions"}],"wp:attachment":[{"href":"https:\/\/analyse.optim.biz\/index.php?rest_route=%2Fwp%2Fv2%2Fmedia&parent=2118489"}],"wp:term":[{"taxonomy":"category","embeddable":true,"href":"https:\/\/analyse.optim.biz\/index.php?rest_route=%2Fwp%2Fv2%2Fcategories&post=2118489"},{"taxonomy":"post_tag","embeddable":true,"href":"https:\/\/analyse.optim.biz\/index.php?rest_route=%2Fwp%2Fv2%2Ftags&post=2118489"}],"curies":[{"name":"wp","href":"https:\/\/api.w.org\/{rel}","templated":true}]}}