{"id":2118488,"date":"2026-08-29T20:15:37","date_gmt":"2026-08-29T17:15:37","guid":{"rendered":"https:\/\/analyse.optim.biz\/?p=2118488"},"modified":"2026-08-29T20:15:37","modified_gmt":"2026-08-29T17:15:37","slug":"veste-buna-la-ceas-de-seara-vanesia-a-fost-gasita-dupa-cateva-ore-de-cautari-gazeta-valceana","status":"publish","type":"post","link":"https:\/\/analyse.optim.biz\/?p=2118488","title":{"rendered":"VESTE BUN\u0102 la ceas de sear\u0103! Vanesia a fost g\u0103sit\u0103 dup\u0103 c\u00e2teva ore de c\u0103ut\u0103ri &#8211; Gazeta V\u00e2lcean\u0103"},"content":{"rendered":"<p>[analyse_image type=&#8221;featured&#8221; src=&#8221;https:\/\/www.gazeta-valceana.ro\/wp-content\/uploads\/2026\/08\/IPJ-Politia-Disparuta-Vanesia-29.08.jpg&#8221;]<\/p>\n<article id=\"template-id-91645\" class=\"post-91645 tdb_templates type-tdb_templates status-publish post\">\n<div id=\"tdi_49\" class=\"tdc-zone\">\n<div class=\"tdc_zone tdi_50  wpb_row td-pb-row\">\n<div id=\"tdi_51\" class=\"tdc-row stretch_row_1200 td-stretch-content\">\n<div class=\"vc_row tdi_52  wpb_row td-pb-row\">\n<div class=\"vc_column tdi_54  wpb_column vc_column_container tdc-column td-pb-span8\">\n<div class=\"wpb_wrapper\">\n<div class=\"td_block_wrap tdb_title tdi_55 tdb-single-title td-pb-border-top td_block_template_1\" data-td-block-uid=\"tdi_55\">\n<div class=\"tdb-block-inner td-fix-index\">\n<h1 class=\"tdb-title-text\">VESTE BUN\u0102 la ceas de sear\u0103! Vanesia a fost g\u0103sit\u0103 dup\u0103 c\u00e2teva ore de c\u0103ut\u0103ri<\/h1>\n<\/div>\n<\/div>\n<div class=\"vc_row_inner tdi_58  vc_row vc_inner wpb_row td-pb-row tdc-row-content-vert-center\">\n<div class=\"vc_column_inner tdi_60  wpb_column vc_column_container tdc-inner-column td-pb-span12\">\n<div class=\"vc_column-inner\">\n<div class=\"wpb_wrapper\">\n<div class=\"td_block_wrap tdb_single_categories tdi_61 td-pb-border-top td_block_template_1 \" data-td-block-uid=\"tdi_61\">\n<div class=\"tdb-category td-fix-index\"><a class=\"tdb-entry-category\" href=\"https:\/\/www.gazeta-valceana.ro\/category\/anchetedezvaluri\/\">Anchete\/Dezv\u0103luri<\/a><a class=\"tdb-entry-category\" href=\"https:\/\/www.gazeta-valceana.ro\/category\/i\/\">I<\/a><\/div>\n<\/div>\n<div class=\"td_block_wrap tdb_single_date tdi_62 td-pb-border-top td_block_template_1 tdb-post-meta\" data-td-block-uid=\"tdi_62\">\n<div class=\"tdb-block-inner td-fix-index\"><time class=\"entry-date updated td-module-date\" datetime=\"2026-08-29T22:15:37+02:00\">29 august 2026<\/time><\/div>\n<\/div>\n<\/div>\n<\/div>\n<\/div>\n<\/div>\n<\/div>\n<\/div>\n<\/div>\n<\/div>\n<div id=\"tdi_65\" class=\"tdc-row stretch_row_1200 td-stretch-content\">\n<div class=\"vc_row tdi_66  wpb_row td-pb-row\">\n<div class=\"vc_column tdi_68  wpb_column vc_column_container tdc-column td-pb-span8\">\n<div class=\"wpb_wrapper\">\n<div class=\"td_block_wrap tdb_single_featured_image tdi_69 tdb-content-horiz-left td-pb-border-top td_block_template_1\" data-td-block-uid=\"tdi_69\">\n<div class=\"tdb-block-inner td-fix-index\"><img loading=\"lazy\" decoding=\"async\" width=\"696\" height=\"535\" class=\"entry-thumb\" src=\"https:\/\/www.gazeta-valceana.ro\/wp-content\/uploads\/2026\/08\/IPJ-Politia-Disparuta-Vanesia-29.08-696x535.jpg\" alt title=\"IPJ Politia Disparuta Vanesia 29.08\"><\/div>\n<\/div>\n<div class=\"td_block_wrap tdb_single_post_share tdi_70  td-pb-border-top td_block_template_1\" data-td-block-uid=\"tdi_70\">\n<div id=\"tdi_70\" class=\"td-post-sharing tdb-block td-ps-border td-ps-border-grey td-ps-notext td-ps-icon-color td-ps-text-color td-post-sharing-style16 \">\n<div class=\"td-post-sharing-visible\">\n<div class=\"td-social-sharing-button td-social-sharing-button-js td-social-handler td-social-share-text\">\n<div class=\"td-social-but-text\">Ac\u021biune<\/div>\n<\/div>\n<p><a class=\"td-social-sharing-button td-social-sharing-button-js td-social-network td-social-facebook\" href=\"https:\/\/www.facebook.com\/sharer.php?u=https%3A%2F%2Fwww.gazeta-valceana.ro%2Fanchetedezvaluri%2Fveste-buna-la-ceas-de-seara-vanesia-a-fost-gasita-dupa-cateva-ore-de-cautari%2F\" title=\"Facebook\"><\/p>\n<div class=\"td-social-but-text\">Facebook<\/div>\n<p><\/a><a class=\"td-social-sharing-button td-social-sharing-button-js td-social-network td-social-twitter\" href=\"https:\/\/twitter.com\/intent\/tweet?text=VESTE+BUN%C4%82+la+ceas+de+sear%C4%83%21+Vanesia+a+fost+g%C4%83sit%C4%83+dup%C4%83+c%C3%A2teva+ore+de+c%C4%83ut%C4%83ri&amp;url=https%3A%2F%2Fwww.gazeta-valceana.ro%2Fanchetedezvaluri%2Fveste-buna-la-ceas-de-seara-vanesia-a-fost-gasita-dupa-cateva-ore-de-cautari%2F&amp;via=Gazeta+V%C3%A2lcean%C4%83\" title=\"Twitter\"><\/p>\n<div class=\"td-social-but-text\">Twitter<\/div>\n<p><\/a><a class=\"td-social-sharing-button td-social-sharing-button-js td-social-network td-social-pinterest\" href=\"https:\/\/pinterest.com\/pin\/create\/button\/?url=https:\/\/www.gazeta-valceana.ro\/anchetedezvaluri\/veste-buna-la-ceas-de-seara-vanesia-a-fost-gasita-dupa-cateva-ore-de-cautari\/&amp;media=https:\/\/www.gazeta-valceana.ro\/wp-content\/uploads\/2026\/08\/IPJ-Politia-Disparuta-Vanesia-29.08.jpg&amp;description=VESTE+BUN%C4%82+la+ceas+de+sear%C4%83%21+Vanesia+a+fost+g%C4%83sit%C4%83+dup%C4%83+c%C3%A2teva+ore+de+c%C4%83ut%C4%83ri\" title=\"Pinterest\"><\/p>\n<div class=\"td-social-but-text\">Pinterest<\/div>\n<p><\/a><a class=\"td-social-sharing-button td-social-sharing-button-js td-social-network td-social-whatsapp\" href=\"https:\/\/api.whatsapp.com\/send?text=VESTE+BUN%C4%82+la+ceas+de+sear%C4%83%21+Vanesia+a+fost+g%C4%83sit%C4%83+dup%C4%83+c%C3%A2teva+ore+de+c%C4%83ut%C4%83ri%20%0A%0A%20https:\/\/www.gazeta-valceana.ro\/anchetedezvaluri\/veste-buna-la-ceas-de-seara-vanesia-a-fost-gasita-dupa-cateva-ore-de-cautari\/\" title=\"WhatsApp\"><\/p>\n<div class=\"td-social-but-text\">WhatsApp<\/div>\n<p><\/a><\/div>\n<\/div>\n<\/div>\n<div class=\"td_block_wrap tdb_single_content tdi_71 td-pb-border-top td_block_template_1 td-post-content tagdiv-type\" data-td-block-uid=\"tdi_71\">\n<div class=\"tdb-block-inner td-fix-index\">\n<p>\u00cen seara de s\u00e2mb\u0103t\u0103, 29 august 2026, \u00een jurul orei 20.30, poli\u021bi\u0219tii Serviciului de Investiga\u021bii Criminale, \u00eempreun\u0103 cu cei ai Poli\u021biei Municipiului R\u00e2mnicu V\u00e2lcea, au fost sesiza\u021bi cu privire la dispari\u021bia unei minore \u00een v\u00e2rst\u0103 de 11 ani, Vanesia C\u0102LD\u0102RA\u0218, fiind demarate de \u00eendat\u0103 activit\u0103\u021bi pentru depistarea ei.<\/p>\n<p>Din fericire, dup\u0103 numai c\u00e2teva ore de c\u0103ut\u0103ri, minora a fost identificat\u0103 \u00een jurul orei 22.40. Ea se afl\u0103 \u00een afara oric\u0103rui pericol \u0219i a fost redat\u0103 familiei. IPJ V\u00e2lcea le mul\u021bume\u0219te pentru sprijin tuturor celor care s-au implicat \u00een opera\u021biunile de g\u0103sire a minorei!<\/p>\n<\/div>\n<\/div>\n<div class=\"tdb-author-box td_block_wrap tdb_single_author_box tdi_72 tdb-content-vert-top td-pb-border-top td_block_template_1\" data-td-block-uid=\"tdi_72\">\n<div class=\"tdb-block-inner td-fix-index\"><a href=\"https:\/\/www.gazeta-valceana.ro\/author\/redactia\/\" class=\"tdb-author-photo\" title=\"Redactia\"><img decoding=\"async\" alt=\"Redactia\" src=\"https:\/\/secure.gravatar.com\/avatar\/d9699bfd17d7f55fcf6bbdfb0214d48a942c5fd23a1db27f4a803a8d0651670f?s=500&amp;d=mm&amp;r=g\" class=\"avatar avatar-500 photo\" height=\"500\" width=\"500\" loading=\"lazy\"><\/a><\/p>\n<div class=\"tdb-author-info\"><a href=\"https:\/\/www.gazeta-valceana.ro\/author\/redactia\/\" class=\"tdb-author-name\">Redactia<\/a><\/div>\n<\/div>\n<\/div>\n<\/div>\n<\/div>\n<div class=\"vc_column tdi_76  wpb_column vc_column_container tdc-column td-pb-span4 td-is-sticky\">\n<div class=\"wpb_wrapper\" data-sticky-enabled-on=\"W3RydWUsdHJ1ZSx0cnVlLHRydWVd\" data-sticky-offset=\"20\" data-sticky-is-width-auto=\"W2ZhbHNlLGZhbHNlLGZhbHNlLGZhbHNlXQ==\">\n<div class=\"vc_row_inner tdi_81  vc_row vc_inner wpb_row td-pb-row tdc-row-content-vert-center\">\n<div class=\"vc_column_inner tdi_83  wpb_column vc_column_container tdc-inner-column td-pb-span12\">\n<div class=\"vc_column-inner\">\n<div class=\"wpb_wrapper\">\n<div class=\"tdm_block td_block_wrap tdm_block_inline_text tdi_86 tdm-inline-block td-pb-border-top td_block_template_1\" data-td-block-uid=\"tdi_86\">\n<p class=\"tdm-descr\">Ultimele articole<\/p>\n<\/div>\n<\/div>\n<\/div>\n<\/div>\n<\/div>\n<div class=\"td_block_wrap td_flex_block_1 tdi_87 td-pb-border-top td_block_template_1 td_flex_block\" data-td-block-uid=\"tdi_87\">\n<div id=\"tdi_87\" class=\"td_block_inner td-mc1-wrap\">\n<div class=\"td_module_flex td_module_flex_1 td_module_wrap td-animation-stack td-cpt-post\">\n<div class=\"td-module-container td-category-pos-\">\n<div class=\"td-module-meta-info\">\n<h3 class=\"entry-title td-module-title\"><a href=\"https:\/\/www.gazeta-valceana.ro\/anchetedezvaluri\/un-cartier-din-ramnicu-valcea-pus-la-afumat-de-ani-buni-cu-delasarea-politiei\/\" rel=\"bookmark\" title=\"Un cartier din R\u00e2mnicu V\u00e2lcea, pus la afumat de ani buni, cu del\u0103sarea Poli\u021biei\">Un cartier din R\u00e2mnicu V\u00e2lcea, pus la afumat de ani buni, cu del\u0103sarea Poli\u021biei<\/a><\/h3>\n<div class=\"td-editor-date\"><span class=\"td-author-date\"><span class=\"td-post-date\"><time class=\"entry-date updated td-module-date\" datetime=\"2026-08-29T19:42:11+02:00\">29 august 2026<\/time><\/span><\/span><\/div>\n<\/div>\n<\/div>\n<\/div>\n<div class=\"td_module_flex td_module_flex_1 td_module_wrap td-animation-stack td-cpt-post\">\n<div class=\"td-module-container td-category-pos-\">\n<div class=\"td-module-meta-info\">\n<h3 class=\"entry-title td-module-title\"><a href=\"https:\/\/www.gazeta-valceana.ro\/anchetedezvaluri\/l-au-potcovit-bine-de-teama-pedepsei-primita-la-tribunalul-valcea-a-fugit-in-strainatate-pe-28-august-libertatea-lui-s-a-incheiat\/\" rel=\"bookmark\" title=\"L-au \u201epotcovit\u201d bine! De teama pedepsei primit\u0103 la Tribunalul V\u00e2lcea, a fugit \u00een str\u0103in\u0103tate. Pe 28 august, libertatea lui s-a \u00eencheiat\">L-au \u201epotcovit\u201d bine! De teama pedepsei primit\u0103 la Tribunalul V\u00e2lcea, a fugit \u00een str\u0103in\u0103tate. Pe 28 august, libertatea lui s-a \u00eencheiat<\/a><\/h3>\n<div class=\"td-editor-date\"><span class=\"td-author-date\"><span class=\"td-post-date\"><time class=\"entry-date updated td-module-date\" datetime=\"2026-08-29T16:33:08+02:00\">29 august 2026<\/time><\/span><\/span><\/div>\n<\/div>\n<\/div>\n<\/div>\n<div class=\"td_module_flex td_module_flex_1 td_module_wrap td-animation-stack td-cpt-post\">\n<div class=\"td-module-container td-category-pos-\">\n<div class=\"td-module-meta-info\">\n<h3 class=\"entry-title td-module-title\"><a href=\"https:\/\/www.gazeta-valceana.ro\/justitie\/dosar-penal-scandalagiii-de-la-tic-tac-retinuti-de-politisti-cutite-bate-pumni-picioare\/\" rel=\"bookmark\" title=\"DOSAR PENAL! Scandalagiii de la Tic Tac, re\u021binu\u021bi de poli\u021bi\u0219ti. Cu\u021bite, b\u00e2te, pumni, picioare\u2026\">DOSAR PENAL! Scandalagiii de la Tic Tac, re\u021binu\u021bi de poli\u021bi\u0219ti. Cu\u021bite, b\u00e2te, pumni, picioare\u2026<\/a><\/h3>\n<div class=\"td-editor-date\"><span class=\"td-author-date\"><span class=\"td-post-date\"><time class=\"entry-date updated td-module-date\" datetime=\"2026-08-29T11:58:37+02:00\">29 august 2026<\/time><\/span><\/span><\/div>\n<\/div>\n<\/div>\n<\/div>\n<div class=\"td_module_flex td_module_flex_1 td_module_wrap td-animation-stack td-cpt-post\">\n<div class=\"td-module-container td-category-pos-\">\n<div class=\"td-module-meta-info\">\n<h3 class=\"entry-title td-module-title\"><a href=\"https:\/\/www.gazeta-valceana.ro\/administratie\/video-in-articol-autostrada-se-apropie-de-valcea-tunelul-momaia-este-aproape-gata\/\" rel=\"bookmark\" title=\"VIDEO \u00een articol. Autostrada se apropie de V\u00e2lcea! Tunelul Mom\u00e2ia este aproape gata\">VIDEO \u00een articol. Autostrada se apropie de V\u00e2lcea! Tunelul Mom\u00e2ia este aproape gata<\/a><\/h3>\n<div class=\"td-editor-date\"><span class=\"td-author-date\"><span class=\"td-post-date\"><time class=\"entry-date updated td-module-date\" datetime=\"2026-08-29T09:53:01+02:00\">29 august 2026<\/time><\/span><\/span><\/div>\n<\/div>\n<\/div>\n<\/div>\n<\/div>\n<\/div>\n<\/div>\n<\/div>\n<\/div>\n<\/div>\n<div id=\"tdi_95\" class=\"tdc-row stretch_row_1200 td-stretch-content\">\n<div class=\"vc_row tdi_96  wpb_row td-pb-row\">\n<div class=\"vc_column tdi_98  wpb_column vc_column_container tdc-column td-pb-span12\">\n<div class=\"wpb_wrapper\">\n<div class=\"td_block_wrap tdb_single_next_prev tdi_99 td-pb-border-top td_block_template_1\" data-td-block-uid=\"tdi_99\">\n<div class=\"tdb-block-inner td-fix-index\">\n<div class=\"tdb-next-post tdb-next-post-bg tdb-post-prev\"><span>Articolul precedent<\/span><\/p>\n<div class=\"td-module-container\">\n<div class=\"next-prev-title\"><a href=\"https:\/\/www.gazeta-valceana.ro\/anchetedezvaluri\/un-cartier-din-ramnicu-valcea-pus-la-afumat-de-ani-buni-cu-delasarea-politiei\/\">Un cartier din R\u00e2mnicu V\u00e2lcea, pus la afumat de ani buni, cu del\u0103sarea Poli\u021biei<\/a><\/div>\n<\/div>\n<\/div>\n<\/div>\n<\/div>\n<div class=\"vc_row_inner tdi_101  vc_row vc_inner wpb_row td-pb-row tdc-row-content-vert-center\">\n<div class=\"vc_column_inner tdi_103  wpb_column vc_column_container tdc-inner-column td-pb-span12\">\n<div class=\"vc_column-inner\">\n<div class=\"wpb_wrapper\">\n<div class=\"tdm_block td_block_wrap tdm_block_inline_text tdi_106 tdm-inline-block td-pb-border-top td_block_template_1\" data-td-block-uid=\"tdi_106\">\n<p class=\"tdm-descr\">Related articles<\/p>\n<\/div>\n<\/div>\n<\/div>\n<\/div>\n<\/div>\n<div class=\"td_block_wrap tdb_single_related tdi_107 td_with_ajax_pagination td-pb-border-top td_block_template_1 tdb-single-related-posts\" data-td-block-uid=\"tdi_107\">\n<div id=\"tdi_107\" class=\"td_block_inner tdb-block-inner td-fix-index\">\n<div class=\"tdb_module_related td_module_wrap td-animation-stack\">\n<div class=\"td-module-container td-category-pos-\">\n<div class=\"td-module-meta-info\">\n<h3 class=\"entry-title td-module-title\"><a href=\"https:\/\/www.gazeta-valceana.ro\/anchetedezvaluri\/un-cartier-din-ramnicu-valcea-pus-la-afumat-de-ani-buni-cu-delasarea-politiei\/\" rel=\"bookmark\" title=\"Un cartier din R\u00e2mnicu V\u00e2lcea, pus la afumat de ani buni, cu del\u0103sarea Poli\u021biei\">Un cartier din R\u00e2mnicu V\u00e2lcea, pus la afumat de ani buni, cu del\u0103sarea Poli\u021biei<\/a><\/h3>\n<div class=\"td-editor-date\"><a href=\"https:\/\/www.gazeta-valceana.ro\/category\/anchetedezvaluri\/\" class=\"td-post-category\">Anchete\/Dezv\u0103luri<\/a><span class=\"td-author-date\"><span class=\"td-post-date\"><time class=\"entry-date updated td-module-date\" datetime=\"2026-08-29T19:42:11+02:00\">29 august 2026<\/time><\/span><\/span><\/div>\n<\/div>\n<\/div>\n<\/div>\n<div class=\"tdb_module_related td_module_wrap td-animation-stack\">\n<div class=\"td-module-container td-category-pos-\">\n<div class=\"td-module-meta-info\">\n<h3 class=\"entry-title td-module-title\"><a href=\"https:\/\/www.gazeta-valceana.ro\/anchetedezvaluri\/l-au-potcovit-bine-de-teama-pedepsei-primita-la-tribunalul-valcea-a-fugit-in-strainatate-pe-28-august-libertatea-lui-s-a-incheiat\/\" rel=\"bookmark\" title=\"L-au \u201epotcovit\u201d bine! De teama pedepsei primit\u0103 la Tribunalul V\u00e2lcea, a fugit \u00een str\u0103in\u0103tate. Pe 28 august, libertatea lui s-a \u00eencheiat\">L-au \u201epotcovit\u201d bine! De teama pedepsei primit\u0103 la Tribunalul V\u00e2lcea, a fugit \u00een str\u0103in\u0103tate. Pe 28 august, libertatea lui s-a \u00eencheiat<\/a><\/h3>\n<div class=\"td-editor-date\"><a href=\"https:\/\/www.gazeta-valceana.ro\/category\/anchetedezvaluri\/\" class=\"td-post-category\">Anchete\/Dezv\u0103luri<\/a><span class=\"td-author-date\"><span class=\"td-post-date\"><time class=\"entry-date updated td-module-date\" datetime=\"2026-08-29T16:33:08+02:00\">29 august 2026<\/time><\/span><\/span><\/div>\n<\/div>\n<\/div>\n<\/div>\n<div class=\"tdb_module_related td_module_wrap td-animation-stack\">\n<div class=\"td-module-container td-category-pos-\">\n<div class=\"td-module-meta-info\">\n<h3 class=\"entry-title td-module-title\"><a href=\"https:\/\/www.gazeta-valceana.ro\/justitie\/dosar-penal-scandalagiii-de-la-tic-tac-retinuti-de-politisti-cutite-bate-pumni-picioare\/\" rel=\"bookmark\" title=\"DOSAR PENAL! Scandalagiii de la Tic Tac, re\u021binu\u021bi de poli\u021bi\u0219ti. Cu\u021bite, b\u00e2te, pumni, picioare\u2026\">DOSAR PENAL! Scandalagiii de la Tic Tac, re\u021binu\u021bi de poli\u021bi\u0219ti. Cu\u021bite, b\u00e2te, pumni, picioare\u2026<\/a><\/h3>\n<div class=\"td-editor-date\"><a href=\"https:\/\/www.gazeta-valceana.ro\/category\/anchetedezvaluri\/\" class=\"td-post-category\">Anchete\/Dezv\u0103luri<\/a><span class=\"td-author-date\"><span class=\"td-post-date\"><time class=\"entry-date updated td-module-date\" datetime=\"2026-08-29T11:58:37+02:00\">29 august 2026<\/time><\/span><\/span><\/div>\n<\/div>\n<\/div>\n<\/div>\n<\/div>\n<\/div>\n<\/div>\n<\/div>\n<\/div>\n<\/div>\n<div id=\"tdi_114\" class=\"tdc-row stretch_row_1200 td-stretch-content\">\n<div class=\"vc_row tdi_115  wpb_row td-pb-row\">\n<div class=\"vc_column tdi_120  wpb_column vc_column_container tdc-column td-pb-span4 td-is-sticky\">\n<div class=\"wpb_wrapper\" data-sticky-enabled-on=\"W3RydWUsdHJ1ZSx0cnVlLHRydWVd\" data-sticky-offset=\"20\" data-sticky-is-width-auto=\"W2ZhbHNlLGZhbHNlLGZhbHNlLGZhbHNlXQ==\">\n<div class=\"td_block_wrap td-a-rec td-a-rec-id-custom-spot td-a-rec-img tdi_121 td_block_template_1\">\n<div><a href=\"https:\/\/www.gazeta-valceana.ro\/anchetedezvaluri\/veste-buna-la-ceas-de-seara-vanesia-a-fost-gasita-dupa-cateva-ore-de-cautari\/\" class=\"td_spot_img_all\"><img loading=\"lazy\" decoding=\"async\" src=\"https:\/\/www.gazeta-valceana.ro\/wp-content\/uploads\/2025\/01\/image-4.jpg\" alt=\"spot_img\" width=\"347\" height=\"277\"><\/a><a href=\"https:\/\/www.gazeta-valceana.ro\/anchetedezvaluri\/veste-buna-la-ceas-de-seara-vanesia-a-fost-gasita-dupa-cateva-ore-de-cautari\/\" class=\"td_spot_img_mob\"><img loading=\"lazy\" decoding=\"async\" src=\"https:\/\/www.gazeta-valceana.ro\/wp-content\/uploads\/2025\/01\/image-4.jpg\" alt=\"spot_img\" width=\"347\" height=\"247\"><\/a><\/div>\n<\/div>\n<div class=\"td_block_wrap td-a-rec td-a-rec-id-custom-spot td-a-rec-img tdi_122 td_block_template_1\">\n<div><a href=\"https:\/\/www.gazeta-valceana.ro\/anchetedezvaluri\/veste-buna-la-ceas-de-seara-vanesia-a-fost-gasita-dupa-cateva-ore-de-cautari\/\" class=\"td_spot_img_all\"><img loading=\"lazy\" decoding=\"async\" src=\"https:\/\/www.gazeta-valceana.ro\/wp-content\/uploads\/2025\/01\/image-5.jpg\" alt=\"spot_img\" width=\"347\" height=\"277\"><\/a><a href=\"https:\/\/www.gazeta-valceana.ro\/anchetedezvaluri\/veste-buna-la-ceas-de-seara-vanesia-a-fost-gasita-dupa-cateva-ore-de-cautari\/\" class=\"td_spot_img_mob\"><img loading=\"lazy\" decoding=\"async\" src=\"https:\/\/www.gazeta-valceana.ro\/wp-content\/uploads\/2025\/01\/image-5.jpg\" alt=\"spot_img\" width=\"347\" height=\"247\"><\/a><\/div>\n<\/div>\n<div class=\"td_block_wrap td-a-rec td-a-rec-id-custom-spot td-a-rec-img tdi_123 td_block_template_1\">\n<div><a href=\"https:\/\/www.gazeta-valceana.ro\/anchetedezvaluri\/veste-buna-la-ceas-de-seara-vanesia-a-fost-gasita-dupa-cateva-ore-de-cautari\/\" class=\"td_spot_img_all\"><img loading=\"lazy\" decoding=\"async\" src=\"https:\/\/www.gazeta-valceana.ro\/wp-content\/uploads\/2025\/01\/image-3.jpeg\" alt=\"spot_img\" width=\"347\" height=\"277\"><\/a><a href=\"https:\/\/www.gazeta-valceana.ro\/anchetedezvaluri\/veste-buna-la-ceas-de-seara-vanesia-a-fost-gasita-dupa-cateva-ore-de-cautari\/\" class=\"td_spot_img_mob\"><img loading=\"lazy\" decoding=\"async\" src=\"https:\/\/www.gazeta-valceana.ro\/wp-content\/uploads\/2025\/01\/image-3.jpeg\" alt=\"spot_img\" width=\"347\" height=\"247\"><\/a><\/div>\n<\/div>\n<\/div>\n<\/div>\n<\/div>\n<\/div>\n<\/div>\n<\/div>\n<p><span class=\"td-page-meta\"><\/span><span class=\"td-page-meta\"><span class=\"td-page-meta\"><\/span><\/span><span class=\"td-page-meta\"><\/span><\/article>\n<\/p>\n<div class=\"td_block_wrap tdb_single_content tdi_71 td-pb-border-top td_block_template_1 td-post-content tagdiv-type\" data-td-block-uid=\"tdi_71\">\n<div class=\"tdb-block-inner td-fix-index\">\n<p>\u00cen seara de s\u00e2mb\u0103t\u0103, 29 august 2026, \u00een jurul orei 20.30, poli\u021bi\u0219tii Serviciului de Investiga\u021bii Criminale, \u00eempreun\u0103 cu cei ai Poli\u021biei Municipiului R\u00e2mnicu V\u00e2lcea, au fost sesiza\u021bi cu privire la dispari\u021bia unei minore \u00een v\u00e2rst\u0103 de 11 ani, Vanesia C\u0102LD\u0102RA\u0218, fiind demarate de \u00eendat\u0103 activit\u0103\u021bi pentru depistarea ei.<\/p>\n<p>Din fericire, dup\u0103 numai c\u00e2teva ore de c\u0103ut\u0103ri, minora a fost identificat\u0103 \u00een jurul orei 22.40. Ea se afl\u0103 \u00een afara oric\u0103rui pericol \u0219i a fost redat\u0103 familiei. IPJ V\u00e2lcea le mul\u021bume\u0219te pentru sprijin tuturor celor care s-au implicat \u00een opera\u021biunile de g\u0103sire a minorei!<\/p>\n<\/div>\n<\/div>\n<p>\u00cen seara de s\u00e2mb\u0103t\u0103, 29 august 2026, \u00een jurul orei 20.30, poli\u021bi\u0219tii Serviciului de Investiga\u021bii Criminale, \u00eempreun\u0103 cu cei ai Poli\u021biei Municipiului R\u00e2mnicu V\u00e2lcea, au fost sesiza\u021bi cu privire la dispari\u021bia unei minore \u00een v\u00e2rst\u0103 de 11 ani, Vanesia C\u0102LD\u0102RA\u0218, fiind demarate de \u00eendat\u0103 activit\u0103\u021bi pentru depistarea ei.<\/p>\n<p>Din fericire, dup\u0103 numai c\u00e2teva ore de c\u0103ut\u0103ri, minora a fost identificat\u0103 \u00een jurul orei 22.40. Ea se afl\u0103 \u00een afara oric\u0103rui pericol \u0219i a fost redat\u0103 familiei. IPJ V\u00e2lcea le mul\u021bume\u0219te pentru sprijin tuturor celor care s-au implicat \u00een opera\u021biunile de g\u0103sire a minorei!<\/p>\n<p>[analyse_source url=&#8221;https:\/\/www.gazeta-valceana.ro\/anchetedezvaluri\/veste-buna-la-ceas-de-seara-vanesia-a-fost-gasita-dupa-cateva-ore-de-cautari\/&#8221;]<\/p>\n","protected":false},"excerpt":{"rendered":"<p>[analyse_image type=&#8221;featured&#8221; src=&#8221;https:\/\/www.gazeta-valceana.ro\/wp-content\/uploads\/2026\/08\/IPJ-Politia-Disparuta-Vanesia-29.08.jpg&#8221;] VESTE BUN\u0102 la ceas de sear\u0103! Vanesia a fost g\u0103sit\u0103 dup\u0103 c\u00e2teva ore de c\u0103ut\u0103ri Anchete\/Dezv\u0103luriI 29 august 2026 Ac\u021biune Facebook Twitter Pinterest WhatsApp \u00cen seara de s\u00e2mb\u0103t\u0103, 29 august 2026, \u00een jurul orei 20.30, poli\u021bi\u0219tii Serviciului de Investiga\u021bii Criminale, \u00eempreun\u0103 cu cei ai Poli\u021biei Municipiului R\u00e2mnicu V\u00e2lcea, au fost sesiza\u021bi cu [&hellip;]<\/p>\n","protected":false},"author":1,"featured_media":0,"comment_status":"open","ping_status":"","sticky":false,"template":"","format":"standard","meta":{"footnotes":""},"categories":[89],"tags":[226,214],"class_list":["post-2118488","post","type-post","status-publish","format-standard","hentry","category-romania","tag-crawlmanager","tag-gazetavalceana-ro"],"_links":{"self":[{"href":"https:\/\/analyse.optim.biz\/index.php?rest_route=\/wp\/v2\/posts\/2118488","targetHints":{"allow":["GET"]}}],"collection":[{"href":"https:\/\/analyse.optim.biz\/index.php?rest_route=\/wp\/v2\/posts"}],"about":[{"href":"https:\/\/analyse.optim.biz\/index.php?rest_route=\/wp\/v2\/types\/post"}],"author":[{"embeddable":true,"href":"https:\/\/analyse.optim.biz\/index.php?rest_route=\/wp\/v2\/users\/1"}],"replies":[{"embeddable":true,"href":"https:\/\/analyse.optim.biz\/index.php?rest_route=%2Fwp%2Fv2%2Fcomments&post=2118488"}],"version-history":[{"count":0,"href":"https:\/\/analyse.optim.biz\/index.php?rest_route=\/wp\/v2\/posts\/2118488\/revisions"}],"wp:attachment":[{"href":"https:\/\/analyse.optim.biz\/index.php?rest_route=%2Fwp%2Fv2%2Fmedia&parent=2118488"}],"wp:term":[{"taxonomy":"category","embeddable":true,"href":"https:\/\/analyse.optim.biz\/index.php?rest_route=%2Fwp%2Fv2%2Fcategories&post=2118488"},{"taxonomy":"post_tag","embeddable":true,"href":"https:\/\/analyse.optim.biz\/index.php?rest_route=%2Fwp%2Fv2%2Ftags&post=2118488"}],"curies":[{"name":"wp","href":"https:\/\/api.w.org\/{rel}","templated":true}]}}