{"id":2118486,"date":"2026-08-27T16:51:04","date_gmt":"2026-08-27T13:51:04","guid":{"rendered":"https:\/\/analyse.optim.biz\/?p=2118486"},"modified":"2026-08-27T16:51:04","modified_gmt":"2026-08-27T13:51:04","slug":"aur-ii-cere-demisia-lui-fritz-timisorenii-au-ales-un-primar-nu-un-pseudo-dictator","status":"publish","type":"post","link":"https:\/\/analyse.optim.biz\/?p=2118486","title":{"rendered":"AUR \u00eei cere demisia lui Fritz: \u201eTimi\u0219orenii au ales un primar, nu un pseudo-dictator\u201d"},"content":{"rendered":"<p>[analyse_image type=&#8221;featured&#8221; src=&#8221;https:\/\/cdn.expressdebanat.ro\/wp-content\/uploads\/2026\/08\/ciprian-titi-stoica-AUR.jpg&#8221;]<\/p>\n<div id=\"post-area\" class=\"post-981852 post type-post status-publish format-standard has-post-thumbnail hentry category-politica category-timis category-timisoara tag-aur-timis tag-demisie-fritz tag-dominic-fritz tag-titi-stoica tag-usr-timis\">\n<div id=\"social-box\">\n<ul class=\"post-social\">\n<li class=\"social-share-button\">\n<li class=\"social-share-button\">\n<li class=\"social-share-button\"><\/ul>\n<\/div>\n<div id=\"content-area\">\n<div class=\"post-image\"><img loading=\"lazy\" decoding=\"async\" width=\"620\" height=\"400\" src=\"https:\/\/cdn.expressdebanat.ro\/wp-content\/uploads\/2026\/08\/ciprian-titi-stoica-AUR-620x400.jpg\" class=\"attachment-post-thumb size-post-thumb wp-post-image perfmatters-lazy\" alt=\"ciprian titi stoica aur\"><img loading=\"lazy\" decoding=\"async\" width=\"620\" height=\"400\" src=\"https:\/\/cdn.expressdebanat.ro\/wp-content\/uploads\/2026\/08\/ciprian-titi-stoica-AUR-620x400.jpg\" class=\"attachment-post-thumb size-post-thumb wp-post-image\" alt=\"ciprian titi stoica aur\"><\/div>\n<p class=\"isSelectedEnd\"><strong>Senatorul AUR de Timi\u0219 Ciprian-Titi Stoica spune c\u0103 votul primit de la timi\u0219oreni nu \u00eel poate pune pe Dominic Fritz deasupra legii \u0219i \u00eei cere s\u0103 accepte consecin\u021bele juridice ale situa\u021biei sale.<\/strong><\/p>\n<p><em>\u201e\u00abM-au ales timi\u0219orenii\u00bb nu poate deveni argumentul pentru a r\u0103m\u00e2ne \u00een func\u021bie indiferent de consecin\u021bele juridice. (\u2026) Voturile primite nu reprezint\u0103 un cec \u00een alb \u0219i cu at\u00e2t mai pu\u021bin o legitimitate aflat\u0103 deasupra legii. Timi\u0219orenii au ales un primar, nu un st\u0103p\u00e2n al ora\u0219ului sau un pseudo-dictator care decide singur c\u00e2nd o hot\u0103r\u00e2re definitiv\u0103, o decizie a CCR ori o lege a Parlamentului merit\u0103 respectate.\u201d<\/em>, a declarat senatorul AUR Titi Stoica.<\/p>\n<h4><a href=\"https:\/\/expressdebanat.ro\/mi-au-dat-un-mandat-de-patru-ani-fritz-respinge-ideea-demisiei\/\">CITE\u0218TE \u0218I: \u201eMi-au dat un mandat de patru ani\u201d. Fritz respinge ideea demisiei<\/a><\/h4>\n<p class=\"isSelectedEnd\">Parlamentarul acuz\u0103 USR de ipocrizie, dup\u0103 ce partidul a criticat ceea ce a numit<em> \u201eerdoganizarea\u201d<\/em> Rom\u00e2niei.<\/p>\n<p class=\"isSelectedEnd\"><em>\u201e\u00centr-un stat de drept, func\u021bia nu este proprietatea celui ales. Mandatul vine de la cet\u0103\u021beni, dar se exercit\u0103 \u00een limitele legii. Pentru USR este \u0219i un uria\u0219 test de ipocrizie. Ieri avertiza solemn asupra \u00aberdoganiz\u0103rii\u00bb Rom\u00e2niei, iar ast\u0103zi propriul pre\u0219edinte invoc\u0103 votul popular de parc\u0103 acesta l-ar a\u0219eza deasupra consecin\u021belor unei hot\u0103r\u00e2ri definitive.\u201d<\/em>, a transmis Stoica.<\/p>\n<p class=\"isSelectedEnd\">Senatorul AUR vorbe\u0219te \u0219i despre o <em>\u201eputinizare\u201d<\/em> a USR, prin care legitimitatea ob\u021binut\u0103 prin alegeri ar fi folosit\u0103 pentru ignorarea regulilor care limiteaz\u0103 exercitarea puterii.<\/p>\n<p class=\"isSelectedEnd\"><em>\u201ePoate c\u0103, \u00eenainte s\u0103 denun\u021be \u00aberdoganizarea\u00bb statului, USR ar trebui s\u0103 fie atent la propria \u00abputinizare\u00bb: reflexul liderului ales care ajunge s\u0103 cread\u0103 c\u0103 legitimitatea urnelor \u00eei permite s\u0103 ignore regulile care \u00eei limiteaz\u0103 puterea.\u201d<\/em>, a afirmat acesta.<\/p>\n<p class=\"isSelectedEnd\">Stoica sus\u021bine c\u0103 USR ar trebui s\u0103 aplice propriului lider acelea\u0219i standarde de integritate pe care le-a cerut \u00een trecut adversarilor politici.<\/p>\n<p><em>\u201ePartidul care ani \u00eentregi a cerut demisii \u0219i a \u00eemp\u0103r\u021bit certificate de integritate nu poate inventa excep\u021bii tocmai pentru propriul pre\u0219edinte.\u201d<\/em>, a mai spus senatorul AUR.<\/p>\n<p>\u00a0<\/p>\n<\/div>\n<div id=\"social-box\">\n<ul class=\"post-social\">\n<li class=\"fb-line\">\n<li><a href=\"http:\/\/twitter.com\/share\" class=\"twitter-share-button\" data-lang=\"en\" data-count=\"horizontal\">Tweet<\/a><\/li>\n<li>\n<li><a href=\"http:\/\/pinterest.com\/pin\/create\/button\/?url=https%3A%2F%2Fexpressdebanat.ro%2Faur-ii-cere-demisia-lui-fritz-timisorenii-au-ales-un-primar-nu-un-pseudo-dictator%2F&amp;media=https:\/\/cdn.expressdebanat.ro\/wp-content\/uploads\/2026\/08\/ciprian-titi-stoica-AUR.jpg&amp;description=AUR%20%C3%AEi%20cere%20demisia%20lui%20Fritz:%20%E2%80%9ETimi%C8%99orenii%20au%20ales%20un%20primar,%20nu%20un%20pseudo-dictator%E2%80%9D\" class=\"pin-it-button\">Pin It<\/a><\/li>\n<\/ul>\n<\/div>\n<\/div>\n<div id=\"content-area\">\n<div class=\"post-image\"><img loading=\"lazy\" decoding=\"async\" width=\"620\" height=\"400\" src=\"https:\/\/cdn.expressdebanat.ro\/wp-content\/uploads\/2026\/08\/ciprian-titi-stoica-AUR-620x400.jpg\" class=\"attachment-post-thumb size-post-thumb wp-post-image perfmatters-lazy\" alt=\"ciprian titi stoica aur\"><img loading=\"lazy\" decoding=\"async\" width=\"620\" height=\"400\" src=\"https:\/\/cdn.expressdebanat.ro\/wp-content\/uploads\/2026\/08\/ciprian-titi-stoica-AUR-620x400.jpg\" class=\"attachment-post-thumb size-post-thumb wp-post-image\" alt=\"ciprian titi stoica aur\"><\/div>\n<p class=\"isSelectedEnd\"><strong>Senatorul AUR de Timi\u0219 Ciprian-Titi Stoica spune c\u0103 votul primit de la timi\u0219oreni nu \u00eel poate pune pe Dominic Fritz deasupra legii \u0219i \u00eei cere s\u0103 accepte consecin\u021bele juridice ale situa\u021biei sale.<\/strong><\/p>\n<p><em>\u201e\u00abM-au ales timi\u0219orenii\u00bb nu poate deveni argumentul pentru a r\u0103m\u00e2ne \u00een func\u021bie indiferent de consecin\u021bele juridice. (\u2026) Voturile primite nu reprezint\u0103 un cec \u00een alb \u0219i cu at\u00e2t mai pu\u021bin o legitimitate aflat\u0103 deasupra legii. Timi\u0219orenii au ales un primar, nu un st\u0103p\u00e2n al ora\u0219ului sau un pseudo-dictator care decide singur c\u00e2nd o hot\u0103r\u00e2re definitiv\u0103, o decizie a CCR ori o lege a Parlamentului merit\u0103 respectate.\u201d<\/em>, a declarat senatorul AUR Titi Stoica.<\/p>\n<h4><a href=\"https:\/\/expressdebanat.ro\/mi-au-dat-un-mandat-de-patru-ani-fritz-respinge-ideea-demisiei\/\">CITE\u0218TE \u0218I: \u201eMi-au dat un mandat de patru ani\u201d. Fritz respinge ideea demisiei<\/a><\/h4>\n<p class=\"isSelectedEnd\">Parlamentarul acuz\u0103 USR de ipocrizie, dup\u0103 ce partidul a criticat ceea ce a numit<em> \u201eerdoganizarea\u201d<\/em> Rom\u00e2niei.<\/p>\n<p class=\"isSelectedEnd\"><em>\u201e\u00centr-un stat de drept, func\u021bia nu este proprietatea celui ales. Mandatul vine de la cet\u0103\u021beni, dar se exercit\u0103 \u00een limitele legii. Pentru USR este \u0219i un uria\u0219 test de ipocrizie. Ieri avertiza solemn asupra \u00aberdoganiz\u0103rii\u00bb Rom\u00e2niei, iar ast\u0103zi propriul pre\u0219edinte invoc\u0103 votul popular de parc\u0103 acesta l-ar a\u0219eza deasupra consecin\u021belor unei hot\u0103r\u00e2ri definitive.\u201d<\/em>, a transmis Stoica.<\/p>\n<p class=\"isSelectedEnd\">Senatorul AUR vorbe\u0219te \u0219i despre o <em>\u201eputinizare\u201d<\/em> a USR, prin care legitimitatea ob\u021binut\u0103 prin alegeri ar fi folosit\u0103 pentru ignorarea regulilor care limiteaz\u0103 exercitarea puterii.<\/p>\n<p class=\"isSelectedEnd\"><em>\u201ePoate c\u0103, \u00eenainte s\u0103 denun\u021be \u00aberdoganizarea\u00bb statului, USR ar trebui s\u0103 fie atent la propria \u00abputinizare\u00bb: reflexul liderului ales care ajunge s\u0103 cread\u0103 c\u0103 legitimitatea urnelor \u00eei permite s\u0103 ignore regulile care \u00eei limiteaz\u0103 puterea.\u201d<\/em>, a afirmat acesta.<\/p>\n<p class=\"isSelectedEnd\">Stoica sus\u021bine c\u0103 USR ar trebui s\u0103 aplice propriului lider acelea\u0219i standarde de integritate pe care le-a cerut \u00een trecut adversarilor politici.<\/p>\n<p><em>\u201ePartidul care ani \u00eentregi a cerut demisii \u0219i a \u00eemp\u0103r\u021bit certificate de integritate nu poate inventa excep\u021bii tocmai pentru propriul pre\u0219edinte.\u201d<\/em>, a mai spus senatorul AUR.<\/p>\n<p>\u00a0<\/p>\n<\/div>\n<p>[analyse_source url=&#8221;https:\/\/expressdebanat.ro\/aur-ii-cere-demisia-lui-fritz-timisorenii-au-ales-un-primar-nu-un-pseudo-dictator\/&#8221;]<\/p>\n","protected":false},"excerpt":{"rendered":"<p>[analyse_image type=&#8221;featured&#8221; src=&#8221;https:\/\/cdn.expressdebanat.ro\/wp-content\/uploads\/2026\/08\/ciprian-titi-stoica-AUR.jpg&#8221;] Senatorul AUR de Timi\u0219 Ciprian-Titi Stoica spune c\u0103 votul primit de la timi\u0219oreni nu \u00eel poate pune pe Dominic Fritz deasupra legii \u0219i \u00eei cere s\u0103 accepte consecin\u021bele juridice ale situa\u021biei sale. \u201e\u00abM-au ales timi\u0219orenii\u00bb nu poate deveni argumentul pentru a r\u0103m\u00e2ne \u00een func\u021bie indiferent de consecin\u021bele juridice. (\u2026) Voturile primite nu [&hellip;]<\/p>\n","protected":false},"author":1,"featured_media":0,"comment_status":"open","ping_status":"","sticky":false,"template":"","format":"standard","meta":{"footnotes":""},"categories":[89],"tags":[226,196],"class_list":["post-2118486","post","type-post","status-publish","format-standard","hentry","category-romania","tag-crawlmanager","tag-expressdebanat-ro"],"_links":{"self":[{"href":"https:\/\/analyse.optim.biz\/index.php?rest_route=\/wp\/v2\/posts\/2118486","targetHints":{"allow":["GET"]}}],"collection":[{"href":"https:\/\/analyse.optim.biz\/index.php?rest_route=\/wp\/v2\/posts"}],"about":[{"href":"https:\/\/analyse.optim.biz\/index.php?rest_route=\/wp\/v2\/types\/post"}],"author":[{"embeddable":true,"href":"https:\/\/analyse.optim.biz\/index.php?rest_route=\/wp\/v2\/users\/1"}],"replies":[{"embeddable":true,"href":"https:\/\/analyse.optim.biz\/index.php?rest_route=%2Fwp%2Fv2%2Fcomments&post=2118486"}],"version-history":[{"count":0,"href":"https:\/\/analyse.optim.biz\/index.php?rest_route=\/wp\/v2\/posts\/2118486\/revisions"}],"wp:attachment":[{"href":"https:\/\/analyse.optim.biz\/index.php?rest_route=%2Fwp%2Fv2%2Fmedia&parent=2118486"}],"wp:term":[{"taxonomy":"category","embeddable":true,"href":"https:\/\/analyse.optim.biz\/index.php?rest_route=%2Fwp%2Fv2%2Fcategories&post=2118486"},{"taxonomy":"post_tag","embeddable":true,"href":"https:\/\/analyse.optim.biz\/index.php?rest_route=%2Fwp%2Fv2%2Ftags&post=2118486"}],"curies":[{"name":"wp","href":"https:\/\/api.w.org\/{rel}","templated":true}]}}