{"id":2118484,"date":"2026-08-27T12:32:38","date_gmt":"2026-08-27T09:32:38","guid":{"rendered":"https:\/\/analyse.optim.biz\/?p=2118484"},"modified":"2026-08-27T12:32:38","modified_gmt":"2026-08-27T09:32:38","slug":"sdm-timisoara-anunta-programul-unde-se-vor-executa-reparatii-si-lucrari-de-intretinere","status":"publish","type":"post","link":"https:\/\/analyse.optim.biz\/?p=2118484","title":{"rendered":"SDM Timi\u0219oara anun\u021b\u0103 programul unde se vor executa repara\u0163ii \u015fi lucr\u0103ri de \u00eentre\u0163inere"},"content":{"rendered":"<p>[analyse_image type=&#8221;featured&#8221; src=&#8221;https:\/\/cdn.expressdebanat.ro\/wp-content\/uploads\/2024\/04\/lucrari-ale-sdm-la-timisoara-e1721037226275.jpg&#8221;]<\/p>\n<div id=\"post-area\" class=\"post-981839 post type-post status-publish format-standard has-post-thumbnail hentry category-lugoj category-timis category-timisoara category-utile\">\n<div id=\"social-box\">\n<ul class=\"post-social\">\n<li class=\"social-share-button\">\n<li class=\"social-share-button\">\n<li class=\"social-share-button\"><\/ul>\n<\/div>\n<div id=\"content-area\">\n<div class=\"post-image\"><img loading=\"lazy\" decoding=\"async\" width=\"620\" height=\"400\" src=\"https:\/\/cdn.expressdebanat.ro\/wp-content\/uploads\/2024\/04\/lucrari-ale-sdm-la-timisoara-620x400.jpg\" class=\"attachment-post-thumb size-post-thumb wp-post-image perfmatters-lazy\" alt=\"Stiri si informatii despre lucrarile SDM din Timisoara\"><img loading=\"lazy\" decoding=\"async\" width=\"620\" height=\"400\" src=\"https:\/\/cdn.expressdebanat.ro\/wp-content\/uploads\/2024\/04\/lucrari-ale-sdm-la-timisoara-620x400.jpg\" class=\"attachment-post-thumb size-post-thumb wp-post-image\" alt=\"Stiri si informatii despre lucrarile SDM din Timisoara\"><\/div>\n<div class=\"erxie6a93546207bbd\"><img loading=\"lazy\" decoding=\"async\" class=\"size-full wp-image-947090 perfmatters-lazy\" src=\"https:\/\/cdn.expressdebanat.ro\/wp-content\/uploads\/2025\/10\/banner-1164-x-200-px.jpg\" alt=\"banner 1164 x 200 px\" width=\"1000\" height=\"171\"><img loading=\"lazy\" decoding=\"async\" class=\"size-full wp-image-947090\" src=\"https:\/\/cdn.expressdebanat.ro\/wp-content\/uploads\/2025\/10\/banner-1164-x-200-px.jpg\" alt=\"banner 1164 x 200 px\" width=\"1000\" height=\"171\"><\/div>\n<p><strong>Programul zilnic <\/strong><strong>al lucr\u0103rilor de \u00eentre\u021binere\/ interven\u021bii\/ repara\u021bii, la semnalizarea rutier\u0103 <\/strong><strong>de pe str\u0103zile municipiului Timi\u0219oara.<\/strong><\/p>\n<p>V\u0103 facem cunoscut programul zilei de \u00a028.08. 2026, dup\u0103 care se vor executa activit\u0103\u021bi specifice serviciului de: \u201eSemnalizare a circula\u021biei rutiere, \u00eentre\u021binere, func\u021bionare \u0219i dirijare a circula\u021biei rutiere\u00a0pe raza municipiului Timi\u0219oara\u201d:<\/p>\n<table width=\"756\">\n<tbody>\n<tr>\n<td width=\"38\">Nr. crt.<\/td>\n<td width=\"397\">Amplasamentul<\/td>\n<td width=\"321\">Categoria de lucr\u0103ri<\/td>\n<\/tr>\n<tr>\n<td width=\"38\">1<\/td>\n<td width=\"397\">Calea Lugojului- DN6- pe timp de noapte<\/td>\n<td width=\"321\">Marcaje rutiere de separare a sensurilor de circula\u021bie<\/td>\n<\/tr>\n<tr>\n<td width=\"38\">2<\/td>\n<td width=\"397\">Str. Ion Ghica- acces Colegiul Na\u021bional B\u0103n\u0103\u021bean- zon\u0103 cu sta\u021bionare temporar\u0103 \u201edrop- off\u201d<\/td>\n<td width=\"321\">Marcaje rutiere de sta\u021bionare temporar\u0103 tip \u201edrop- off\u201d<\/td>\n<\/tr>\n<tr>\n<td width=\"38\">3<\/td>\n<td width=\"397\">Pia\u021ba Iuliu Maniu<\/td>\n<td width=\"321\">\u00cenlocuire borne de restric\u021bionare a accesului auto<\/td>\n<\/tr>\n<tr>\n<td width=\"38\">4<\/td>\n<td width=\"397\">Bd. C. D. Loga- informare cur\u0103\u021benie stradal\u0103<\/td>\n<td width=\"321\">Montare panouri informative<\/td>\n<\/tr>\n<tr>\n<td width=\"38\">5<\/td>\n<td width=\"397\">Bd. Take Ionescu- Str. Mihail Kog\u0103lniceanu- Bd. Simion B\u0103rnu\u021biu- Pia\u021ba Badea C\u00e2r\u021ban<\/td>\n<td width=\"321\">Refacerea instala\u021biei de semaforizare a intersec\u021biei<\/td>\n<\/tr>\n<tr>\n<td width=\"38\">6<\/td>\n<td width=\"397\">Bd. Liviu Rebreanu- \u00eentre Str. Ulpia Traiana \u0219i Calea Martirilor 1989<\/td>\n<td width=\"321\">Lucr\u0103ri de refacere a instala\u021biilor de semaforizare \u00een intersec\u021biile de pe traseul curent<\/td>\n<\/tr>\n<\/tbody>\n<\/table>\n<p>V\u0103 facem cunoscut programul zilei de <strong>28.08.2026<\/strong>, unde se vor executa repara\u0163ii \u015fi lucr\u0103ri de \u00eentre\u0163inere (forma\u0163ii de lucru \u015fi str\u0103zile respective): LUCR\u0102RI DE REPARA\u021aII \u0218I \u00ceNTRE\u021aINERE A STR\u0102ZILOR, ALEILOR, TROTUARELOR, PODURILOR, PASAJELOR, PASARELELOR DIN MUNICIPIUL TIMI\u0218OARA:<\/p>\n<table width=\"567\">\n<tbody>\n<tr>\n<td width=\"38\"><strong>Nr. crt.<\/strong><\/td>\n<td width=\"245\"><strong>Strad\u0103\/Bulevard<\/strong><\/td>\n<td width=\"47\"><strong>Zona<\/strong><\/td>\n<td width=\"236\"><strong>Categorie lucr\u0103ri<\/strong><\/td>\n<\/tr>\n<tr>\n<td width=\"38\"><strong>1<\/strong><\/td>\n<td width=\"245\">Intrarea Sepia 2 ( parcare )<\/td>\n<td width=\"47\">Sud<\/td>\n<td width=\"236\">S\u0103p\u0103tur\u0103 respectiv funda\u021bie trotuar.<\/td>\n<\/tr>\n<tr>\n<td width=\"38\"><strong>2<\/strong><\/td>\n<td width=\"245\">Claude Debussy ( carosabil )<\/td>\n<td width=\"47\">Sud<\/td>\n<td width=\"236\">Repara\u021bii cu mixtur\u0103 asfaltic\u0103 BA16.<\/td>\n<\/tr>\n<tr>\n<td width=\"38\"><strong>3<\/strong><\/td>\n<td width=\"245\">Stanescu ( carosabil )<\/td>\n<td width=\"47\">Sud<\/td>\n<td width=\"236\">Repara\u021bii cu mixtur\u0103 asfaltic\u0103 BA16.<\/td>\n<\/tr>\n<tr>\n<td width=\"38\"><strong>4<\/strong><\/td>\n<td width=\"245\">Aristide Briandt ( carosabil )<\/td>\n<td width=\"47\">Sud<\/td>\n<td width=\"236\">Repara\u021bii cu mixtur\u0103 asfaltic\u0103 BA16.<\/td>\n<\/tr>\n<tr>\n<td width=\"38\"><strong>5<\/strong><\/td>\n<td width=\"245\">Hamlet ( carosabil )<\/td>\n<td width=\"47\">Sud<\/td>\n<td width=\"236\">Repara\u021bii cu mixtur\u0103 asfaltic\u0103 BA16.<\/td>\n<\/tr>\n<tr>\n<td width=\"38\"><strong>6<\/strong><\/td>\n<td width=\"245\">Bizet ( carosabil )<\/td>\n<td width=\"47\">Sud<\/td>\n<td width=\"236\">Repara\u021bii cu mixtur\u0103 asfaltic\u0103 BA16.<\/td>\n<\/tr>\n<tr>\n<td width=\"38\"><strong>7<\/strong><\/td>\n<td width=\"245\">Vasile Voiculescu ( carosabil )<\/td>\n<td width=\"47\">Sud<\/td>\n<td width=\"236\">Repara\u021bii cu mixtur\u0103 asfaltic\u0103 BA16.<\/td>\n<\/tr>\n<tr>\n<td width=\"38\"><strong>8<\/strong><\/td>\n<td width=\"245\">Tosca ( carosabil )<\/td>\n<td width=\"47\">Sud<\/td>\n<td width=\"236\">Repara\u021bii cu mixtur\u0103 asfaltic\u0103 BA16.<\/td>\n<\/tr>\n<tr>\n<td width=\"38\"><strong>9<\/strong><\/td>\n<td width=\"245\">Aida ( carosabil )<\/td>\n<td width=\"47\">Sud<\/td>\n<td width=\"236\">Repara\u021bii cu mixtur\u0103 asfaltic\u0103 BA16.<\/td>\n<\/tr>\n<tr>\n<td width=\"38\"><strong>10<\/strong><\/td>\n<td width=\"245\">Traviata ( carosabil )<\/td>\n<td width=\"47\">Sud<\/td>\n<td width=\"236\">Repara\u021bii cu mixtur\u0103 asfaltic\u0103 BA16.<\/td>\n<\/tr>\n<tr>\n<td width=\"38\"><strong>11<\/strong><\/td>\n<td width=\"245\">Calea Martirilor ( carosabil )<\/td>\n<td width=\"47\">Sud<\/td>\n<td width=\"236\">A\u0219ternere mixtur\u0103 asfaltic\u0103 SMA16.<\/td>\n<\/tr>\n<tr>\n<td width=\"38\"><strong>12<\/strong><\/td>\n<td width=\"245\">Revolu\u021biei din 1989 ( carosabil )<\/td>\n<td width=\"47\">Nord<\/td>\n<td width=\"236\">A\u0219ternere mixtur\u0103 asfaltic\u0103 SMA16.<\/td>\n<\/tr>\n<tr>\n<td width=\"38\"><strong>13<\/strong><\/td>\n<td width=\"245\">Dropiei ( carosabil )<\/td>\n<td width=\"47\">Nord<\/td>\n<td width=\"236\">Repara\u021bii cu mixtur\u0103 asfaltic\u0103 BA16.<\/td>\n<\/tr>\n<tr>\n<td width=\"38\"><strong>14<\/strong><\/td>\n<td width=\"245\">Timi\u0219 ( carosabil )<\/td>\n<td width=\"47\">Nord<\/td>\n<td width=\"236\">Repara\u021bii cu mixtur\u0103 asfaltic\u0103 BA16.<\/td>\n<\/tr>\n<tr>\n<td width=\"38\"><strong>15<\/strong><\/td>\n<td width=\"245\">Lacului (carosabil)<\/td>\n<td width=\"47\">Sud<\/td>\n<td width=\"236\">Ridicare c\u0103mine la cot\u0103.<\/td>\n<\/tr>\n<tr>\n<td width=\"38\"><strong>16<\/strong><\/td>\n<td width=\"245\">Drubeta ( carosabil )<\/td>\n<td width=\"47\">Sud<\/td>\n<td width=\"236\">Repara\u021bii carosabil.<\/td>\n<\/tr>\n<tr>\n<td width=\"38\"><strong>17<\/strong><\/td>\n<td width=\"245\">Vulturilor ( trotuar )<\/td>\n<td width=\"47\">Sud<\/td>\n<td width=\"236\">Refacere trotuar.<\/td>\n<\/tr>\n<\/tbody>\n<\/table>\n<p><strong>\u00a0\u00a0\u00a0\u00a0\u00a0\u00a0\u00a0\u00a0\u00a0\u00a0\u00a0\u00a0\u00a0\u00a0 INVESTI\u021aII:<\/strong><\/p>\n<table width=\"567\">\n<tbody>\n<tr>\n<td width=\"38\"><strong>Nr.crt.<\/strong><\/td>\n<td width=\"245\"><strong>LUCRARE<\/strong><\/td>\n<td width=\"47\"><strong>Zona<\/strong><\/td>\n<td width=\"236\"><strong>Categorie lucr\u0103ri<\/strong><\/td>\n<\/tr>\n<tr>\n<td width=\"38\"><strong>1<\/strong><\/td>\n<td width=\"245\">AMENAJARE STR\u0102ZI ZONA BLA\u0218COVICI<\/p>\n<p>\u2013\u00a0\u00a0\u00a0\u00a0\u00a0\u00a0\u00a0 Str. Semicerc<\/p>\n<\/td>\n<td width=\"47\">Nord<\/td>\n<td width=\"236\">S\u0103p\u0103tur\u0103, strat funda\u021bie balast.<\/td>\n<\/tr>\n<tr>\n<td width=\"38\"><strong>2<\/strong><\/td>\n<td width=\"245\">VIABILIZARE ZON\u0102 DE LOCUIN\u021aE OVIDIU BALEA<\/td>\n<td width=\"47\">Nord<\/td>\n<td width=\"236\">Funda\u021bie c\u0103i acces.<\/td>\n<\/tr>\n<\/tbody>\n<\/table>\n<div class=\"jtavp6a93546207bf7\"><a href=\"https:\/\/www.brantner.com\/en\/group\/international-locations\/romania\/brantner-servicii-ecoogice-srl-resita.html\" title=\"Stiri Timisoara si Resita publicitate online\" target=\"_blank\" rel=\"noopener noreferrer ugc sponsored\"><img loading=\"lazy\" decoding=\"async\" class=\"size-full wp-image-804798 perfmatters-lazy\" src=\"https:\/\/cdn.expressdebanat.ro\/wp-content\/uploads\/2024\/02\/WhatsApp-Image-2024-02-05-at-11.32.01.jpeg\" alt=\"Stiri Timisoara si Resita publicitate online Brantner 1000x100px\" width=\"970\" height=\"90\"><img loading=\"lazy\" decoding=\"async\" class=\"size-full wp-image-804798\" src=\"https:\/\/cdn.expressdebanat.ro\/wp-content\/uploads\/2024\/02\/WhatsApp-Image-2024-02-05-at-11.32.01.jpeg\" alt=\"Stiri Timisoara si Resita publicitate online Brantner 1000x100px\" width=\"970\" height=\"90\"><\/a><\/div>\n<\/div>\n<div id=\"social-box\">\n<ul class=\"post-social\">\n<li class=\"fb-line\">\n<li><a href=\"http:\/\/twitter.com\/share\" class=\"twitter-share-button\" data-lang=\"en\" data-count=\"horizontal\">Tweet<\/a><\/li>\n<li>\n<li><a href=\"http:\/\/pinterest.com\/pin\/create\/button\/?url=https%3A%2F%2Fexpressdebanat.ro%2Fsdm-timisoara-anunta-programul-unde-se-vor-executa-reparatii-si-lucrari-de-intretinere%2F&amp;media=https:\/\/cdn.expressdebanat.ro\/wp-content\/uploads\/2024\/04\/lucrari-ale-sdm-la-timisoara-e1721037226275.jpg&amp;description=SDM%20Timi%C8%99oara%20anun%C8%9B%C4%83%20programul%20unde%20se%20vor%20executa%20repara%C5%A3ii%20%C5%9Fi%20lucr%C4%83ri%20de%20%C3%AEntre%C5%A3inere\" class=\"pin-it-button\">Pin It<\/a><\/li>\n<\/ul>\n<\/div>\n<\/div>\n<div id=\"content-area\">\n<div class=\"post-image\"><img loading=\"lazy\" decoding=\"async\" width=\"620\" height=\"400\" src=\"https:\/\/cdn.expressdebanat.ro\/wp-content\/uploads\/2024\/04\/lucrari-ale-sdm-la-timisoara-620x400.jpg\" class=\"attachment-post-thumb size-post-thumb wp-post-image perfmatters-lazy\" alt=\"Stiri si informatii despre lucrarile SDM din Timisoara\"><img loading=\"lazy\" decoding=\"async\" width=\"620\" height=\"400\" src=\"https:\/\/cdn.expressdebanat.ro\/wp-content\/uploads\/2024\/04\/lucrari-ale-sdm-la-timisoara-620x400.jpg\" class=\"attachment-post-thumb size-post-thumb wp-post-image\" alt=\"Stiri si informatii despre lucrarile SDM din Timisoara\"><\/div>\n<div class=\"erxie6a93546207bbd\"><img loading=\"lazy\" decoding=\"async\" class=\"size-full wp-image-947090 perfmatters-lazy\" src=\"https:\/\/cdn.expressdebanat.ro\/wp-content\/uploads\/2025\/10\/banner-1164-x-200-px.jpg\" alt=\"banner 1164 x 200 px\" width=\"1000\" height=\"171\"><img loading=\"lazy\" decoding=\"async\" class=\"size-full wp-image-947090\" src=\"https:\/\/cdn.expressdebanat.ro\/wp-content\/uploads\/2025\/10\/banner-1164-x-200-px.jpg\" alt=\"banner 1164 x 200 px\" width=\"1000\" height=\"171\"><\/div>\n<p><strong>Programul zilnic <\/strong><strong>al lucr\u0103rilor de \u00eentre\u021binere\/ interven\u021bii\/ repara\u021bii, la semnalizarea rutier\u0103 <\/strong><strong>de pe str\u0103zile municipiului Timi\u0219oara.<\/strong><\/p>\n<p>V\u0103 facem cunoscut programul zilei de \u00a028.08. 2026, dup\u0103 care se vor executa activit\u0103\u021bi specifice serviciului de: \u201eSemnalizare a circula\u021biei rutiere, \u00eentre\u021binere, func\u021bionare \u0219i dirijare a circula\u021biei rutiere\u00a0pe raza municipiului Timi\u0219oara\u201d:<\/p>\n<table width=\"756\">\n<tbody>\n<tr>\n<td width=\"38\">Nr. crt.<\/td>\n<td width=\"397\">Amplasamentul<\/td>\n<td width=\"321\">Categoria de lucr\u0103ri<\/td>\n<\/tr>\n<tr>\n<td width=\"38\">1<\/td>\n<td width=\"397\">Calea Lugojului- DN6- pe timp de noapte<\/td>\n<td width=\"321\">Marcaje rutiere de separare a sensurilor de circula\u021bie<\/td>\n<\/tr>\n<tr>\n<td width=\"38\">2<\/td>\n<td width=\"397\">Str. Ion Ghica- acces Colegiul Na\u021bional B\u0103n\u0103\u021bean- zon\u0103 cu sta\u021bionare temporar\u0103 \u201edrop- off\u201d<\/td>\n<td width=\"321\">Marcaje rutiere de sta\u021bionare temporar\u0103 tip \u201edrop- off\u201d<\/td>\n<\/tr>\n<tr>\n<td width=\"38\">3<\/td>\n<td width=\"397\">Pia\u021ba Iuliu Maniu<\/td>\n<td width=\"321\">\u00cenlocuire borne de restric\u021bionare a accesului auto<\/td>\n<\/tr>\n<tr>\n<td width=\"38\">4<\/td>\n<td width=\"397\">Bd. C. D. Loga- informare cur\u0103\u021benie stradal\u0103<\/td>\n<td width=\"321\">Montare panouri informative<\/td>\n<\/tr>\n<tr>\n<td width=\"38\">5<\/td>\n<td width=\"397\">Bd. Take Ionescu- Str. Mihail Kog\u0103lniceanu- Bd. Simion B\u0103rnu\u021biu- Pia\u021ba Badea C\u00e2r\u021ban<\/td>\n<td width=\"321\">Refacerea instala\u021biei de semaforizare a intersec\u021biei<\/td>\n<\/tr>\n<tr>\n<td width=\"38\">6<\/td>\n<td width=\"397\">Bd. Liviu Rebreanu- \u00eentre Str. Ulpia Traiana \u0219i Calea Martirilor 1989<\/td>\n<td width=\"321\">Lucr\u0103ri de refacere a instala\u021biilor de semaforizare \u00een intersec\u021biile de pe traseul curent<\/td>\n<\/tr>\n<\/tbody>\n<\/table>\n<p>V\u0103 facem cunoscut programul zilei de <strong>28.08.2026<\/strong>, unde se vor executa repara\u0163ii \u015fi lucr\u0103ri de \u00eentre\u0163inere (forma\u0163ii de lucru \u015fi str\u0103zile respective): LUCR\u0102RI DE REPARA\u021aII \u0218I \u00ceNTRE\u021aINERE A STR\u0102ZILOR, ALEILOR, TROTUARELOR, PODURILOR, PASAJELOR, PASARELELOR DIN MUNICIPIUL TIMI\u0218OARA:<\/p>\n<table width=\"567\">\n<tbody>\n<tr>\n<td width=\"38\"><strong>Nr. crt.<\/strong><\/td>\n<td width=\"245\"><strong>Strad\u0103\/Bulevard<\/strong><\/td>\n<td width=\"47\"><strong>Zona<\/strong><\/td>\n<td width=\"236\"><strong>Categorie lucr\u0103ri<\/strong><\/td>\n<\/tr>\n<tr>\n<td width=\"38\"><strong>1<\/strong><\/td>\n<td width=\"245\">Intrarea Sepia 2 ( parcare )<\/td>\n<td width=\"47\">Sud<\/td>\n<td width=\"236\">S\u0103p\u0103tur\u0103 respectiv funda\u021bie trotuar.<\/td>\n<\/tr>\n<tr>\n<td width=\"38\"><strong>2<\/strong><\/td>\n<td width=\"245\">Claude Debussy ( carosabil )<\/td>\n<td width=\"47\">Sud<\/td>\n<td width=\"236\">Repara\u021bii cu mixtur\u0103 asfaltic\u0103 BA16.<\/td>\n<\/tr>\n<tr>\n<td width=\"38\"><strong>3<\/strong><\/td>\n<td width=\"245\">Stanescu ( carosabil )<\/td>\n<td width=\"47\">Sud<\/td>\n<td width=\"236\">Repara\u021bii cu mixtur\u0103 asfaltic\u0103 BA16.<\/td>\n<\/tr>\n<tr>\n<td width=\"38\"><strong>4<\/strong><\/td>\n<td width=\"245\">Aristide Briandt ( carosabil )<\/td>\n<td width=\"47\">Sud<\/td>\n<td width=\"236\">Repara\u021bii cu mixtur\u0103 asfaltic\u0103 BA16.<\/td>\n<\/tr>\n<tr>\n<td width=\"38\"><strong>5<\/strong><\/td>\n<td width=\"245\">Hamlet ( carosabil )<\/td>\n<td width=\"47\">Sud<\/td>\n<td width=\"236\">Repara\u021bii cu mixtur\u0103 asfaltic\u0103 BA16.<\/td>\n<\/tr>\n<tr>\n<td width=\"38\"><strong>6<\/strong><\/td>\n<td width=\"245\">Bizet ( carosabil )<\/td>\n<td width=\"47\">Sud<\/td>\n<td width=\"236\">Repara\u021bii cu mixtur\u0103 asfaltic\u0103 BA16.<\/td>\n<\/tr>\n<tr>\n<td width=\"38\"><strong>7<\/strong><\/td>\n<td width=\"245\">Vasile Voiculescu ( carosabil )<\/td>\n<td width=\"47\">Sud<\/td>\n<td width=\"236\">Repara\u021bii cu mixtur\u0103 asfaltic\u0103 BA16.<\/td>\n<\/tr>\n<tr>\n<td width=\"38\"><strong>8<\/strong><\/td>\n<td width=\"245\">Tosca ( carosabil )<\/td>\n<td width=\"47\">Sud<\/td>\n<td width=\"236\">Repara\u021bii cu mixtur\u0103 asfaltic\u0103 BA16.<\/td>\n<\/tr>\n<tr>\n<td width=\"38\"><strong>9<\/strong><\/td>\n<td width=\"245\">Aida ( carosabil )<\/td>\n<td width=\"47\">Sud<\/td>\n<td width=\"236\">Repara\u021bii cu mixtur\u0103 asfaltic\u0103 BA16.<\/td>\n<\/tr>\n<tr>\n<td width=\"38\"><strong>10<\/strong><\/td>\n<td width=\"245\">Traviata ( carosabil )<\/td>\n<td width=\"47\">Sud<\/td>\n<td width=\"236\">Repara\u021bii cu mixtur\u0103 asfaltic\u0103 BA16.<\/td>\n<\/tr>\n<tr>\n<td width=\"38\"><strong>11<\/strong><\/td>\n<td width=\"245\">Calea Martirilor ( carosabil )<\/td>\n<td width=\"47\">Sud<\/td>\n<td width=\"236\">A\u0219ternere mixtur\u0103 asfaltic\u0103 SMA16.<\/td>\n<\/tr>\n<tr>\n<td width=\"38\"><strong>12<\/strong><\/td>\n<td width=\"245\">Revolu\u021biei din 1989 ( carosabil )<\/td>\n<td width=\"47\">Nord<\/td>\n<td width=\"236\">A\u0219ternere mixtur\u0103 asfaltic\u0103 SMA16.<\/td>\n<\/tr>\n<tr>\n<td width=\"38\"><strong>13<\/strong><\/td>\n<td width=\"245\">Dropiei ( carosabil )<\/td>\n<td width=\"47\">Nord<\/td>\n<td width=\"236\">Repara\u021bii cu mixtur\u0103 asfaltic\u0103 BA16.<\/td>\n<\/tr>\n<tr>\n<td width=\"38\"><strong>14<\/strong><\/td>\n<td width=\"245\">Timi\u0219 ( carosabil )<\/td>\n<td width=\"47\">Nord<\/td>\n<td width=\"236\">Repara\u021bii cu mixtur\u0103 asfaltic\u0103 BA16.<\/td>\n<\/tr>\n<tr>\n<td width=\"38\"><strong>15<\/strong><\/td>\n<td width=\"245\">Lacului (carosabil)<\/td>\n<td width=\"47\">Sud<\/td>\n<td width=\"236\">Ridicare c\u0103mine la cot\u0103.<\/td>\n<\/tr>\n<tr>\n<td width=\"38\"><strong>16<\/strong><\/td>\n<td width=\"245\">Drubeta ( carosabil )<\/td>\n<td width=\"47\">Sud<\/td>\n<td width=\"236\">Repara\u021bii carosabil.<\/td>\n<\/tr>\n<tr>\n<td width=\"38\"><strong>17<\/strong><\/td>\n<td width=\"245\">Vulturilor ( trotuar )<\/td>\n<td width=\"47\">Sud<\/td>\n<td width=\"236\">Refacere trotuar.<\/td>\n<\/tr>\n<\/tbody>\n<\/table>\n<p><strong>\u00a0\u00a0\u00a0\u00a0\u00a0\u00a0\u00a0\u00a0\u00a0\u00a0\u00a0\u00a0\u00a0\u00a0 INVESTI\u021aII:<\/strong><\/p>\n<table width=\"567\">\n<tbody>\n<tr>\n<td width=\"38\"><strong>Nr.crt.<\/strong><\/td>\n<td width=\"245\"><strong>LUCRARE<\/strong><\/td>\n<td width=\"47\"><strong>Zona<\/strong><\/td>\n<td width=\"236\"><strong>Categorie lucr\u0103ri<\/strong><\/td>\n<\/tr>\n<tr>\n<td width=\"38\"><strong>1<\/strong><\/td>\n<td width=\"245\">AMENAJARE STR\u0102ZI ZONA BLA\u0218COVICI<\/p>\n<p>\u2013\u00a0\u00a0\u00a0\u00a0\u00a0\u00a0\u00a0 Str. Semicerc<\/p>\n<\/td>\n<td width=\"47\">Nord<\/td>\n<td width=\"236\">S\u0103p\u0103tur\u0103, strat funda\u021bie balast.<\/td>\n<\/tr>\n<tr>\n<td width=\"38\"><strong>2<\/strong><\/td>\n<td width=\"245\">VIABILIZARE ZON\u0102 DE LOCUIN\u021aE OVIDIU BALEA<\/td>\n<td width=\"47\">Nord<\/td>\n<td width=\"236\">Funda\u021bie c\u0103i acces.<\/td>\n<\/tr>\n<\/tbody>\n<\/table>\n<div class=\"jtavp6a93546207bf7\"><a href=\"https:\/\/www.brantner.com\/en\/group\/international-locations\/romania\/brantner-servicii-ecoogice-srl-resita.html\" title=\"Stiri Timisoara si Resita publicitate online\" target=\"_blank\" rel=\"noopener noreferrer ugc sponsored\"><img loading=\"lazy\" decoding=\"async\" class=\"size-full wp-image-804798 perfmatters-lazy\" src=\"https:\/\/cdn.expressdebanat.ro\/wp-content\/uploads\/2024\/02\/WhatsApp-Image-2024-02-05-at-11.32.01.jpeg\" alt=\"Stiri Timisoara si Resita publicitate online Brantner 1000x100px\" width=\"970\" height=\"90\"><img loading=\"lazy\" decoding=\"async\" class=\"size-full wp-image-804798\" src=\"https:\/\/cdn.expressdebanat.ro\/wp-content\/uploads\/2024\/02\/WhatsApp-Image-2024-02-05-at-11.32.01.jpeg\" alt=\"Stiri Timisoara si Resita publicitate online Brantner 1000x100px\" width=\"970\" height=\"90\"><\/a><\/div>\n<\/div>\n<p>[analyse_source url=&#8221;https:\/\/expressdebanat.ro\/sdm-timisoara-anunta-programul-unde-se-vor-executa-reparatii-si-lucrari-de-intretinere\/&#8221;]<\/p>\n","protected":false},"excerpt":{"rendered":"<p>[analyse_image type=&#8221;featured&#8221; src=&#8221;https:\/\/cdn.expressdebanat.ro\/wp-content\/uploads\/2024\/04\/lucrari-ale-sdm-la-timisoara-e1721037226275.jpg&#8221;] Programul zilnic al lucr\u0103rilor de \u00eentre\u021binere\/ interven\u021bii\/ repara\u021bii, la semnalizarea rutier\u0103 de pe str\u0103zile municipiului Timi\u0219oara. V\u0103 facem cunoscut programul zilei de \u00a028.08. 2026, dup\u0103 care se vor executa activit\u0103\u021bi specifice serviciului de: \u201eSemnalizare a circula\u021biei rutiere, \u00eentre\u021binere, func\u021bionare \u0219i dirijare a circula\u021biei rutiere\u00a0pe raza municipiului Timi\u0219oara\u201d: Nr. crt. Amplasamentul Categoria de [&hellip;]<\/p>\n","protected":false},"author":1,"featured_media":0,"comment_status":"open","ping_status":"","sticky":false,"template":"","format":"standard","meta":{"footnotes":""},"categories":[89],"tags":[226,196],"class_list":["post-2118484","post","type-post","status-publish","format-standard","hentry","category-romania","tag-crawlmanager","tag-expressdebanat-ro"],"_links":{"self":[{"href":"https:\/\/analyse.optim.biz\/index.php?rest_route=\/wp\/v2\/posts\/2118484","targetHints":{"allow":["GET"]}}],"collection":[{"href":"https:\/\/analyse.optim.biz\/index.php?rest_route=\/wp\/v2\/posts"}],"about":[{"href":"https:\/\/analyse.optim.biz\/index.php?rest_route=\/wp\/v2\/types\/post"}],"author":[{"embeddable":true,"href":"https:\/\/analyse.optim.biz\/index.php?rest_route=\/wp\/v2\/users\/1"}],"replies":[{"embeddable":true,"href":"https:\/\/analyse.optim.biz\/index.php?rest_route=%2Fwp%2Fv2%2Fcomments&post=2118484"}],"version-history":[{"count":0,"href":"https:\/\/analyse.optim.biz\/index.php?rest_route=\/wp\/v2\/posts\/2118484\/revisions"}],"wp:attachment":[{"href":"https:\/\/analyse.optim.biz\/index.php?rest_route=%2Fwp%2Fv2%2Fmedia&parent=2118484"}],"wp:term":[{"taxonomy":"category","embeddable":true,"href":"https:\/\/analyse.optim.biz\/index.php?rest_route=%2Fwp%2Fv2%2Fcategories&post=2118484"},{"taxonomy":"post_tag","embeddable":true,"href":"https:\/\/analyse.optim.biz\/index.php?rest_route=%2Fwp%2Fv2%2Ftags&post=2118484"}],"curies":[{"name":"wp","href":"https:\/\/api.w.org\/{rel}","templated":true}]}}