{"id":2118481,"date":"2026-08-27T10:12:11","date_gmt":"2026-08-27T07:12:11","guid":{"rendered":"https:\/\/analyse.optim.biz\/?p=2118481"},"modified":"2026-08-27T10:12:11","modified_gmt":"2026-08-27T07:12:11","slug":"gino-rado-dupa-ancheta-despre-trecutul-lui-lucian-pahontu-sigur-mai-sunt-si-altii","status":"publish","type":"post","link":"https:\/\/analyse.optim.biz\/?p=2118481","title":{"rendered":"Gino Rado, dup\u0103 ancheta despre trecutul lui Lucian Pahon\u021bu: Sigur mai sunt \u0219i al\u021bii"},"content":{"rendered":"<p>[analyse_image type=&#8221;featured&#8221; src=&#8221;https:\/\/cdn.expressdebanat.ro\/wp-content\/uploads\/2026\/08\/gino-rado-presedinte-memorialul-revolutiei-timisoara.jpg&#8221;]<\/p>\n<div id=\"post-area\" class=\"post-981826 post type-post status-publish format-standard has-post-thumbnail hentry category-social category-timis category-timisoara tag-articol-principal tag-gino-rado tag-important tag-lucian-pahontu tag-recorder tag-revolutia-din-1989 tag-spp\">\n<div id=\"social-box\">\n<ul class=\"post-social\">\n<li class=\"social-share-button\">\n<li class=\"social-share-button\">\n<li class=\"social-share-button\"><\/ul>\n<\/div>\n<div id=\"content-area\">\n<div class=\"post-image\"><img loading=\"lazy\" decoding=\"async\" width=\"620\" height=\"400\" src=\"https:\/\/cdn.expressdebanat.ro\/wp-content\/uploads\/2026\/08\/gino-rado-presedinte-memorialul-revolutiei-timisoara-620x400.jpg\" class=\"attachment-post-thumb size-post-thumb wp-post-image perfmatters-lazy\" alt=\"gino rado presedinte memorialul revolutiei timisoara\"><img loading=\"lazy\" decoding=\"async\" width=\"620\" height=\"400\" src=\"https:\/\/cdn.expressdebanat.ro\/wp-content\/uploads\/2026\/08\/gino-rado-presedinte-memorialul-revolutiei-timisoara-620x400.jpg\" class=\"attachment-post-thumb size-post-thumb wp-post-image\" alt=\"gino rado presedinte memorialul revolutiei timisoara\"><\/div>\n<div class=\"dihcp6a93440dacb5d\"><img loading=\"lazy\" decoding=\"async\" class=\"size-full wp-image-947090 perfmatters-lazy\" src=\"https:\/\/cdn.expressdebanat.ro\/wp-content\/uploads\/2025\/10\/banner-1164-x-200-px.jpg\" alt=\"banner 1164 x 200 px\" width=\"1000\" height=\"171\"><img loading=\"lazy\" decoding=\"async\" class=\"size-full wp-image-947090\" src=\"https:\/\/cdn.expressdebanat.ro\/wp-content\/uploads\/2025\/10\/banner-1164-x-200-px.jpg\" alt=\"banner 1164 x 200 px\" width=\"1000\" height=\"171\"><\/div>\n<p><strong><em>\u201eNu m\u0103 mir\u0103 sub nicio form\u0103.\u201d<\/em>, spune pre\u0219edintele Memorialului Revolu\u021biei, Gino Rado, despre dezv\u0103luirile f\u0103cute de Recorder privind trecutul lui Lucian Pahon\u021bu, \u0219eful SPP. <em>\u201eCei care au pus bazele SRI sunt \u00een general chiar cei care au fost implica\u021bi \u00een represiunile din Timi\u0219oara \u0219i Bucure\u0219ti.\u201d<\/em>, afirm\u0103 Gino Rado.<\/strong><\/p>\n<p>O <a href=\"https:\/\/recorder.ro\/biografia-ascunsa-a-generalului-pahontu-a-facut-parte-din-trupele-de-represiune-ale-lui-ceausescu-si-a-participat-la-masacrul-din-21-decembrie-1989\/\">anchet\u0103 Recorder<\/a> arat\u0103 c\u0103 Lucian Pahon\u021bu, \u0219eful SPP, a f\u0103cut parte din Trupele de Securitate \u0219i a fost prezent, \u00een noaptea de 21 decembrie 1989, la Universitate, \u00een zona baricadei de la Intercontinental, unde au fost reprima\u021bi protestatarii. Jurnali\u0219tii sus\u021bin c\u0103 au g\u0103sit documente \u0219i m\u0103rturii care confirm\u0103 prezen\u021ba sa acolo.<\/p>\n<p><em>\u201eDac\u0103 Recorder are aceste documente, clar acest individ nu avea ce c\u0103uta \u00een zona institu\u021biilor de servicii \u0219i securitate din Rom\u00e2nia. (\u2026) P\u00e2n\u0103 la urm\u0103, conform a ceea ce spunem \u0219i noi, foarte mul\u021bi fo\u0219ti ofi\u021beri din diverse servicii care au ac\u021bionat \u00een \u201989 \u00eempotriva oamenilor au r\u0103mas \u00een structurile respectivelor servicii. Chiar dac\u0103 au trecut 37 de ani de la Revolu\u021bie, apar documente. E foarte bine. Ace\u0219ti oameni trebuie sco\u0219i din orice structur\u0103 \u00een care ar putea influen\u021ba bunul mers spre democra\u021bie al \u021b\u0103rii noastre.\u201d<\/em>, a declarat Gino Rado pentru Express de Banat.<\/p>\n<p>Rado a explicat \u0219i care a fost rolul pe care \u00eel aveau Trupele de Securitate \u00eenainte de 1989.<\/p>\n<p><em>\u201eTrupele de Securitate, actuala Jandarmerie, aveau sarcina de a opri sau \u00een\u0103bu\u0219i orice tip de manifesta\u021bie \u00eempotriva regimului dictatorial. Oricine era \u00eempotriva regimului Ceau\u0219escu devenea un du\u0219man al poporului \u0219i, sigur c\u0103, ace\u0219ti ofi\u021beri din Trupele de Securitate aveau aceast\u0103 sarcin\u0103 de represiune \u00eempotriva oric\u0103rei forme de protest.\u201d<\/em>, a explicat pre\u0219edintele Memorialului Revolu\u021biei.<\/p>\n<p class=\"isSelectedEnd\">Rado consider\u0103 c\u0103 lipsa unor r\u0103spunsuri clare despre trecutul oamenilor ajun\u0219i ulterior \u00een func\u021bii importante face dificil\u0103 \u00een\u021belegerea modului \u00een care s-a f\u0103cut tranzi\u021bia de la regimul comunist la cel democratic.<\/p>\n<p class=\"isSelectedEnd\"><em>\u201eDup\u0103 37 de ani \u00eenc\u0103 exist\u0103 suficient\u0103 dezinformare cu privire la ce s-a \u00eent\u00e2mplat \u00een \u201989. Nu avem \u00eenc\u0103 un proces pentru crimele petrecute dup\u0103 c\u0103derea regimului, avem doar confirm\u0103ri indirecte c\u0103 cei de vin\u0103 pentru represiune au \u00eenc\u0103 posturi-cheie \u00een statul rom\u00e2n \u0219i protejeaz\u0103 criminalii de dup\u0103 22 decembrie. Nu pot fi proteja\u021bi dec\u00e2t dac\u0103, \u00een umbr\u0103, sunt ofi\u021beri din structurile de securitate, care au posturi, func\u021bii.\u201d<\/em>, a mai spus Rado.<\/p>\n<p><em><strong>\u201eSigur mai sunt \u0219i al\u021bii.<\/strong> E dificil s\u0103 fie descoperi\u021bi odat\u0103 ce ei \u021bin \u00een m\u00e2n\u0103 toate informa\u021biile acestor structuri. Vor mai trece poate ni\u0219te ani \u0219i vom avea \u0219i alte surprize despre persoane care sunt infiltrate sau conduc unele servicii \u0219i vom afla, v\u0103 spun sincer, f\u0103r\u0103 mirare, c\u0103 de fapt sunt din fostele structuri, \u00eenc\u0103 din timpul regimului Ceau\u0219escu.\u201d<\/em>, a declarat Gino Rado.<\/p>\n<p>Rado consider\u0103 c\u0103 pre\u0219edintele Rom\u00e2niei are suficiente p\u00e2rghii pentru a verifica situa\u021bia celor afla\u021bi \u00een conducerea serviciilor.<\/p>\n<p><em>\u201ePre\u0219edintele \u021b\u0103rii ar putea face foarte multe lucruri. \u0218i are de f\u0103cut foarte multe, dar din p\u0103cate se pare c\u0103 nu are timp de ele. Este primul om \u00een stat, a fost votat de peste 6 milioane de oameni \u0219i ar fi vocea acestora. Are putere dac\u0103 dore\u0219te. \u0218i poate face lucruri.\u201d<\/em>, a conchis Gino Rado.<\/p>\n<h3>Ce a f\u0103cut Lucian Pahon\u021bu \u00eenainte s\u0103 ajung\u0103 \u0219eful SPP<\/h3>\n<p>Potrivit investiga\u021biei <a href=\"https:\/\/recorder.ro\/biografia-ascunsa-a-generalului-pahontu-a-facut-parte-din-trupele-de-represiune-ale-lui-ceausescu-si-a-participat-la-masacrul-din-21-decembrie-1989\/\">Recorder<\/a>, Lucian Pahon\u021bu \u0219i-a \u00eenceput cariera militar\u0103 \u00een 1987, ca ofi\u021ber \u00een Trupele de Securitate ale regimului comunist, la UM 0305 B\u0103neasa.<\/p>\n<p>Documentele \u0219i m\u0103rturiile prezentate de Recorder arat\u0103 c\u0103, \u00een noaptea de 21 decembrie 1989, Pahon\u021bu a f\u0103cut parte din dispozitivul for\u021belor de represiune din zona Universit\u0103\u021bii \u0219i Intercontinental. Ulterior, aceea\u0219i unitate a fost implicat\u0103 \u00een interven\u021bia din Pia\u021ba Universit\u0103\u021bii, \u00een timpul Mineriadei din iunie 1990. Un fost coleg l-a indicat pe Pahon\u021bu printre militarii care au ac\u021bionat \u00een zon\u0103.<\/p>\n<p>Investiga\u021bia mai arat\u0103 c\u0103 Pahon\u021bu este nepotul generalului Vasile Milea, ultimul ministru al Ap\u0103r\u0103rii din perioada lui Nicolae Ceau\u0219escu.<\/p>\n<p>CNSAS nu a emis p\u00e2n\u0103 acum o decizie privind calitatea lui Lucian Pahon\u021bu \u00een raport cu fosta Securitate.<\/p>\n<p>Pahon\u021bu a ajuns \u00een 2002 comandant al Brig\u0103zii Speciale de Interven\u021bie \u201eVlad \u021aepe\u0219\u201d a Jandarmeriei Rom\u00e2ne, iar \u00een 2005 a fost numit de Traian B\u0103sescu la conducerea SPP, func\u021bie pe care o de\u021bine \u0219i \u00een prezent.<\/p>\n<\/div>\n<div id=\"social-box\">\n<ul class=\"post-social\">\n<li class=\"fb-line\">\n<li><a href=\"http:\/\/twitter.com\/share\" class=\"twitter-share-button\" data-lang=\"en\" data-count=\"horizontal\">Tweet<\/a><\/li>\n<li>\n<li><a href=\"http:\/\/pinterest.com\/pin\/create\/button\/?url=https%3A%2F%2Fexpressdebanat.ro%2Fgino-rado-dupa-ancheta-despre-trecutul-lui-lucian-pahontu-sigur-mai-sunt-si-altii%2F&amp;media=https:\/\/cdn.expressdebanat.ro\/wp-content\/uploads\/2026\/08\/gino-rado-presedinte-memorialul-revolutiei-timisoara.jpg&amp;description=Gino%20Rado,%20dup%C4%83%20ancheta%20despre%20trecutul%20lui%20Lucian%20Pahon%C8%9Bu:%20Sigur%20mai%20sunt%20%C8%99i%20al%C8%9Bii\" class=\"pin-it-button\">Pin It<\/a><\/li>\n<\/ul>\n<\/div>\n<\/div>\n<div id=\"content-area\">\n<div class=\"post-image\"><img loading=\"lazy\" decoding=\"async\" width=\"620\" height=\"400\" src=\"https:\/\/cdn.expressdebanat.ro\/wp-content\/uploads\/2026\/08\/gino-rado-presedinte-memorialul-revolutiei-timisoara-620x400.jpg\" class=\"attachment-post-thumb size-post-thumb wp-post-image perfmatters-lazy\" alt=\"gino rado presedinte memorialul revolutiei timisoara\"><img loading=\"lazy\" decoding=\"async\" width=\"620\" height=\"400\" src=\"https:\/\/cdn.expressdebanat.ro\/wp-content\/uploads\/2026\/08\/gino-rado-presedinte-memorialul-revolutiei-timisoara-620x400.jpg\" class=\"attachment-post-thumb size-post-thumb wp-post-image\" alt=\"gino rado presedinte memorialul revolutiei timisoara\"><\/div>\n<div class=\"dihcp6a93440dacb5d\"><img loading=\"lazy\" decoding=\"async\" class=\"size-full wp-image-947090 perfmatters-lazy\" src=\"https:\/\/cdn.expressdebanat.ro\/wp-content\/uploads\/2025\/10\/banner-1164-x-200-px.jpg\" alt=\"banner 1164 x 200 px\" width=\"1000\" height=\"171\"><img loading=\"lazy\" decoding=\"async\" class=\"size-full wp-image-947090\" src=\"https:\/\/cdn.expressdebanat.ro\/wp-content\/uploads\/2025\/10\/banner-1164-x-200-px.jpg\" alt=\"banner 1164 x 200 px\" width=\"1000\" height=\"171\"><\/div>\n<p><strong><em>\u201eNu m\u0103 mir\u0103 sub nicio form\u0103.\u201d<\/em>, spune pre\u0219edintele Memorialului Revolu\u021biei, Gino Rado, despre dezv\u0103luirile f\u0103cute de Recorder privind trecutul lui Lucian Pahon\u021bu, \u0219eful SPP. <em>\u201eCei care au pus bazele SRI sunt \u00een general chiar cei care au fost implica\u021bi \u00een represiunile din Timi\u0219oara \u0219i Bucure\u0219ti.\u201d<\/em>, afirm\u0103 Gino Rado.<\/strong><\/p>\n<p>O <a href=\"https:\/\/recorder.ro\/biografia-ascunsa-a-generalului-pahontu-a-facut-parte-din-trupele-de-represiune-ale-lui-ceausescu-si-a-participat-la-masacrul-din-21-decembrie-1989\/\">anchet\u0103 Recorder<\/a> arat\u0103 c\u0103 Lucian Pahon\u021bu, \u0219eful SPP, a f\u0103cut parte din Trupele de Securitate \u0219i a fost prezent, \u00een noaptea de 21 decembrie 1989, la Universitate, \u00een zona baricadei de la Intercontinental, unde au fost reprima\u021bi protestatarii. Jurnali\u0219tii sus\u021bin c\u0103 au g\u0103sit documente \u0219i m\u0103rturii care confirm\u0103 prezen\u021ba sa acolo.<\/p>\n<p><em>\u201eDac\u0103 Recorder are aceste documente, clar acest individ nu avea ce c\u0103uta \u00een zona institu\u021biilor de servicii \u0219i securitate din Rom\u00e2nia. (\u2026) P\u00e2n\u0103 la urm\u0103, conform a ceea ce spunem \u0219i noi, foarte mul\u021bi fo\u0219ti ofi\u021beri din diverse servicii care au ac\u021bionat \u00een \u201989 \u00eempotriva oamenilor au r\u0103mas \u00een structurile respectivelor servicii. Chiar dac\u0103 au trecut 37 de ani de la Revolu\u021bie, apar documente. E foarte bine. Ace\u0219ti oameni trebuie sco\u0219i din orice structur\u0103 \u00een care ar putea influen\u021ba bunul mers spre democra\u021bie al \u021b\u0103rii noastre.\u201d<\/em>, a declarat Gino Rado pentru Express de Banat.<\/p>\n<p>Rado a explicat \u0219i care a fost rolul pe care \u00eel aveau Trupele de Securitate \u00eenainte de 1989.<\/p>\n<p><em>\u201eTrupele de Securitate, actuala Jandarmerie, aveau sarcina de a opri sau \u00een\u0103bu\u0219i orice tip de manifesta\u021bie \u00eempotriva regimului dictatorial. Oricine era \u00eempotriva regimului Ceau\u0219escu devenea un du\u0219man al poporului \u0219i, sigur c\u0103, ace\u0219ti ofi\u021beri din Trupele de Securitate aveau aceast\u0103 sarcin\u0103 de represiune \u00eempotriva oric\u0103rei forme de protest.\u201d<\/em>, a explicat pre\u0219edintele Memorialului Revolu\u021biei.<\/p>\n<p class=\"isSelectedEnd\">Rado consider\u0103 c\u0103 lipsa unor r\u0103spunsuri clare despre trecutul oamenilor ajun\u0219i ulterior \u00een func\u021bii importante face dificil\u0103 \u00een\u021belegerea modului \u00een care s-a f\u0103cut tranzi\u021bia de la regimul comunist la cel democratic.<\/p>\n<p class=\"isSelectedEnd\"><em>\u201eDup\u0103 37 de ani \u00eenc\u0103 exist\u0103 suficient\u0103 dezinformare cu privire la ce s-a \u00eent\u00e2mplat \u00een \u201989. Nu avem \u00eenc\u0103 un proces pentru crimele petrecute dup\u0103 c\u0103derea regimului, avem doar confirm\u0103ri indirecte c\u0103 cei de vin\u0103 pentru represiune au \u00eenc\u0103 posturi-cheie \u00een statul rom\u00e2n \u0219i protejeaz\u0103 criminalii de dup\u0103 22 decembrie. Nu pot fi proteja\u021bi dec\u00e2t dac\u0103, \u00een umbr\u0103, sunt ofi\u021beri din structurile de securitate, care au posturi, func\u021bii.\u201d<\/em>, a mai spus Rado.<\/p>\n<p><em><strong>\u201eSigur mai sunt \u0219i al\u021bii.<\/strong> E dificil s\u0103 fie descoperi\u021bi odat\u0103 ce ei \u021bin \u00een m\u00e2n\u0103 toate informa\u021biile acestor structuri. Vor mai trece poate ni\u0219te ani \u0219i vom avea \u0219i alte surprize despre persoane care sunt infiltrate sau conduc unele servicii \u0219i vom afla, v\u0103 spun sincer, f\u0103r\u0103 mirare, c\u0103 de fapt sunt din fostele structuri, \u00eenc\u0103 din timpul regimului Ceau\u0219escu.\u201d<\/em>, a declarat Gino Rado.<\/p>\n<p>Rado consider\u0103 c\u0103 pre\u0219edintele Rom\u00e2niei are suficiente p\u00e2rghii pentru a verifica situa\u021bia celor afla\u021bi \u00een conducerea serviciilor.<\/p>\n<p><em>\u201ePre\u0219edintele \u021b\u0103rii ar putea face foarte multe lucruri. \u0218i are de f\u0103cut foarte multe, dar din p\u0103cate se pare c\u0103 nu are timp de ele. Este primul om \u00een stat, a fost votat de peste 6 milioane de oameni \u0219i ar fi vocea acestora. Are putere dac\u0103 dore\u0219te. \u0218i poate face lucruri.\u201d<\/em>, a conchis Gino Rado.<\/p>\n<h3>Ce a f\u0103cut Lucian Pahon\u021bu \u00eenainte s\u0103 ajung\u0103 \u0219eful SPP<\/h3>\n<p>Potrivit investiga\u021biei <a href=\"https:\/\/recorder.ro\/biografia-ascunsa-a-generalului-pahontu-a-facut-parte-din-trupele-de-represiune-ale-lui-ceausescu-si-a-participat-la-masacrul-din-21-decembrie-1989\/\">Recorder<\/a>, Lucian Pahon\u021bu \u0219i-a \u00eenceput cariera militar\u0103 \u00een 1987, ca ofi\u021ber \u00een Trupele de Securitate ale regimului comunist, la UM 0305 B\u0103neasa.<\/p>\n<p>Documentele \u0219i m\u0103rturiile prezentate de Recorder arat\u0103 c\u0103, \u00een noaptea de 21 decembrie 1989, Pahon\u021bu a f\u0103cut parte din dispozitivul for\u021belor de represiune din zona Universit\u0103\u021bii \u0219i Intercontinental. Ulterior, aceea\u0219i unitate a fost implicat\u0103 \u00een interven\u021bia din Pia\u021ba Universit\u0103\u021bii, \u00een timpul Mineriadei din iunie 1990. Un fost coleg l-a indicat pe Pahon\u021bu printre militarii care au ac\u021bionat \u00een zon\u0103.<\/p>\n<p>Investiga\u021bia mai arat\u0103 c\u0103 Pahon\u021bu este nepotul generalului Vasile Milea, ultimul ministru al Ap\u0103r\u0103rii din perioada lui Nicolae Ceau\u0219escu.<\/p>\n<p>CNSAS nu a emis p\u00e2n\u0103 acum o decizie privind calitatea lui Lucian Pahon\u021bu \u00een raport cu fosta Securitate.<\/p>\n<p>Pahon\u021bu a ajuns \u00een 2002 comandant al Brig\u0103zii Speciale de Interven\u021bie \u201eVlad \u021aepe\u0219\u201d a Jandarmeriei Rom\u00e2ne, iar \u00een 2005 a fost numit de Traian B\u0103sescu la conducerea SPP, func\u021bie pe care o de\u021bine \u0219i \u00een prezent.<\/p>\n<\/div>\n<p>[analyse_source url=&#8221;https:\/\/expressdebanat.ro\/gino-rado-dupa-ancheta-despre-trecutul-lui-lucian-pahontu-sigur-mai-sunt-si-altii\/&#8221;]<\/p>\n","protected":false},"excerpt":{"rendered":"<p>[analyse_image type=&#8221;featured&#8221; src=&#8221;https:\/\/cdn.expressdebanat.ro\/wp-content\/uploads\/2026\/08\/gino-rado-presedinte-memorialul-revolutiei-timisoara.jpg&#8221;] \u201eNu m\u0103 mir\u0103 sub nicio form\u0103.\u201d, spune pre\u0219edintele Memorialului Revolu\u021biei, Gino Rado, despre dezv\u0103luirile f\u0103cute de Recorder privind trecutul lui Lucian Pahon\u021bu, \u0219eful SPP. \u201eCei care au pus bazele SRI sunt \u00een general chiar cei care au fost implica\u021bi \u00een represiunile din Timi\u0219oara \u0219i Bucure\u0219ti.\u201d, afirm\u0103 Gino Rado. O anchet\u0103 Recorder arat\u0103 [&hellip;]<\/p>\n","protected":false},"author":1,"featured_media":0,"comment_status":"open","ping_status":"","sticky":false,"template":"","format":"standard","meta":{"footnotes":""},"categories":[89],"tags":[226,196],"class_list":["post-2118481","post","type-post","status-publish","format-standard","hentry","category-romania","tag-crawlmanager","tag-expressdebanat-ro"],"_links":{"self":[{"href":"https:\/\/analyse.optim.biz\/index.php?rest_route=\/wp\/v2\/posts\/2118481","targetHints":{"allow":["GET"]}}],"collection":[{"href":"https:\/\/analyse.optim.biz\/index.php?rest_route=\/wp\/v2\/posts"}],"about":[{"href":"https:\/\/analyse.optim.biz\/index.php?rest_route=\/wp\/v2\/types\/post"}],"author":[{"embeddable":true,"href":"https:\/\/analyse.optim.biz\/index.php?rest_route=\/wp\/v2\/users\/1"}],"replies":[{"embeddable":true,"href":"https:\/\/analyse.optim.biz\/index.php?rest_route=%2Fwp%2Fv2%2Fcomments&post=2118481"}],"version-history":[{"count":0,"href":"https:\/\/analyse.optim.biz\/index.php?rest_route=\/wp\/v2\/posts\/2118481\/revisions"}],"wp:attachment":[{"href":"https:\/\/analyse.optim.biz\/index.php?rest_route=%2Fwp%2Fv2%2Fmedia&parent=2118481"}],"wp:term":[{"taxonomy":"category","embeddable":true,"href":"https:\/\/analyse.optim.biz\/index.php?rest_route=%2Fwp%2Fv2%2Fcategories&post=2118481"},{"taxonomy":"post_tag","embeddable":true,"href":"https:\/\/analyse.optim.biz\/index.php?rest_route=%2Fwp%2Fv2%2Ftags&post=2118481"}],"curies":[{"name":"wp","href":"https:\/\/api.w.org\/{rel}","templated":true}]}}