{"id":2118479,"date":"2026-08-27T08:53:09","date_gmt":"2026-08-27T05:53:09","guid":{"rendered":"https:\/\/analyse.optim.biz\/?p=2118479"},"modified":"2026-08-27T08:53:09","modified_gmt":"2026-08-27T05:53:09","slug":"peste-200-de-furturi-de-cabluri-cfr-politistii-au-descins-la-hoti-si-au-aflat-cum-operau-video","status":"publish","type":"post","link":"https:\/\/analyse.optim.biz\/?p=2118479","title":{"rendered":"Peste 200 de furturi de cabluri CFR. Poli\u021bi\u0219tii au descins la ho\u021bi \u0219i au aflat cum operau (VIDEO)"},"content":{"rendered":"<p>[analyse_image type=&#8221;featured&#8221; src=&#8221;https:\/\/cdn.expressdebanat.ro\/wp-content\/uploads\/2026\/08\/perchezitii-ipj-timis-e1787820340465.jpg&#8221;]<\/p>\n<div id=\"post-area\" class=\"post-981822 post type-post status-publish format-standard has-post-thumbnail hentry category-actualitate category-timis category-timisoara tag-furt-cabluri-cfr tag-furt-cfr tag-important tag-perchezitii-arad tag-perchezitii-timis tag-politia-transporturi\">\n<div id=\"social-box\">\n<ul class=\"post-social\">\n<li class=\"social-share-button\">\n<li class=\"social-share-button\">\n<li class=\"social-share-button\"><\/ul>\n<\/div>\n<div id=\"content-area\">\n<div class=\"post-image\"><img loading=\"lazy\" decoding=\"async\" width=\"620\" height=\"400\" src=\"https:\/\/cdn.expressdebanat.ro\/wp-content\/uploads\/2026\/08\/perchezitii-ipj-timis-e1787820340465-620x400.jpg\" class=\"attachment-post-thumb size-post-thumb wp-post-image perfmatters-lazy\" alt=\"perchezitii ipj timis\"><img loading=\"lazy\" decoding=\"async\" width=\"620\" height=\"400\" src=\"https:\/\/cdn.expressdebanat.ro\/wp-content\/uploads\/2026\/08\/perchezitii-ipj-timis-e1787820340465-620x400.jpg\" class=\"attachment-post-thumb size-post-thumb wp-post-image\" alt=\"perchezitii ipj timis\"><\/div>\n<div class=\"xvfdk6a9328b206e7c\"><a href=\"https:\/\/www.facebook.com\/clinicavestmed\"><img loading=\"lazy\" decoding=\"async\" class=\"size-full wp-image-961300 perfmatters-lazy\" src=\"https:\/\/cdn.expressdebanat.ro\/wp-content\/uploads\/2026\/02\/WhatsApp-Image-2026-02-03-at-11.55.13.jpeg\" alt=\"vestmed 1000x200\" width=\"1000\" height=\"200\"><img loading=\"lazy\" decoding=\"async\" class=\"size-full wp-image-961300\" src=\"https:\/\/cdn.expressdebanat.ro\/wp-content\/uploads\/2026\/02\/WhatsApp-Image-2026-02-03-at-11.55.13.jpeg\" alt=\"vestmed 1000x200\" width=\"1000\" height=\"200\"><\/a><\/div>\n<p><strong>21 de perchezi\u021bii au loc \u00een Timi\u0219 \u0219i Arad \u00eentr-un dosar cu 224 de furturi de cabluri CFR. Suspec\u021bii ar fi ars cablurile ca s\u0103 recupereze cuprul \u0219i aluminiul.<\/strong><\/p>\n<p class=\"isSelectedEnd\">Potrivit anchetatorilor, furturile ar fi fost comise \u00eencep\u00e2nd din luna mai, de angaja\u021bi ai unor firme care lucreaz\u0103 la reabilitarea \u0219i modernizarea infrastructurii feroviare. Ei ar fi sustras \u00een mod repetat cabluri provenite din vechea infrastructur\u0103 CFR, pe care apoi le\u00a0vindeau unor persoane care \u0219tiau de unde provin \u0219i transportate la un amplasament neautorizat. Acolo, \u00eenveli\u0219ul cablurilor era ars cu ajutorul unor instala\u021bii improvizate, ca s\u0103 fie recuperate metalele, \u00een special cupru \u0219i aluminiu.<\/p>\n<div class=\"wp-video\"><video class=\"wp-video-shortcode\" id=\"video-981822-1\" width=\"848\" height=\"478\" preload=\"metadata\" controls=\"controls\"><source type=\"video\/mp4\" src=\"https:\/\/cdn.expressdebanat.ro\/wp-content\/uploads\/2026\/08\/WhatsApp-Video-2026-08-27-at-11.42.28.mp4?_=1\" \/><\/video><\/div>\n<p class=\"isSelectedEnd\">Arderea plasticului de pe cabluri ar fi dus la eliberarea unor substan\u021be poluante \u0219i particule toxice \u00een aer. Resturile rezultate ar fi fost eliminate ilegal, inclusiv prin \u00eengropare \u00een sol sau aruncare \u00een r\u00e2ul Mure\u0219.<\/p>\n<p class=\"isSelectedEnd\">Metalele recuperate ar fi fost v\u00e2ndute ulterior unui centru de colectare a de\u0219eurilor. Ca s\u0103 ascund\u0103 provenien\u021ba materialelor, suspec\u021bii ar fi folosit \u0219i avize de \u00eenso\u021bire a m\u0103rfii falsificate.<\/p>\n<div class=\"oikfn6a9328b206f07\"><a href=\"https:\/\/maxagro.ro\/\" target=\"_blank\" rel=\"noopener noreferrer sponsored ugc\" title=\"Publicitate si promovare in ziar Express de Banat, \u0218tiri din Timi\u0219oara \u0219i Re\u0219i\u021ba\"><img loading=\"lazy\" decoding=\"async\" width=\"1500\" height=\"300\" class=\"size-full wp-image-752850 perfmatters-lazy\" src=\"https:\/\/cdn.expressdebanat.ro\/wp-content\/uploads\/2023\/05\/banner-maxagro.jpg\" alt=\"Stiri Timisoara promovare banner maxagro\"><img loading=\"lazy\" decoding=\"async\" width=\"1500\" height=\"300\" class=\"size-full wp-image-752850\" src=\"https:\/\/cdn.expressdebanat.ro\/wp-content\/uploads\/2023\/05\/banner-maxagro.jpg\" alt=\"Stiri Timisoara promovare banner maxagro\"><\/a><\/div>\n<p class=\"isSelectedEnd\">Poli\u021bi\u0219tii Serviciului Jude\u021bean de Poli\u021bie Transporturi Arad au pus \u00een executare joi 21 de mandate de perchezi\u021bie domiciliar\u0103 \u00een jude\u021bele Arad, Timi\u0219, Hunedoara \u0219i Alba. Au fost emise \u0219i opt mandate de aducere.<\/p>\n<p class=\"isSelectedEnd\">La ac\u021biune particip\u0103 poli\u021bi\u0219ti, poli\u021bi\u0219ti de frontier\u0103, jandarmi \u0219i reprezentan\u021bi ai G\u0103rzii Na\u021bionale de Mediu. Ancheta este coordonat\u0103 de procurorul de caz de la Parchetul de pe l\u00e2ng\u0103 Judec\u0103toria Lipova. Cercet\u0103rile continu\u0103 pentru stabilirea \u00eentregii activit\u0103\u021bi infrac\u021bionale.<\/p>\n<\/div>\n<div id=\"social-box\">\n<ul class=\"post-social\">\n<li class=\"fb-line\">\n<li><a href=\"http:\/\/twitter.com\/share\" class=\"twitter-share-button\" data-lang=\"en\" data-count=\"horizontal\">Tweet<\/a><\/li>\n<li>\n<li><a href=\"http:\/\/pinterest.com\/pin\/create\/button\/?url=https%3A%2F%2Fexpressdebanat.ro%2Fpeste-200-de-furturi-de-cabluri-cfr-politistii-au-descins-la-hoti-si-au-aflat-cum-operau-video%2F&amp;media=https:\/\/cdn.expressdebanat.ro\/wp-content\/uploads\/2026\/08\/perchezitii-ipj-timis-e1787820340465.jpg&amp;description=Peste%20200%20de%20furturi%20de%20cabluri%20CFR.%20Poli%C8%9Bi%C8%99tii%20au%20descins%20la%20ho%C8%9Bi%20%C8%99i%20au%20aflat%20cum%20operau%20(VIDEO)\" class=\"pin-it-button\">Pin It<\/a><\/li>\n<\/ul>\n<\/div>\n<\/div>\n<div id=\"content-area\">\n<div class=\"post-image\"><img loading=\"lazy\" decoding=\"async\" width=\"620\" height=\"400\" src=\"https:\/\/cdn.expressdebanat.ro\/wp-content\/uploads\/2026\/08\/perchezitii-ipj-timis-e1787820340465-620x400.jpg\" class=\"attachment-post-thumb size-post-thumb wp-post-image perfmatters-lazy\" alt=\"perchezitii ipj timis\"><img loading=\"lazy\" decoding=\"async\" width=\"620\" height=\"400\" src=\"https:\/\/cdn.expressdebanat.ro\/wp-content\/uploads\/2026\/08\/perchezitii-ipj-timis-e1787820340465-620x400.jpg\" class=\"attachment-post-thumb size-post-thumb wp-post-image\" alt=\"perchezitii ipj timis\"><\/div>\n<div class=\"xvfdk6a9328b206e7c\"><a href=\"https:\/\/www.facebook.com\/clinicavestmed\"><img loading=\"lazy\" decoding=\"async\" class=\"size-full wp-image-961300 perfmatters-lazy\" src=\"https:\/\/cdn.expressdebanat.ro\/wp-content\/uploads\/2026\/02\/WhatsApp-Image-2026-02-03-at-11.55.13.jpeg\" alt=\"vestmed 1000x200\" width=\"1000\" height=\"200\"><img loading=\"lazy\" decoding=\"async\" class=\"size-full wp-image-961300\" src=\"https:\/\/cdn.expressdebanat.ro\/wp-content\/uploads\/2026\/02\/WhatsApp-Image-2026-02-03-at-11.55.13.jpeg\" alt=\"vestmed 1000x200\" width=\"1000\" height=\"200\"><\/a><\/div>\n<p><strong>21 de perchezi\u021bii au loc \u00een Timi\u0219 \u0219i Arad \u00eentr-un dosar cu 224 de furturi de cabluri CFR. Suspec\u021bii ar fi ars cablurile ca s\u0103 recupereze cuprul \u0219i aluminiul.<\/strong><\/p>\n<p class=\"isSelectedEnd\">Potrivit anchetatorilor, furturile ar fi fost comise \u00eencep\u00e2nd din luna mai, de angaja\u021bi ai unor firme care lucreaz\u0103 la reabilitarea \u0219i modernizarea infrastructurii feroviare. Ei ar fi sustras \u00een mod repetat cabluri provenite din vechea infrastructur\u0103 CFR, pe care apoi le\u00a0vindeau unor persoane care \u0219tiau de unde provin \u0219i transportate la un amplasament neautorizat. Acolo, \u00eenveli\u0219ul cablurilor era ars cu ajutorul unor instala\u021bii improvizate, ca s\u0103 fie recuperate metalele, \u00een special cupru \u0219i aluminiu.<\/p>\n<div class=\"wp-video\"><video class=\"wp-video-shortcode\" id=\"video-981822-1\" width=\"848\" height=\"478\" preload=\"metadata\" controls=\"controls\"><source type=\"video\/mp4\" src=\"https:\/\/cdn.expressdebanat.ro\/wp-content\/uploads\/2026\/08\/WhatsApp-Video-2026-08-27-at-11.42.28.mp4?_=1\" \/><\/video><\/div>\n<p class=\"isSelectedEnd\">Arderea plasticului de pe cabluri ar fi dus la eliberarea unor substan\u021be poluante \u0219i particule toxice \u00een aer. Resturile rezultate ar fi fost eliminate ilegal, inclusiv prin \u00eengropare \u00een sol sau aruncare \u00een r\u00e2ul Mure\u0219.<\/p>\n<p class=\"isSelectedEnd\">Metalele recuperate ar fi fost v\u00e2ndute ulterior unui centru de colectare a de\u0219eurilor. Ca s\u0103 ascund\u0103 provenien\u021ba materialelor, suspec\u021bii ar fi folosit \u0219i avize de \u00eenso\u021bire a m\u0103rfii falsificate.<\/p>\n<div class=\"oikfn6a9328b206f07\"><a href=\"https:\/\/maxagro.ro\/\" target=\"_blank\" rel=\"noopener noreferrer sponsored ugc\" title=\"Publicitate si promovare in ziar Express de Banat, \u0218tiri din Timi\u0219oara \u0219i Re\u0219i\u021ba\"><img loading=\"lazy\" decoding=\"async\" width=\"1500\" height=\"300\" class=\"size-full wp-image-752850 perfmatters-lazy\" src=\"https:\/\/cdn.expressdebanat.ro\/wp-content\/uploads\/2023\/05\/banner-maxagro.jpg\" alt=\"Stiri Timisoara promovare banner maxagro\"><img loading=\"lazy\" decoding=\"async\" width=\"1500\" height=\"300\" class=\"size-full wp-image-752850\" src=\"https:\/\/cdn.expressdebanat.ro\/wp-content\/uploads\/2023\/05\/banner-maxagro.jpg\" alt=\"Stiri Timisoara promovare banner maxagro\"><\/a><\/div>\n<p class=\"isSelectedEnd\">Poli\u021bi\u0219tii Serviciului Jude\u021bean de Poli\u021bie Transporturi Arad au pus \u00een executare joi 21 de mandate de perchezi\u021bie domiciliar\u0103 \u00een jude\u021bele Arad, Timi\u0219, Hunedoara \u0219i Alba. Au fost emise \u0219i opt mandate de aducere.<\/p>\n<p class=\"isSelectedEnd\">La ac\u021biune particip\u0103 poli\u021bi\u0219ti, poli\u021bi\u0219ti de frontier\u0103, jandarmi \u0219i reprezentan\u021bi ai G\u0103rzii Na\u021bionale de Mediu. Ancheta este coordonat\u0103 de procurorul de caz de la Parchetul de pe l\u00e2ng\u0103 Judec\u0103toria Lipova. Cercet\u0103rile continu\u0103 pentru stabilirea \u00eentregii activit\u0103\u021bi infrac\u021bionale.<\/p>\n<\/div>\n<p>[analyse_source url=&#8221;https:\/\/expressdebanat.ro\/peste-200-de-furturi-de-cabluri-cfr-politistii-au-descins-la-hoti-si-au-aflat-cum-operau-video\/&#8221;]<\/p>\n","protected":false},"excerpt":{"rendered":"<p>[analyse_image type=&#8221;featured&#8221; src=&#8221;https:\/\/cdn.expressdebanat.ro\/wp-content\/uploads\/2026\/08\/perchezitii-ipj-timis-e1787820340465.jpg&#8221;] 21 de perchezi\u021bii au loc \u00een Timi\u0219 \u0219i Arad \u00eentr-un dosar cu 224 de furturi de cabluri CFR. Suspec\u021bii ar fi ars cablurile ca s\u0103 recupereze cuprul \u0219i aluminiul. Potrivit anchetatorilor, furturile ar fi fost comise \u00eencep\u00e2nd din luna mai, de angaja\u021bi ai unor firme care lucreaz\u0103 la reabilitarea \u0219i modernizarea infrastructurii [&hellip;]<\/p>\n","protected":false},"author":1,"featured_media":0,"comment_status":"open","ping_status":"","sticky":false,"template":"","format":"standard","meta":{"footnotes":""},"categories":[89],"tags":[226,196],"class_list":["post-2118479","post","type-post","status-publish","format-standard","hentry","category-romania","tag-crawlmanager","tag-expressdebanat-ro"],"_links":{"self":[{"href":"https:\/\/analyse.optim.biz\/index.php?rest_route=\/wp\/v2\/posts\/2118479","targetHints":{"allow":["GET"]}}],"collection":[{"href":"https:\/\/analyse.optim.biz\/index.php?rest_route=\/wp\/v2\/posts"}],"about":[{"href":"https:\/\/analyse.optim.biz\/index.php?rest_route=\/wp\/v2\/types\/post"}],"author":[{"embeddable":true,"href":"https:\/\/analyse.optim.biz\/index.php?rest_route=\/wp\/v2\/users\/1"}],"replies":[{"embeddable":true,"href":"https:\/\/analyse.optim.biz\/index.php?rest_route=%2Fwp%2Fv2%2Fcomments&post=2118479"}],"version-history":[{"count":0,"href":"https:\/\/analyse.optim.biz\/index.php?rest_route=\/wp\/v2\/posts\/2118479\/revisions"}],"wp:attachment":[{"href":"https:\/\/analyse.optim.biz\/index.php?rest_route=%2Fwp%2Fv2%2Fmedia&parent=2118479"}],"wp:term":[{"taxonomy":"category","embeddable":true,"href":"https:\/\/analyse.optim.biz\/index.php?rest_route=%2Fwp%2Fv2%2Fcategories&post=2118479"},{"taxonomy":"post_tag","embeddable":true,"href":"https:\/\/analyse.optim.biz\/index.php?rest_route=%2Fwp%2Fv2%2Ftags&post=2118479"}],"curies":[{"name":"wp","href":"https:\/\/api.w.org\/{rel}","templated":true}]}}