{"id":2118476,"date":"2026-08-26T13:26:47","date_gmt":"2026-08-26T10:26:47","guid":{"rendered":"https:\/\/analyse.optim.biz\/?p=2118476"},"modified":"2026-08-26T13:26:47","modified_gmt":"2026-08-26T10:26:47","slug":"inca-doua-evenimente-pe-terenul-fostului-dan-paltinisanu-din-iarna-incepe-constructia","status":"publish","type":"post","link":"https:\/\/analyse.optim.biz\/?p=2118476","title":{"rendered":"\u00cenc\u0103 dou\u0103 evenimente pe terenul fostului Dan P\u0103ltini\u0219anu. Din iarn\u0103 \u00eencepe construc\u021bia"},"content":{"rendered":"<p>[analyse_image type=&#8221;featured&#8221; src=&#8221;https:\/\/cdn.expressdebanat.ro\/wp-content\/uploads\/2024\/09\/441953493_842233141268210_5372787782410603698_n-e1726652300144.jpg&#8221;]<\/p>\n<div id=\"post-area\" class=\"post-981740 post type-post status-publish format-standard has-post-thumbnail hentry category-administratie category-timis category-timisoara tag-cj-timis tag-dan-paltinisanu tag-stadion-nou tag-stadion-timisoara tag-timisoara\">\n<div id=\"social-box\">\n<ul class=\"post-social\">\n<li class=\"social-share-button\">\n<li class=\"social-share-button\">\n<li class=\"social-share-button\"><\/ul>\n<\/div>\n<div id=\"content-area\">\n<div class=\"post-image\"><img loading=\"lazy\" decoding=\"async\" width=\"620\" height=\"400\" src=\"https:\/\/cdn.expressdebanat.ro\/wp-content\/uploads\/2024\/09\/441953493_842233141268210_5372787782410603698_n-620x400.jpg\" class=\"attachment-post-thumb size-post-thumb wp-post-image perfmatters-lazy\" alt=\"expozitie stadion dan paltinisanu timisoara\"><img loading=\"lazy\" decoding=\"async\" width=\"620\" height=\"400\" src=\"https:\/\/cdn.expressdebanat.ro\/wp-content\/uploads\/2024\/09\/441953493_842233141268210_5372787782410603698_n-620x400.jpg\" class=\"attachment-post-thumb size-post-thumb wp-post-image\" alt=\"expozitie stadion dan paltinisanu timisoara\"><\/div>\n<div class=\"fzwsa6a933ea32a4f4\"><a href=\"https:\/\/www.facebook.com\/clinicavestmed\"><img loading=\"lazy\" decoding=\"async\" class=\"size-full wp-image-961300 perfmatters-lazy\" src=\"https:\/\/cdn.expressdebanat.ro\/wp-content\/uploads\/2026\/02\/WhatsApp-Image-2026-02-03-at-11.55.13.jpeg\" alt=\"vestmed 1000x200\" width=\"1000\" height=\"200\"><img loading=\"lazy\" decoding=\"async\" class=\"size-full wp-image-961300\" src=\"https:\/\/cdn.expressdebanat.ro\/wp-content\/uploads\/2026\/02\/WhatsApp-Image-2026-02-03-at-11.55.13.jpeg\" alt=\"vestmed 1000x200\" width=\"1000\" height=\"200\"><\/a><a href=\"https:\/\/www.cei.ro\/\" target=\"_blank\" rel=\"noopener noreferrer sponsored ugc\" title=\"Publicitate in ziar online Express de Banat, \u0218tiri din Timi\u0219oara \u0219i Re\u0219i\u021ba\"><source data-srcset=\"https:\/\/cdn.expressdebanat.ro\/wp-content\/uploads\/2020\/11\/1000-100.webp \" type=\"image\/webp\" \/><\/a><\/div>\n<p><strong>Terenul fostului stadion al Timi\u0219oara va g\u0103zdui o proiec\u021bie de film \u00een septembrie \u0219i Hamei Fest \u00een octombrie. Din iarn\u0103, aici \u00eencep lucr\u0103rile la noua aren\u0103.<\/strong><\/p>\n<p class=\"isSelectedEnd\">CJ Timi\u0219 a aprobat, \u00een \u0219edin\u021ba de miercuri, darea \u00een folosin\u021b\u0103 gratuit\u0103 a terenului fostului stadion Dan P\u0103ltini\u0219anu pentru o proiec\u021bie de film programat\u0103 \u00een 4 septembrie.<\/p>\n<p class=\"isSelectedEnd\">Evenimentul este organizat de Asocia\u021bia pentru Promovarea \u0219i Dezvoltarea Turismului Timi\u0219 \u0219i va fi dedicat fostului stadion.\u00a0Organizatorii \u00ee\u0219i doresc ca la proiec\u021bie s\u0103 participe c\u00e2t mai mul\u021bi cinea\u0219ti \u0219i ca atmosfera s\u0103 aminteasc\u0103 de evenimentele care au avut loc \u00een trecut pe stadion.<\/p>\n<p class=\"isSelectedEnd\"><em>\u201eSunt ultimele luni \u00een care se vor putea organiza evenimente acolo. La \u00eenceput de octombrie va avea loc \u0219i un fel de Oktoberfest, Hamei Fest, pe acela\u0219i amplasament.\u201d<\/em>, a explicat Alfred Simonis, pre\u0219edintele CJ Timi\u0219.<\/p>\n<p class=\"isSelectedEnd\">Dup\u0103 aceste evenimente, terenul intr\u0103 \u00een etapa preg\u0103tirilor pentru construirea noului stadion.<\/p>\n<div class=\"wzllw6a933ea32a567\"><a href=\"https:\/\/www.facebook.com\/profile.php?id=100093207818602\" target=\"_blank\" title=\"Stiri Timisoara si Resita Publicitate online\" rel=\"noopener nofollow ugc sponsored\"><img loading=\"lazy\" decoding=\"async\" class=\"size-full wp-image-843025 perfmatters-lazy\" src=\"https:\/\/cdn.expressdebanat.ro\/wp-content\/uploads\/2024\/07\/WhatsApp-Image-2024-07-05-at-14.36.18.jpeg\" alt=\"Stiri Timisoara si Resita publicitate online dacus 05 iulie 2024\" width=\"1000\" height=\"100\"><img loading=\"lazy\" decoding=\"async\" class=\"size-full wp-image-843025\" src=\"https:\/\/cdn.expressdebanat.ro\/wp-content\/uploads\/2024\/07\/WhatsApp-Image-2024-07-05-at-14.36.18.jpeg\" alt=\"Stiri Timisoara si Resita publicitate online dacus 05 iulie 2024\" width=\"1000\" height=\"100\"><\/a><a href=\"https:\/\/www.brantner.com\/en\/group\/international-locations\/romania\/brantner-servicii-ecoogice-srl-resita.html\" target=\"_blank\" title=\"Stiri Timisoara si Resita Publicitate online\" rel=\"noopener nofollow ugc sponsored\"><img loading=\"lazy\" decoding=\"async\" class=\"size-full wp-image-804798 perfmatters-lazy\" src=\"https:\/\/cdn.expressdebanat.ro\/wp-content\/uploads\/2024\/02\/WhatsApp-Image-2024-02-05-at-11.32.01.jpeg\" alt=\"Stiri Timisoara Publicitate online Brantner 1000x100px\" width=\"970\" height=\"90\"><img loading=\"lazy\" decoding=\"async\" class=\"size-full wp-image-804798\" src=\"https:\/\/cdn.expressdebanat.ro\/wp-content\/uploads\/2024\/02\/WhatsApp-Image-2024-02-05-at-11.32.01.jpeg\" alt=\"Stiri Timisoara Publicitate online Brantner 1000x100px\" width=\"970\" height=\"90\"><\/a><\/div>\n<p><a href=\"https:\/\/expressdebanat.ro\/noul-dan-paltinisanu-intra-in-linie-dreapta-s-a-semnat-contractul\/\"><strong>CITE\u0218TE \u0218I: Noul \u201eDan P\u0103ltini\u0219anu\u201d intr\u0103 \u00een linie dreapt\u0103. S-a semnat contractul<\/strong><\/a><\/p>\n<p class=\"isSelectedEnd\"><em>\u201eDin iarn\u0103 urmeaz\u0103 s\u0103 \u00eenceap\u0103 efectiv lucr\u0103rile la noul stadion. Ieri am semnat contractul de finan\u021bare \u0219i execu\u021bie, urmeaz\u0103 ordinul de \u00eencepere, iar \u00een primele zile din septembrie vor avea loc \u00eent\u00e2lniri \u00eentre proiectan\u021bi, constructori, Federa\u021bia Rom\u00e2n\u0103 de Fotbal \u0219i noi, ca beneficiari, ca s\u0103 discut\u0103m despre tot ce trebuie f\u0103cut.\u201d<\/em>, a mai spus Simonis.<\/p>\n<p class=\"isSelectedEnd\">Noul stadion Dan P\u0103ltini\u0219anu va avea aproximativ 32.000 de locuri. Contractul pentru proiectare \u0219i execu\u021bie a fost c\u00e2\u0219tigat de asocierea Concelex \u2013 Erba\u0219u, iar valoarea investi\u021biei este de aproximativ 603 milioane de lei. Vechiul stadion a fost demolat \u00een 2025, iar terenul este preg\u0103tit pentru noua aren\u0103.<\/p>\n<div class=\"kbyts6a933ea32a5c4\"><a href=\"https:\/\/maxagro.ro\/\" target=\"_blank\" rel=\"noopener noreferrer sponsored ugc\" title=\"Stiri Timisoara si Resita Promovare online in Express de Banat\"><img loading=\"lazy\" decoding=\"async\" width=\"1500\" height=\"300\" class=\"size-full wp-image-752850 perfmatters-lazy\" src=\"https:\/\/cdn.expressdebanat.ro\/wp-content\/uploads\/2023\/05\/banner-maxagro.jpg\" alt=\"stiri Timisoara publicitate si promovare online banner maxagro\"><img loading=\"lazy\" decoding=\"async\" width=\"1500\" height=\"300\" class=\"size-full wp-image-752850\" src=\"https:\/\/cdn.expressdebanat.ro\/wp-content\/uploads\/2023\/05\/banner-maxagro.jpg\" alt=\"stiri Timisoara publicitate si promovare online banner maxagro\"><\/a><\/div>\n<\/div>\n<div id=\"social-box\">\n<ul class=\"post-social\">\n<li class=\"fb-line\">\n<li><a href=\"http:\/\/twitter.com\/share\" class=\"twitter-share-button\" data-lang=\"en\" data-count=\"horizontal\">Tweet<\/a><\/li>\n<li>\n<li><a href=\"http:\/\/pinterest.com\/pin\/create\/button\/?url=https%3A%2F%2Fexpressdebanat.ro%2Finca-doua-evenimente-pe-terenul-fostului-dan-paltinisanu-din-iarna-incepe-constructia%2F&amp;media=https:\/\/cdn.expressdebanat.ro\/wp-content\/uploads\/2024\/09\/441953493_842233141268210_5372787782410603698_n-e1726652300144.jpg&amp;description=%C3%8Enc%C4%83%20dou%C4%83%20evenimente%20pe%20terenul%20fostului%20Dan%20P%C4%83ltini%C8%99anu.%20Din%20iarn%C4%83%20%C3%AEncepe%20construc%C8%9Bia\" class=\"pin-it-button\">Pin It<\/a><\/li>\n<\/ul>\n<\/div>\n<\/div>\n<div id=\"content-area\">\n<div class=\"post-image\"><img loading=\"lazy\" decoding=\"async\" width=\"620\" height=\"400\" src=\"https:\/\/cdn.expressdebanat.ro\/wp-content\/uploads\/2024\/09\/441953493_842233141268210_5372787782410603698_n-620x400.jpg\" class=\"attachment-post-thumb size-post-thumb wp-post-image perfmatters-lazy\" alt=\"expozitie stadion dan paltinisanu timisoara\"><img loading=\"lazy\" decoding=\"async\" width=\"620\" height=\"400\" src=\"https:\/\/cdn.expressdebanat.ro\/wp-content\/uploads\/2024\/09\/441953493_842233141268210_5372787782410603698_n-620x400.jpg\" class=\"attachment-post-thumb size-post-thumb wp-post-image\" alt=\"expozitie stadion dan paltinisanu timisoara\"><\/div>\n<div class=\"fzwsa6a933ea32a4f4\"><a href=\"https:\/\/www.facebook.com\/clinicavestmed\"><img loading=\"lazy\" decoding=\"async\" class=\"size-full wp-image-961300 perfmatters-lazy\" src=\"https:\/\/cdn.expressdebanat.ro\/wp-content\/uploads\/2026\/02\/WhatsApp-Image-2026-02-03-at-11.55.13.jpeg\" alt=\"vestmed 1000x200\" width=\"1000\" height=\"200\"><img loading=\"lazy\" decoding=\"async\" class=\"size-full wp-image-961300\" src=\"https:\/\/cdn.expressdebanat.ro\/wp-content\/uploads\/2026\/02\/WhatsApp-Image-2026-02-03-at-11.55.13.jpeg\" alt=\"vestmed 1000x200\" width=\"1000\" height=\"200\"><\/a><a href=\"https:\/\/www.cei.ro\/\" target=\"_blank\" rel=\"noopener noreferrer sponsored ugc\" title=\"Publicitate in ziar online Express de Banat, \u0218tiri din Timi\u0219oara \u0219i Re\u0219i\u021ba\"><source data-srcset=\"https:\/\/cdn.expressdebanat.ro\/wp-content\/uploads\/2020\/11\/1000-100.webp \" type=\"image\/webp\" \/><\/a><\/div>\n<p><strong>Terenul fostului stadion al Timi\u0219oara va g\u0103zdui o proiec\u021bie de film \u00een septembrie \u0219i Hamei Fest \u00een octombrie. Din iarn\u0103, aici \u00eencep lucr\u0103rile la noua aren\u0103.<\/strong><\/p>\n<p class=\"isSelectedEnd\">CJ Timi\u0219 a aprobat, \u00een \u0219edin\u021ba de miercuri, darea \u00een folosin\u021b\u0103 gratuit\u0103 a terenului fostului stadion Dan P\u0103ltini\u0219anu pentru o proiec\u021bie de film programat\u0103 \u00een 4 septembrie.<\/p>\n<p class=\"isSelectedEnd\">Evenimentul este organizat de Asocia\u021bia pentru Promovarea \u0219i Dezvoltarea Turismului Timi\u0219 \u0219i va fi dedicat fostului stadion.\u00a0Organizatorii \u00ee\u0219i doresc ca la proiec\u021bie s\u0103 participe c\u00e2t mai mul\u021bi cinea\u0219ti \u0219i ca atmosfera s\u0103 aminteasc\u0103 de evenimentele care au avut loc \u00een trecut pe stadion.<\/p>\n<p class=\"isSelectedEnd\"><em>\u201eSunt ultimele luni \u00een care se vor putea organiza evenimente acolo. La \u00eenceput de octombrie va avea loc \u0219i un fel de Oktoberfest, Hamei Fest, pe acela\u0219i amplasament.\u201d<\/em>, a explicat Alfred Simonis, pre\u0219edintele CJ Timi\u0219.<\/p>\n<p class=\"isSelectedEnd\">Dup\u0103 aceste evenimente, terenul intr\u0103 \u00een etapa preg\u0103tirilor pentru construirea noului stadion.<\/p>\n<div class=\"wzllw6a933ea32a567\"><a href=\"https:\/\/www.facebook.com\/profile.php?id=100093207818602\" target=\"_blank\" title=\"Stiri Timisoara si Resita Publicitate online\" rel=\"noopener nofollow ugc sponsored\"><img loading=\"lazy\" decoding=\"async\" class=\"size-full wp-image-843025 perfmatters-lazy\" src=\"https:\/\/cdn.expressdebanat.ro\/wp-content\/uploads\/2024\/07\/WhatsApp-Image-2024-07-05-at-14.36.18.jpeg\" alt=\"Stiri Timisoara si Resita publicitate online dacus 05 iulie 2024\" width=\"1000\" height=\"100\"><img loading=\"lazy\" decoding=\"async\" class=\"size-full wp-image-843025\" src=\"https:\/\/cdn.expressdebanat.ro\/wp-content\/uploads\/2024\/07\/WhatsApp-Image-2024-07-05-at-14.36.18.jpeg\" alt=\"Stiri Timisoara si Resita publicitate online dacus 05 iulie 2024\" width=\"1000\" height=\"100\"><\/a><a href=\"https:\/\/www.brantner.com\/en\/group\/international-locations\/romania\/brantner-servicii-ecoogice-srl-resita.html\" target=\"_blank\" title=\"Stiri Timisoara si Resita Publicitate online\" rel=\"noopener nofollow ugc sponsored\"><img loading=\"lazy\" decoding=\"async\" class=\"size-full wp-image-804798 perfmatters-lazy\" src=\"https:\/\/cdn.expressdebanat.ro\/wp-content\/uploads\/2024\/02\/WhatsApp-Image-2024-02-05-at-11.32.01.jpeg\" alt=\"Stiri Timisoara Publicitate online Brantner 1000x100px\" width=\"970\" height=\"90\"><img loading=\"lazy\" decoding=\"async\" class=\"size-full wp-image-804798\" src=\"https:\/\/cdn.expressdebanat.ro\/wp-content\/uploads\/2024\/02\/WhatsApp-Image-2024-02-05-at-11.32.01.jpeg\" alt=\"Stiri Timisoara Publicitate online Brantner 1000x100px\" width=\"970\" height=\"90\"><\/a><\/div>\n<p><a href=\"https:\/\/expressdebanat.ro\/noul-dan-paltinisanu-intra-in-linie-dreapta-s-a-semnat-contractul\/\"><strong>CITE\u0218TE \u0218I: Noul \u201eDan P\u0103ltini\u0219anu\u201d intr\u0103 \u00een linie dreapt\u0103. S-a semnat contractul<\/strong><\/a><\/p>\n<p class=\"isSelectedEnd\"><em>\u201eDin iarn\u0103 urmeaz\u0103 s\u0103 \u00eenceap\u0103 efectiv lucr\u0103rile la noul stadion. Ieri am semnat contractul de finan\u021bare \u0219i execu\u021bie, urmeaz\u0103 ordinul de \u00eencepere, iar \u00een primele zile din septembrie vor avea loc \u00eent\u00e2lniri \u00eentre proiectan\u021bi, constructori, Federa\u021bia Rom\u00e2n\u0103 de Fotbal \u0219i noi, ca beneficiari, ca s\u0103 discut\u0103m despre tot ce trebuie f\u0103cut.\u201d<\/em>, a mai spus Simonis.<\/p>\n<p class=\"isSelectedEnd\">Noul stadion Dan P\u0103ltini\u0219anu va avea aproximativ 32.000 de locuri. Contractul pentru proiectare \u0219i execu\u021bie a fost c\u00e2\u0219tigat de asocierea Concelex \u2013 Erba\u0219u, iar valoarea investi\u021biei este de aproximativ 603 milioane de lei. Vechiul stadion a fost demolat \u00een 2025, iar terenul este preg\u0103tit pentru noua aren\u0103.<\/p>\n<div class=\"kbyts6a933ea32a5c4\"><a href=\"https:\/\/maxagro.ro\/\" target=\"_blank\" rel=\"noopener noreferrer sponsored ugc\" title=\"Stiri Timisoara si Resita Promovare online in Express de Banat\"><img loading=\"lazy\" decoding=\"async\" width=\"1500\" height=\"300\" class=\"size-full wp-image-752850 perfmatters-lazy\" src=\"https:\/\/cdn.expressdebanat.ro\/wp-content\/uploads\/2023\/05\/banner-maxagro.jpg\" alt=\"stiri Timisoara publicitate si promovare online banner maxagro\"><img loading=\"lazy\" decoding=\"async\" width=\"1500\" height=\"300\" class=\"size-full wp-image-752850\" src=\"https:\/\/cdn.expressdebanat.ro\/wp-content\/uploads\/2023\/05\/banner-maxagro.jpg\" alt=\"stiri Timisoara publicitate si promovare online banner maxagro\"><\/a><\/div>\n<\/div>\n<p>[analyse_source url=&#8221;https:\/\/expressdebanat.ro\/inca-doua-evenimente-pe-terenul-fostului-dan-paltinisanu-din-iarna-incepe-constructia\/&#8221;]<\/p>\n","protected":false},"excerpt":{"rendered":"<p>[analyse_image type=&#8221;featured&#8221; src=&#8221;https:\/\/cdn.expressdebanat.ro\/wp-content\/uploads\/2024\/09\/441953493_842233141268210_5372787782410603698_n-e1726652300144.jpg&#8221;] Terenul fostului stadion al Timi\u0219oara va g\u0103zdui o proiec\u021bie de film \u00een septembrie \u0219i Hamei Fest \u00een octombrie. Din iarn\u0103, aici \u00eencep lucr\u0103rile la noua aren\u0103. CJ Timi\u0219 a aprobat, \u00een \u0219edin\u021ba de miercuri, darea \u00een folosin\u021b\u0103 gratuit\u0103 a terenului fostului stadion Dan P\u0103ltini\u0219anu pentru o proiec\u021bie de film programat\u0103 \u00een 4 [&hellip;]<\/p>\n","protected":false},"author":1,"featured_media":0,"comment_status":"open","ping_status":"","sticky":false,"template":"","format":"standard","meta":{"footnotes":""},"categories":[89],"tags":[226,196],"class_list":["post-2118476","post","type-post","status-publish","format-standard","hentry","category-romania","tag-crawlmanager","tag-expressdebanat-ro"],"_links":{"self":[{"href":"https:\/\/analyse.optim.biz\/index.php?rest_route=\/wp\/v2\/posts\/2118476","targetHints":{"allow":["GET"]}}],"collection":[{"href":"https:\/\/analyse.optim.biz\/index.php?rest_route=\/wp\/v2\/posts"}],"about":[{"href":"https:\/\/analyse.optim.biz\/index.php?rest_route=\/wp\/v2\/types\/post"}],"author":[{"embeddable":true,"href":"https:\/\/analyse.optim.biz\/index.php?rest_route=\/wp\/v2\/users\/1"}],"replies":[{"embeddable":true,"href":"https:\/\/analyse.optim.biz\/index.php?rest_route=%2Fwp%2Fv2%2Fcomments&post=2118476"}],"version-history":[{"count":0,"href":"https:\/\/analyse.optim.biz\/index.php?rest_route=\/wp\/v2\/posts\/2118476\/revisions"}],"wp:attachment":[{"href":"https:\/\/analyse.optim.biz\/index.php?rest_route=%2Fwp%2Fv2%2Fmedia&parent=2118476"}],"wp:term":[{"taxonomy":"category","embeddable":true,"href":"https:\/\/analyse.optim.biz\/index.php?rest_route=%2Fwp%2Fv2%2Fcategories&post=2118476"},{"taxonomy":"post_tag","embeddable":true,"href":"https:\/\/analyse.optim.biz\/index.php?rest_route=%2Fwp%2Fv2%2Ftags&post=2118476"}],"curies":[{"name":"wp","href":"https:\/\/api.w.org\/{rel}","templated":true}]}}