{"id":2118474,"date":"2026-08-26T12:26:23","date_gmt":"2026-08-26T09:26:23","guid":{"rendered":"https:\/\/analyse.optim.biz\/?p=2118474"},"modified":"2026-08-26T12:26:23","modified_gmt":"2026-08-26T09:26:23","slug":"scoala-de-la-giroc-pentru-copii-cu-nevoi-speciale-este-gata-are-loc-pentru-250-de-elevi-foto","status":"publish","type":"post","link":"https:\/\/analyse.optim.biz\/?p=2118474","title":{"rendered":"\u0218coala de la Giroc, pentru copii cu nevoi speciale, este gata. Are loc pentru 250 de elevi (FOTO)"},"content":{"rendered":"<p>[analyse_image type=&#8221;featured&#8221; src=&#8221;https:\/\/cdn.expressdebanat.ro\/wp-content\/uploads\/2026\/08\/scoala-dumitru-ciumageanu-giroc-7.jpeghttps:\/\/cdn.expressdebanat.ro\/wp-content\/uploads\/2026\/08\/scoala-dumitru-ciumageanu-giroc-8-e1787747044279.jpeghttps:\/\/cdn.expressdebanat.ro\/wp-content\/uploads\/2026\/08\/scoala-dumitru-ciumageanu-giroc-9-e1787747123117.jpeg&#8221;]<\/p>\n<div id=\"post-area\" class=\"post-981744 post type-post status-publish format-standard has-post-thumbnail hentry category-administratie category-educatie category-timis category-timisoara tag-cj-timis tag-copii-cu-ces tag-giroc tag-pnrr tag-scoala-speciala\">\n<div id=\"social-box\">\n<ul class=\"post-social\">\n<li class=\"social-share-button\">\n<li class=\"social-share-button\">\n<li class=\"social-share-button\"><\/ul>\n<\/div>\n<div id=\"content-area\">\n<div class=\"post-image\"><img loading=\"lazy\" decoding=\"async\" width=\"620\" height=\"400\" src=\"https:\/\/cdn.expressdebanat.ro\/wp-content\/uploads\/2026\/08\/scoala-dumitru-ciumageanu-giroc-7-620x400.jpeg\" class=\"attachment-post-thumb size-post-thumb wp-post-image perfmatters-lazy\" alt=\"scoala dumitru ciumageanu giroc (7)\"><img loading=\"lazy\" decoding=\"async\" width=\"620\" height=\"400\" src=\"https:\/\/cdn.expressdebanat.ro\/wp-content\/uploads\/2026\/08\/scoala-dumitru-ciumageanu-giroc-7-620x400.jpeg\" class=\"attachment-post-thumb size-post-thumb wp-post-image\" alt=\"scoala dumitru ciumageanu giroc (7)\"><\/div>\n<p class=\"isSelectedEnd\"><strong>La Giroc a fost inaugurat\u0103 noua \u0219coal\u0103 pentru copii cu nevoi speciale. Cl\u0103direa are 28 de s\u0103li de clas\u0103, 22 de laboratoare \u0219i poate primi p\u00e2n\u0103 la 250 de elevi. Investi\u021bia s-a ridicat la 62 de milioane de lei.<\/strong><\/p>\n<p>\u00cen noua cl\u0103dire a Centrului \u0218colar pentru Educa\u021bie Incluziv\u0103 \u201eDumitru Cium\u0103geanu\u201d vor putea \u00eenv\u0103\u021ba cu 100 de copii mai mul\u021bi dec\u00e2t \u00een vechea \u0219coal\u0103.<\/p>\n<p class=\"isSelectedEnd\"><em>\u201eVorbim de o \u0219coal\u0103 verde, de cea mai mare \u0219coal\u0103 care s-a construit \u00een Rom\u00e2nia din fonduri PNRR.\u201d<\/em>, a declarat Alfred Simonis, pre\u0219edintele CJ Timi\u0219.<\/p>\n<p class=\"isSelectedEnd\">Pe l\u00e2ng\u0103 s\u0103lile de clas\u0103 \u0219i laboratoare, \u0219coala are o sal\u0103 de muzic\u0103, spa\u021bii pentru recuperare \u0219i o gr\u0103din\u0103 senzorial\u0103. \u00cen jurul cl\u0103dirii au fost amenajate \u0219i spa\u021bii pentru activit\u0103\u021bi \u00een aer liber.<\/p>\n<p class=\"isSelectedEnd\">\u0218coala este construit\u0103 la intrarea \u00een Giroc, pe terenul fostei unit\u0103\u021bi militare, \u00een apropierea blocurilor ANL. Cl\u0103direa are aproape 5.000 de metri p\u0103tra\u021bi, iar terenul pe care este construit\u0103 are aproximativ 1,5 hectare.<\/p>\n<p class=\"isSelectedEnd\">Lucr\u0103rile au \u00eenceput la 1 august 2025 \u0219i au fost finalizate \u00een 13 luni. Proiectul a fost finan\u021bat prin PNRR, iar CJT a contribuit cu 15 milioane de lei.<\/p>\n<p>Noua cl\u0103dire consum\u0103 mai pu\u021bin\u0103 energie dec\u00e2t o construc\u021bie obi\u0219nuit\u0103. \u00cen perioada urm\u0103toare vor fi finalizate ultimele lucr\u0103ri \u0219i dotarea cu mobilier, care a \u00eenceput deja.<\/p>\n<p><a href=\"https:\/\/cdn.expressdebanat.ro\/wp-content\/uploads\/2026\/08\/scoala-dumitru-ciumageanu-giroc-9-e1787747123117.jpeg\" rel=\"attachment wp-att-981769\"><img loading=\"lazy\" decoding=\"async\" class=\"aligncenter wp-image-981769 size-full perfmatters-lazy\" title=\"scoala dumitru ciumageanu giroc\" src=\"https:\/\/cdn.expressdebanat.ro\/wp-content\/uploads\/2026\/08\/scoala-dumitru-ciumageanu-giroc-9-e1787747123117.jpeg\" alt=\"scoala dumitru ciumageanu giroc\" width=\"800\" height=\"533\"><\/a><\/p>\n<p><img loading=\"lazy\" decoding=\"async\" class=\"aligncenter wp-image-981769 size-full\" title=\"scoala dumitru ciumageanu giroc\" src=\"https:\/\/cdn.expressdebanat.ro\/wp-content\/uploads\/2026\/08\/scoala-dumitru-ciumageanu-giroc-9-e1787747123117.jpeg\" alt=\"scoala dumitru ciumageanu giroc\" width=\"800\" height=\"533\"><\/p>\n<p><a href=\"https:\/\/cdn.expressdebanat.ro\/wp-content\/uploads\/2026\/08\/scoala-dumitru-ciumageanu-giroc-10-e1787747106342.jpeg\" rel=\"attachment wp-att-981770\"><img loading=\"lazy\" decoding=\"async\" class=\"aligncenter wp-image-981770 size-full perfmatters-lazy\" title=\"scoala dumitru ciumageanu giroc\" src=\"https:\/\/cdn.expressdebanat.ro\/wp-content\/uploads\/2026\/08\/scoala-dumitru-ciumageanu-giroc-10-e1787747106342.jpeg\" alt=\"scoala dumitru ciumageanu giroc\" width=\"800\" height=\"533\"><\/a><\/p>\n<p><img loading=\"lazy\" decoding=\"async\" class=\"aligncenter wp-image-981770 size-full\" title=\"scoala dumitru ciumageanu giroc\" src=\"https:\/\/cdn.expressdebanat.ro\/wp-content\/uploads\/2026\/08\/scoala-dumitru-ciumageanu-giroc-10-e1787747106342.jpeg\" alt=\"scoala dumitru ciumageanu giroc\" width=\"800\" height=\"533\"><\/p>\n<p><a href=\"https:\/\/cdn.expressdebanat.ro\/wp-content\/uploads\/2026\/08\/scoala-dumitru-ciumageanu-giroc-e1787747086507.jpeg\" rel=\"attachment wp-att-981776\"><img loading=\"lazy\" decoding=\"async\" class=\"aligncenter wp-image-981776 size-full perfmatters-lazy\" title=\"scoala dumitru ciumageanu giroc\" src=\"https:\/\/cdn.expressdebanat.ro\/wp-content\/uploads\/2026\/08\/scoala-dumitru-ciumageanu-giroc-e1787747086507.jpeg\" alt=\"scoala dumitru ciumageanu giroc\" width=\"800\" height=\"533\"><\/a><\/p>\n<p><img loading=\"lazy\" decoding=\"async\" class=\"aligncenter wp-image-981776 size-full\" title=\"scoala dumitru ciumageanu giroc\" src=\"https:\/\/cdn.expressdebanat.ro\/wp-content\/uploads\/2026\/08\/scoala-dumitru-ciumageanu-giroc-e1787747086507.jpeg\" alt=\"scoala dumitru ciumageanu giroc\" width=\"800\" height=\"533\"><\/p>\n<p><a href=\"https:\/\/cdn.expressdebanat.ro\/wp-content\/uploads\/2026\/08\/scoala-dumitru-ciumageanu-giroc-4-e1787747060390.jpeg\" rel=\"attachment wp-att-981774\"><img loading=\"lazy\" decoding=\"async\" class=\"aligncenter wp-image-981774 size-full perfmatters-lazy\" title=\"inaugurare scoala dumitru ciumageanu giroc\" src=\"https:\/\/cdn.expressdebanat.ro\/wp-content\/uploads\/2026\/08\/scoala-dumitru-ciumageanu-giroc-4-e1787747060390.jpeg\" alt=\"inaugurare scoala dumitru ciumageanu giroc\" width=\"800\" height=\"533\"><\/a><\/p>\n<p><img loading=\"lazy\" decoding=\"async\" class=\"aligncenter wp-image-981774 size-full\" title=\"inaugurare scoala dumitru ciumageanu giroc\" src=\"https:\/\/cdn.expressdebanat.ro\/wp-content\/uploads\/2026\/08\/scoala-dumitru-ciumageanu-giroc-4-e1787747060390.jpeg\" alt=\"inaugurare scoala dumitru ciumageanu giroc\" width=\"800\" height=\"533\"><\/p>\n<p><a href=\"https:\/\/cdn.expressdebanat.ro\/wp-content\/uploads\/2026\/08\/scoala-dumitru-ciumageanu-giroc-8-e1787747044279.jpeg\" rel=\"attachment wp-att-981768\"><img loading=\"lazy\" decoding=\"async\" class=\"aligncenter wp-image-981768 size-full perfmatters-lazy\" title=\"inaugurare scoala dumitru ciumageanu giroc\" src=\"https:\/\/cdn.expressdebanat.ro\/wp-content\/uploads\/2026\/08\/scoala-dumitru-ciumageanu-giroc-8-e1787747044279.jpeg\" alt=\"inaugurare scoala dumitru ciumageanu giroc\" width=\"800\" height=\"533\"><\/a><\/p>\n<p><img loading=\"lazy\" decoding=\"async\" class=\"aligncenter wp-image-981768 size-full\" title=\"inaugurare scoala dumitru ciumageanu giroc\" src=\"https:\/\/cdn.expressdebanat.ro\/wp-content\/uploads\/2026\/08\/scoala-dumitru-ciumageanu-giroc-8-e1787747044279.jpeg\" alt=\"inaugurare scoala dumitru ciumageanu giroc\" width=\"800\" height=\"533\"><\/p>\n<p><a href=\"https:\/\/cdn.expressdebanat.ro\/wp-content\/uploads\/2026\/08\/scoala-dumitru-ciumageanu-giroc-1-e1787747028407.jpeg\" rel=\"attachment wp-att-981775\"><img loading=\"lazy\" decoding=\"async\" class=\"aligncenter wp-image-981775 size-full perfmatters-lazy\" title=\"inaugurare scoala dumitru ciumageanu giroc\" src=\"https:\/\/cdn.expressdebanat.ro\/wp-content\/uploads\/2026\/08\/scoala-dumitru-ciumageanu-giroc-1-e1787747028407.jpeg\" alt=\"inaugurare scoala dumitru ciumageanu giroc\" width=\"800\" height=\"533\"><\/a><\/p>\n<p><img loading=\"lazy\" decoding=\"async\" class=\"aligncenter wp-image-981775 size-full\" title=\"inaugurare scoala dumitru ciumageanu giroc\" src=\"https:\/\/cdn.expressdebanat.ro\/wp-content\/uploads\/2026\/08\/scoala-dumitru-ciumageanu-giroc-1-e1787747028407.jpeg\" alt=\"inaugurare scoala dumitru ciumageanu giroc\" width=\"800\" height=\"533\"><\/p>\n<p><a href=\"https:\/\/cdn.expressdebanat.ro\/wp-content\/uploads\/2026\/08\/scoala-dumitru-ciumageanu-giroc-5-e1787747009318.jpeg\" rel=\"attachment wp-att-981773\"><img loading=\"lazy\" decoding=\"async\" class=\"aligncenter wp-image-981773 size-full perfmatters-lazy\" title=\"inaugurare scoala dumitru ciumageanu giroc\" src=\"https:\/\/cdn.expressdebanat.ro\/wp-content\/uploads\/2026\/08\/scoala-dumitru-ciumageanu-giroc-5-e1787747009318.jpeg\" alt=\"inaugurare scoala dumitru ciumageanu giroc\" width=\"800\" height=\"533\"><\/a><\/p>\n<p><img loading=\"lazy\" decoding=\"async\" class=\"aligncenter wp-image-981773 size-full\" title=\"inaugurare scoala dumitru ciumageanu giroc\" src=\"https:\/\/cdn.expressdebanat.ro\/wp-content\/uploads\/2026\/08\/scoala-dumitru-ciumageanu-giroc-5-e1787747009318.jpeg\" alt=\"inaugurare scoala dumitru ciumageanu giroc\" width=\"800\" height=\"533\"><\/p>\n<p><a href=\"https:\/\/cdn.expressdebanat.ro\/wp-content\/uploads\/2026\/08\/simonis-inaugurare-dumitru-ciumageanu-giroc-e1787746987359.jpeg\" rel=\"attachment wp-att-981780\"><img loading=\"lazy\" decoding=\"async\" class=\"aligncenter wp-image-981780 size-full perfmatters-lazy\" title=\"inaugurare scoala dumitru ciumageanu giroc\" src=\"https:\/\/cdn.expressdebanat.ro\/wp-content\/uploads\/2026\/08\/simonis-inaugurare-dumitru-ciumageanu-giroc-e1787746987359.jpeg\" alt=\"simonis inaugurare dumitru ciumageanu giroc\" width=\"800\" height=\"533\"><\/a><\/p>\n<p><img loading=\"lazy\" decoding=\"async\" class=\"aligncenter wp-image-981780 size-full\" title=\"inaugurare scoala dumitru ciumageanu giroc\" src=\"https:\/\/cdn.expressdebanat.ro\/wp-content\/uploads\/2026\/08\/simonis-inaugurare-dumitru-ciumageanu-giroc-e1787746987359.jpeg\" alt=\"simonis inaugurare dumitru ciumageanu giroc\" width=\"800\" height=\"533\"><\/p>\n<p><a href=\"https:\/\/cdn.expressdebanat.ro\/wp-content\/uploads\/2026\/08\/inaugurare-scoala-dumitru-ciumageanu-giroc-2-e1787746962776.jpeg\" rel=\"attachment wp-att-981778\"><img loading=\"lazy\" decoding=\"async\" class=\"aligncenter wp-image-981778 size-full perfmatters-lazy\" title=\"inaugurare scoala dumitru ciumageanu giroc\" src=\"https:\/\/cdn.expressdebanat.ro\/wp-content\/uploads\/2026\/08\/inaugurare-scoala-dumitru-ciumageanu-giroc-2-e1787746962776.jpeg\" alt=\"inaugurare scoala dumitru ciumageanu giroc\" width=\"800\" height=\"533\"><\/a><\/p>\n<p><img loading=\"lazy\" decoding=\"async\" class=\"aligncenter wp-image-981778 size-full\" title=\"inaugurare scoala dumitru ciumageanu giroc\" src=\"https:\/\/cdn.expressdebanat.ro\/wp-content\/uploads\/2026\/08\/inaugurare-scoala-dumitru-ciumageanu-giroc-2-e1787746962776.jpeg\" alt=\"inaugurare scoala dumitru ciumageanu giroc\" width=\"800\" height=\"533\"><\/div>\n<div id=\"social-box\">\n<ul class=\"post-social\">\n<li class=\"fb-line\">\n<li><a href=\"http:\/\/twitter.com\/share\" class=\"twitter-share-button\" data-lang=\"en\" data-count=\"horizontal\">Tweet<\/a><\/li>\n<li>\n<li><a href=\"http:\/\/pinterest.com\/pin\/create\/button\/?url=https%3A%2F%2Fexpressdebanat.ro%2Fscoala-de-la-giroc-pentru-copii-cu-nevoi-speciale-este-gata-are-loc-pentru-250-de-elevi-foto%2F&amp;media=https:\/\/cdn.expressdebanat.ro\/wp-content\/uploads\/2026\/08\/scoala-dumitru-ciumageanu-giroc-7.jpeg&amp;description=%C8%98coala%20de%20la%20Giroc,%20pentru%20copii%20cu%20nevoi%20speciale,%20este%20gata.%20Are%20loc%20pentru%20250%20de%20elevi%20(FOTO)\" class=\"pin-it-button\">Pin It<\/a><\/li>\n<\/ul>\n<\/div>\n<\/div>\n<div id=\"content-area\">\n<div class=\"post-image\"><img loading=\"lazy\" decoding=\"async\" width=\"620\" height=\"400\" src=\"https:\/\/cdn.expressdebanat.ro\/wp-content\/uploads\/2026\/08\/scoala-dumitru-ciumageanu-giroc-7-620x400.jpeg\" class=\"attachment-post-thumb size-post-thumb wp-post-image perfmatters-lazy\" alt=\"scoala dumitru ciumageanu giroc (7)\"><img loading=\"lazy\" decoding=\"async\" width=\"620\" height=\"400\" src=\"https:\/\/cdn.expressdebanat.ro\/wp-content\/uploads\/2026\/08\/scoala-dumitru-ciumageanu-giroc-7-620x400.jpeg\" class=\"attachment-post-thumb size-post-thumb wp-post-image\" alt=\"scoala dumitru ciumageanu giroc (7)\"><\/div>\n<p class=\"isSelectedEnd\"><strong>La Giroc a fost inaugurat\u0103 noua \u0219coal\u0103 pentru copii cu nevoi speciale. Cl\u0103direa are 28 de s\u0103li de clas\u0103, 22 de laboratoare \u0219i poate primi p\u00e2n\u0103 la 250 de elevi. Investi\u021bia s-a ridicat la 62 de milioane de lei.<\/strong><\/p>\n<p>\u00cen noua cl\u0103dire a Centrului \u0218colar pentru Educa\u021bie Incluziv\u0103 \u201eDumitru Cium\u0103geanu\u201d vor putea \u00eenv\u0103\u021ba cu 100 de copii mai mul\u021bi dec\u00e2t \u00een vechea \u0219coal\u0103.<\/p>\n<p class=\"isSelectedEnd\"><em>\u201eVorbim de o \u0219coal\u0103 verde, de cea mai mare \u0219coal\u0103 care s-a construit \u00een Rom\u00e2nia din fonduri PNRR.\u201d<\/em>, a declarat Alfred Simonis, pre\u0219edintele CJ Timi\u0219.<\/p>\n<p class=\"isSelectedEnd\">Pe l\u00e2ng\u0103 s\u0103lile de clas\u0103 \u0219i laboratoare, \u0219coala are o sal\u0103 de muzic\u0103, spa\u021bii pentru recuperare \u0219i o gr\u0103din\u0103 senzorial\u0103. \u00cen jurul cl\u0103dirii au fost amenajate \u0219i spa\u021bii pentru activit\u0103\u021bi \u00een aer liber.<\/p>\n<p class=\"isSelectedEnd\">\u0218coala este construit\u0103 la intrarea \u00een Giroc, pe terenul fostei unit\u0103\u021bi militare, \u00een apropierea blocurilor ANL. Cl\u0103direa are aproape 5.000 de metri p\u0103tra\u021bi, iar terenul pe care este construit\u0103 are aproximativ 1,5 hectare.<\/p>\n<p class=\"isSelectedEnd\">Lucr\u0103rile au \u00eenceput la 1 august 2025 \u0219i au fost finalizate \u00een 13 luni. Proiectul a fost finan\u021bat prin PNRR, iar CJT a contribuit cu 15 milioane de lei.<\/p>\n<p>Noua cl\u0103dire consum\u0103 mai pu\u021bin\u0103 energie dec\u00e2t o construc\u021bie obi\u0219nuit\u0103. \u00cen perioada urm\u0103toare vor fi finalizate ultimele lucr\u0103ri \u0219i dotarea cu mobilier, care a \u00eenceput deja.<\/p>\n<p><a href=\"https:\/\/cdn.expressdebanat.ro\/wp-content\/uploads\/2026\/08\/scoala-dumitru-ciumageanu-giroc-9-e1787747123117.jpeg\" rel=\"attachment wp-att-981769\"><img loading=\"lazy\" decoding=\"async\" class=\"aligncenter wp-image-981769 size-full perfmatters-lazy\" title=\"scoala dumitru ciumageanu giroc\" src=\"https:\/\/cdn.expressdebanat.ro\/wp-content\/uploads\/2026\/08\/scoala-dumitru-ciumageanu-giroc-9-e1787747123117.jpeg\" alt=\"scoala dumitru ciumageanu giroc\" width=\"800\" height=\"533\"><\/a><\/p>\n<p><img loading=\"lazy\" decoding=\"async\" class=\"aligncenter wp-image-981769 size-full\" title=\"scoala dumitru ciumageanu giroc\" src=\"https:\/\/cdn.expressdebanat.ro\/wp-content\/uploads\/2026\/08\/scoala-dumitru-ciumageanu-giroc-9-e1787747123117.jpeg\" alt=\"scoala dumitru ciumageanu giroc\" width=\"800\" height=\"533\"><\/p>\n<p><a href=\"https:\/\/cdn.expressdebanat.ro\/wp-content\/uploads\/2026\/08\/scoala-dumitru-ciumageanu-giroc-10-e1787747106342.jpeg\" rel=\"attachment wp-att-981770\"><img loading=\"lazy\" decoding=\"async\" class=\"aligncenter wp-image-981770 size-full perfmatters-lazy\" title=\"scoala dumitru ciumageanu giroc\" src=\"https:\/\/cdn.expressdebanat.ro\/wp-content\/uploads\/2026\/08\/scoala-dumitru-ciumageanu-giroc-10-e1787747106342.jpeg\" alt=\"scoala dumitru ciumageanu giroc\" width=\"800\" height=\"533\"><\/a><\/p>\n<p><img loading=\"lazy\" decoding=\"async\" class=\"aligncenter wp-image-981770 size-full\" title=\"scoala dumitru ciumageanu giroc\" src=\"https:\/\/cdn.expressdebanat.ro\/wp-content\/uploads\/2026\/08\/scoala-dumitru-ciumageanu-giroc-10-e1787747106342.jpeg\" alt=\"scoala dumitru ciumageanu giroc\" width=\"800\" height=\"533\"><\/p>\n<p><a href=\"https:\/\/cdn.expressdebanat.ro\/wp-content\/uploads\/2026\/08\/scoala-dumitru-ciumageanu-giroc-e1787747086507.jpeg\" rel=\"attachment wp-att-981776\"><img loading=\"lazy\" decoding=\"async\" class=\"aligncenter wp-image-981776 size-full perfmatters-lazy\" title=\"scoala dumitru ciumageanu giroc\" src=\"https:\/\/cdn.expressdebanat.ro\/wp-content\/uploads\/2026\/08\/scoala-dumitru-ciumageanu-giroc-e1787747086507.jpeg\" alt=\"scoala dumitru ciumageanu giroc\" width=\"800\" height=\"533\"><\/a><\/p>\n<p><img loading=\"lazy\" decoding=\"async\" class=\"aligncenter wp-image-981776 size-full\" title=\"scoala dumitru ciumageanu giroc\" src=\"https:\/\/cdn.expressdebanat.ro\/wp-content\/uploads\/2026\/08\/scoala-dumitru-ciumageanu-giroc-e1787747086507.jpeg\" alt=\"scoala dumitru ciumageanu giroc\" width=\"800\" height=\"533\"><\/p>\n<p><a href=\"https:\/\/cdn.expressdebanat.ro\/wp-content\/uploads\/2026\/08\/scoala-dumitru-ciumageanu-giroc-4-e1787747060390.jpeg\" rel=\"attachment wp-att-981774\"><img loading=\"lazy\" decoding=\"async\" class=\"aligncenter wp-image-981774 size-full perfmatters-lazy\" title=\"inaugurare scoala dumitru ciumageanu giroc\" src=\"https:\/\/cdn.expressdebanat.ro\/wp-content\/uploads\/2026\/08\/scoala-dumitru-ciumageanu-giroc-4-e1787747060390.jpeg\" alt=\"inaugurare scoala dumitru ciumageanu giroc\" width=\"800\" height=\"533\"><\/a><\/p>\n<p><img loading=\"lazy\" decoding=\"async\" class=\"aligncenter wp-image-981774 size-full\" title=\"inaugurare scoala dumitru ciumageanu giroc\" src=\"https:\/\/cdn.expressdebanat.ro\/wp-content\/uploads\/2026\/08\/scoala-dumitru-ciumageanu-giroc-4-e1787747060390.jpeg\" alt=\"inaugurare scoala dumitru ciumageanu giroc\" width=\"800\" height=\"533\"><\/p>\n<p><a href=\"https:\/\/cdn.expressdebanat.ro\/wp-content\/uploads\/2026\/08\/scoala-dumitru-ciumageanu-giroc-8-e1787747044279.jpeg\" rel=\"attachment wp-att-981768\"><img loading=\"lazy\" decoding=\"async\" class=\"aligncenter wp-image-981768 size-full perfmatters-lazy\" title=\"inaugurare scoala dumitru ciumageanu giroc\" src=\"https:\/\/cdn.expressdebanat.ro\/wp-content\/uploads\/2026\/08\/scoala-dumitru-ciumageanu-giroc-8-e1787747044279.jpeg\" alt=\"inaugurare scoala dumitru ciumageanu giroc\" width=\"800\" height=\"533\"><\/a><\/p>\n<p><img loading=\"lazy\" decoding=\"async\" class=\"aligncenter wp-image-981768 size-full\" title=\"inaugurare scoala dumitru ciumageanu giroc\" src=\"https:\/\/cdn.expressdebanat.ro\/wp-content\/uploads\/2026\/08\/scoala-dumitru-ciumageanu-giroc-8-e1787747044279.jpeg\" alt=\"inaugurare scoala dumitru ciumageanu giroc\" width=\"800\" height=\"533\"><\/p>\n<p><a href=\"https:\/\/cdn.expressdebanat.ro\/wp-content\/uploads\/2026\/08\/scoala-dumitru-ciumageanu-giroc-1-e1787747028407.jpeg\" rel=\"attachment wp-att-981775\"><img loading=\"lazy\" decoding=\"async\" class=\"aligncenter wp-image-981775 size-full perfmatters-lazy\" title=\"inaugurare scoala dumitru ciumageanu giroc\" src=\"https:\/\/cdn.expressdebanat.ro\/wp-content\/uploads\/2026\/08\/scoala-dumitru-ciumageanu-giroc-1-e1787747028407.jpeg\" alt=\"inaugurare scoala dumitru ciumageanu giroc\" width=\"800\" height=\"533\"><\/a><\/p>\n<p><img loading=\"lazy\" decoding=\"async\" class=\"aligncenter wp-image-981775 size-full\" title=\"inaugurare scoala dumitru ciumageanu giroc\" src=\"https:\/\/cdn.expressdebanat.ro\/wp-content\/uploads\/2026\/08\/scoala-dumitru-ciumageanu-giroc-1-e1787747028407.jpeg\" alt=\"inaugurare scoala dumitru ciumageanu giroc\" width=\"800\" height=\"533\"><\/p>\n<p><a href=\"https:\/\/cdn.expressdebanat.ro\/wp-content\/uploads\/2026\/08\/scoala-dumitru-ciumageanu-giroc-5-e1787747009318.jpeg\" rel=\"attachment wp-att-981773\"><img loading=\"lazy\" decoding=\"async\" class=\"aligncenter wp-image-981773 size-full perfmatters-lazy\" title=\"inaugurare scoala dumitru ciumageanu giroc\" src=\"https:\/\/cdn.expressdebanat.ro\/wp-content\/uploads\/2026\/08\/scoala-dumitru-ciumageanu-giroc-5-e1787747009318.jpeg\" alt=\"inaugurare scoala dumitru ciumageanu giroc\" width=\"800\" height=\"533\"><\/a><\/p>\n<p><img loading=\"lazy\" decoding=\"async\" class=\"aligncenter wp-image-981773 size-full\" title=\"inaugurare scoala dumitru ciumageanu giroc\" src=\"https:\/\/cdn.expressdebanat.ro\/wp-content\/uploads\/2026\/08\/scoala-dumitru-ciumageanu-giroc-5-e1787747009318.jpeg\" alt=\"inaugurare scoala dumitru ciumageanu giroc\" width=\"800\" height=\"533\"><\/p>\n<p><a href=\"https:\/\/cdn.expressdebanat.ro\/wp-content\/uploads\/2026\/08\/simonis-inaugurare-dumitru-ciumageanu-giroc-e1787746987359.jpeg\" rel=\"attachment wp-att-981780\"><img loading=\"lazy\" decoding=\"async\" class=\"aligncenter wp-image-981780 size-full perfmatters-lazy\" title=\"inaugurare scoala dumitru ciumageanu giroc\" src=\"https:\/\/cdn.expressdebanat.ro\/wp-content\/uploads\/2026\/08\/simonis-inaugurare-dumitru-ciumageanu-giroc-e1787746987359.jpeg\" alt=\"simonis inaugurare dumitru ciumageanu giroc\" width=\"800\" height=\"533\"><\/a><\/p>\n<p><img loading=\"lazy\" decoding=\"async\" class=\"aligncenter wp-image-981780 size-full\" title=\"inaugurare scoala dumitru ciumageanu giroc\" src=\"https:\/\/cdn.expressdebanat.ro\/wp-content\/uploads\/2026\/08\/simonis-inaugurare-dumitru-ciumageanu-giroc-e1787746987359.jpeg\" alt=\"simonis inaugurare dumitru ciumageanu giroc\" width=\"800\" height=\"533\"><\/p>\n<p><a href=\"https:\/\/cdn.expressdebanat.ro\/wp-content\/uploads\/2026\/08\/inaugurare-scoala-dumitru-ciumageanu-giroc-2-e1787746962776.jpeg\" rel=\"attachment wp-att-981778\"><img loading=\"lazy\" decoding=\"async\" class=\"aligncenter wp-image-981778 size-full perfmatters-lazy\" title=\"inaugurare scoala dumitru ciumageanu giroc\" src=\"https:\/\/cdn.expressdebanat.ro\/wp-content\/uploads\/2026\/08\/inaugurare-scoala-dumitru-ciumageanu-giroc-2-e1787746962776.jpeg\" alt=\"inaugurare scoala dumitru ciumageanu giroc\" width=\"800\" height=\"533\"><\/a><\/p>\n<p><img loading=\"lazy\" decoding=\"async\" class=\"aligncenter wp-image-981778 size-full\" title=\"inaugurare scoala dumitru ciumageanu giroc\" src=\"https:\/\/cdn.expressdebanat.ro\/wp-content\/uploads\/2026\/08\/inaugurare-scoala-dumitru-ciumageanu-giroc-2-e1787746962776.jpeg\" alt=\"inaugurare scoala dumitru ciumageanu giroc\" width=\"800\" height=\"533\"><\/div>\n<p>[analyse_source url=&#8221;https:\/\/expressdebanat.ro\/scoala-de-la-giroc-pentru-copii-cu-nevoi-speciale-este-gata-are-loc-pentru-250-de-elevi-foto\/&#8221;]<\/p>\n","protected":false},"excerpt":{"rendered":"<p>[analyse_image type=&#8221;featured&#8221; src=&#8221;https:\/\/cdn.expressdebanat.ro\/wp-content\/uploads\/2026\/08\/scoala-dumitru-ciumageanu-giroc-7.jpeghttps:\/\/cdn.expressdebanat.ro\/wp-content\/uploads\/2026\/08\/scoala-dumitru-ciumageanu-giroc-8-e1787747044279.jpeghttps:\/\/cdn.expressdebanat.ro\/wp-content\/uploads\/2026\/08\/scoala-dumitru-ciumageanu-giroc-9-e1787747123117.jpeg&#8221;] La Giroc a fost inaugurat\u0103 noua \u0219coal\u0103 pentru copii cu nevoi speciale. Cl\u0103direa are 28 de s\u0103li de clas\u0103, 22 de laboratoare \u0219i poate primi p\u00e2n\u0103 la 250 de elevi. Investi\u021bia s-a ridicat la 62 de milioane de lei. \u00cen noua cl\u0103dire a Centrului \u0218colar pentru Educa\u021bie Incluziv\u0103 \u201eDumitru Cium\u0103geanu\u201d vor putea [&hellip;]<\/p>\n","protected":false},"author":1,"featured_media":0,"comment_status":"open","ping_status":"","sticky":false,"template":"","format":"standard","meta":{"footnotes":""},"categories":[89],"tags":[226,196],"class_list":["post-2118474","post","type-post","status-publish","format-standard","hentry","category-romania","tag-crawlmanager","tag-expressdebanat-ro"],"_links":{"self":[{"href":"https:\/\/analyse.optim.biz\/index.php?rest_route=\/wp\/v2\/posts\/2118474","targetHints":{"allow":["GET"]}}],"collection":[{"href":"https:\/\/analyse.optim.biz\/index.php?rest_route=\/wp\/v2\/posts"}],"about":[{"href":"https:\/\/analyse.optim.biz\/index.php?rest_route=\/wp\/v2\/types\/post"}],"author":[{"embeddable":true,"href":"https:\/\/analyse.optim.biz\/index.php?rest_route=\/wp\/v2\/users\/1"}],"replies":[{"embeddable":true,"href":"https:\/\/analyse.optim.biz\/index.php?rest_route=%2Fwp%2Fv2%2Fcomments&post=2118474"}],"version-history":[{"count":0,"href":"https:\/\/analyse.optim.biz\/index.php?rest_route=\/wp\/v2\/posts\/2118474\/revisions"}],"wp:attachment":[{"href":"https:\/\/analyse.optim.biz\/index.php?rest_route=%2Fwp%2Fv2%2Fmedia&parent=2118474"}],"wp:term":[{"taxonomy":"category","embeddable":true,"href":"https:\/\/analyse.optim.biz\/index.php?rest_route=%2Fwp%2Fv2%2Fcategories&post=2118474"},{"taxonomy":"post_tag","embeddable":true,"href":"https:\/\/analyse.optim.biz\/index.php?rest_route=%2Fwp%2Fv2%2Ftags&post=2118474"}],"curies":[{"name":"wp","href":"https:\/\/api.w.org\/{rel}","templated":true}]}}