{"id":2118472,"date":"2026-08-28T16:10:48","date_gmt":"2026-08-28T13:10:48","guid":{"rendered":"https:\/\/analyse.optim.biz\/?p=2118472"},"modified":"2026-08-28T16:10:48","modified_gmt":"2026-08-28T13:10:48","slug":"dominic-fritz-52-000-de-voturi-ale-timisorenilor-anulate-scuipate-masinarie-mafiota-psd-pentru-a-scapa-de-primarul-timisoarei","status":"publish","type":"post","link":"https:\/\/analyse.optim.biz\/?p=2118472","title":{"rendered":"Dominic Fritz: 52.000 de voturi ale timi\u0219orenilor anulate, scuipate! Ma\u0219in\u0103rie mafiot\u0103 PSD pentru a sc\u0103pa de primarul Timi\u0219oarei!"},"content":{"rendered":"<p>[analyse_image type=&#8221;featured&#8221; src=&#8221;https:\/\/cdn.expressdebanat.ro\/wp-content\/uploads\/2026\/08\/fritz_nicusor-dan.jpg&#8221;]<\/p>\n<div id=\"post-area\" class=\"post-981958 post type-post status-publish format-standard has-post-thumbnail hentry category-politica category-timis category-timisoara tag-30-de-zile-de-primar-al-timisoarei tag-articol-principal tag-dominic-frtiz tag-express-de-banat tag-important tag-legea-ani-promulgata tag-nicusor-dan tag-stiri-banat\">\n<div id=\"social-box\">\n<ul class=\"post-social\">\n<li class=\"social-share-button\">\n<li class=\"social-share-button\">\n<li class=\"social-share-button\"><\/ul>\n<\/div>\n<div id=\"content-area\">\n<div class=\"post-image\"><img loading=\"lazy\" decoding=\"async\" width=\"620\" height=\"400\" src=\"https:\/\/cdn.expressdebanat.ro\/wp-content\/uploads\/2026\/08\/fritz_nicusor-dan-620x400.jpg\" class=\"attachment-post-thumb size-post-thumb wp-post-image perfmatters-lazy\" alt=\"fritz nicusor dan\"><img loading=\"lazy\" decoding=\"async\" width=\"620\" height=\"400\" src=\"https:\/\/cdn.expressdebanat.ro\/wp-content\/uploads\/2026\/08\/fritz_nicusor-dan-620x400.jpg\" class=\"attachment-post-thumb size-post-thumb wp-post-image\" alt=\"fritz nicusor dan\"><\/div>\n<p><strong>\u201eStatul de drept \u00een Rom\u00e2nia nu mai exist\u0103!\u201d, acuz\u0103 Dominic Fritz dup\u0103 ce pre\u0219edintele Nicu\u0219or Dan a promulgat legea care \u00eei \u00eenceteaz\u0103 \u00een 30 de zile mandatul de primar al Timi\u0219oarei!<\/strong><\/p>\n<p><em>\u201ePre\u0219edintele Nicu\u0219or Dan a promulgat Legea ANI cu tot cu amendamentul anti-Timi\u0219oara, introdus de PSD \u0219i AUR. Asta \u00eenseamn\u0103 c\u0103, \u00een 30 de zile, \u00eemi va \u00eenceta mandatul de primar al Timi\u0219oarei! 52.000 de voturi ale timi\u0219orenilor anulate, scuipate! Am primit deja 2 sanc\u021biuni r\u0103mase definitive \u00een instan\u021b\u0103 pentru o semn\u0103tur\u0103 dat\u0103 pe o copie a unui document perfect legal, f\u0103cut \u00een \u00eentregime de fostul primar, \u00een a doua zi din primul mandat. Acum 6 ani! Acum voi primi o a treia sanc\u021biune, una nou-inventat\u0103, \u00eencetarea mandatului, pentru ceva ce aceea\u0219i lege nou\u0103 nu mai consider\u0103 o fapt\u0103 sanc\u021bionabil\u0103. Nu ai nevoie de studii juridice ca s\u0103 vezi abuzul grosolan, r\u0103zbunarea politic\u0103, \u00eenc\u0103lcarea Constitu\u021biei. Statul de drept \u00een Rom\u00e2nia nu mai exist\u0103!\u201d<\/em>, a r\u0103bufnit Dominic Fritz dup\u0103 ce devenise clar c\u0103 mandatul s\u0103u se opre\u0219te brusc, \u00een urm\u0103toarele 30 de zile.<\/p>\n<p>Liderul USR sus\u021bine c\u0103 tot ceea ce i se \u00eent\u00e2mpl\u0103 e doar dovada faptului c\u0103<em> \u201ePSD c\u0103 folose\u0219te instrumentele dictatorilor pentru a-\u0219i p\u0103stra puterea\u201d<\/em>. C\u0103 partidul condus de Sorin Grindeanu a mobilizat<em> \u201e\u00eentreaga ma\u0219in\u0103rie mafiot\u0103 a sistemului pentru a sc\u0103pa de primarul Timi\u0219oarei\u201d.<\/em><\/p>\n<p>\u00cen finalul interven\u021biei sale, Dominic Fritz avertizeaz\u0103 c\u0103 nu p\u0103r\u0103se\u0219te scena politic\u0103:<\/p>\n<p><em>\u201eSunt mai hot\u0103r\u00e2t ca niciodat\u0103 s\u0103 continui lupta cu caracati\u021ba care ne fur\u0103 banii \u0219i speran\u021ba! Eu r\u0103m\u00e2n timi\u0219orean, r\u0103m\u00e2n \u0219i pre\u0219edintele USR! <\/em><em>M\u00e2ndru s\u0103 r\u0103m\u00e2n timi\u0219orean \u0219i s\u0103 continui lupta pentru o Rom\u00e2nie dreapt\u0103!\u201d<\/em><\/p>\n<p>Pre\u0219edintele Nicu\u0219or Dan anun\u021base \u00een prealabil c\u0103 a promulgat Legea pentru modificarea \u0219i completarea unor acte normative \u00een domeniul integrit\u0103\u021bii.<\/p>\n<p><em>\u201eAm promulgat ast\u0103zi Legea pentru modificarea \u0219i completarea unor acte normative \u00een domeniul integrit\u0103\u021bii \u00een forma care mi-a fost transmis\u0103 de c\u0103tre Parlamentul Rom\u00e2niei. \u00cemi men\u021bin \u00een continuare argumentele din sesizarea de neconstitu\u021bionalitate pe care am \u00eenaintat-o Cur\u021bii Constitu\u021bionale\u201d<\/em>, a transmis Nicu\u0219or Dan.<\/p>\n<p>\u0218eful statului a explicat c\u0103, \u00een lipsa riscului ca Rom\u00e2nia s\u0103 piard\u0103 fonduri din PNRR, ar fi trimis legea \u00eenapoi \u00een Parlament pentru reexaminare.<\/p>\n<p>\u00a0<\/p>\n<p>FOTO: Inquam Photos \/<a href=\"https:\/\/inquamphotos.com\/user\/virgil-simonescu\">Virgil\u00a0Simonescu<\/a><\/p>\n<\/div>\n<div id=\"social-box\">\n<ul class=\"post-social\">\n<li class=\"fb-line\">\n<li><a href=\"http:\/\/twitter.com\/share\" class=\"twitter-share-button\" data-lang=\"en\" data-count=\"horizontal\">Tweet<\/a><\/li>\n<li>\n<li><a href=\"http:\/\/pinterest.com\/pin\/create\/button\/?url=https%3A%2F%2Fexpressdebanat.ro%2Fdominic-fritz-52-000-de-voturi-ale-timisorenilor-anulate-scuipate-masinarie-mafiota-psd-pentru-a-scapa-de-primarul-timisoarei%2F&amp;media=https:\/\/cdn.expressdebanat.ro\/wp-content\/uploads\/2026\/08\/fritz_nicusor-dan.jpg&amp;description=Dominic%20Fritz:%2052.000%20de%20voturi%20ale%20timi%C8%99orenilor%20anulate,%20scuipate!%20Ma%C8%99in%C4%83rie%20mafiot%C4%83%20PSD%20pentru%20a%20sc%C4%83pa%20de%20primarul%20Timi%C8%99oarei!\" class=\"pin-it-button\">Pin It<\/a><\/li>\n<\/ul>\n<\/div>\n<\/div>\n<div id=\"content-area\">\n<div class=\"post-image\"><img loading=\"lazy\" decoding=\"async\" width=\"620\" height=\"400\" src=\"https:\/\/cdn.expressdebanat.ro\/wp-content\/uploads\/2026\/08\/fritz_nicusor-dan-620x400.jpg\" class=\"attachment-post-thumb size-post-thumb wp-post-image perfmatters-lazy\" alt=\"fritz nicusor dan\"><img loading=\"lazy\" decoding=\"async\" width=\"620\" height=\"400\" src=\"https:\/\/cdn.expressdebanat.ro\/wp-content\/uploads\/2026\/08\/fritz_nicusor-dan-620x400.jpg\" class=\"attachment-post-thumb size-post-thumb wp-post-image\" alt=\"fritz nicusor dan\"><\/div>\n<p><strong>\u201eStatul de drept \u00een Rom\u00e2nia nu mai exist\u0103!\u201d, acuz\u0103 Dominic Fritz dup\u0103 ce pre\u0219edintele Nicu\u0219or Dan a promulgat legea care \u00eei \u00eenceteaz\u0103 \u00een 30 de zile mandatul de primar al Timi\u0219oarei!<\/strong><\/p>\n<p><em>\u201ePre\u0219edintele Nicu\u0219or Dan a promulgat Legea ANI cu tot cu amendamentul anti-Timi\u0219oara, introdus de PSD \u0219i AUR. Asta \u00eenseamn\u0103 c\u0103, \u00een 30 de zile, \u00eemi va \u00eenceta mandatul de primar al Timi\u0219oarei! 52.000 de voturi ale timi\u0219orenilor anulate, scuipate! Am primit deja 2 sanc\u021biuni r\u0103mase definitive \u00een instan\u021b\u0103 pentru o semn\u0103tur\u0103 dat\u0103 pe o copie a unui document perfect legal, f\u0103cut \u00een \u00eentregime de fostul primar, \u00een a doua zi din primul mandat. Acum 6 ani! Acum voi primi o a treia sanc\u021biune, una nou-inventat\u0103, \u00eencetarea mandatului, pentru ceva ce aceea\u0219i lege nou\u0103 nu mai consider\u0103 o fapt\u0103 sanc\u021bionabil\u0103. Nu ai nevoie de studii juridice ca s\u0103 vezi abuzul grosolan, r\u0103zbunarea politic\u0103, \u00eenc\u0103lcarea Constitu\u021biei. Statul de drept \u00een Rom\u00e2nia nu mai exist\u0103!\u201d<\/em>, a r\u0103bufnit Dominic Fritz dup\u0103 ce devenise clar c\u0103 mandatul s\u0103u se opre\u0219te brusc, \u00een urm\u0103toarele 30 de zile.<\/p>\n<p>Liderul USR sus\u021bine c\u0103 tot ceea ce i se \u00eent\u00e2mpl\u0103 e doar dovada faptului c\u0103<em> \u201ePSD c\u0103 folose\u0219te instrumentele dictatorilor pentru a-\u0219i p\u0103stra puterea\u201d<\/em>. C\u0103 partidul condus de Sorin Grindeanu a mobilizat<em> \u201e\u00eentreaga ma\u0219in\u0103rie mafiot\u0103 a sistemului pentru a sc\u0103pa de primarul Timi\u0219oarei\u201d.<\/em><\/p>\n<p>\u00cen finalul interven\u021biei sale, Dominic Fritz avertizeaz\u0103 c\u0103 nu p\u0103r\u0103se\u0219te scena politic\u0103:<\/p>\n<p><em>\u201eSunt mai hot\u0103r\u00e2t ca niciodat\u0103 s\u0103 continui lupta cu caracati\u021ba care ne fur\u0103 banii \u0219i speran\u021ba! Eu r\u0103m\u00e2n timi\u0219orean, r\u0103m\u00e2n \u0219i pre\u0219edintele USR! <\/em><em>M\u00e2ndru s\u0103 r\u0103m\u00e2n timi\u0219orean \u0219i s\u0103 continui lupta pentru o Rom\u00e2nie dreapt\u0103!\u201d<\/em><\/p>\n<p>Pre\u0219edintele Nicu\u0219or Dan anun\u021base \u00een prealabil c\u0103 a promulgat Legea pentru modificarea \u0219i completarea unor acte normative \u00een domeniul integrit\u0103\u021bii.<\/p>\n<p><em>\u201eAm promulgat ast\u0103zi Legea pentru modificarea \u0219i completarea unor acte normative \u00een domeniul integrit\u0103\u021bii \u00een forma care mi-a fost transmis\u0103 de c\u0103tre Parlamentul Rom\u00e2niei. \u00cemi men\u021bin \u00een continuare argumentele din sesizarea de neconstitu\u021bionalitate pe care am \u00eenaintat-o Cur\u021bii Constitu\u021bionale\u201d<\/em>, a transmis Nicu\u0219or Dan.<\/p>\n<p>\u0218eful statului a explicat c\u0103, \u00een lipsa riscului ca Rom\u00e2nia s\u0103 piard\u0103 fonduri din PNRR, ar fi trimis legea \u00eenapoi \u00een Parlament pentru reexaminare.<\/p>\n<p>\u00a0<\/p>\n<p>FOTO: Inquam Photos \/<a href=\"https:\/\/inquamphotos.com\/user\/virgil-simonescu\">Virgil\u00a0Simonescu<\/a><\/p>\n<\/div>\n<p>[analyse_source url=&#8221;https:\/\/expressdebanat.ro\/dominic-fritz-52-000-de-voturi-ale-timisorenilor-anulate-scuipate-masinarie-mafiota-psd-pentru-a-scapa-de-primarul-timisoarei\/&#8221;]<\/p>\n","protected":false},"excerpt":{"rendered":"<p>[analyse_image type=&#8221;featured&#8221; src=&#8221;https:\/\/cdn.expressdebanat.ro\/wp-content\/uploads\/2026\/08\/fritz_nicusor-dan.jpg&#8221;] \u201eStatul de drept \u00een Rom\u00e2nia nu mai exist\u0103!\u201d, acuz\u0103 Dominic Fritz dup\u0103 ce pre\u0219edintele Nicu\u0219or Dan a promulgat legea care \u00eei \u00eenceteaz\u0103 \u00een 30 de zile mandatul de primar al Timi\u0219oarei! \u201ePre\u0219edintele Nicu\u0219or Dan a promulgat Legea ANI cu tot cu amendamentul anti-Timi\u0219oara, introdus de PSD \u0219i AUR. Asta \u00eenseamn\u0103 c\u0103, \u00een [&hellip;]<\/p>\n","protected":false},"author":1,"featured_media":0,"comment_status":"open","ping_status":"","sticky":false,"template":"","format":"standard","meta":{"footnotes":""},"categories":[89],"tags":[226,196],"class_list":["post-2118472","post","type-post","status-publish","format-standard","hentry","category-romania","tag-crawlmanager","tag-expressdebanat-ro"],"_links":{"self":[{"href":"https:\/\/analyse.optim.biz\/index.php?rest_route=\/wp\/v2\/posts\/2118472","targetHints":{"allow":["GET"]}}],"collection":[{"href":"https:\/\/analyse.optim.biz\/index.php?rest_route=\/wp\/v2\/posts"}],"about":[{"href":"https:\/\/analyse.optim.biz\/index.php?rest_route=\/wp\/v2\/types\/post"}],"author":[{"embeddable":true,"href":"https:\/\/analyse.optim.biz\/index.php?rest_route=\/wp\/v2\/users\/1"}],"replies":[{"embeddable":true,"href":"https:\/\/analyse.optim.biz\/index.php?rest_route=%2Fwp%2Fv2%2Fcomments&post=2118472"}],"version-history":[{"count":0,"href":"https:\/\/analyse.optim.biz\/index.php?rest_route=\/wp\/v2\/posts\/2118472\/revisions"}],"wp:attachment":[{"href":"https:\/\/analyse.optim.biz\/index.php?rest_route=%2Fwp%2Fv2%2Fmedia&parent=2118472"}],"wp:term":[{"taxonomy":"category","embeddable":true,"href":"https:\/\/analyse.optim.biz\/index.php?rest_route=%2Fwp%2Fv2%2Fcategories&post=2118472"},{"taxonomy":"post_tag","embeddable":true,"href":"https:\/\/analyse.optim.biz\/index.php?rest_route=%2Fwp%2Fv2%2Ftags&post=2118472"}],"curies":[{"name":"wp","href":"https:\/\/api.w.org\/{rel}","templated":true}]}}