{"id":2118471,"date":"2026-08-29T07:01:51","date_gmt":"2026-08-29T04:01:51","guid":{"rendered":"https:\/\/analyse.optim.biz\/?p=2118471"},"modified":"2026-08-29T07:01:51","modified_gmt":"2026-08-29T04:01:51","slug":"un-nou-camin-studentesc-este-finalizat-la-ghiroda-uvt-a-investit-aproape-53-de-milioane-de-lei-pentru-162-de-locuri-de-cazare","status":"publish","type":"post","link":"https:\/\/analyse.optim.biz\/?p=2118471","title":{"rendered":"Un nou c\u0103min studen\u021besc este finalizat, la Ghiroda. UVT a investit aproape 53 de milioane de lei pentru 162 de locuri de cazare"},"content":{"rendered":"<p>[analyse_image type=&#8221;featured&#8221; src=&#8221;https:\/\/www.sursadevest.ro\/wp-content\/uploads\/2026\/08\/camin-uvt-ghiroda-01.jpg&#8221;]<\/p>\n<p><main id=\"tm-main\"><\/p>\n<div class=\"uk-section-default uk-section\">\n<div class=\"uk-grid-margin uk-container uk-container-xsmall\">\n<div class=\"uk-grid tm-grid-expand uk-child-width-1-1\">\n<div class=\"uk-width-1-1\">\n<h1 class=\"uk-h2 uk-margin uk-text-center\">\n<p>                    Un nou c\u0103min studen\u021besc este finalizat, la Ghiroda. UVT a investit aproape 53 de milioane de lei pentru 162 de locuri de cazare        <\/p>\n<\/h1>\n<div class=\"uk-panel uk-margin uk-text-center\"><time datetime=\"2026-08-29T09:01:51+02:00\">29 august, 2026<\/time> | <a href=\"https:\/\/www.sursadevest.ro\/author\/petronela\/\">Sursa de Vest<\/a> | <a href=\"https:\/\/www.sursadevest.ro\/categorie\/stiri\/administratie\/\" rel=\"tag\">Administra\u021bie<\/a>, <a href=\"https:\/\/www.sursadevest.ro\/categorie\/stiri\/educatie\/\" rel=\"tag\">Educa\u021bie<\/a>, <a href=\"https:\/\/www.sursadevest.ro\/categorie\/stiri\/eveniment\/\" rel=\"tag\">Eveniment<\/a>, <a href=\"https:\/\/www.sursadevest.ro\/categorie\/stiri\/\" rel=\"tag\">\u0218tiri<\/a> | <a href=\"https:\/\/www.sursadevest.ro\/un-nou-camin-studentesc-este-finalizat-la-ghiroda-uvt-a-investit-aproape-53-de-milioane-de-lei-pentru-162-de-locuri-de-cazare\/#respond\">Niciun comentariu<span class=\"screen-reader-text\"> la Un nou c\u0103min studen\u021besc este finalizat, la Ghiroda. UVT a investit aproape 53 de milioane de lei pentru 162 de locuri de cazare<\/span><\/a><\/div>\n<\/div>\n<\/div>\n<\/div>\n<div class=\"uk-container uk-margin-large\">\n<div class=\"uk-grid tm-grid-expand uk-grid-column-large\">\n<div class=\"uk-width-2-3@m\">\n<nav aria-label=\"Breadcrumb\" class=\"uk-margin-small\">\n<ul class=\"uk-breadcrumb uk-margin-remove-bottom\">\n<li><\/li>\n<li><a href=\"https:\/\/www.sursadevest.ro\/categorie\/stiri\/\"><span>\u0218tiri<\/span><\/a><\/li>\n<li><a href=\"https:\/\/www.sursadevest.ro\/categorie\/stiri\/administratie\/\"><span>Administra\u021bie<\/span><\/a><\/li>\n<\/ul>\n<\/nav>\n<div class=\"uk-margin\"><source type=\"image\/webp\" srcset=\"\/wp-content\/uploads\/yootheme\/cache\/ac\/camin-uvt-ghiroda-01-ac441dbf.webp 768w, \/wp-content\/uploads\/yootheme\/cache\/c9\/camin-uvt-ghiroda-01-c913127d.webp 900w\" sizes=\"(min-width: 900px) 900px\" \/><\/div>\n<div class=\"uk-margin-remove-vertical uk-hidden@m\">\n<div class=\"uk-grid uk-child-width-1-1 uk-child-width-1-2@s uk-grid-small uk-grid-match\">\n<div>\n<div class=\"el-item uk-panel\"><a href=\"https:\/\/retim.ro\/eticheta\" target=\"_blank\"><\/p>\n<div class=\"uk-inline-clip uk-transition-toggle\"><img loading=\"lazy\" decoding=\"async\" class=\"el-image uk-transition-scale-down uk-transition-opaque\" src=\"https:\/\/www.sursadevest.ro\/wp-content\/uploads\/2025\/07\/ReTIM-banner-press-300x300px.gif\" alt width=\"300\" height=\"300\"><\/div>\n<p><\/a><\/p>\n<div class=\"uk-padding-small uk-margin-remove-first-child\">\n<div class=\"el-meta uk-text-meta uk-margin-small-top\">Retim Ecologic Service<\/div>\n<div class=\"uk-margin-small-top\"><a href=\"https:\/\/retim.ro\/eticheta\" target=\"_blank\" class=\"el-link uk-button uk-button-text\">Vezi detalii<\/a><\/div>\n<\/div>\n<\/div>\n<\/div>\n<\/div>\n<\/div>\n<div class=\"uk-panel uk-margin-remove-top uk-margin-medium-bottom\">\n<p class=\"wp-block-paragraph\">Universitatea de Vest din Timi\u0219oara a finalizat construc\u021bia unui nou c\u0103min studen\u021besc \u00een hub-ul educa\u021bional pe care \u00eel dezvolt\u0103 la Ghiroda. <\/p>\n<p class=\"wp-block-paragraph\">Investi\u021bia se ridic\u0103 la aproape 53 de milioane de lei \u0219i a fost realizat\u0103 \u00een cea mai mare parte cu fonduri prin Planul Na\u021bional de Redresare \u0219i Rezilien\u021b\u0103.<\/p>\n<p class=\"wp-block-paragraph\">Noul c\u0103min are o suprafa\u021b\u0103 total\u0103 de 4.948 de metri p\u0103tra\u021bi \u0219i dispune de 81 de camere, \u00een care vor putea fi caza\u021bi 162 de studen\u021bi.<\/p>\n<p class=\"wp-block-paragraph\">O parte important\u0103 dintre locuri va fi destinat\u0103 tinerilor care provin din medii vulnerabile. Concret, 65 dintre cele 162 de locuri sunt rezervate studen\u021bilor din medii socio-economice defavorizate.<\/p>\n<p class=\"wp-block-paragraph\">Cl\u0103direa a fost realizat\u0103 \u0219i cu accent pe reducerea costurilor cu energia. Aceasta respect\u0103 standardul nZEB plus \u0219i ar urma s\u0103 aib\u0103 un consum de energie primar\u0103 cu cel pu\u021bin 20% mai mic dec\u00e2t nivelul impus \u00een cazul cl\u0103dirilor nZEB.<\/p>\n<p class=\"wp-block-paragraph\">Proiectul, intitulat \u201eConstruim pentru educa\u021bie: C\u0103mine studen\u021be\u0219ti ale viitorului\u201d, a \u00eenceput \u00een iulie 2024, dup\u0103 semnarea contractului de finan\u021bare dintre UVT \u0219i Ministerul Educa\u021biei, iar perioada de implementare se \u00eencheie la 31 august 2026.<\/p>\n<p class=\"wp-block-paragraph\">Investi\u021bia face parte din dezvoltarea hub-ului educa\u021bional al UVT de la Ghiroda \u0219i este al doilea proiect al universit\u0103\u021bii realizat \u00een zona periurban\u0103 a Timi\u0219oarei.<\/p>\n<p class=\"wp-block-paragraph\"><em>\u201e\u0218i acest al doilea proiect realizat \u00een periurbanul Timi\u0219oarei, \u00een Hub-ul educa\u021bional de la Ghiroda, reprezint\u0103 o etap\u0103 important\u0103 \u00een strategia de dezvoltare a infrastructurii educa\u021bionale a universit\u0103\u021bii noastre, pentru sus\u021binerea performan\u021bei academice, oferind condi\u021bii optime de trai pentru studen\u021bii UVT. Contribu\u021bia PNRR la modernizarea Universit\u0103\u021bii de Vest din Timi\u0219oara \u0219i a centrului universitar timi\u0219orean este important\u0103, chiar vital\u0103 pentru viitorul educa\u021biei din vestul \u021b\u0103rii\u201d<\/em>, a transmis rectorul UVT, Marilen Pirtea.<\/p>\n<p class=\"wp-block-paragraph\">Valoarea total\u0103 a proiectului este de 52,95 milioane de lei, dintre care 47,23 milioane de lei reprezint\u0103 finan\u021barea din PNRR.<\/p>\n<\/div>\n<nav class=\"uk-text-center\">\n<ul class=\"uk-pagination uk-margin-remove-bottom uk-flex-center\">\n<li><a href=\"https:\/\/www.sursadevest.ro\/video-accident-teribil-filmat-de-camerele-de-supraveghere-patru-victime-dupa-ce-un-individ-urmarit-de-politisti-a-lovit-o-masina-si-a-aruncat-o-in-terasa-unui-restaurant\/\"> Anterior<\/a><\/li>\n<li><a href=\"https:\/\/www.sursadevest.ro\/o-cladire-simbol-din-timisoara-isi-deschide-portile-publicului-tururi-ghidate-la-fabrica-de-bere-timisoreana\/\">Urm\u0103tor <\/a><\/li>\n<\/ul>\n<\/nav>\n<h3 class=\"uk-h5\">\n<p>                    Distribuie pe re\u021bele de socializare        <\/p>\n<\/h3>\n<div class=\"uk-margin-top uk-margin-remove-bottom\">\n<ul class=\"uk-child-width-auto uk-grid-small uk-flex-inline uk-flex-middle\">\n<li class=\"el-item\">\n<li class=\"el-item\">\n<li class=\"el-item\">\n<li class=\"el-item\"><\/ul>\n<\/div>\n<div class=\"uk-margin\">\n<div id=\"respond\" class=\"comment-respond\">\n<h2 id=\"reply-title\" class=\"el-title uk-h3 uk-heading-bullet\">Las\u0103 un r\u0103spuns <small><a rel=\"nofollow\" id=\"cancel-comment-reply-link\" class=\"uk-link-muted\" href=\"https:\/\/www.sursadevest.ro\/un-nou-camin-studentesc-este-finalizat-la-ghiroda-uvt-a-investit-aproape-53-de-milioane-de-lei-pentru-162-de-locuri-de-cazare\/#respond\">Anuleaz\u0103 r\u0103spunsul<\/a><\/small><\/h2>\n<p class=\"comment-notes\">Adresa ta de email nu va fi publicat\u0103. C\u00e2mpurile obligatorii sunt marcate cu <span class=\"required\">*<\/span><\/p>\n<div class=\"gglcptch gglcptch_v3\"><\/p>\n<div class=\"gglcptch_error_text\">Perioada de verificare reCAPTCHA a expirat. V\u0103 rug\u0103m s\u0103 re\u00eenc\u0103rca\u021bi pagina.<\/div>\n<\/div>\n<\/div>\n<\/div>\n<hr class=\"uk-margin-large\">\n<h2 class=\"uk-h3 uk-text-left@m uk-text-center\">\n<p>                    Alte articole        <\/p>\n<\/h2>\n<div id=\"template-OEvUe7Lh#0\" class=\"uk-margin\">\n<div class=\"uk-grid uk-child-width-1-1 uk-child-width-1-2@s uk-grid-column-medium uk-grid-match\">\n<div>\n<div class=\"el-item uk-panel uk-margin-remove-first-child\"><a href=\"https:\/\/www.sursadevest.ro\/explozie-in-judetul-timis-doua-victime-dupa-ce-o-butelie-cu-gpl-a-sarit-in-aer\/\"><source type=\"image\/webp\" srcset=\"\/wp-content\/uploads\/yootheme\/cache\/9a\/masina-de-pompieri-9ae33fe5.webp 610w, \/wp-content\/uploads\/yootheme\/cache\/23\/masina-de-pompieri-231db3da.webp 768w, \/wp-content\/uploads\/yootheme\/cache\/c8\/masina-de-pompieri-c888e5e2.webp 900w\" sizes=\"(min-width: 610px) 610px\" \/><\/a><\/p>\n<div class=\"el-meta uk-h6 uk-text-primary uk-margin-top uk-margin-remove-bottom\"><time datetime=\"2026-08-29T16:56:44+02:00\">29 august, 2026<\/time> | <a href=\"https:\/\/www.sursadevest.ro\/author\/petronela\/\">Sursa de Vest<\/a> | <a href=\"https:\/\/www.sursadevest.ro\/categorie\/stiri\/eveniment\/\" rel=\"tag\">Eveniment<\/a>, <a href=\"https:\/\/www.sursadevest.ro\/categorie\/stiri\/\" rel=\"tag\">\u0218tiri<\/a> | <a href=\"https:\/\/www.sursadevest.ro\/explozie-in-judetul-timis-doua-victime-dupa-ce-o-butelie-cu-gpl-a-sarit-in-aer\/#respond\">Niciun comentariu<span class=\"screen-reader-text\"> la Explozie, \u00een jude\u021bul Timi\u0219! Dou\u0103 victime, dup\u0103 ce o butelie cu GPL a s\u0103rit \u00een aer<\/span><\/a><\/div>\n<h3 class=\"el-title uk-h4 uk-link-reset uk-margin-small-top uk-margin-remove-bottom\"><a href=\"https:\/\/www.sursadevest.ro\/explozie-in-judetul-timis-doua-victime-dupa-ce-o-butelie-cu-gpl-a-sarit-in-aer\/\">Explozie, \u00een jude\u021bul Timi\u0219! Dou\u0103 victime, dup\u0103 ce o butelie cu GPL a s\u0103rit \u00een aer<\/a><\/h3>\n<div class=\"el-content uk-panel uk-margin-small-top\">\n<p>Interven\u021bie de urgen\u021b\u0103 a pompierilor din Timi\u0219, care au fost chema\u021bi la locul unei deflgra\u021bii puternice produse \u00een satul \u021aipari, ce apar\u021bine de comuna Co\u0219teiu.<\/p>\n<\/div>\n<div class=\"uk-margin-top\"><a href=\"https:\/\/www.sursadevest.ro\/explozie-in-judetul-timis-doua-victime-dupa-ce-o-butelie-cu-gpl-a-sarit-in-aer\/\" class=\"el-link uk-button uk-button-text\">Vezi detalii<\/a><\/div>\n<\/div>\n<\/div>\n<div>\n<div class=\"el-item uk-panel uk-margin-remove-first-child\"><a href=\"https:\/\/www.sursadevest.ro\/retim-isi-mareste-echipa-angajeaza-volist-sennebogen\/\"><img decoding=\"async\" class=\"el-image uk-border-rounded\" src=\"https:\/\/www.sursadevest.ro\/wp-content\/uploads\/2026\/08\/volist.gif\" alt=\"Recruitment poster: hiring heavy equipment operator (Sennebogen) with M.U.T cert in S\u00e2nandrei; send CV to recrutare@retim.ro\" loading=\"lazy\" width=\"610\" height=\"339\"><\/a><\/p>\n<div class=\"el-meta uk-h6 uk-text-primary uk-margin-top uk-margin-remove-bottom\"><time datetime=\"2026-08-29T15:52:00+02:00\">29 august, 2026<\/time> | <a href=\"https:\/\/www.sursadevest.ro\/author\/petronela\/\">Sursa de Vest<\/a> | <a href=\"https:\/\/www.sursadevest.ro\/categorie\/stiri\/eveniment\/\" rel=\"tag\">Eveniment<\/a>, <a href=\"https:\/\/www.sursadevest.ro\/categorie\/stiri\/\" rel=\"tag\">\u0218tiri<\/a> | <a href=\"https:\/\/www.sursadevest.ro\/retim-isi-mareste-echipa-angajeaza-volist-sennebogen\/#respond\">Niciun comentariu<span class=\"screen-reader-text\"> la RETIM \u00ee\u0219i m\u0103re\u0219te echipa! Angajeaz\u0103 volist Sennebogen<\/span><\/a><\/div>\n<h3 class=\"el-title uk-h4 uk-link-reset uk-margin-small-top uk-margin-remove-bottom\"><a href=\"https:\/\/www.sursadevest.ro\/retim-isi-mareste-echipa-angajeaza-volist-sennebogen\/\">RETIM \u00ee\u0219i m\u0103re\u0219te echipa! Angajeaz\u0103 volist Sennebogen<\/a><\/h3>\n<div class=\"el-content uk-panel uk-margin-small-top\">\n<p>RETIM ECOLOGIC SERVICE SA scoate la concurs un post de volist Sennebogen, cu atestat mecanic utilaj terasier (M.U.T), pentru loca\u021bia din S\u00e2nandrei.<\/p>\n<\/div>\n<div class=\"uk-margin-top\"><a href=\"https:\/\/www.sursadevest.ro\/retim-isi-mareste-echipa-angajeaza-volist-sennebogen\/\" class=\"el-link uk-button uk-button-text\">Vezi detalii<\/a><\/div>\n<\/div>\n<\/div>\n<div>\n<div class=\"el-item uk-panel uk-margin-remove-first-child\"><a href=\"https:\/\/www.sursadevest.ro\/curajul-poarta-uniforma-cosmina-este-unul-dintre-pompierii-din-timis-care-lupta-cu-incendiile-devastatoare-din-serbia\/\"><source type=\"image\/webp\" srcset=\"\/wp-content\/uploads\/yootheme\/cache\/49\/cosmina-pompier-1-49208f9f.webp 610w, \/wp-content\/uploads\/yootheme\/cache\/33\/cosmina-pompier-1-3362eab5.webp 768w, \/wp-content\/uploads\/yootheme\/cache\/79\/cosmina-pompier-1-79da15d6.webp 1024w, \/wp-content\/uploads\/yootheme\/cache\/13\/cosmina-pompier-1-13943761.webp 1190w\" sizes=\"(min-width: 610px) 610px\" \/><\/a><\/p>\n<div class=\"el-meta uk-h6 uk-text-primary uk-margin-top uk-margin-remove-bottom\"><time datetime=\"2026-08-29T13:38:26+02:00\">29 august, 2026<\/time> | <a href=\"https:\/\/www.sursadevest.ro\/author\/petronela\/\">Sursa de Vest<\/a> | <a href=\"https:\/\/www.sursadevest.ro\/categorie\/stiri\/eveniment\/\" rel=\"tag\">Eveniment<\/a>, <a href=\"https:\/\/www.sursadevest.ro\/categorie\/stiri\/\" rel=\"tag\">\u0218tiri<\/a> | <a href=\"https:\/\/www.sursadevest.ro\/curajul-poarta-uniforma-cosmina-este-unul-dintre-pompierii-din-timis-care-lupta-cu-incendiile-devastatoare-din-serbia\/#respond\">Niciun comentariu<span class=\"screen-reader-text\"> la Curajul poart\u0103 uniform\u0103! Cosmina este unul dintre pompierii din Timi\u0219 care lupt\u0103 cu incendiile devastatoare din Serbia<\/span><\/a><\/div>\n<h3 class=\"el-title uk-h4 uk-link-reset uk-margin-small-top uk-margin-remove-bottom\"><a href=\"https:\/\/www.sursadevest.ro\/curajul-poarta-uniforma-cosmina-este-unul-dintre-pompierii-din-timis-care-lupta-cu-incendiile-devastatoare-din-serbia\/\">Curajul poart\u0103 uniform\u0103! Cosmina este unul dintre pompierii din Timi\u0219 care lupt\u0103 cu incendiile devastatoare din Serbia<\/a><\/h3>\n<div class=\"el-content uk-panel uk-margin-small-top\">\n<p>Curajul nu are gen, iar voca\u021bia de salvator nu cunoa\u0219te grani\u021be. Printre pompierii rom\u00e2ni mobiliza\u021bi \u00een Serbia pentru stingerea incendiilor se afl\u0103 \u0219i plutonierul Cosmina Iochim, de la ISU Timi\u0219.<\/p>\n<\/div>\n<div class=\"uk-margin-top\"><a href=\"https:\/\/www.sursadevest.ro\/curajul-poarta-uniforma-cosmina-este-unul-dintre-pompierii-din-timis-care-lupta-cu-incendiile-devastatoare-din-serbia\/\" class=\"el-link uk-button uk-button-text\">Vezi detalii<\/a><\/div>\n<\/div>\n<\/div>\n<div>\n<div class=\"el-item uk-panel uk-margin-remove-first-child\"><a href=\"https:\/\/www.sursadevest.ro\/spatiren-la-teremia-mare-istoria-comunei-descoperita-la-pas-si-prin-gusturile-bucatariei-banatene\/\"><img decoding=\"async\" class=\"el-image uk-border-rounded\" src=\"https:\/\/www.sursadevest.ro\/wp-content\/uploads\/2026\/08\/masa-campeneasca.gif\" alt=\"Outdoor table set for a feast with colorful ceramic pottery and a spread of breads, meats, and sauces.\" loading=\"lazy\" width=\"610\" height=\"339\"><\/a><\/p>\n<div class=\"el-meta uk-h6 uk-text-primary uk-margin-top uk-margin-remove-bottom\"><time datetime=\"2026-08-29T13:21:44+02:00\">29 august, 2026<\/time> | <a href=\"https:\/\/www.sursadevest.ro\/author\/petronela\/\">Sursa de Vest<\/a> | <a href=\"https:\/\/www.sursadevest.ro\/categorie\/stiri\/eveniment\/\" rel=\"tag\">Eveniment<\/a>, <a href=\"https:\/\/www.sursadevest.ro\/categorie\/stiri\/social\/\" rel=\"tag\">Social<\/a>, <a href=\"https:\/\/www.sursadevest.ro\/categorie\/stiri\/\" rel=\"tag\">\u0218tiri<\/a> | <a href=\"https:\/\/www.sursadevest.ro\/spatiren-la-teremia-mare-istoria-comunei-descoperita-la-pas-si-prin-gusturile-bucatariei-banatene\/#respond\">Niciun comentariu<span class=\"screen-reader-text\"> la \u201e\u0218pa\u021biren la Teremia Mare\u201d! Istoria comunei, descoperit\u0103 la pas \u0219i prin gusturile buc\u0103t\u0103riei b\u0103n\u0103\u021bene<\/span><\/a><\/div>\n<h3 class=\"el-title uk-h4 uk-link-reset uk-margin-small-top uk-margin-remove-bottom\"><a href=\"https:\/\/www.sursadevest.ro\/spatiren-la-teremia-mare-istoria-comunei-descoperita-la-pas-si-prin-gusturile-bucatariei-banatene\/\">\u201e\u0218pa\u021biren la Teremia Mare\u201d! Istoria comunei, descoperit\u0103 la pas \u0219i prin gusturile buc\u0103t\u0103riei b\u0103n\u0103\u021bene<\/a><\/h3>\n<div class=\"el-content uk-panel uk-margin-small-top\">\n<p>Pove\u0219tile, arhitectura \u0219i gastronomia Banatului se \u00eent\u00e2lnesc, m\u00e2ine, la Teremia Mare, \u00een jude\u021bul Timi\u0219, \u00eentr-un eveniment care \u00ee\u0219i propune s\u0103 readuc\u0103 \u00een aten\u021bie patrimoniul \u0219i memoria comunit\u0103\u021bilor locale.<\/p>\n<\/div>\n<div class=\"uk-margin-top\"><a href=\"https:\/\/www.sursadevest.ro\/spatiren-la-teremia-mare-istoria-comunei-descoperita-la-pas-si-prin-gusturile-bucatariei-banatene\/\" class=\"el-link uk-button uk-button-text\">Vezi detalii<\/a><\/div>\n<\/div>\n<\/div>\n<div>\n<div class=\"el-item uk-panel uk-margin-remove-first-child\"><a href=\"https:\/\/www.sursadevest.ro\/festivalul-25-de-ore-de-teatru-non-stop-revine-la-timisoara-abonamentele-vip-s-au-pus-in-vanzare\/\"><img decoding=\"async\" class=\"el-image uk-border-rounded\" src=\"https:\/\/www.sursadevest.ro\/wp-content\/uploads\/2026\/08\/teatru.gif\" alt=\"Two adults stand side by side in a dim, industrial workshop, looking ahead with tense expressions.\" loading=\"lazy\" width=\"610\" height=\"339\"><\/a><\/p>\n<div class=\"el-meta uk-h6 uk-text-primary uk-margin-top uk-margin-remove-bottom\"><time datetime=\"2026-08-29T12:29:00+02:00\">29 august, 2026<\/time> | <a href=\"https:\/\/www.sursadevest.ro\/author\/petronela\/\">Sursa de Vest<\/a> | <a href=\"https:\/\/www.sursadevest.ro\/categorie\/stiri\/cultura\/\" rel=\"tag\">Cultur\u0103<\/a>, <a href=\"https:\/\/www.sursadevest.ro\/categorie\/stiri\/eveniment\/\" rel=\"tag\">Eveniment<\/a>, <a href=\"https:\/\/www.sursadevest.ro\/categorie\/stiri\/\" rel=\"tag\">\u0218tiri<\/a> | <a href=\"https:\/\/www.sursadevest.ro\/festivalul-25-de-ore-de-teatru-non-stop-revine-la-timisoara-abonamentele-vip-s-au-pus-in-vanzare\/#respond\">Niciun comentariu<span class=\"screen-reader-text\"> la Festivalul \u201e25 de ore de teatru non-stop\u201d revine la Timi\u0219oara! Abonamentele VIP s-au pus \u00een v\u00e2nzare<\/span><\/a><\/div>\n<h3 class=\"el-title uk-h4 uk-link-reset uk-margin-small-top uk-margin-remove-bottom\"><a href=\"https:\/\/www.sursadevest.ro\/festivalul-25-de-ore-de-teatru-non-stop-revine-la-timisoara-abonamentele-vip-s-au-pus-in-vanzare\/\">Festivalul \u201e25 de ore de teatru non-stop\u201d revine la Timi\u0219oara! Abonamentele VIP s-au pus \u00een v\u00e2nzare<\/a><\/h3>\n<div class=\"el-content uk-panel uk-margin-small-top\">\n<p>Pentru al patrulea an consecutiv, la Timi\u0219oara g\u0103zduie\u0219te festivalul \u201e25 de ore de teatru non-stop\u201d.<\/p>\n<\/div>\n<div class=\"uk-margin-top\"><a href=\"https:\/\/www.sursadevest.ro\/festivalul-25-de-ore-de-teatru-non-stop-revine-la-timisoara-abonamentele-vip-s-au-pus-in-vanzare\/\" class=\"el-link uk-button uk-button-text\">Vezi detalii<\/a><\/div>\n<\/div>\n<\/div>\n<div>\n<div class=\"el-item uk-panel uk-margin-remove-first-child\"><a href=\"https:\/\/www.sursadevest.ro\/muzica-din-game-of-thrones-the-lord-of-the-rings-sau-avatar-va-rasuna-in-parcul-rozelor-filarmonica-banatul-organizeaza-concertul-simfonic-sounds-of-fantasy\/\"><img decoding=\"async\" class=\"el-image uk-border-rounded\" src=\"https:\/\/www.sursadevest.ro\/wp-content\/uploads\/2026\/08\/filarmonica.gif\" alt=\"Large choir standing behind an orchestra on a dimly lit stage during a performance.\" loading=\"lazy\" width=\"610\" height=\"339\"><\/a><\/p>\n<div class=\"el-meta uk-h6 uk-text-primary uk-margin-top uk-margin-remove-bottom\"><time datetime=\"2026-08-29T10:55:00+02:00\">29 august, 2026<\/time> | <a href=\"https:\/\/www.sursadevest.ro\/author\/petronela\/\">Sursa de Vest<\/a> | <a href=\"https:\/\/www.sursadevest.ro\/categorie\/stiri\/cultura\/\" rel=\"tag\">Cultur\u0103<\/a>, <a href=\"https:\/\/www.sursadevest.ro\/categorie\/stiri\/eveniment\/\" rel=\"tag\">Eveniment<\/a>, <a href=\"https:\/\/www.sursadevest.ro\/categorie\/stiri\/\" rel=\"tag\">\u0218tiri<\/a> | <a href=\"https:\/\/www.sursadevest.ro\/muzica-din-game-of-thrones-the-lord-of-the-rings-sau-avatar-va-rasuna-in-parcul-rozelor-filarmonica-banatul-organizeaza-concertul-simfonic-sounds-of-fantasy\/#respond\">Niciun comentariu<span class=\"screen-reader-text\"> la Muzica din Game of Thrones, The Lord of the Rings sau Avatar va r\u0103suna \u00een Parcul Rozelor! Filarmonica Banatul organizeaz\u0103 concertul simfonic \u201eSOUNDS OF FANTASY\u201d<\/span><\/a><\/div>\n<h3 class=\"el-title uk-h4 uk-link-reset uk-margin-small-top uk-margin-remove-bottom\"><a href=\"https:\/\/www.sursadevest.ro\/muzica-din-game-of-thrones-the-lord-of-the-rings-sau-avatar-va-rasuna-in-parcul-rozelor-filarmonica-banatul-organizeaza-concertul-simfonic-sounds-of-fantasy\/\">Muzica din Game of Thrones, The Lord of the Rings sau Avatar va r\u0103suna \u00een Parcul Rozelor! Filarmonica Banatul organizeaz\u0103 concertul simfonic \u201eSOUNDS OF FANTASY\u201d<\/a><\/h3>\n<div class=\"el-content uk-panel uk-margin-small-top\">\n<p>Coloane sonore care au definit unele dintre cele mai cunoscute universuri cinematografice \u0219i TV vor r\u0103suna live \u00een Parcul Rozelor.<\/p>\n<\/div>\n<div class=\"uk-margin-top\"><a href=\"https:\/\/www.sursadevest.ro\/muzica-din-game-of-thrones-the-lord-of-the-rings-sau-avatar-va-rasuna-in-parcul-rozelor-filarmonica-banatul-organizeaza-concertul-simfonic-sounds-of-fantasy\/\" class=\"el-link uk-button uk-button-text\">Vezi detalii<\/a><\/div>\n<\/div>\n<\/div>\n<div>\n<div class=\"el-item uk-panel uk-margin-remove-first-child\"><a href=\"https:\/\/www.sursadevest.ro\/o-cladire-simbol-din-timisoara-isi-deschide-portile-publicului-tururi-ghidate-la-fabrica-de-bere-timisoreana\/\"><img decoding=\"async\" class=\"el-image uk-border-rounded\" src=\"https:\/\/www.sursadevest.ro\/wp-content\/uploads\/2026\/08\/fabrica-de-bere.gif\" alt=\"Historic street scene with a white, stepped-gable factory building reading &apos;Fabrica de Pere&apos; and large signage; overhead wires cross the street in front of pastel-colored buildings.\" loading=\"lazy\" width=\"610\" height=\"339\"><\/a><\/p>\n<div class=\"el-meta uk-h6 uk-text-primary uk-margin-top uk-margin-remove-bottom\"><time datetime=\"2026-08-29T10:05:00+02:00\">29 august, 2026<\/time> | <a href=\"https:\/\/www.sursadevest.ro\/author\/petronela\/\">Sursa de Vest<\/a> | <a href=\"https:\/\/www.sursadevest.ro\/categorie\/stiri\/eveniment\/\" rel=\"tag\">Eveniment<\/a>, <a href=\"https:\/\/www.sursadevest.ro\/categorie\/stiri\/\" rel=\"tag\">\u0218tiri<\/a> | <a href=\"https:\/\/www.sursadevest.ro\/o-cladire-simbol-din-timisoara-isi-deschide-portile-publicului-tururi-ghidate-la-fabrica-de-bere-timisoreana\/#respond\">Niciun comentariu<span class=\"screen-reader-text\"> la O cl\u0103dire simbol din Timi\u0219oara \u00ee\u0219i deschide por\u021bile publicului! Tururi ghidate, la Fabrica de Bere \u201eTimi\u0219oreana\u201d<\/span><\/a><\/div>\n<h3 class=\"el-title uk-h4 uk-link-reset uk-margin-small-top uk-margin-remove-bottom\"><a href=\"https:\/\/www.sursadevest.ro\/o-cladire-simbol-din-timisoara-isi-deschide-portile-publicului-tururi-ghidate-la-fabrica-de-bere-timisoreana\/\">O cl\u0103dire simbol din Timi\u0219oara \u00ee\u0219i deschide por\u021bile publicului! Tururi ghidate, la Fabrica de Bere \u201eTimi\u0219oreana\u201d<\/a><\/h3>\n<div class=\"el-content uk-panel uk-margin-small-top\">\n<p>Timi\u0219orenii pot vizita o cl\u0103dire cu istorie din ora\u0219. Fabrica de Bere \u201eTimi\u0219oreana\u201d \u00ee\u0219i deschide por\u021bile timp de trei zile.<\/p>\n<\/div>\n<div class=\"uk-margin-top\"><a href=\"https:\/\/www.sursadevest.ro\/o-cladire-simbol-din-timisoara-isi-deschide-portile-publicului-tururi-ghidate-la-fabrica-de-bere-timisoreana\/\" class=\"el-link uk-button uk-button-text\">Vezi detalii<\/a><\/div>\n<\/div>\n<\/div>\n<div>\n<div class=\"el-item uk-panel uk-margin-remove-first-child\"><a href=\"https:\/\/www.sursadevest.ro\/un-nou-camin-studentesc-este-finalizat-la-ghiroda-uvt-a-investit-aproape-53-de-milioane-de-lei-pentru-162-de-locuri-de-cazare\/\"><source type=\"image\/webp\" srcset=\"\/wp-content\/uploads\/yootheme\/cache\/97\/camin-uvt-ghiroda-01-9707a04a.webp 610w, \/wp-content\/uploads\/yootheme\/cache\/ac\/camin-uvt-ghiroda-01-ac441dbf.webp 768w, \/wp-content\/uploads\/yootheme\/cache\/c9\/camin-uvt-ghiroda-01-c913127d.webp 900w\" sizes=\"(min-width: 610px) 610px\" \/><\/a><\/p>\n<div class=\"el-meta uk-h6 uk-text-primary uk-margin-top uk-margin-remove-bottom\"><time datetime=\"2026-08-29T09:01:51+02:00\">29 august, 2026<\/time> | <a href=\"https:\/\/www.sursadevest.ro\/author\/petronela\/\">Sursa de Vest<\/a> | <a href=\"https:\/\/www.sursadevest.ro\/categorie\/stiri\/administratie\/\" rel=\"tag\">Administra\u021bie<\/a>, <a href=\"https:\/\/www.sursadevest.ro\/categorie\/stiri\/educatie\/\" rel=\"tag\">Educa\u021bie<\/a>, <a href=\"https:\/\/www.sursadevest.ro\/categorie\/stiri\/eveniment\/\" rel=\"tag\">Eveniment<\/a>, <a href=\"https:\/\/www.sursadevest.ro\/categorie\/stiri\/\" rel=\"tag\">\u0218tiri<\/a> | <a href=\"https:\/\/www.sursadevest.ro\/un-nou-camin-studentesc-este-finalizat-la-ghiroda-uvt-a-investit-aproape-53-de-milioane-de-lei-pentru-162-de-locuri-de-cazare\/#respond\">Niciun comentariu<span class=\"screen-reader-text\"> la Un nou c\u0103min studen\u021besc este finalizat, la Ghiroda. UVT a investit aproape 53 de milioane de lei pentru 162 de locuri de cazare<\/span><\/a><\/div>\n<h3 class=\"el-title uk-h4 uk-link-reset uk-margin-small-top uk-margin-remove-bottom\"><a href=\"https:\/\/www.sursadevest.ro\/un-nou-camin-studentesc-este-finalizat-la-ghiroda-uvt-a-investit-aproape-53-de-milioane-de-lei-pentru-162-de-locuri-de-cazare\/\">Un nou c\u0103min studen\u021besc este finalizat, la Ghiroda. UVT a investit aproape 53 de milioane de lei pentru 162 de locuri de cazare<\/a><\/h3>\n<div class=\"el-content uk-panel uk-margin-small-top\">\n<p>Universitatea de Vest din Timi\u0219oara a finalizat construc\u021bia unui nou c\u0103min studen\u021besc \u00een hub-ul educa\u021bional pe care \u00eel dezvolt\u0103 la Ghiroda. Investi\u021bia se ridic\u0103 la aproape 53 de milioane de lei \u0219i a fost realizat\u0103 \u00een cea mai mare parte cu fonduri prin Planul Na\u021bional de Redresare \u0219i Rezilien\u021b\u0103. Noul c\u0103min are o suprafa\u021b\u0103 total\u0103 [\u2026]<\/p>\n<\/div>\n<div class=\"uk-margin-top\"><a href=\"https:\/\/www.sursadevest.ro\/un-nou-camin-studentesc-este-finalizat-la-ghiroda-uvt-a-investit-aproape-53-de-milioane-de-lei-pentru-162-de-locuri-de-cazare\/\" class=\"el-link uk-button uk-button-text\">Vezi detalii<\/a><\/div>\n<\/div>\n<\/div>\n<div>\n<div class=\"el-item uk-panel uk-margin-remove-first-child\"><a href=\"https:\/\/www.sursadevest.ro\/video-accident-teribil-filmat-de-camerele-de-supraveghere-patru-victime-dupa-ce-un-individ-urmarit-de-politisti-a-lovit-o-masina-si-a-aruncat-o-in-terasa-unui-restaurant\/\"><source type=\"image\/webp\" srcset=\"\/wp-content\/uploads\/yootheme\/cache\/97\/accident-lugoj-97a46a62.webp 610w, \/wp-content\/uploads\/yootheme\/cache\/98\/accident-lugoj-98a28d00.webp 768w, \/wp-content\/uploads\/yootheme\/cache\/d8\/accident-lugoj-d862f760.webp 900w\" sizes=\"(min-width: 610px) 610px\" \/><\/a><\/p>\n<div class=\"el-meta uk-h6 uk-text-primary uk-margin-top uk-margin-remove-bottom\"><time datetime=\"2026-08-29T08:34:52+02:00\">29 august, 2026<\/time> | <a href=\"https:\/\/www.sursadevest.ro\/author\/petronela\/\">Sursa de Vest<\/a> | <a href=\"https:\/\/www.sursadevest.ro\/categorie\/stiri\/eveniment\/\" rel=\"tag\">Eveniment<\/a>, <a href=\"https:\/\/www.sursadevest.ro\/categorie\/stiri\/\" rel=\"tag\">\u0218tiri<\/a> | <a href=\"https:\/\/www.sursadevest.ro\/video-accident-teribil-filmat-de-camerele-de-supraveghere-patru-victime-dupa-ce-un-individ-urmarit-de-politisti-a-lovit-o-masina-si-a-aruncat-o-in-terasa-unui-restaurant\/#respond\">Niciun comentariu<span class=\"screen-reader-text\"> la Video: Accident teribil, filmat de camerele de supraveghere! Patru victime dup\u0103 ce un individ urm\u0103rit de poli\u021bi\u0219ti a lovit o ma\u0219in\u0103 \u0219i a aruncat-o \u00een terasa unui restaurant<\/span><\/a><\/div>\n<h3 class=\"el-title uk-h4 uk-link-reset uk-margin-small-top uk-margin-remove-bottom\"><a href=\"https:\/\/www.sursadevest.ro\/video-accident-teribil-filmat-de-camerele-de-supraveghere-patru-victime-dupa-ce-un-individ-urmarit-de-politisti-a-lovit-o-masina-si-a-aruncat-o-in-terasa-unui-restaurant\/\">Video: Accident teribil, filmat de camerele de supraveghere! Patru victime dup\u0103 ce un individ urm\u0103rit de poli\u021bi\u0219ti a lovit o ma\u0219in\u0103 \u0219i a aruncat-o \u00een terasa unui restaurant<\/a><\/h3>\n<div class=\"el-content uk-panel uk-margin-small-top\">\n<p>O curs\u0103 nebun\u0103 pe str\u0103zile din Lugoj s-a terminat cu un accident violent \u0219i patru victime. De vin\u0103 a fost un t\u00e2n\u0103r de 27 de ani, care a urcat la volan de\u0219i era b\u0103ut bine \u0219i nu avea nici permis de conducere.<\/p>\n<\/div>\n<div class=\"uk-margin-top\"><a href=\"https:\/\/www.sursadevest.ro\/video-accident-teribil-filmat-de-camerele-de-supraveghere-patru-victime-dupa-ce-un-individ-urmarit-de-politisti-a-lovit-o-masina-si-a-aruncat-o-in-terasa-unui-restaurant\/\" class=\"el-link uk-button uk-button-text\">Vezi detalii<\/a><\/div>\n<\/div>\n<\/div>\n<div>\n<div class=\"el-item uk-panel uk-margin-remove-first-child\"><a href=\"https:\/\/www.sursadevest.ro\/este-oficial-fritz-trebuie-sa-plece-din-functia-de-primar-prima-reactie-pe-care-a-avut-o-dupa-promulgarea-legii-care-ii-intrerupe-mandatul\/\"><img decoding=\"async\" class=\"el-image uk-border-rounded\" src=\"https:\/\/www.sursadevest.ro\/wp-content\/uploads\/2026\/05\/dominic-fritz-1.gif\" alt=\"Man with glasses being filmed indoors, camera operator in foreground and flags visible in the background, giving an interview vibe.\" loading=\"lazy\" width=\"610\" height=\"339\"><\/a><\/p>\n<div class=\"el-meta uk-h6 uk-text-primary uk-margin-top uk-margin-remove-bottom\"><time datetime=\"2026-08-28T21:35:53+02:00\">28 august, 2026<\/time> | <a href=\"https:\/\/www.sursadevest.ro\/author\/petronela\/\">Sursa de Vest<\/a> | <a href=\"https:\/\/www.sursadevest.ro\/categorie\/stiri\/administratie\/\" rel=\"tag\">Administra\u021bie<\/a>, <a href=\"https:\/\/www.sursadevest.ro\/categorie\/stiri\/eveniment\/\" rel=\"tag\">Eveniment<\/a>, <a href=\"https:\/\/www.sursadevest.ro\/categorie\/stiri\/\" rel=\"tag\">\u0218tiri<\/a> | <a href=\"https:\/\/www.sursadevest.ro\/este-oficial-fritz-trebuie-sa-plece-din-functia-de-primar-prima-reactie-pe-care-a-avut-o-dupa-promulgarea-legii-care-ii-intrerupe-mandatul\/#respond\">Niciun comentariu<span class=\"screen-reader-text\"> la Este oficial! Fritz trebuie s\u0103 plece din func\u021bia de primar! Prima reac\u021bie pe care a avut-o dup\u0103 promulgarea legii care \u00eei \u00eentrerupe mandatul<\/span><\/a><\/div>\n<h3 class=\"el-title uk-h4 uk-link-reset uk-margin-small-top uk-margin-remove-bottom\"><a href=\"https:\/\/www.sursadevest.ro\/este-oficial-fritz-trebuie-sa-plece-din-functia-de-primar-prima-reactie-pe-care-a-avut-o-dupa-promulgarea-legii-care-ii-intrerupe-mandatul\/\">Este oficial! Fritz trebuie s\u0103 plece din func\u021bia de primar! Prima reac\u021bie pe care a avut-o dup\u0103 promulgarea legii care \u00eei \u00eentrerupe mandatul<\/a><\/h3>\n<div class=\"el-content uk-panel uk-margin-small-top\">\n<p>Cel mult 30 de zile mai poate r\u0103m\u00e2ne Dominic Fritz la conducerea Prim\u0103riei Timi\u015foara, dup\u0103 ce pre\u015fedintele Rom\u00e2niei, Nicu\u015for Dan, a promulgat, \u00een aceast\u0103 dup\u0103-amiaz\u0103, noua Lege a integrit\u0103\u0163ii.<\/p>\n<\/div>\n<div class=\"uk-margin-top\"><a href=\"https:\/\/www.sursadevest.ro\/este-oficial-fritz-trebuie-sa-plece-din-functia-de-primar-prima-reactie-pe-care-a-avut-o-dupa-promulgarea-legii-care-ii-intrerupe-mandatul\/\" class=\"el-link uk-button uk-button-text\">Vezi detalii<\/a><\/div>\n<\/div>\n<\/div>\n<div>\n<div class=\"el-item uk-panel uk-margin-remove-first-child\"><a href=\"https:\/\/www.sursadevest.ro\/accident-pe-dn-68a-intre-cosava-si-margina-trei-masini-au-fost-implicate\/\"><source type=\"image\/webp\" srcset=\"\/wp-content\/uploads\/yootheme\/cache\/4d\/ambulanta-4dae0d32.webp 604w\" sizes=\"(min-width: 604px) 604px\" \/><\/a><\/p>\n<div class=\"el-meta uk-h6 uk-text-primary uk-margin-top uk-margin-remove-bottom\"><time datetime=\"2026-08-28T15:02:47+02:00\">28 august, 2026<\/time> | <a href=\"https:\/\/www.sursadevest.ro\/author\/petronela\/\">Sursa de Vest<\/a> | <a href=\"https:\/\/www.sursadevest.ro\/categorie\/stiri\/eveniment\/\" rel=\"tag\">Eveniment<\/a>, <a href=\"https:\/\/www.sursadevest.ro\/categorie\/stiri\/\" rel=\"tag\">\u0218tiri<\/a> | <a href=\"https:\/\/www.sursadevest.ro\/accident-pe-dn-68a-intre-cosava-si-margina-trei-masini-au-fost-implicate\/#respond\">Niciun comentariu<span class=\"screen-reader-text\"> la Accident pe DN 68A, \u00eentre Co\u0219ava \u0219i Margina! Trei ma\u0219ini au fost implicate<\/span><\/a><\/div>\n<h3 class=\"el-title uk-h4 uk-link-reset uk-margin-small-top uk-margin-remove-bottom\"><a href=\"https:\/\/www.sursadevest.ro\/accident-pe-dn-68a-intre-cosava-si-margina-trei-masini-au-fost-implicate\/\">Accident pe DN 68A, \u00eentre Co\u0219ava \u0219i Margina! Trei ma\u0219ini au fost implicate<\/a><\/h3>\n<div class=\"el-content uk-panel uk-margin-small-top\">\n<p>Accident \u00een lan\u021b pe DN 68A, \u00eentre localit\u0103\u021bile Co\u0219ava \u0219i Margina! \u00cen urma impactului, un b\u0103rbat de 54 de ani, pasager \u00eentr-unul dintre autoturismele implicate, a fost r\u0103nit.<\/p>\n<\/div>\n<div class=\"uk-margin-top\"><a href=\"https:\/\/www.sursadevest.ro\/accident-pe-dn-68a-intre-cosava-si-margina-trei-masini-au-fost-implicate\/\" class=\"el-link uk-button uk-button-text\">Vezi detalii<\/a><\/div>\n<\/div>\n<\/div>\n<div>\n<div class=\"el-item uk-panel uk-margin-remove-first-child\"><a href=\"https:\/\/www.sursadevest.ro\/zborurile-charter-timisoara-hurghada-mutate-temporar-la-arad-din-cauza-lucrarilor-programate-la-pista-aeroportului-din-timisoara\/\"><source type=\"image\/webp\" srcset=\"\/wp-content\/uploads\/yootheme\/cache\/61\/avion-pista-61ced15b.webp 610w, \/wp-content\/uploads\/yootheme\/cache\/82\/avion-pista-826f2458.webp 768w, \/wp-content\/uploads\/yootheme\/cache\/24\/avion-pista-24dafedb.webp 1080w\" sizes=\"(min-width: 610px) 610px\" \/><\/a><\/p>\n<div class=\"el-meta uk-h6 uk-text-primary uk-margin-top uk-margin-remove-bottom\"><time datetime=\"2026-08-28T14:05:10+02:00\">28 august, 2026<\/time> | <a href=\"https:\/\/www.sursadevest.ro\/author\/petronela\/\">Sursa de Vest<\/a> | <a href=\"https:\/\/www.sursadevest.ro\/categorie\/stiri\/eveniment\/\" rel=\"tag\">Eveniment<\/a>, <a href=\"https:\/\/www.sursadevest.ro\/categorie\/stiri\/\" rel=\"tag\">\u0218tiri<\/a> | <a href=\"https:\/\/www.sursadevest.ro\/zborurile-charter-timisoara-hurghada-mutate-temporar-la-arad-din-cauza-lucrarilor-programate-la-pista-aeroportului-din-timisoara\/#respond\">Niciun comentariu<span class=\"screen-reader-text\"> la Zborurile charter Timi\u0219oara \u2013 Hurghada, mutate temporar la Arad, din cauza lucr\u0103rilor programate la pista aeroportului din Timi\u0219oara!<\/span><\/a><\/div>\n<h3 class=\"el-title uk-h4 uk-link-reset uk-margin-small-top uk-margin-remove-bottom\"><a href=\"https:\/\/www.sursadevest.ro\/zborurile-charter-timisoara-hurghada-mutate-temporar-la-arad-din-cauza-lucrarilor-programate-la-pista-aeroportului-din-timisoara\/\">Zborurile charter Timi\u0219oara \u2013 Hurghada, mutate temporar la Arad, din cauza lucr\u0103rilor programate la pista aeroportului din Timi\u0219oara!<\/a><\/h3>\n<div class=\"el-content uk-panel uk-margin-small-top\">\n<p>Turi\u0219tii care au cump\u0103rat vacan\u021be \u00een Egipt cu plecare din Timi\u0219oara \u00een zilele de 8, 15 \u0219i 22 noiembrie 2026 vor decola \u0219i se vor \u00eentoarce de pe Aeroportul Interna\u021bional Arad.<\/p>\n<\/div>\n<div class=\"uk-margin-top\"><a href=\"https:\/\/www.sursadevest.ro\/zborurile-charter-timisoara-hurghada-mutate-temporar-la-arad-din-cauza-lucrarilor-programate-la-pista-aeroportului-din-timisoara\/\" class=\"el-link uk-button uk-button-text\">Vezi detalii<\/a><\/div>\n<\/div>\n<\/div>\n<div>\n<div class=\"el-item uk-panel uk-margin-remove-first-child\"><a href=\"https:\/\/www.sursadevest.ro\/pompierii-romani-continua-lupta-cu-incendiile-din-serbia-modulul-de-interventie-a-fost-relocat-in-rezervatia-deliblata-sands\/\"><source type=\"image\/webp\" srcset=\"\/wp-content\/uploads\/yootheme\/cache\/d7\/incendiu-serbia-2-d7388122.webp 610w, \/wp-content\/uploads\/yootheme\/cache\/9e\/incendiu-serbia-2-9e1aa772.webp 768w, \/wp-content\/uploads\/yootheme\/cache\/c1\/incendiu-serbia-2-c133727f.webp 1024w, \/wp-content\/uploads\/yootheme\/cache\/f9\/incendiu-serbia-2-f92001eb.webp 1220w\" sizes=\"(min-width: 610px) 610px\" \/><\/a><\/p>\n<div class=\"el-meta uk-h6 uk-text-primary uk-margin-top uk-margin-remove-bottom\"><time datetime=\"2026-08-28T13:31:59+02:00\">28 august, 2026<\/time> | <a href=\"https:\/\/www.sursadevest.ro\/author\/petronela\/\">Sursa de Vest<\/a> | <a href=\"https:\/\/www.sursadevest.ro\/categorie\/stiri\/eveniment\/\" rel=\"tag\">Eveniment<\/a>, <a href=\"https:\/\/www.sursadevest.ro\/categorie\/stiri\/\" rel=\"tag\">\u0218tiri<\/a> | <a href=\"https:\/\/www.sursadevest.ro\/pompierii-romani-continua-lupta-cu-incendiile-din-serbia-modulul-de-interventie-a-fost-relocat-in-rezervatia-deliblata-sands\/#respond\">Niciun comentariu<span class=\"screen-reader-text\"> la Pompierii rom\u00e2ni continu\u0103 lupta cu incendiile din Serbia! Modulul de interven\u021bie a fost relocat \u00een rezerva\u021bia Deliblata Sands<\/span><\/a><\/div>\n<h3 class=\"el-title uk-h4 uk-link-reset uk-margin-small-top uk-margin-remove-bottom\"><a href=\"https:\/\/www.sursadevest.ro\/pompierii-romani-continua-lupta-cu-incendiile-din-serbia-modulul-de-interventie-a-fost-relocat-in-rezervatia-deliblata-sands\/\">Pompierii rom\u00e2ni continu\u0103 lupta cu incendiile din Serbia! Modulul de interven\u021bie a fost relocat \u00een rezerva\u021bia Deliblata Sands<\/a><\/h3>\n<div class=\"el-content uk-panel uk-margin-small-top\">\n<p>Pompierii rom\u00e2ni continu\u0103 misiunile de stingere a incendiilor de vegeta\u021bie din Serbia.<\/p>\n<\/div>\n<div class=\"uk-margin-top\"><a href=\"https:\/\/www.sursadevest.ro\/pompierii-romani-continua-lupta-cu-incendiile-din-serbia-modulul-de-interventie-a-fost-relocat-in-rezervatia-deliblata-sands\/\" class=\"el-link uk-button uk-button-text\">Vezi detalii<\/a><\/div>\n<\/div>\n<\/div>\n<div>\n<div class=\"el-item uk-panel uk-margin-remove-first-child\"><a href=\"https:\/\/www.sursadevest.ro\/continua-reabilitarea-bulevardului-liviu-rebreanu-sunt-anuntate-noi-restrictii-de-circulatie\/\"><source type=\"image\/webp\" srcset=\"\/wp-content\/uploads\/yootheme\/cache\/ff\/restrictii-circulatie-ffae8eb5.webp 610w, \/wp-content\/uploads\/yootheme\/cache\/3d\/restrictii-circulatie-3d87f9b1.webp 768w, \/wp-content\/uploads\/yootheme\/cache\/8e\/restrictii-circulatie-8e624632.webp 960w\" sizes=\"(min-width: 610px) 610px\" \/><\/a><\/p>\n<div class=\"el-meta uk-h6 uk-text-primary uk-margin-top uk-margin-remove-bottom\"><time datetime=\"2026-08-28T12:39:47+02:00\">28 august, 2026<\/time> | <a href=\"https:\/\/www.sursadevest.ro\/author\/petronela\/\">Sursa de Vest<\/a> | <a href=\"https:\/\/www.sursadevest.ro\/categorie\/stiri\/eveniment\/\" rel=\"tag\">Eveniment<\/a>, <a href=\"https:\/\/www.sursadevest.ro\/categorie\/stiri\/\" rel=\"tag\">\u0218tiri<\/a> | <a href=\"https:\/\/www.sursadevest.ro\/continua-reabilitarea-bulevardului-liviu-rebreanu-sunt-anuntate-noi-restrictii-de-circulatie\/#respond\">Niciun comentariu<span class=\"screen-reader-text\"> la Continu\u0103 reabilitarea bulevardului Liviu Rebreanu! Sunt anun\u021bate noi restric\u021bii de circula\u021bie<\/span><\/a><\/div>\n<h3 class=\"el-title uk-h4 uk-link-reset uk-margin-small-top uk-margin-remove-bottom\"><a href=\"https:\/\/www.sursadevest.ro\/continua-reabilitarea-bulevardului-liviu-rebreanu-sunt-anuntate-noi-restrictii-de-circulatie\/\">Continu\u0103 reabilitarea bulevardului Liviu Rebreanu! Sunt anun\u021bate noi restric\u021bii de circula\u021bie<\/a><\/h3>\n<div class=\"el-content uk-panel uk-margin-small-top\">\n<p>Continu\u0103 lucr\u0103rile de refacere a carosabilului pe bulevardul Liviu Rebreanu, cu interven\u021bii \u00een intersec\u021bia cu bulevardul Constantin Br\u00e2ncoveanu.<\/p>\n<\/div>\n<div class=\"uk-margin-top\"><a href=\"https:\/\/www.sursadevest.ro\/continua-reabilitarea-bulevardului-liviu-rebreanu-sunt-anuntate-noi-restrictii-de-circulatie\/\" class=\"el-link uk-button uk-button-text\">Vezi detalii<\/a><\/div>\n<\/div>\n<\/div>\n<div>\n<div class=\"el-item uk-panel uk-margin-remove-first-child\"><a href=\"https:\/\/www.sursadevest.ro\/doliu-in-jurnalismul-romanesc-brindusa-armanca-s-a-stins-din-viata\/\"><img decoding=\"async\" class=\"el-image uk-border-rounded\" src=\"https:\/\/www.sursadevest.ro\/wp-content\/uploads\/2026\/08\/brandusa-armanca.gif\" alt=\"Older woman with short light hair and glasses, wearing a pearl necklace, holds a framed diploma outdoors beside a graffiti-covered wall.\" loading=\"lazy\" width=\"610\" height=\"339\"><\/a><\/p>\n<div class=\"el-meta uk-h6 uk-text-primary uk-margin-top uk-margin-remove-bottom\"><time datetime=\"2026-08-28T12:22:21+02:00\">28 august, 2026<\/time> | <a href=\"https:\/\/www.sursadevest.ro\/author\/petronela\/\">Sursa de Vest<\/a> | <a href=\"https:\/\/www.sursadevest.ro\/categorie\/stiri\/eveniment\/\" rel=\"tag\">Eveniment<\/a>, <a href=\"https:\/\/www.sursadevest.ro\/categorie\/stiri\/social\/\" rel=\"tag\">Social<\/a>, <a href=\"https:\/\/www.sursadevest.ro\/categorie\/stiri\/\" rel=\"tag\">\u0218tiri<\/a> | <a href=\"https:\/\/www.sursadevest.ro\/doliu-in-jurnalismul-romanesc-brindusa-armanca-s-a-stins-din-viata\/#respond\">Niciun comentariu<span class=\"screen-reader-text\"> la Doliu \u00een jurnalismul rom\u00e2nesc! Br\u00eendu\u0219a Armanca s-a stins din via\u021b\u0103<\/span><\/a><\/div>\n<h3 class=\"el-title uk-h4 uk-link-reset uk-margin-small-top uk-margin-remove-bottom\"><a href=\"https:\/\/www.sursadevest.ro\/doliu-in-jurnalismul-romanesc-brindusa-armanca-s-a-stins-din-viata\/\">Doliu \u00een jurnalismul rom\u00e2nesc! Br\u00eendu\u0219a Armanca s-a stins din via\u021b\u0103<\/a><\/h3>\n<div class=\"el-content uk-panel uk-margin-small-top\">\n<p>Jurnalista Br\u00eendu\u0219a Armanca a \u00eencetat din via\u021b\u0103. Fost\u0103 directoare a TVR Timi\u0219oara, profesor universitar \u0219i una dintre vocile cunoscute ale presei timi\u0219orene \u0219i rom\u00e2ne\u0219ti, s-a stins la v\u00e2rsta de 72 de ani.<\/p>\n<\/div>\n<div class=\"uk-margin-top\"><a href=\"https:\/\/www.sursadevest.ro\/doliu-in-jurnalismul-romanesc-brindusa-armanca-s-a-stins-din-viata\/\" class=\"el-link uk-button uk-button-text\">Vezi detalii<\/a><\/div>\n<\/div>\n<\/div>\n<div>\n<div class=\"el-item uk-panel uk-margin-remove-first-child\"><a href=\"https:\/\/www.sursadevest.ro\/video-cu-tirul-la-aruncat-de-gunoaie-un-barbat-a-abandonat-pe-camp-piese-din-masini-dezmembrate-si-a-ajuns-pe-mana-politistilor\/\"><img decoding=\"async\" class=\"el-image uk-border-rounded\" src=\"https:\/\/www.sursadevest.ro\/wp-content\/uploads\/2026\/08\/gunoi-abandonat.gif\" alt=\"Aerial view of a long pile of body bags along a dirt path in a forest, with police cars nearby and the Romanian Police emblem visible in the corner.\" loading=\"lazy\" width=\"610\" height=\"339\"><\/a><\/p>\n<div class=\"el-meta uk-h6 uk-text-primary uk-margin-top uk-margin-remove-bottom\"><time datetime=\"2026-08-28T11:29:58+02:00\">28 august, 2026<\/time> | <a href=\"https:\/\/www.sursadevest.ro\/author\/petronela\/\">Sursa de Vest<\/a> | <a href=\"https:\/\/www.sursadevest.ro\/categorie\/stiri\/eveniment\/\" rel=\"tag\">Eveniment<\/a>, <a href=\"https:\/\/www.sursadevest.ro\/categorie\/stiri\/\" rel=\"tag\">\u0218tiri<\/a> | <a href=\"https:\/\/www.sursadevest.ro\/video-cu-tirul-la-aruncat-de-gunoaie-un-barbat-a-abandonat-pe-camp-piese-din-masini-dezmembrate-si-a-ajuns-pe-mana-politistilor\/#respond\">Niciun comentariu<span class=\"screen-reader-text\"> la VIDEO: Cu tirul, la aruncat de gunoaie! Un b\u0103rbat a  abandonat pe c\u00e2mp piese din ma\u0219ini dezmembrate \u0219i a ajuns pe m\u00e2na poli\u021bi\u0219tilor<\/span><\/a><\/div>\n<h3 class=\"el-title uk-h4 uk-link-reset uk-margin-small-top uk-margin-remove-bottom\"><a href=\"https:\/\/www.sursadevest.ro\/video-cu-tirul-la-aruncat-de-gunoaie-un-barbat-a-abandonat-pe-camp-piese-din-masini-dezmembrate-si-a-ajuns-pe-mana-politistilor\/\">VIDEO: Cu tirul, la aruncat de gunoaie! Un b\u0103rbat a  abandonat pe c\u00e2mp piese din ma\u0219ini dezmembrate \u0219i a ajuns pe m\u00e2na poli\u021bi\u0219tilor<\/a><\/h3>\n<div class=\"el-content uk-panel uk-margin-small-top\">\n<p>Un b\u0103rbat a ajuns \u00een vizorul poli\u021bi\u0219tilor, dup\u0103 ce a abandonat mai multe de\u0219euri periculoase pe un teren din apropierea unei foste balastiere.<\/p>\n<\/div>\n<div class=\"uk-margin-top\"><a href=\"https:\/\/www.sursadevest.ro\/video-cu-tirul-la-aruncat-de-gunoaie-un-barbat-a-abandonat-pe-camp-piese-din-masini-dezmembrate-si-a-ajuns-pe-mana-politistilor\/\" class=\"el-link uk-button uk-button-text\">Vezi detalii<\/a><\/div>\n<\/div>\n<\/div>\n<div>\n<div class=\"el-item uk-panel uk-margin-remove-first-child\"><a href=\"https:\/\/www.sursadevest.ro\/restrictii-de-circulatie-in-zona-centrala-a-timisoarei-pentru-desfasurarea-campionatului-national-de-super-rally\/\"><source type=\"image\/webp\" srcset=\"\/wp-content\/uploads\/yootheme\/cache\/d6\/restrictii-d6754793.webp 610w, \/wp-content\/uploads\/yootheme\/cache\/6a\/restrictii-6a7aabd0.webp 800w\" sizes=\"(min-width: 610px) 610px\" \/><\/a><\/p>\n<div class=\"el-meta uk-h6 uk-text-primary uk-margin-top uk-margin-remove-bottom\"><time datetime=\"2026-08-28T09:57:50+02:00\">28 august, 2026<\/time> | <a href=\"https:\/\/www.sursadevest.ro\/author\/petronela\/\">Sursa de Vest<\/a> | <a href=\"https:\/\/www.sursadevest.ro\/categorie\/stiri\/eveniment\/\" rel=\"tag\">Eveniment<\/a>, <a href=\"https:\/\/www.sursadevest.ro\/categorie\/stiri\/\" rel=\"tag\">\u0218tiri<\/a> | <a href=\"https:\/\/www.sursadevest.ro\/restrictii-de-circulatie-in-zona-centrala-a-timisoarei-pentru-desfasurarea-campionatului-national-de-super-rally\/#respond\">Niciun comentariu<span class=\"screen-reader-text\"> la Restric\u021bii de circula\u021bie, \u00een zona central\u0103 a Timi\u0219oarei, pentru desf\u0103\u0219urarea Campionatului Na\u021bional de Super Rally<\/span><\/a><\/div>\n<h3 class=\"el-title uk-h4 uk-link-reset uk-margin-small-top uk-margin-remove-bottom\"><a href=\"https:\/\/www.sursadevest.ro\/restrictii-de-circulatie-in-zona-centrala-a-timisoarei-pentru-desfasurarea-campionatului-national-de-super-rally\/\">Restric\u021bii de circula\u021bie, \u00een zona central\u0103 a Timi\u0219oarei, pentru desf\u0103\u0219urarea Campionatului Na\u021bional de Super Rally<\/a><\/h3>\n<div class=\"el-content uk-panel uk-margin-small-top\">\n<p>\u0218oferii sunt sf\u0103tui\u021bi s\u0103 evite, pe c\u00e2t posibil, zona central\u0103 a Timi\u0219oarei, \u00een acest sf\u00e2r\u0219it de s\u0103pt\u0103m\u00e2n\u0103. \u00cencep\u00e2nd de ast\u0103zi, p\u00e2n\u0103 duminic\u0103 inclusiv, se desf\u0103\u0219oar\u0103 Campionatul Na\u021bional de Super Rally, motiv pentru care sunt instituite restric\u021bii de circula\u021bie.<\/p>\n<\/div>\n<div class=\"uk-margin-top\"><a href=\"https:\/\/www.sursadevest.ro\/restrictii-de-circulatie-in-zona-centrala-a-timisoarei-pentru-desfasurarea-campionatului-national-de-super-rally\/\" class=\"el-link uk-button uk-button-text\">Vezi detalii<\/a><\/div>\n<\/div>\n<\/div>\n<div>\n<div class=\"el-item uk-panel uk-margin-remove-first-child\"><a href=\"https:\/\/www.sursadevest.ro\/foto-se-restaureaza-acoperisurile-mai-multor-constructii-traditionale-de-la-muzeul-satului-banatean-investitia-se-ridica-la-700-de-mii-de-lei\/\"><img decoding=\"async\" class=\"el-image uk-border-rounded\" src=\"https:\/\/www.sursadevest.ro\/wp-content\/uploads\/2026\/08\/muzeul-satului3.gif\" alt=\"Workers repair a thatched roof atop a white cottage, using ladders and scaffolding outdoors.\" loading=\"lazy\" width=\"610\" height=\"339\"><\/a><\/p>\n<div class=\"el-meta uk-h6 uk-text-primary uk-margin-top uk-margin-remove-bottom\"><time datetime=\"2026-08-28T09:49:31+02:00\">28 august, 2026<\/time> | <a href=\"https:\/\/www.sursadevest.ro\/author\/petronela\/\">Sursa de Vest<\/a> | <a href=\"https:\/\/www.sursadevest.ro\/categorie\/stiri\/eveniment\/\" rel=\"tag\">Eveniment<\/a>, <a href=\"https:\/\/www.sursadevest.ro\/categorie\/stiri\/\" rel=\"tag\">\u0218tiri<\/a> | <a href=\"https:\/\/www.sursadevest.ro\/foto-se-restaureaza-acoperisurile-mai-multor-constructii-traditionale-de-la-muzeul-satului-banatean-investitia-se-ridica-la-700-de-mii-de-lei\/#respond\">Niciun comentariu<span class=\"screen-reader-text\"> la FOTO: Se restaureaz\u0103 acoperi\u0219urile mai multor construc\u021bii tradi\u021bionale de la Muzeul Satului B\u0103n\u0103\u021bean! Investi\u021bia se ridic\u0103 la 700 de mii de lei<\/span><\/a><\/div>\n<h3 class=\"el-title uk-h4 uk-link-reset uk-margin-small-top uk-margin-remove-bottom\"><a href=\"https:\/\/www.sursadevest.ro\/foto-se-restaureaza-acoperisurile-mai-multor-constructii-traditionale-de-la-muzeul-satului-banatean-investitia-se-ridica-la-700-de-mii-de-lei\/\">FOTO: Se restaureaz\u0103 acoperi\u0219urile mai multor construc\u021bii tradi\u021bionale de la Muzeul Satului B\u0103n\u0103\u021bean! Investi\u021bia se ridic\u0103 la 700 de mii de lei<\/a><\/h3>\n<div class=\"el-content uk-panel uk-margin-small-top\">\n<p>La Muzeul Satului B\u0103n\u0103\u021bean din Timi\u0219oara sunt \u00een desf\u0103\u0219urare lucr\u0103ri de restaurare a mai multor obiective din circuitul de vizitare.<\/p>\n<\/div>\n<div class=\"uk-margin-top\"><a href=\"https:\/\/www.sursadevest.ro\/foto-se-restaureaza-acoperisurile-mai-multor-constructii-traditionale-de-la-muzeul-satului-banatean-investitia-se-ridica-la-700-de-mii-de-lei\/\" class=\"el-link uk-button uk-button-text\">Vezi detalii<\/a><\/div>\n<\/div>\n<\/div>\n<\/div>\n<\/div>\n<\/div>\n<div class=\"uk-width-1-3@m\">\n<h2 class=\"uk-h4\">\n<p>                    Alte articole        <\/p>\n<\/h2>\n<div class=\"uk-margin\">\n<div class=\"uk-grid uk-child-width-1-1 uk-child-width-1-2@s uk-child-width-1-1@m uk-grid-small uk-grid-divider uk-grid-match\">\n<div>\n<div class=\"el-item uk-panel\">\n<div class=\"uk-grid-column-small\">\n<div class=\"uk-width-auto\"><a href=\"https:\/\/www.sursadevest.ro\/explozie-in-judetul-timis-doua-victime-dupa-ce-o-butelie-cu-gpl-a-sarit-in-aer\/\"><source type=\"image\/webp\" srcset=\"\/wp-content\/uploads\/yootheme\/cache\/19\/masina-de-pompieri-19114a96.webp 150w\" sizes=\"(min-width: 75px) 75px\" \/><\/a><\/div>\n<div class=\"uk-width-expand uk-margin-remove-first-child\">\n<div class=\"el-meta uk-h6 uk-text-primary uk-margin-top uk-margin-remove-bottom\">29 august, 2026<\/div>\n<h3 class=\"el-title uk-h5 uk-link-reset uk-margin-remove-top uk-margin-remove-bottom\"><a href=\"https:\/\/www.sursadevest.ro\/explozie-in-judetul-timis-doua-victime-dupa-ce-o-butelie-cu-gpl-a-sarit-in-aer\/\">Explozie, \u00een jude\u021bul Timi\u0219! Dou\u0103 victime, dup\u0103 ce o butelie cu GPL a s\u0103rit \u00een aer<\/a><\/h3>\n<div class=\"uk-margin-small-top\"><a href=\"https:\/\/www.sursadevest.ro\/explozie-in-judetul-timis-doua-victime-dupa-ce-o-butelie-cu-gpl-a-sarit-in-aer\/\" class=\"el-link uk-button uk-button-text\">Vezi detalii<\/a><\/div>\n<\/div>\n<\/div>\n<\/div>\n<\/div>\n<div>\n<div class=\"el-item uk-panel\">\n<div class=\"uk-grid-column-small\">\n<div class=\"uk-width-auto\"><a href=\"https:\/\/www.sursadevest.ro\/retim-isi-mareste-echipa-angajeaza-volist-sennebogen\/\"><img decoding=\"async\" class=\"el-image\" src=\"https:\/\/www.sursadevest.ro\/wp-content\/uploads\/2026\/08\/volist.gif\" alt=\"Recruitment poster: hiring heavy equipment operator (Sennebogen) with M.U.T cert in S\u00e2nandrei; send CV to recrutare@retim.ro\" loading=\"lazy\" width=\"75\" height=\"75\"><\/a><\/div>\n<div class=\"uk-width-expand uk-margin-remove-first-child\">\n<div class=\"el-meta uk-h6 uk-text-primary uk-margin-top uk-margin-remove-bottom\">29 august, 2026<\/div>\n<h3 class=\"el-title uk-h5 uk-link-reset uk-margin-remove-top uk-margin-remove-bottom\"><a href=\"https:\/\/www.sursadevest.ro\/retim-isi-mareste-echipa-angajeaza-volist-sennebogen\/\">RETIM \u00ee\u0219i m\u0103re\u0219te echipa! Angajeaz\u0103 volist Sennebogen<\/a><\/h3>\n<div class=\"uk-margin-small-top\"><a href=\"https:\/\/www.sursadevest.ro\/retim-isi-mareste-echipa-angajeaza-volist-sennebogen\/\" class=\"el-link uk-button uk-button-text\">Vezi detalii<\/a><\/div>\n<\/div>\n<\/div>\n<\/div>\n<\/div>\n<div>\n<div class=\"el-item uk-panel\">\n<div class=\"uk-grid-column-small\">\n<div class=\"uk-width-auto\"><a href=\"https:\/\/www.sursadevest.ro\/curajul-poarta-uniforma-cosmina-este-unul-dintre-pompierii-din-timis-care-lupta-cu-incendiile-devastatoare-din-serbia\/\"><source type=\"image\/webp\" srcset=\"\/wp-content\/uploads\/yootheme\/cache\/67\/cosmina-pompier-1-67e44e8d.webp 150w\" sizes=\"(min-width: 75px) 75px\" \/><\/a><\/div>\n<div class=\"uk-width-expand uk-margin-remove-first-child\">\n<div class=\"el-meta uk-h6 uk-text-primary uk-margin-top uk-margin-remove-bottom\">29 august, 2026<\/div>\n<h3 class=\"el-title uk-h5 uk-link-reset uk-margin-remove-top uk-margin-remove-bottom\"><a href=\"https:\/\/www.sursadevest.ro\/curajul-poarta-uniforma-cosmina-este-unul-dintre-pompierii-din-timis-care-lupta-cu-incendiile-devastatoare-din-serbia\/\">Curajul poart\u0103 uniform\u0103! Cosmina este unul dintre pompierii din Timi\u0219 care lupt\u0103 cu incendiile devastatoare din Serbia<\/a><\/h3>\n<div class=\"uk-margin-small-top\"><a href=\"https:\/\/www.sursadevest.ro\/curajul-poarta-uniforma-cosmina-este-unul-dintre-pompierii-din-timis-care-lupta-cu-incendiile-devastatoare-din-serbia\/\" class=\"el-link uk-button uk-button-text\">Vezi detalii<\/a><\/div>\n<\/div>\n<\/div>\n<\/div>\n<\/div>\n<div>\n<div class=\"el-item uk-panel\">\n<div class=\"uk-grid-column-small\">\n<div class=\"uk-width-auto\"><a href=\"https:\/\/www.sursadevest.ro\/spatiren-la-teremia-mare-istoria-comunei-descoperita-la-pas-si-prin-gusturile-bucatariei-banatene\/\"><img decoding=\"async\" class=\"el-image\" src=\"https:\/\/www.sursadevest.ro\/wp-content\/uploads\/2026\/08\/masa-campeneasca.gif\" alt=\"Outdoor table set for a feast with colorful ceramic pottery and a spread of breads, meats, and sauces.\" loading=\"lazy\" width=\"75\" height=\"75\"><\/a><\/div>\n<div class=\"uk-width-expand uk-margin-remove-first-child\">\n<div class=\"el-meta uk-h6 uk-text-primary uk-margin-top uk-margin-remove-bottom\">29 august, 2026<\/div>\n<h3 class=\"el-title uk-h5 uk-link-reset uk-margin-remove-top uk-margin-remove-bottom\"><a href=\"https:\/\/www.sursadevest.ro\/spatiren-la-teremia-mare-istoria-comunei-descoperita-la-pas-si-prin-gusturile-bucatariei-banatene\/\">\u201e\u0218pa\u021biren la Teremia Mare\u201d! Istoria comunei, descoperit\u0103 la pas \u0219i prin gusturile buc\u0103t\u0103riei b\u0103n\u0103\u021bene<\/a><\/h3>\n<div class=\"uk-margin-small-top\"><a href=\"https:\/\/www.sursadevest.ro\/spatiren-la-teremia-mare-istoria-comunei-descoperita-la-pas-si-prin-gusturile-bucatariei-banatene\/\" class=\"el-link uk-button uk-button-text\">Vezi detalii<\/a><\/div>\n<\/div>\n<\/div>\n<\/div>\n<\/div>\n<\/div>\n<\/div>\n<div class=\"uk-margin-remove-vertical\">\n<div class=\"uk-grid uk-child-width-1-1 uk-grid-small uk-grid-divider uk-grid-match\">\n<div>\n<div class=\"el-item uk-panel\"><a href=\"https:\/\/retim.ro\/eticheta\" target=\"_blank\"><\/p>\n<div class=\"uk-inline-clip uk-transition-toggle\"><img loading=\"lazy\" decoding=\"async\" class=\"el-image uk-transition-scale-down uk-transition-opaque\" src=\"https:\/\/www.sursadevest.ro\/wp-content\/uploads\/2025\/07\/ReTIM-banner-press-300x300px.gif\" alt width=\"300\" height=\"300\"><\/div>\n<p><\/a><\/p>\n<div class=\"uk-padding-small uk-margin-remove-first-child\">\n<div class=\"el-meta uk-text-meta uk-margin-small-top\">Retim Ecologic Service<\/div>\n<div class=\"uk-margin-small-top\"><a href=\"https:\/\/retim.ro\/eticheta\" target=\"_blank\" class=\"el-link uk-button uk-button-text\">Vezi detalii<\/a><\/div>\n<\/div>\n<\/div>\n<\/div>\n<div>\n<div class=\"el-item uk-panel\"><a href=\"https:\/\/rmnimagisticas.ro\/\" target=\"_blank\"><\/p>\n<div class=\"uk-inline-clip uk-transition-toggle\"><source type=\"image\/webp\" srcset=\"\/wp-content\/uploads\/yootheme\/cache\/86\/RMN-Imagistica-86a88a5a.webp 450w\" sizes=\"(min-width: 450px) 450px\" \/><\/div>\n<p><\/a><\/p>\n<div class=\"uk-padding-small uk-margin-remove-first-child\">\n<div class=\"el-meta uk-text-meta uk-margin-small-top\">RMN ImagisticAS<\/div>\n<div class=\"uk-margin-small-top\"><a href=\"https:\/\/rmnimagisticas.ro\/\" target=\"_blank\" class=\"el-link uk-button uk-button-text\">Vezi detalii<\/a><\/div>\n<\/div>\n<\/div>\n<\/div>\n<div>\n<div class=\"el-item uk-panel\"><a href=\"https:\/\/ro.san-marco.com\/\" target=\"_blank\"><\/p>\n<div class=\"uk-inline-clip uk-transition-toggle\"><source type=\"image\/webp\" srcset=\"\/wp-content\/uploads\/yootheme\/cache\/df\/sanmarco-df655601.webp 450w\" sizes=\"(min-width: 450px) 450px\" \/><\/div>\n<p><\/a><\/p>\n<div class=\"uk-padding-small uk-margin-remove-first-child\">\n<div class=\"el-meta uk-text-meta uk-margin-small-top\">San Marco<\/div>\n<div class=\"uk-margin-small-top\"><a href=\"https:\/\/ro.san-marco.com\/\" target=\"_blank\" class=\"el-link uk-button uk-button-text\">Vezi detalii<\/a><\/div>\n<\/div>\n<\/div>\n<\/div>\n<div>\n<div class=\"el-item uk-panel\"><a href=\"https:\/\/afiom.ro\/doneaza\" target=\"_blank\"><\/p>\n<div class=\"uk-inline-clip uk-transition-toggle\"><img loading=\"lazy\" decoding=\"async\" class=\"el-image uk-transition-scale-down uk-transition-opaque\" src=\"https:\/\/www.sursadevest.ro\/wp-content\/uploads\/2024\/12\/AfiOM_Sites_350x350_Mamici.gif\" alt width=\"350\" height=\"350\"><\/div>\n<p><\/a><\/p>\n<div class=\"uk-padding-small uk-margin-remove-first-child\">\n<div class=\"el-meta uk-text-meta uk-margin-small-top\">A fi om!<\/div>\n<div class=\"uk-margin-small-top\"><a href=\"https:\/\/afiom.ro\/doneaza\" target=\"_blank\" class=\"el-link uk-button uk-button-text\">Vezi detalii<\/a><\/div>\n<\/div>\n<\/div>\n<\/div>\n<div>\n<div class=\"el-item uk-panel\"><a href=\"https:\/\/afiom.ro\/doneaza\" target=\"_blank\"><\/p>\n<div class=\"uk-inline-clip uk-transition-toggle\"><img loading=\"lazy\" decoding=\"async\" class=\"el-image uk-transition-scale-down uk-transition-opaque\" src=\"https:\/\/www.sursadevest.ro\/wp-content\/uploads\/2024\/12\/AfiOM_Sites_350x350_Sport.gif\" alt width=\"350\" height=\"350\"><\/div>\n<p><\/a><\/p>\n<div class=\"uk-padding-small uk-margin-remove-first-child\">\n<div class=\"el-meta uk-text-meta uk-margin-small-top\">A fi om!<\/div>\n<div class=\"uk-margin-small-top\"><a href=\"https:\/\/afiom.ro\/doneaza\" target=\"_blank\" class=\"el-link uk-button uk-button-text\">Vezi detalii<\/a><\/div>\n<\/div>\n<\/div>\n<\/div>\n<div>\n<div class=\"el-item uk-panel uk-margin-remove-first-child\">\n<div class=\"el-meta uk-text-meta uk-margin-small-top\">For\u021ba Dreptei<\/div>\n<\/div>\n<\/div>\n<div>\n<div class=\"el-item uk-panel\"><a href=\"https:\/\/www.igard.ro\" target=\"_blank\"><\/p>\n<div class=\"uk-inline-clip uk-transition-toggle\"><source type=\"image\/webp\" srcset=\"\/wp-content\/uploads\/yootheme\/cache\/8c\/iGard-0124-02-8cb83681.webp 768w, \/wp-content\/uploads\/yootheme\/cache\/89\/iGard-0124-02-894b8f7b.webp 1080w\" sizes=\"(min-width: 1080px) 1080px\" \/><\/div>\n<p><\/a><\/p>\n<div class=\"uk-padding-small uk-margin-remove-first-child\">\n<div class=\"el-meta uk-text-meta uk-margin-small-top\">iGard panouri de gard \u2013 www.igard.ro<\/div>\n<div class=\"uk-margin-small-top\"><a href=\"https:\/\/www.igard.ro\" target=\"_blank\" class=\"el-link uk-button uk-button-text\">Vezi detalii<\/a><\/div>\n<\/div>\n<\/div>\n<\/div>\n<div>\n<div class=\"el-item uk-panel\">\n<div class=\"uk-inline-clip uk-transition-toggle\"><source type=\"image\/webp\" srcset=\"\/wp-content\/uploads\/yootheme\/cache\/f2\/atc-small-f2c6a401.webp 600w\" sizes=\"(min-width: 600px) 600px\" \/><\/div>\n<div class=\"uk-padding-small uk-margin-remove-first-child\">\n<div class=\"el-meta uk-text-meta uk-margin-small-top\">ATC BAUDESIGN<\/div>\n<\/div>\n<\/div>\n<\/div>\n<\/div>\n<\/div>\n<\/div>\n<\/div>\n<\/div>\n<\/div>\n<p><\/main><\/p>\n<p>[analyse_source url=&#8221;https:\/\/www.sursadevest.ro\/un-nou-camin-studentesc-este-finalizat-la-ghiroda-uvt-a-investit-aproape-53-de-milioane-de-lei-pentru-162-de-locuri-de-cazare\/&#8221;]<\/p>\n","protected":false},"excerpt":{"rendered":"<p>[analyse_image type=&#8221;featured&#8221; src=&#8221;https:\/\/www.sursadevest.ro\/wp-content\/uploads\/2026\/08\/camin-uvt-ghiroda-01.jpg&#8221;] Un nou c\u0103min studen\u021besc este finalizat, la Ghiroda. UVT a investit aproape 53 de milioane de lei pentru 162 de locuri de cazare 29 august, 2026 | Sursa de Vest | Administra\u021bie, Educa\u021bie, Eveniment, \u0218tiri | Niciun comentariu la Un nou c\u0103min studen\u021besc este finalizat, la Ghiroda. UVT a investit aproape 53 [&hellip;]<\/p>\n","protected":false},"author":1,"featured_media":0,"comment_status":"open","ping_status":"","sticky":false,"template":"","format":"standard","meta":{"footnotes":""},"categories":[89],"tags":[226,200],"class_list":["post-2118471","post","type-post","status-publish","format-standard","hentry","category-romania","tag-crawlmanager","tag-sursadevest-ro"],"_links":{"self":[{"href":"https:\/\/analyse.optim.biz\/index.php?rest_route=\/wp\/v2\/posts\/2118471","targetHints":{"allow":["GET"]}}],"collection":[{"href":"https:\/\/analyse.optim.biz\/index.php?rest_route=\/wp\/v2\/posts"}],"about":[{"href":"https:\/\/analyse.optim.biz\/index.php?rest_route=\/wp\/v2\/types\/post"}],"author":[{"embeddable":true,"href":"https:\/\/analyse.optim.biz\/index.php?rest_route=\/wp\/v2\/users\/1"}],"replies":[{"embeddable":true,"href":"https:\/\/analyse.optim.biz\/index.php?rest_route=%2Fwp%2Fv2%2Fcomments&post=2118471"}],"version-history":[{"count":0,"href":"https:\/\/analyse.optim.biz\/index.php?rest_route=\/wp\/v2\/posts\/2118471\/revisions"}],"wp:attachment":[{"href":"https:\/\/analyse.optim.biz\/index.php?rest_route=%2Fwp%2Fv2%2Fmedia&parent=2118471"}],"wp:term":[{"taxonomy":"category","embeddable":true,"href":"https:\/\/analyse.optim.biz\/index.php?rest_route=%2Fwp%2Fv2%2Fcategories&post=2118471"},{"taxonomy":"post_tag","embeddable":true,"href":"https:\/\/analyse.optim.biz\/index.php?rest_route=%2Fwp%2Fv2%2Ftags&post=2118471"}],"curies":[{"name":"wp","href":"https:\/\/api.w.org\/{rel}","templated":true}]}}