{"id":2118465,"date":"2026-08-29T17:44:04","date_gmt":"2026-08-29T14:44:04","guid":{"rendered":"https:\/\/analyse.optim.biz\/?p=2118465"},"modified":"2026-08-29T17:44:04","modified_gmt":"2026-08-29T14:44:04","slug":"se-messina-intesa-conquista-mps-alla-fine-il-vero-vincitore-della-cuccagna-sara-cimbri","status":"publish","type":"post","link":"https:\/\/analyse.optim.biz\/?p=2118465","title":{"rendered":"Se messina (intesa) conquista mps, alla fine il vero vincitore della cuccagna sara&#8217; cimbri?"},"content":{"rendered":"<p>[analyse_image type=&#8221;featured&#8221; src=&#8221;https:\/\/static.dagospia.com\/img\/patch\/06-2026\/carlo-cimbri-messina-2271432_600_q50.webp&#8221;]<\/p>\n<article>\n<div class=\"img-wrapper\"><img decoding=\"async\" src=\"https:\/\/static.dagospia.com\/img\/patch\/06-2026\/carlo-cimbri-messina-2271432_600_q50.webp\" alt=\"carlo cimbri messina \"><time class=\"data-ora\">29 ago 2026 19:44<\/time><\/div>\n<p>RISIKO DELLE MIE BRAME \u2013 <span>SE CARLO MESSINA (INTESA) CONQUISTASSE MPS (E QUOTA GENERALI), VUOI VEDERE CHE ALLA FINE IL VERO VINCITORE DELLA CUCCAGNA SARA&#8217; CARLO CIMBRI?<\/span> &#8211; UNIPOL SAREBBE LA SECONDA COMPAGNIA DI ASSICURAZIONI E BPER IL SECONDO GRUPPO BANCARIO ITALIANO (NON E&#8217; UN CASO CHE, DOPO L\u2019OPAS, IN BORSA UNIPOL HA CORSO IL DOPPIO DI INTESA) \u2013 <span>AL \u201cSOLE\u201d, CIMBRI RASSICURA SIA I TOSCANI<\/span> (\u2018\u2019<strong>LA SEDE PRINCIPALE <\/strong>RESTER\u00c0 A SIENA. \u00c8 LA BANCA ITALIANA PI\u00d9 ANTICA, PI\u00d9 FORTE DI BPER\u201d), <span>SIA GOVERNO E OPPOSIZIONE CONTRARI ALLO SPEZZATINO DI MPS<\/span> (\u2018\u2019TENGO MOLTO ALL\u2019ITALIANIT\u00c0 DEL PROGETTO. UNIPOL E BPER, COME INTESA DEL RESTO, SONO AL 100% ITALIANE, CONTROLLATE DA SOCI ITALIANI. <span>E IL MONTE DEI PASCHI, CHE DA 20 ANNI DISTRIBUISCE I PRODOTTI ASSICURATIVI DELLA FRANCESE AXA, DOMANI DISTRIBUIR\u00c0 QUELLI DI UNIPOL\u2019\u2019<\/span>)<\/p>\n<div class=\"share-section\">\n                Condividi  questo articolo<\/p>\n<div class=\"socials\"><a href=\"http:\/\/www.facebook.com\/sharer.php?u=http:\/\/www.dagospia.com\/business\/se-messina-intesa-conquista-mps-vero-vincitore-cuccagna-sara-cimbri-485175\" target=\"_blank\"><img decoding=\"async\" src=\"https:\/\/static.dagospia.com\/img\/icons\/facebook.svg\" alt=\"Condividi su Facebook\"><\/a><a href=\"http:\/\/www.twitter.com\/share?url=http:\/\/www.dagospia.com\/business\/se-messina-intesa-conquista-mps-vero-vincitore-cuccagna-sara-cimbri-485175&amp;text=SE%20MESSINA%20(INTESA)%20CONQUISTA%20MPS,%20ALLA%20FINE%20IL%20VERO%20VINCITORE%20DELLA%20CUCCAGNA%20SARA&apos;%20CIMBRI?\" target=\"_blank\"><img decoding=\"async\" src=\"https:\/\/static.dagospia.com\/img\/icons\/x-icon.png\" alt=\"Condividi su X\"><\/a><a href=\"\/\/www.dagospia.com\/business\/se-messina-intesa-conquista-mps-vero-vincitore-cuccagna-sara-cimbri-485175\" target=\"_blank\"><img decoding=\"async\" src=\"https:\/\/static.dagospia.com\/img\/icons\/whatsapp.svg\" alt=\"Condividi su Whatsapp\"><\/a><a href=\"mailto:?body=http:\/\/www.dagospia.com\/business\/se-messina-intesa-conquista-mps-vero-vincitore-cuccagna-sara-cimbri-485175\" target=\"_blank\"><img decoding=\"async\" src=\"https:\/\/static.dagospia.com\/img\/icons\/mail.svg\" alt=\"Invia in email\"><\/a><\/div>\n<\/div>\n<div class=\"content\">\n<p><a href=\"https:\/\/www.dagospia.com\/media-gallery\/dago-fotogallery-521602\/2272841\" class=\"float-right img-wrapper\"><img decoding=\"async\" id=\"2272841\" loading=\"lazy\" src=\"https:\/\/static.dagospia.com\/img\/foto\/06-2026\/carlo-messina-carlo-cimbri-2272841_800_q50.webp\"><span class=\"img-title\">CARLO MESSINA CARLO CIMBRI <\/span><\/a><\/p>\n<p class=\"disable\"><strong>Fabio Tamburini per il<a href=\"http:\/\/www.ilsole24ore.com\" target=\"_blank\"> \u201cSole 24 Ore\u201d<\/a> &#8211; Estratti<\/strong><\/p>\n<p class=\"disable\">\u00a0<\/p>\n<p class=\"disable\">Per tre mesi, dopo l\u2019annuncio a inizio giugno dell\u2019accordo con Banca Intesa Sanpaolo, Carlo Cimbri, presidente di Unipol, ha accuratamente evitato ogni dichiarazione. La consapevolezza \u00e8 di avere presentato un progetto industriale chiaro e coerente, logica conseguenza delle scelte di aggregazione fatte negli ultimi dieci anni.\u00a0<\/p>\n<p class=\"disable\">\u00a0<\/p>\n<p class=\"disable\"><strong>\u2026\u2026\u2026\u2026\u2026\u2026\u2026<\/strong><\/p>\n<p class=\"disable\"><strong>Quando avete deciso di fare Siena capofila delle attivit\u00e0 bancarie del gruppo Unipol?<\/strong>\u00a0<\/p>\n<p><a href=\"https:\/\/www.dagospia.com\/media-gallery\/dago-fotogallery-521602\/2298213\" class=\"float-left img-wrapper\"><img decoding=\"async\" id=\"2298213\" loading=\"lazy\" src=\"https:\/\/static.dagospia.com\/img\/foto\/08-2026\/luigi-lovaglio-e-carlo-messina-2298213_800_q50.webp\"><span class=\"img-title\">LUIGI LOVAGLIO E CARLO MESSINA <\/span><\/a><\/p>\n<p class=\"disable\">Da subito. La premessa \u00e8 che l\u2019offerta su Mps \u00e8 stata presentata dagli amici di Intesa Sanpaolo. \u00c8 un\u2019offerta ricca, seria, con un progetto industriale forte e razionale, che il mercato ha dimostrato di apprezzare fin dall\u2019annuncio. Unipol entrer\u00e0 in campo un minuto dopo il successo dell\u2019operazione comprando Banca Mps cos\u00ec com\u2019\u00e8.<\/p>\n<p class=\"disable\">\u00a0<\/p>\n<p><a href=\"https:\/\/www.dagospia.com\/media-gallery\/dago-fotogallery-521602\/2007462\" class=\"float-right img-wrapper\"><img decoding=\"async\" id=\"2007462\" loading=\"lazy\" src=\"https:\/\/static.dagospia.com\/img\/foto\/06-2024\/carlo-cimbri-2007462_800_q50.webp\"><span class=\"img-title\"> CARLO CIMBRI <\/span><\/a><\/p>\n<p class=\"disable\">Pur dimagrita temporaneamente dalle circa 625 filiali, su circa 1.300, che resteranno con Intesa Sanpaolo. Sempre che il numero non venga ritoccato per intervento dell\u2019Antitrust. A noi, oltre alla banca, passeranno il marchio, la sede storica di Siena e gran parte del personale. Una rete di sportelli estesa in tutta Italia, dalla Sicilia al Piemonte.\u00a0<\/p>\n<p class=\"disable\">\u00a0<\/p>\n<p class=\"disable\"><strong>Qual \u00e8 l\u2019obiettivo?<\/strong>\u00a0<\/p>\n<p class=\"disable\">\u00c8 la conseguenza logica di un progetto industriale che ormai ha pi\u00f9 di dieci anni. Il risultato potr\u00e0 essere un grande conglomerato finanziario che unir\u00e0 Mps con Unipol, la seconda compagnia assicurativa italiana, e Bper, su cui abbiamo un\u2019interessenza del 30 per cento.<\/p>\n<p class=\"disable\">\u00a0<\/p>\n<p class=\"disable\">In prima battuta svilupperemo tutte le sinergie tra banche e assicurazioni. Nella seconda fase partir\u00e0 la costruzione di una banca ancora pi\u00f9 grande, con l\u2019aggregazione di Mps con Bper, che diventer\u00e0 il secondo gruppo bancario in Italia, con una rete distributiva capillare, presente in tutte le regioni.<\/p>\n<p><a href=\"https:\/\/www.dagospia.com\/media-gallery\/dago-fotogallery-521602\/2271611\" class=\"float-left img-wrapper\"><img decoding=\"async\" id=\"2271611\" loading=\"lazy\" src=\"https:\/\/static.dagospia.com\/img\/foto\/06-2026\/sede-unipol-2271611_800_q50.webp\"><span class=\"img-title\">SEDE UNIPOL<\/span><\/a><\/p>\n<p class=\"disable\">\u00a0<\/p>\n<p class=\"disable\">\u00c8 il grande progetto che presenteremo e discuteremo con il consiglio di amministrazione della Bper, soggetto terzo, un minuto dopo avere comprato Mps.<\/p>\n<p class=\"disable\">\u00a0<\/p>\n<p class=\"disable\">Nascer\u00e0 il secondo polo bancario italiano, sia per presenza sul territorio sia per creazione di valore. Metteremo insieme due banche commerciali che hanno come punto di forza un fortissimo radicamento territoriale.\u00a0<\/p>\n<p><a href=\"https:\/\/www.dagospia.com\/media-gallery\/dago-fotogallery-521602\/2195046\" class=\"float-right img-wrapper\"><img decoding=\"async\" id=\"2195046\" loading=\"lazy\" src=\"https:\/\/static.dagospia.com\/img\/foto\/11-2025\/daria-perrotta-carlo-cimbri-5-2195046_800_q50.webp\"><span class=\"img-title\">daria perrotta carlo cimbri (5)<\/span><\/a><\/p>\n<p class=\"disable\">\u00a0<\/p>\n<p class=\"disable\">Proprio la caratteristica del progetto di aggregazione che ha visto Unipol integrare banche con le stesse caratteristiche: dalla Banca Popolare dell\u2019Emilia Romagna a buona parte dell\u2019Ubi, dalla Carige alla Popolare di Sondrio. L\u2019aggregazione tra Mps e Bper \u00e8 lo sbocco naturale di un piano costruito negli ultimi dieci anni.\u00a0<\/p>\n<p class=\"disable\">\u00a0<\/p>\n<p class=\"disable\"><strong>\u2026\u2026\u2026\u2026\u2026\u2026\u2026..<\/strong><\/p>\n<p class=\"disable\">\u00a0<\/p>\n<p class=\"disable\"><strong>Perch\u00e9 Mps capofila?<\/strong>\u00a0<\/p>\n<p><a href=\"https:\/\/www.dagospia.com\/media-gallery\/dago-fotogallery-521602\/1606792\" class=\"float-left img-wrapper\"><img decoding=\"async\" id=\"1606792\" loading=\"lazy\" src=\"https:\/\/static.dagospia.com\/img\/foto\/02-2022\/bper-1606792_800_q50.webp\"><span class=\"img-title\">bper. <\/span><\/a><\/p>\n<p class=\"disable\">I numeri e la storia parlano chiaro. \u00c8 la banca italiana pi\u00f9 antica, con una notoriet\u00e0 in tutto il mondo. \u00c8 evidente che \u00e8 un marchio pi\u00f9 conosciuto, pi\u00f9 forte di Bper. La sede storica, un simbolo, \u00e8 quella di Rocca Salimbeni e l\u00ec rester\u00e0 perch\u00e9 \u00e8 nostro interesse che vada cos\u00ec.\u00a0<\/p>\n<p class=\"disable\">\u00a0<\/p>\n<p class=\"disable\">Ugualmente non faremo mancare il sostegno alle iniziative del territorio. Questo \u00e8 un valore che ben conosciamo e con l\u2019arrivo della grande Monte dei Paschi e il rafforzamento di Intesa Sanpaolo sono certo che sul territorio si svilupperanno oltremodo iniziative sociali e culturali.<\/p>\n<p><a href=\"https:\/\/www.dagospia.com\/media-gallery\/dago-fotogallery-521602\/2271742\" class=\"float-right img-wrapper\"><img decoding=\"async\" id=\"2271742\" loading=\"lazy\" src=\"https:\/\/static.dagospia.com\/img\/foto\/06-2026\/carlo-messina-re-di-siena-2271742_800_q50.webp\"><span class=\"img-title\">CARLO MESSINA RE DI SIENA <\/span><\/a><\/p>\n<p class=\"disable\">\u00a0<\/p>\n<p class=\"disable\">Non compriamo quanto rimarr\u00e0 di uno spezzatino di Mps ma una banca con tutta la sua dignit\u00e0 e solidit\u00e0. La presenza sul territorio si difende con lo sviluppo e lo sviluppo dipende anche dalle dimensioni. Servono grandi banche, anche per supportare le imprese che vanno all\u2019estero. Intesa e Unicredit lo sono gi\u00e0. Mps e Bper cresceranno ancora.\u00a0<\/p>\n<p class=\"disable\">\u00a0<\/p>\n<p class=\"disable\"><strong>Ci saranno novit\u00e0 sul fronte dell\u2019occupazione?<\/strong>\u00a0<\/p>\n<p><a href=\"https:\/\/www.dagospia.com\/media-gallery\/dago-fotogallery-521602\/1725394\" class=\"float-left img-wrapper\"><img decoding=\"async\" id=\"1725394\" loading=\"lazy\" src=\"https:\/\/static.dagospia.com\/img\/foto\/09-2022\/luigi-lovaglio-monte-dei-paschi-di-siena-1725394_800_q50.webp\"><span class=\"img-title\">LUIGI LOVAGLIO MONTE DEI PASCHI DI SIENA<\/span><\/a><\/p>\n<p class=\"disable\">Passer\u00e0 con noi la maggior parte dei dipendenti. Nessun licenziamento ma, come sempre nei processi di aggregazione, programmi di razionalizzazione attraverso accordi sindacali su tutte le banche che ci troveremo ad integrare. Esattamente quello che il mercato si aspetta.<\/p>\n<p class=\"disable\">\u00a0<\/p>\n<p class=\"disable\">Di sicuro, alla fine del percorso, la grande Mps diventer\u00e0 1,5 volte l\u2019attuale Monte dei Paschi. Sar\u00e0 una grande banca nazionale, di dimensione europea, ed \u00e8 ragionevole pensare che proprio a Siena, oltre ad altre funzioni, faccia capo l\u2019hub di tutte le attivit\u00e0 per il Centro e il Sud Italia, e soprattutto Roma.\u00a0<\/p>\n<p><a href=\"https:\/\/www.dagospia.com\/media-gallery\/dago-fotogallery-521602\/2067176\" class=\"float-right img-wrapper\"><img decoding=\"async\" id=\"2067176\" loading=\"lazy\" src=\"https:\/\/static.dagospia.com\/img\/foto\/11-2024\/generali-2067176_800_q50.webp\"><span class=\"img-title\">GENERALI <\/span><\/a><\/p>\n<p class=\"disable\">\u00a0<\/p>\n<p class=\"disable\">Tengo molto, infine, all\u2019italianit\u00e0 del progetto. Unipol e Bper, come Intesa Sanpaolo del resto, sono al 100% italiane, controllate da soci italiani. E il Monte dei Paschi, che da 20 anni distribuisce i prodotti assicurativi della francese Axa, domani distribuir\u00e0 quelli di Unipol.\u00a0<\/p>\n<p class=\"disable\">\u00a0<\/p>\n<p class=\"disable\"><strong>Che tempi prevedete per i vari passaggi dell\u2019integrazione?<\/strong>\u00a0<\/p>\n<p class=\"disable\">L\u2019offerta di Intesa verr\u00e0 chiusa a fine anno. Poi, se come auspichiamo andr\u00e0 in porto, entro il 2027, e nel pi\u00f9 breve dei tempi possibili, Mps passer\u00e0 al gruppo Unipol. Il 2028 sar\u00e0 l\u2019anno del coinvolgimento di Bper che, aderendo, sancir\u00e0 la nascita del grande Monte dei Paschi di Siena. \u00c8 una opportunit\u00e0 formidabile di creazione di valore che offriremo agli azionisti Bper.\u00a0<\/p>\n<p><a href=\"https:\/\/www.dagospia.com\/media-gallery\/dago-fotogallery-521602\/2273573\" class=\"float-right img-wrapper\"><img decoding=\"async\" id=\"2273573\" loading=\"lazy\" src=\"https:\/\/static.dagospia.com\/img\/foto\/06-2026\/la-mappa-delle-partecipazioni-2273573_800_q50.webp\"><span class=\"img-title\">LA MAPPA DELLE PARTECIPAZIONI <\/span><\/a><a href=\"https:\/\/www.dagospia.com\/media-gallery\/dago-fotogallery-521602\/2089791\" class=\"float-left img-wrapper\"><img decoding=\"async\" id=\"2089791\" loading=\"lazy\" src=\"https:\/\/static.dagospia.com\/img\/foto\/01-2025\/gli-azionisti-di-generali-2089791_800_q50.webp\"><span class=\"img-title\">GLI AZIONISTI DI GENERALI <\/span><\/a><\/p>\n<p class=\"disable\">\u00a0&#8230;&#8230;&#8230;&#8230;&#8230;&#8230;&#8230;&#8230;&#8230;&#8230;&#8230;&#8230;..<\/p>\n<\/div>\n<div class=\"share-section\">\n                Condividi  questo articolo<\/p>\n<div class=\"socials\"><a href=\"https:\/\/www.dagospia.com\/business\/se-messina-intesa-conquista-mps-vero-vincitore-cuccagna-sara-cimbri-485175\"><img decoding=\"async\" src=\"https:\/\/static.dagospia.com\/img\/icons\/facebook.svg\" alt=\"Condividi su Facebook\"><\/a><a href=\"https:\/\/www.dagospia.com\/business\/se-messina-intesa-conquista-mps-vero-vincitore-cuccagna-sara-cimbri-485175\"><img decoding=\"async\" src=\"https:\/\/static.dagospia.com\/img\/icons\/x-icon.png\" alt=\"Condividi su X\"><\/a><a href=\"https:\/\/www.dagospia.com\/business\/se-messina-intesa-conquista-mps-vero-vincitore-cuccagna-sara-cimbri-485175\"><img decoding=\"async\" src=\"https:\/\/static.dagospia.com\/img\/icons\/whatsapp.svg\" alt=\"Condividi su Whatsapp\"><\/a><a href=\"https:\/\/www.dagospia.com\/business\/se-messina-intesa-conquista-mps-vero-vincitore-cuccagna-sara-cimbri-485175\"><img decoding=\"async\" src=\"https:\/\/static.dagospia.com\/img\/icons\/mail.svg\" alt=\"Invia in email\"><\/a><\/div>\n<\/div>\n<\/article>\n<div class=\"content\">\n<p><a href=\"https:\/\/www.dagospia.com\/media-gallery\/dago-fotogallery-521602\/2272841\" class=\"float-right img-wrapper\"><img decoding=\"async\" id=\"2272841\" loading=\"lazy\" src=\"https:\/\/static.dagospia.com\/img\/foto\/06-2026\/carlo-messina-carlo-cimbri-2272841_800_q50.webp\"><span class=\"img-title\">CARLO MESSINA CARLO CIMBRI <\/span><\/a><\/p>\n<p class=\"disable\"><strong>Fabio Tamburini per il<a href=\"http:\/\/www.ilsole24ore.com\" target=\"_blank\"> \u201cSole 24 Ore\u201d<\/a> &#8211; Estratti<\/strong><\/p>\n<p class=\"disable\">\u00a0<\/p>\n<p class=\"disable\">Per tre mesi, dopo l\u2019annuncio a inizio giugno dell\u2019accordo con Banca Intesa Sanpaolo, Carlo Cimbri, presidente di Unipol, ha accuratamente evitato ogni dichiarazione. La consapevolezza \u00e8 di avere presentato un progetto industriale chiaro e coerente, logica conseguenza delle scelte di aggregazione fatte negli ultimi dieci anni.\u00a0<\/p>\n<p class=\"disable\">\u00a0<\/p>\n<p class=\"disable\"><strong>\u2026\u2026\u2026\u2026\u2026\u2026\u2026<\/strong><\/p>\n<p class=\"disable\"><strong>Quando avete deciso di fare Siena capofila delle attivit\u00e0 bancarie del gruppo Unipol?<\/strong>\u00a0<\/p>\n<p><a href=\"https:\/\/www.dagospia.com\/media-gallery\/dago-fotogallery-521602\/2298213\" class=\"float-left img-wrapper\"><img decoding=\"async\" id=\"2298213\" loading=\"lazy\" src=\"https:\/\/static.dagospia.com\/img\/foto\/08-2026\/luigi-lovaglio-e-carlo-messina-2298213_800_q50.webp\"><span class=\"img-title\">LUIGI LOVAGLIO E CARLO MESSINA <\/span><\/a><\/p>\n<p class=\"disable\">Da subito. La premessa \u00e8 che l\u2019offerta su Mps \u00e8 stata presentata dagli amici di Intesa Sanpaolo. \u00c8 un\u2019offerta ricca, seria, con un progetto industriale forte e razionale, che il mercato ha dimostrato di apprezzare fin dall\u2019annuncio. Unipol entrer\u00e0 in campo un minuto dopo il successo dell\u2019operazione comprando Banca Mps cos\u00ec com\u2019\u00e8.<\/p>\n<p class=\"disable\">\u00a0<\/p>\n<p><a href=\"https:\/\/www.dagospia.com\/media-gallery\/dago-fotogallery-521602\/2007462\" class=\"float-right img-wrapper\"><img decoding=\"async\" id=\"2007462\" loading=\"lazy\" src=\"https:\/\/static.dagospia.com\/img\/foto\/06-2024\/carlo-cimbri-2007462_800_q50.webp\"><span class=\"img-title\"> CARLO CIMBRI <\/span><\/a><\/p>\n<p class=\"disable\">Pur dimagrita temporaneamente dalle circa 625 filiali, su circa 1.300, che resteranno con Intesa Sanpaolo. Sempre che il numero non venga ritoccato per intervento dell\u2019Antitrust. A noi, oltre alla banca, passeranno il marchio, la sede storica di Siena e gran parte del personale. Una rete di sportelli estesa in tutta Italia, dalla Sicilia al Piemonte.\u00a0<\/p>\n<p class=\"disable\">\u00a0<\/p>\n<p class=\"disable\"><strong>Qual \u00e8 l\u2019obiettivo?<\/strong>\u00a0<\/p>\n<p class=\"disable\">\u00c8 la conseguenza logica di un progetto industriale che ormai ha pi\u00f9 di dieci anni. Il risultato potr\u00e0 essere un grande conglomerato finanziario che unir\u00e0 Mps con Unipol, la seconda compagnia assicurativa italiana, e Bper, su cui abbiamo un\u2019interessenza del 30 per cento.<\/p>\n<p class=\"disable\">\u00a0<\/p>\n<p class=\"disable\">In prima battuta svilupperemo tutte le sinergie tra banche e assicurazioni. Nella seconda fase partir\u00e0 la costruzione di una banca ancora pi\u00f9 grande, con l\u2019aggregazione di Mps con Bper, che diventer\u00e0 il secondo gruppo bancario in Italia, con una rete distributiva capillare, presente in tutte le regioni.<\/p>\n<p><a href=\"https:\/\/www.dagospia.com\/media-gallery\/dago-fotogallery-521602\/2271611\" class=\"float-left img-wrapper\"><img decoding=\"async\" id=\"2271611\" loading=\"lazy\" src=\"https:\/\/static.dagospia.com\/img\/foto\/06-2026\/sede-unipol-2271611_800_q50.webp\"><span class=\"img-title\">SEDE UNIPOL<\/span><\/a><\/p>\n<p class=\"disable\">\u00a0<\/p>\n<p class=\"disable\">\u00c8 il grande progetto che presenteremo e discuteremo con il consiglio di amministrazione della Bper, soggetto terzo, un minuto dopo avere comprato Mps.<\/p>\n<p class=\"disable\">\u00a0<\/p>\n<p class=\"disable\">Nascer\u00e0 il secondo polo bancario italiano, sia per presenza sul territorio sia per creazione di valore. Metteremo insieme due banche commerciali che hanno come punto di forza un fortissimo radicamento territoriale.\u00a0<\/p>\n<p><a href=\"https:\/\/www.dagospia.com\/media-gallery\/dago-fotogallery-521602\/2195046\" class=\"float-right img-wrapper\"><img decoding=\"async\" id=\"2195046\" loading=\"lazy\" src=\"https:\/\/static.dagospia.com\/img\/foto\/11-2025\/daria-perrotta-carlo-cimbri-5-2195046_800_q50.webp\"><span class=\"img-title\">daria perrotta carlo cimbri (5)<\/span><\/a><\/p>\n<p class=\"disable\">\u00a0<\/p>\n<p class=\"disable\">Proprio la caratteristica del progetto di aggregazione che ha visto Unipol integrare banche con le stesse caratteristiche: dalla Banca Popolare dell\u2019Emilia Romagna a buona parte dell\u2019Ubi, dalla Carige alla Popolare di Sondrio. L\u2019aggregazione tra Mps e Bper \u00e8 lo sbocco naturale di un piano costruito negli ultimi dieci anni.\u00a0<\/p>\n<p class=\"disable\">\u00a0<\/p>\n<p class=\"disable\"><strong>\u2026\u2026\u2026\u2026\u2026\u2026\u2026..<\/strong><\/p>\n<p class=\"disable\">\u00a0<\/p>\n<p class=\"disable\"><strong>Perch\u00e9 Mps capofila?<\/strong>\u00a0<\/p>\n<p><a href=\"https:\/\/www.dagospia.com\/media-gallery\/dago-fotogallery-521602\/1606792\" class=\"float-left img-wrapper\"><img decoding=\"async\" id=\"1606792\" loading=\"lazy\" src=\"https:\/\/static.dagospia.com\/img\/foto\/02-2022\/bper-1606792_800_q50.webp\"><span class=\"img-title\">bper. <\/span><\/a><\/p>\n<p class=\"disable\">I numeri e la storia parlano chiaro. \u00c8 la banca italiana pi\u00f9 antica, con una notoriet\u00e0 in tutto il mondo. \u00c8 evidente che \u00e8 un marchio pi\u00f9 conosciuto, pi\u00f9 forte di Bper. La sede storica, un simbolo, \u00e8 quella di Rocca Salimbeni e l\u00ec rester\u00e0 perch\u00e9 \u00e8 nostro interesse che vada cos\u00ec.\u00a0<\/p>\n<p class=\"disable\">\u00a0<\/p>\n<p class=\"disable\">Ugualmente non faremo mancare il sostegno alle iniziative del territorio. Questo \u00e8 un valore che ben conosciamo e con l\u2019arrivo della grande Monte dei Paschi e il rafforzamento di Intesa Sanpaolo sono certo che sul territorio si svilupperanno oltremodo iniziative sociali e culturali.<\/p>\n<p><a href=\"https:\/\/www.dagospia.com\/media-gallery\/dago-fotogallery-521602\/2271742\" class=\"float-right img-wrapper\"><img decoding=\"async\" id=\"2271742\" loading=\"lazy\" src=\"https:\/\/static.dagospia.com\/img\/foto\/06-2026\/carlo-messina-re-di-siena-2271742_800_q50.webp\"><span class=\"img-title\">CARLO MESSINA RE DI SIENA <\/span><\/a><\/p>\n<p class=\"disable\">\u00a0<\/p>\n<p class=\"disable\">Non compriamo quanto rimarr\u00e0 di uno spezzatino di Mps ma una banca con tutta la sua dignit\u00e0 e solidit\u00e0. La presenza sul territorio si difende con lo sviluppo e lo sviluppo dipende anche dalle dimensioni. Servono grandi banche, anche per supportare le imprese che vanno all\u2019estero. Intesa e Unicredit lo sono gi\u00e0. Mps e Bper cresceranno ancora.\u00a0<\/p>\n<p class=\"disable\">\u00a0<\/p>\n<p class=\"disable\"><strong>Ci saranno novit\u00e0 sul fronte dell\u2019occupazione?<\/strong>\u00a0<\/p>\n<p><a href=\"https:\/\/www.dagospia.com\/media-gallery\/dago-fotogallery-521602\/1725394\" class=\"float-left img-wrapper\"><img decoding=\"async\" id=\"1725394\" loading=\"lazy\" src=\"https:\/\/static.dagospia.com\/img\/foto\/09-2022\/luigi-lovaglio-monte-dei-paschi-di-siena-1725394_800_q50.webp\"><span class=\"img-title\">LUIGI LOVAGLIO MONTE DEI PASCHI DI SIENA<\/span><\/a><\/p>\n<p class=\"disable\">Passer\u00e0 con noi la maggior parte dei dipendenti. Nessun licenziamento ma, come sempre nei processi di aggregazione, programmi di razionalizzazione attraverso accordi sindacali su tutte le banche che ci troveremo ad integrare. Esattamente quello che il mercato si aspetta.<\/p>\n<p class=\"disable\">\u00a0<\/p>\n<p class=\"disable\">Di sicuro, alla fine del percorso, la grande Mps diventer\u00e0 1,5 volte l\u2019attuale Monte dei Paschi. Sar\u00e0 una grande banca nazionale, di dimensione europea, ed \u00e8 ragionevole pensare che proprio a Siena, oltre ad altre funzioni, faccia capo l\u2019hub di tutte le attivit\u00e0 per il Centro e il Sud Italia, e soprattutto Roma.\u00a0<\/p>\n<p><a href=\"https:\/\/www.dagospia.com\/media-gallery\/dago-fotogallery-521602\/2067176\" class=\"float-right img-wrapper\"><img decoding=\"async\" id=\"2067176\" loading=\"lazy\" src=\"https:\/\/static.dagospia.com\/img\/foto\/11-2024\/generali-2067176_800_q50.webp\"><span class=\"img-title\">GENERALI <\/span><\/a><\/p>\n<p class=\"disable\">\u00a0<\/p>\n<p class=\"disable\">Tengo molto, infine, all\u2019italianit\u00e0 del progetto. Unipol e Bper, come Intesa Sanpaolo del resto, sono al 100% italiane, controllate da soci italiani. E il Monte dei Paschi, che da 20 anni distribuisce i prodotti assicurativi della francese Axa, domani distribuir\u00e0 quelli di Unipol.\u00a0<\/p>\n<p class=\"disable\">\u00a0<\/p>\n<p class=\"disable\"><strong>Che tempi prevedete per i vari passaggi dell\u2019integrazione?<\/strong>\u00a0<\/p>\n<p class=\"disable\">L\u2019offerta di Intesa verr\u00e0 chiusa a fine anno. Poi, se come auspichiamo andr\u00e0 in porto, entro il 2027, e nel pi\u00f9 breve dei tempi possibili, Mps passer\u00e0 al gruppo Unipol. Il 2028 sar\u00e0 l\u2019anno del coinvolgimento di Bper che, aderendo, sancir\u00e0 la nascita del grande Monte dei Paschi di Siena. \u00c8 una opportunit\u00e0 formidabile di creazione di valore che offriremo agli azionisti Bper.\u00a0<\/p>\n<p><a href=\"https:\/\/www.dagospia.com\/media-gallery\/dago-fotogallery-521602\/2273573\" class=\"float-right img-wrapper\"><img decoding=\"async\" id=\"2273573\" loading=\"lazy\" src=\"https:\/\/static.dagospia.com\/img\/foto\/06-2026\/la-mappa-delle-partecipazioni-2273573_800_q50.webp\"><span class=\"img-title\">LA MAPPA DELLE PARTECIPAZIONI <\/span><\/a><a href=\"https:\/\/www.dagospia.com\/media-gallery\/dago-fotogallery-521602\/2089791\" class=\"float-left img-wrapper\"><img decoding=\"async\" id=\"2089791\" loading=\"lazy\" src=\"https:\/\/static.dagospia.com\/img\/foto\/01-2025\/gli-azionisti-di-generali-2089791_800_q50.webp\"><span class=\"img-title\">GLI AZIONISTI DI GENERALI <\/span><\/a><\/p>\n<p class=\"disable\">\u00a0&#8230;&#8230;&#8230;&#8230;&#8230;&#8230;&#8230;&#8230;&#8230;&#8230;&#8230;&#8230;..<\/p>\n<\/div>\n<article><a href=\"https:\/\/www.dagospia.com\/politica\/risiko-s-ingrossa-l-apertura-assicurazioni-generali-valutare-l-offerta-484996\"><\/p>\n<div class=\"img-wrapper\"><img decoding=\"async\" src=\"https:\/\/static.dagospia.com\/img\/patch\/08-2026\/generali-philippe-donnet-luigi-lovaglio-carlo-messina-2292458_600_q50.webp\" alt=\"generali philippe donnet luigi lovaglio carlo messina \" loading=\"lazy\"><time class=\"data-ora\">27 ago 21:02<\/time><\/div>\n<div class=\"excerpt\">\n<p>DAGOREPORT &#8211; <span>IL RISIKO S&#8217;INGROSSA!<\/span> L\u2019APERTURA DI ASSICURAZIONI GENERALI A VALUTARE L&#8217;OFFERTA\u201d DI MPS PER L\u2019ACQUISIZIONE DI BANCA GENERALI, <span>\u00c8 UN GRAN PASSO AVANTI PER IL PIANO DI LOVAGLIO PER DISINNESCARE L\u2019OPAS SUL \u201cMONTE\u201d DI BANCA INTESA <\/span>&#8211; SECONDO PIAZZA AFFARI, L\u2019OPERAZIONE TRIESTE-SIENA POTREBBE AVERE DALLA SUA <span>L\u2019APPOGGIO DEI POTENTISSIMI FONDI DI INVESTIMENTO INTERNAZIONALI, TRA CUI BLACKROCK<\/span>, CHE HA PERALTRO IMPORTANTI INTERESSI NELLE BANCHE ITALIANE, TRA CUI INTESA &#8211; <span>ORA INIZIA UNA PARTITA APERTISSIMA DAL PUNTO DI VISTA FINANZIARIO, MA ANCHE DA QUELLO POLITICO:<\/span> IL 26 OTTOBRE\u00a0 L\u2019ASSEMBLEA STRAORDINARIA DI MPS SARA&#8217; CHIAMATA AD APPROVARE L&#8217;ACQUISIZIONE E TUTTO PUO&#8217; SUCCEDERE&#8230;<\/p>\n<\/div>\n<p><\/a><\/article>\n<article><a href=\"https:\/\/www.dagospia.com\/cronache\/voluto-trump-t-attacchi-scorta-i-leader-silicon-valley-484985\"><\/p>\n<div class=\"img-wrapper\"><img decoding=\"async\" src=\"https:\/\/static.dagospia.com\/img\/patch\/08-2026\/mark-zuckerberg-proteste-2299936_600_q50.webp\" alt=\"mark zuckerberg proteste \" loading=\"lazy\"><time class=\"data-ora\">27 ago 19:54<\/time><\/div>\n<div class=\"excerpt\">\n<p>HAI VOLUTO TRUMP? E ORA T\u2019ATTACCHI ALLA SCORTA! \u2013<span> I LEADER DELLA SILICON VALLEY SONO OSSESSIONATI DALLA LORO SICUREZZA, E SPENDONO VAGONATE DI DOLLARI IN PROTEZIONE, GUARDIE DEL CORPO, BUNKER. <\/span>COLPA DELLA SVOLTA TRUMPIANA E DELLA RIVOLUZIONE DELL\u2019ACCELERAZIONE INCONTROLLABILE DELL\u2019INTELLIGENZA ARTIFICIALE, CHE RISCHIA DI PRODURRE FOLLE DI DISOCCUPATI INCAZZATI PRONTI AD ASSALTARE, OLTRE AI DATA CENTER, I VILLONI DEI PAPERONI \u2013 <span>IL PI\u00d9 PARANOICO DI TUTTI? MARK ZUCKERBERG! META SPENDE OLTRE 25 MILIONI DI DOLLARI ALL\u2019ANNO ESCLUSIVAMENTE PER LA PROTEZIONE DEL SUO FONDATORE<\/span> \u2013 L\u2019OSSESSIONE DEI MILIARDARI PER BUNKER DI LUSSO, FORTEZZE SOTTERRANEE, RIFUGI IN NUOVA ZELANDA E HAWAII, CON INVESTIMENTI CHE OSCILLAVANO TRA I DIECI E I CINQUANTA MILIONI DI DOLLARI CIASCUNO&#8230;<\/p>\n<\/div>\n<p><\/a><\/article>\n<article><a href=\"https:\/\/www.dagospia.com\/politica\/flash-giorgia-meloni-manda-armi-sottobanco-all-ucraina-per-non-spaccare-484982\"><\/p>\n<div class=\"img-wrapper\"><img decoding=\"async\" src=\"https:\/\/static.dagospia.com\/img\/patch\/08-2026\/giorgia-meloni-volodymyr-zelensky-mario-draghi-2299913_600_q50.webp\" alt=\"giorgia meloni volodymyr zelensky mario draghi \" loading=\"lazy\"><time class=\"data-ora\">27 ago 17:21<\/time><\/div>\n<div class=\"excerpt\">\n<p>FLASH \u2013<span> GIORGIA MELONI MANDA LE ARMI SOTTOBANCO ALL\u2019UCRAINA PER NON SPACCARE LA SUA MAGGIORANZA. IL PRIMO A FARLO FU DRAGHI: <\/span>\u201cMARIOPIO\u201d NEL 2022 INTRODUSSE IL RICORSO A DECRETI INTERMINISTERIALI CON ELENCHI SECRETATI PER L&#8217;INVIO DI FORNITURE MILITARI ALL&#8217;UCRAINA. AVENDO COME AZIONISTI MAGGIORANZA I PUTINIANI DI LEGA\u00a0E MOVIMENTO 5 STELLE, L\u2019UNICO MODO PER MANDARE AVANTI LA BARACCA ERA \u201cNASCONDERE\u201d L\u2019INVIO DI ARMI\u2026<\/p>\n<\/div>\n<p><\/a><\/article>\n<article><a href=\"https:\/\/www.dagospia.com\/politica\/qual-era-scopo-blitz-capo-cia-mosca-i-beninformati-washington-484881\"><\/p>\n<div class=\"img-wrapper\"><img decoding=\"async\" src=\"https:\/\/static.dagospia.com\/img\/patch\/12-2025\/vladimir-putin-donald-trump-volodymyr-zelensky-2214409_600_q50.webp\" alt=\"vladimir putin donald trump volodymyr zelensky\" loading=\"lazy\"><time class=\"data-ora\">26 ago 20:31<\/time><\/div>\n<div class=\"excerpt\">\n<p>FLASH! \u2013 QUANDO LE COSE GIRANO SUL PEGGIO, INTERVENGONO I SERVIZI SEGRETI &#8211;\u00a0<span>IL BENINFORMATO\u00a0CAPO DELLA CIA,\u00a0JOHN RATCLIFFE, SAREBBE VOLATO A MOSCA,\u00a0<\/span>SECONDO RUMORS DI WASHINGTON, PER CONSEGNARE UN DURO AVVERTIMENTO ALLA CRICCA DI PUTIN, FINITA IN UN CUL DE SAC NEL CONFLITTO UCRAINO \u2013 <span>CARO VLADIMIR, UN&#8217;EVENTUALE ESCALATION CON USO DI ARMI NUCLEARI TATTICHE, CAPACI DI DISTRUGGERE KM DI TERRITORIO UCRAINO, \u00c8 UNA LINEA ASSOLUTAMENTE DA NON OLTREPASSARE<\/span>: GLI STATI UNITI NON STAREBBERO CON LE MANI IN MANO\u2026\u00a0<\/p>\n<\/div>\n<p><\/a><\/article>\n<article><a href=\"https:\/\/www.dagospia.com\/politica\/prossima-destinazione-enrico-mentana-padrone-supremo-tutta-l-informazione-484639\"><\/p>\n<div class=\"img-wrapper\"><img decoding=\"async\" src=\"https:\/\/static.dagospia.com\/img\/patch\/08-2026\/kyriakou-pier-silvio-berlusconi-enrico-mentana-crippa-fedele-confalonieri-medias-2298828_600_q50.webp\" alt=\"kyriakou pier silvio berlusconi enrico mentana crippa fedele confalonieri mediaset urbano cairo marina\" loading=\"lazy\"><time class=\"data-ora\">24 ago 19:47<\/time><\/div>\n<div class=\"excerpt\">\n<p>DAGOREPORT &#8211; RITORNA A CASA, LESSO! <span>SI ACCAVALLANO LE VOCI CHE LA PROSSIMA DESTINAZIONE DI ENRICO MENTANA SIA QUELLA DI PADRONE SUPREMO DI TUTTA L\u2019INFORMAZIONE MEDIASET<\/span> &#8211; RUOLO CHE DAL 1998 RICOPRE IL FEDELISSIMO \u201cFELDMARESCIALLO\u201d DI FEDELE CONFALONIERI, MAURO CRIPPA, ARTEFICE MAGICO DEL \u201cRETEQUATTRISMO\u201d DEI DEL DEBBIO-PORRO-GIORDANO-SALLUSTI CHE HA APPARECCHIATO L\u2019AVANZATA POPULISTA DI SALVINI E POI IL MELONISMO SENZA LIMITISMO &#8211; <span>CHE PIER SILVIO (E LA SORELLA SUPERIORE MARINA) ABBIA LE PALLE IN SATURAZIONE DEL \u201cCRIPPISMO ALLA FIAMMA\u201d <\/span>SI ERA BEN CAPITO DALLO SBARCO SU RETE4 DI BIANCA BERLINGUER, POI DI TOMMASO LABATE E INFINE DI MILO INFANTE CHE, OLTRE A CONDURRE DUE PROGRAMMI, E&#8217; NOMINATO CONDIRETTORE DELLA \u201cSTANZA DEI BOTTONI\u201d DEL CRIPPA-PENSIERO, VIDEONEWS &#8211; <span>L\u2019IPOTESI MENTANA \u00c8 STATA ACCOLTA DALLA CRICCA DI CRIPPA OVVIAMENTE MALE, MALISSIMO,<\/span> CONOSCENDO ALTRES\u00cc BENE IL CARATTERINO DI CHICCO. E GIRANO A MEZZA VOCE BATTUTINE DEL TIPO: <span>\u2018\u2019PIER SILVIO MANDA IN PENSIONE IL 67ENNE CRIPPA PER SOSTITUIRLO CON MENTANA, PENSIONATO DI 71 ANNI&#8230;\u2019\u2019<\/span><\/p>\n<\/div>\n<p><\/a><\/article>\n<article><a href=\"https:\/\/www.dagospia.com\/media-tv\/martedi-prossimo-calera-sipario-ranucci-ottobre-quando-ritornera-in-onda-484460\"><\/p>\n<div class=\"img-wrapper\"><img decoding=\"async\" src=\"https:\/\/static.dagospia.com\/img\/patch\/07-2026\/sigfrido-ranucci-valter-lavitola-giampaolo-rossi-2287105_600_q50.webp\" alt=\"sigfrido ranucci valter lavitola giampaolo rossi \" loading=\"lazy\"><time class=\"data-ora\">23 ago 19:56<\/time><\/div>\n<div class=\"excerpt\">\n<p>DAGOREPORT &#8211;\u00a0<span>MARTED\u00cc PROSSIMO CALER\u00c0 IL SIPARIO SU RANUCCI: A OTTOBRE, QUANDO RITORNER\u00c0 IN ONDA \u201cREPORT\u201d, L\u2019AMICO FRATERNO\u201d DI WALTERINO LAVITOLA NON SAR\u00c0 PI\u00d9 ALLA CONDUZIONE<\/span> &#8211; IN SEGUITO ALLE VERIFICHE INTERNE (\u201cAUDIT) SUL RISPETTO DEL CODICE ETICO DELLA RAI E IN ATTESA DELLE DECISIONI DEGLI INQUIRENTI E DEI MAGISTRATI SULLA MA-LAVITOLA ALLE VONGOLE SGUSCIATE, <span>L&#8217;AMMINISTRATORE DELEGATO GIAMPAOLO ROSSI COMUNICHER\u00c0 A RANUCCI IL CAMBIO DI CONDUZIONE (SOSTITUZIONE CHE \u00c8 NEL PIENO DIRITTO DELLE PROCEDURE AZIENDALI) <\/span>&#8211; QUINDI, A DISPETTO DI QUANTO PI\u00d9 VOLTE SCRITTO, IL DIPENDENTE RAI RANUCCI SIGFRIDO NON VERR\u00c0 ASSOLUTAMENTE \u201cSOSPESO\u201d DAL RUOLO DI VICE-DIRETTORE, IL SUO STIPENDIO CORRER\u00c0 TRANQUILLO COME OGNI MESE, MA <span>VERR\u00c0 SPOSTATO DAL RESPONSABILE DEI PROGRAMMI DI APPROFONDIMENTO, PAOLO CORSINI, AD ALTRI IMPORTANTI INCARICHI <\/span>&#8211; FINE DEL PRIMO TEMPO&#8230;.<\/p>\n<\/div>\n<p><\/a><\/article>\n<article><a href=\"https:\/\/www.dagospia.com\/media-tv\/lume-candela-rocco-casalino-rifiutato-400mila-euro-per-grande-fratello-484560\"><\/p>\n<div class=\"img-wrapper\"><img decoding=\"async\" src=\"https:\/\/static.dagospia.com\/img\/patch\/08-2026\/rocco-casalino-2026candela-2298627_600_q50.webp\" alt=\"rocco casalino 2026candela \" loading=\"lazy\"><\/div>\n<div class=\"excerpt\">A LUME DI CANDELA \u2013 ROCCO CASALINO HA RIFIUTATO 400MILA EURO PER IL \u201cGRANDE FRATELLO VIP\u201d, MA\u2026<\/div>\n<p><\/a><\/article>\n<article><a href=\"https:\/\/www.dagospia.com\/media-tv\/dandolate-per-oggi-francesca-pascale-noemi-bocchi-manuela-485153\"><\/p>\n<div class=\"img-wrapper\"><img decoding=\"async\" src=\"https:\/\/static.dagospia.com\/img\/patch\/08-2026\/dandolo-dandolate-oggi-2300492_600_q50.webp\" alt=\"dandolo dandolate oggi\" loading=\"lazy\"><\/div>\n<div class=\"excerpt\">LA POLITICA PUO\u2019 ASPETTARE! FRANCESCA PASCALE SI DA\u2019 ALL\u2019IPPICA: L\u2019EX COMPAGNA DI BERLUSCONI SI\u2026<\/div>\n<p><\/a><\/article>\n<article><a href=\"https:\/\/www.dagospia.com\/media-tv\/pillole-gossip-gf-vip-marina-rosa-michelle-485065\"><\/p>\n<div class=\"img-wrapper\"><img decoding=\"async\" src=\"https:\/\/static.dagospia.com\/img\/patch\/08-2026\/pillole-avanti-gossip-2300263_600_q50.webp\" alt=\"pillole avanti gossip\" loading=\"lazy\"><\/div>\n<div class=\"excerpt\">PILLOLE DI GOSSIP! IL &#8220;GRANDE FRATELLO VIP&#8221; PARTIR\u00c0 IL 17 SETTEMBRE CON DUE SERATE SETTIMANALI.\u2026<\/div>\n<p><\/a><\/article>\n<article><a href=\"https:\/\/www.dagospia.com\/media-tv\/riconoscete-dalle-chiappe-bagnate-42enne-rivisita-l-odissea-in-versione-484803\"><\/p>\n<div class=\"img-wrapper\"><img decoding=\"async\" src=\"https:\/\/static.dagospia.com\/img\/patch\/08-2026\/emma-marrone-2299361_600_q50.webp\" alt=\"emma marrone\" loading=\"lazy\"><\/div>\n<div class=\"excerpt\">LA RICONOSCETE DALLE CHIAPPE BAGNATE? LA 42ENNE, IN VACANZA AL LARGO DELLE COSTE CAMPANE, RIVISITA\u2026<\/div>\n<p><\/a><\/article>\n<article><a href=\"https:\/\/www.dagospia.com\/politica\/risiko-s-ingrossa-l-apertura-assicurazioni-generali-valutare-l-offerta-484996\"><\/p>\n<div class=\"img-wrapper\"><img decoding=\"async\" src=\"https:\/\/static.dagospia.com\/img\/patch\/08-2026\/generali-philippe-donnet-luigi-lovaglio-carlo-messina-2292458_600_q50.webp\" alt=\"generali philippe donnet luigi lovaglio carlo messina \" loading=\"lazy\"><\/div>\n<div class=\"excerpt\">DAGOREPORT &#8211; IL RISIKO S&#8217;INGROSSA! L\u2019APERTURA DI ASSICURAZIONI GENERALI A VALUTARE L&#8217;OFFERTA\u201d DI\u2026<\/div>\n<p><\/a><\/article>\n<article><a href=\"https:\/\/www.dagospia.com\/cronache\/voluto-trump-t-attacchi-scorta-i-leader-silicon-valley-484985\"><\/p>\n<div class=\"img-wrapper\"><img decoding=\"async\" src=\"https:\/\/static.dagospia.com\/img\/patch\/08-2026\/mark-zuckerberg-proteste-2299936_600_q50.webp\" alt=\"mark zuckerberg proteste \" loading=\"lazy\"><\/div>\n<div class=\"excerpt\">HAI VOLUTO TRUMP? E ORA T\u2019ATTACCHI ALLA SCORTA! \u2013 I LEADER DELLA SILICON VALLEY SONO OSSESSIONATI\u2026<\/div>\n<p><\/a><\/article>\n<article><a href=\"https:\/\/www.dagospia.com\/politica\/flash-giorgia-meloni-manda-armi-sottobanco-all-ucraina-per-non-spaccare-484982\"><\/p>\n<div class=\"img-wrapper\"><img decoding=\"async\" src=\"https:\/\/static.dagospia.com\/img\/patch\/08-2026\/giorgia-meloni-volodymyr-zelensky-mario-draghi-2299913_600_q50.webp\" alt=\"giorgia meloni volodymyr zelensky mario draghi \" loading=\"lazy\"><\/div>\n<div class=\"excerpt\">FLASH \u2013 GIORGIA MELONI MANDA LE ARMI SOTTOBANCO ALL\u2019UCRAINA PER NON SPACCARE LA SUA MAGGIORANZA. IL\u2026<\/div>\n<p><\/a><\/article>\n<article><a href=\"https:\/\/www.dagospia.com\/politica\/qual-era-scopo-blitz-capo-cia-mosca-i-beninformati-washington-484881\"><\/p>\n<div class=\"img-wrapper\"><img decoding=\"async\" src=\"https:\/\/static.dagospia.com\/img\/patch\/12-2025\/vladimir-putin-donald-trump-volodymyr-zelensky-2214409_600_q50.webp\" alt=\"vladimir putin donald trump volodymyr zelensky\" loading=\"lazy\"><\/div>\n<div class=\"excerpt\">FLASH! \u2013 QUANDO LE COSE GIRANO SUL PEGGIO, INTERVENGONO I SERVIZI SEGRETI &#8211;\u00a0IL BENINFORMATO\u00a0CAPO\u2026<\/div>\n<p><\/a><\/article>\n<article><a href=\"https:\/\/www.dagospia.com\/politica\/prossima-destinazione-enrico-mentana-padrone-supremo-tutta-l-informazione-484639\"><\/p>\n<div class=\"img-wrapper\"><img decoding=\"async\" src=\"https:\/\/static.dagospia.com\/img\/patch\/08-2026\/kyriakou-pier-silvio-berlusconi-enrico-mentana-crippa-fedele-confalonieri-medias-2298828_600_q50.webp\" alt=\"kyriakou pier silvio berlusconi enrico mentana crippa fedele confalonieri mediaset urbano cairo marina\" loading=\"lazy\"><\/div>\n<div class=\"excerpt\">DAGOREPORT &#8211; RITORNA A CASA, LESSO! SI ACCAVALLANO LE VOCI CHE LA PROSSIMA DESTINAZIONE DI ENRICO\u2026<\/div>\n<p><\/a><\/article>\n<article><a href=\"https:\/\/www.dagospia.com\/media-tv\/martedi-prossimo-calera-sipario-ranucci-ottobre-quando-ritornera-in-onda-484460\"><\/p>\n<div class=\"img-wrapper\"><img decoding=\"async\" src=\"https:\/\/static.dagospia.com\/img\/patch\/07-2026\/sigfrido-ranucci-valter-lavitola-giampaolo-rossi-2287105_600_q50.webp\" alt=\"sigfrido ranucci valter lavitola giampaolo rossi \" loading=\"lazy\"><\/div>\n<div class=\"excerpt\">DAGOREPORT &#8211;\u00a0MARTED\u00cc PROSSIMO CALER\u00c0 IL SIPARIO SU RANUCCI: A OTTOBRE, QUANDO RITORNER\u00c0 IN ONDA\u2026<\/div>\n<p><\/a><\/article>\n<article><a href=\"https:\/\/www.dagospia.com\/politica\/dagoreport-come-si-arriva-clamoroso-scazzo-diplomatico-l-etiopia-bisogna-484514\"><\/p>\n<div class=\"img-wrapper\"><img decoding=\"async\" src=\"https:\/\/static.dagospia.com\/img\/patch\/08-2026\/giorgia-meloni-e-primo-ministro-etiope-abiy-ahmed-sem-fabrizi-2298489_600_q50.webp\" alt=\"giorgia meloni e primo ministro etiope abiy ahmed sem fabrizi\" loading=\"lazy\"><\/div>\n<div class=\"excerpt\">DAGOREPORT \u2013 COME SI \u00c8 ARRIVATI AL CLAMOROSO SCAZZO DIPLOMATICO CON L\u2019ETIOPIA? BISOGNA TORNARE AL\u2026<\/div>\n<p><\/a><\/article>\n<article><a href=\"https:\/\/www.dagospia.com\/politica\/flash-in-pochi-sottolineano-quali-gli-unici-grandi-paesi-dell-ue-non-484512\"><\/p>\n<div class=\"img-wrapper\"><img decoding=\"async\" src=\"https:\/\/static.dagospia.com\/img\/patch\/08-2026\/ceuta-migranti-spagna-francia-pedro-sanchez-giorgia-meloni-emmanuel-macron-2291912_600_q50.webp\" alt=\"ceuta migranti spagna francia pedro sanchez giorgia meloni emmanuel macron\" loading=\"lazy\"><\/div>\n<div class=\"excerpt\">FLASH \u2013 IN POCHI SOTTOLINEANO QUALI SONO GLI UNICI DUE GRANDI PAESI DELL\u2019UE A NON ACCODARSI AI\u2026<\/div>\n<p><\/a><\/article>\n<article><a href=\"https:\/\/www.dagospia.com\/politica\/lega-e-resa-dei-conti-forza-italia-non-sta-messa-benissimo-484219\"><\/p>\n<div class=\"img-wrapper\"><img decoding=\"async\" src=\"https:\/\/static.dagospia.com\/img\/patch\/08-2026\/giorgia-meloni-antonio-tajani-matteo-salvini-2297713_600_q50.webp\" alt=\"giorgia meloni antonio tajani matteo salvini \" loading=\"lazy\"><\/div>\n<div class=\"excerpt\">DAGOREPORT \u2013 I FRANCHI-TIRATORI PER IL \u201cMELONELLUM\u201d INIZIANO A ESSERE TANTI, FORSE TROPPI \u2013 SE LA\u2026<\/div>\n<p><\/a><\/article>\n<article><a href=\"https:\/\/www.dagospia.com\/business\/dagoreport-nel-gioco-specchi-risikone-bancario-lovaglio-tenta-doppia-484172\"><\/p>\n<div class=\"img-wrapper\"><img decoding=\"async\" src=\"https:\/\/static.dagospia.com\/img\/patch\/08-2026\/meloni-schlein-lovaglio-messina-donnet-2297564_600_q50.webp\" alt=\"meloni schlein lovaglio messina donnet\" loading=\"lazy\"><\/div>\n<div class=\"excerpt\">DAGOREPORT \u2013 A FERRAGOSTO UN COLPO DI \u201cSOLE\u201d CI STA. FIRMATO DAL DIRETTORE DEL QUOTIDIANO DELLA\u2026<\/div>\n<p><\/a><\/article>\n<article><a href=\"https:\/\/www.dagospia.com\/cafonal\/cafonalino-roma-proiezione-documentario-marco-bellocchio-marco-travaglio-485081\"><\/p>\n<div class=\"img-wrapper\"><img decoding=\"async\" src=\"https:\/\/static.dagospia.com\/img\/patch\/08-2026\/2026bellocchio-anteprima-film-di-marco-bellocchio-2300339_600_q50.webp\" alt=\"2026bellocchio anteprima film di marco bellocchio\" loading=\"lazy\"><\/div>\n<div class=\"excerpt\">CAFONALINO! AL CINEMA QUATTRO FONTANE DI ROMA LA PROIEZIONE SPECIALE DEL DOCUMENTARIO \u201cMARCO\u2026<\/div>\n<p><\/a><\/article>\n<article><a href=\"https:\/\/www.dagospia.com\/cafonal\/cafonal-show-ranucci-cerveteri-freni-ho-fatto-scoop-nazionali-484807\"><\/p>\n<div class=\"img-wrapper\"><img decoding=\"async\" src=\"https:\/\/static.dagospia.com\/img\/patch\/08-2026\/2026ranucci-sigfrido-ranucci-2299409_600_q50.webp\" alt=\"2026ranucci sigfrido ranucci\" loading=\"lazy\"><\/div>\n<div class=\"excerpt\">SIGFRIDO, IL MASANIELLO DE NOANTRI \u2013 RANUCCI HA PERSO OGNI FRENO E, ALLA PRESENTAZIONE DEL SUO\u2026<\/div>\n<p><\/a><\/article>\n<article><a href=\"https:\/\/www.dagospia.com\/cafonal\/funeralino-l-ultimo-saluto-mitico-produttore-cinematografico-fulvio-484127\"><\/p>\n<div class=\"img-wrapper\"><img decoding=\"async\" src=\"https:\/\/static.dagospia.com\/img\/patch\/08-2026\/2026lucisano-2297424_600_q50.webp\" alt=\"2026lucisano\" loading=\"lazy\"><\/div>\n<div class=\"excerpt\">FUNERALINO \u2013 NELLA CALLARA ROMANA D\u2019AGOSTO, L\u2019ULTIMO SALUTO AL MITICO PRODUTTORE CINEMATOGRAFICO\u2026<\/div>\n<p><\/a><\/article>\n<article><a href=\"https:\/\/www.dagospia.com\/cafonal\/cafonalino-pizza-riformista-matteo-renzi-raduna-i-suoi-prima-delle-480816\"><\/p>\n<div class=\"img-wrapper\"><img decoding=\"async\" src=\"https:\/\/static.dagospia.com\/img\/patch\/07-2026\/2026kraken-matteo-renzi-2286047_600_q50.webp\" alt=\"2026kraken matteo renzi \" loading=\"lazy\"><\/div>\n<div class=\"excerpt\">CAFONALINO DELLA PIZZA RIFORMISTA \u2013 RENZI RADUNA I SUOI PRIMA DELLE VACANZE ESTIVE AL SATYRUS DI\u2026<\/div>\n<p><\/a><\/article>\n<article><a href=\"https:\/\/www.dagospia.com\/cafonal\/cafonalino-moreno-party-roma-manuela-moreno-festeggia-i-60-anni-480777\"><\/p>\n<div class=\"img-wrapper\"><img decoding=\"async\" src=\"https:\/\/static.dagospia.com\/img\/patch\/07-2026\/manuela-moreno-festa-60-anni-2285871_600_q50.webp\" alt=\"manuela moreno festa 60 anni \" loading=\"lazy\"><\/div>\n<div class=\"excerpt\">CAFONALINO! NO MORENO, NO PARTY \u2013 A ROMA, AL LOVE BAR DI PONTE MILVIO, MANUELA MORENO, CONDUTTRICE\u2026<\/div>\n<p><\/a><\/article>\n<article><a href=\"https:\/\/www.dagospia.com\/cafonal\/cafonalino-firenze-tevere-direttori-redattori-forchettoni-scrocconi-480745\"><\/p>\n<div class=\"img-wrapper\"><img decoding=\"async\" src=\"https:\/\/static.dagospia.com\/img\/patch\/07-2026\/2026agno-marco-agnoletti-2285763_600_q50.webp\" alt=\"2026agno marco agnoletti \" loading=\"lazy\"><\/div>\n<div class=\"excerpt\">CAFONALINO DEGLI AGNOLETTI IN BRODO &#8211; DIRETTORI, REDATTORI, FORCHETTONI E SCROCCONI SFIDANO\u2026<\/div>\n<p><\/a><\/article>\n<p>[analyse_source url=&#8221;https:\/\/www.dagospia.com\/business\/se-messina-intesa-conquista-mps-vero-vincitore-cuccagna-sara-cimbri-485175&#8243;]<\/p>\n","protected":false},"excerpt":{"rendered":"<p>[analyse_image type=&#8221;featured&#8221; src=&#8221;https:\/\/static.dagospia.com\/img\/patch\/06-2026\/carlo-cimbri-messina-2271432_600_q50.webp&#8221;] 29 ago 2026 19:44 RISIKO DELLE MIE BRAME \u2013 SE CARLO MESSINA (INTESA) CONQUISTASSE MPS (E QUOTA GENERALI), VUOI VEDERE CHE ALLA FINE IL VERO VINCITORE DELLA CUCCAGNA SARA&#8217; CARLO CIMBRI? &#8211; UNIPOL SAREBBE LA SECONDA COMPAGNIA DI ASSICURAZIONI E BPER IL SECONDO GRUPPO BANCARIO ITALIANO (NON E&#8217; UN CASO CHE, DOPO [&hellip;]<\/p>\n","protected":false},"author":1,"featured_media":0,"comment_status":"open","ping_status":"","sticky":false,"template":"","format":"standard","meta":{"footnotes":""},"categories":[87],"tags":[226,149],"class_list":["post-2118465","post","type-post","status-publish","format-standard","hentry","category-italy","tag-crawlmanager","tag-dagospia-com"],"_links":{"self":[{"href":"https:\/\/analyse.optim.biz\/index.php?rest_route=\/wp\/v2\/posts\/2118465","targetHints":{"allow":["GET"]}}],"collection":[{"href":"https:\/\/analyse.optim.biz\/index.php?rest_route=\/wp\/v2\/posts"}],"about":[{"href":"https:\/\/analyse.optim.biz\/index.php?rest_route=\/wp\/v2\/types\/post"}],"author":[{"embeddable":true,"href":"https:\/\/analyse.optim.biz\/index.php?rest_route=\/wp\/v2\/users\/1"}],"replies":[{"embeddable":true,"href":"https:\/\/analyse.optim.biz\/index.php?rest_route=%2Fwp%2Fv2%2Fcomments&post=2118465"}],"version-history":[{"count":0,"href":"https:\/\/analyse.optim.biz\/index.php?rest_route=\/wp\/v2\/posts\/2118465\/revisions"}],"wp:attachment":[{"href":"https:\/\/analyse.optim.biz\/index.php?rest_route=%2Fwp%2Fv2%2Fmedia&parent=2118465"}],"wp:term":[{"taxonomy":"category","embeddable":true,"href":"https:\/\/analyse.optim.biz\/index.php?rest_route=%2Fwp%2Fv2%2Fcategories&post=2118465"},{"taxonomy":"post_tag","embeddable":true,"href":"https:\/\/analyse.optim.biz\/index.php?rest_route=%2Fwp%2Fv2%2Ftags&post=2118465"}],"curies":[{"name":"wp","href":"https:\/\/api.w.org\/{rel}","templated":true}]}}