{"id":2118460,"date":"2026-08-28T06:39:03","date_gmt":"2026-08-28T03:39:03","guid":{"rendered":"https:\/\/analyse.optim.biz\/?p=2118460"},"modified":"2026-08-28T06:39:03","modified_gmt":"2026-08-28T03:39:03","slug":"incepe-prima-editie-a-buzau-wine-fest","status":"publish","type":"post","link":"https:\/\/analyse.optim.biz\/?p=2118460","title":{"rendered":"\u00cencepe prima edi\u021bie a Buz\u0103u Wine Fest"},"content":{"rendered":"<p>[analyse_image type=&#8221;featured&#8221; src=&#8221;https:\/\/buzaumedia.ro\/wp-content\/uploads\/2026\/08\/778882539_28620398057647011_6898728460527716509_n.jpghttps:\/\/buzaumedia.ro\/wp-content\/uploads\/2026\/08\/778882539_28620398057647011_6898728460527716509_n.jpg&#8221;]<\/p>\n<div class=\"entry-content rbct clearfix is-highlight-shares\">\n<p>B\u0103nic\u0103 Ionel: Dragi locuitori ai comunei Pietroasele \u0219i dragi oaspe\u021bi,<br \/>\nAst\u0103zi, v\u0103 a\u0219tept\u0103m \u00een Zona Tezaur din comuna Pietroasele, la deschiderea<br \/>\nprimei edi\u021bii a Buz\u0103u Wine Fest \u2013 un eveniment dedicat vinului,<br \/>\ntradi\u021biilor, culturii \u0219i patrimoniului nostru local.<br \/>\nTimp de trei zile, Pietroasele devine locul \u00een care se \u00eent\u00e2lnesc vinurile<br \/>\ncramelor buzoiene, gastronomia local\u0103, me\u0219te\u0219ugurile tradi\u021bionale, muzica<br \/>\n\u0219i istoria.<br \/>\nNe vedem ast\u0103zi, \u00eencep\u00e2nd cu ora 17:00, la Zona Tezaur!<\/p>\n<div id=\"gallery-1\" class=\"gallery galleryid-189471 gallery-columns-3 gallery-size-thumbnail\">\n<figure class=\"gallery-item\">\n<div class=\"gallery-icon landscape\"><a href=\"https:\/\/buzaumedia.ro\/stiri-buzau\/incepe-prima-editie-a-buzau-wine-fest\/attachment\/778882539_28620398057647011_6898728460527716509_n\/\"><img loading=\"lazy\" decoding=\"async\" width=\"128\" height=\"96\" src=\"https:\/\/buzaumedia.ro\/wp-content\/uploads\/2026\/08\/778882539_28620398057647011_6898728460527716509_n.jpg\" class=\"attachment-thumbnail size-thumbnail\" alt><\/a><\/div>\n<\/figure>\n<\/div>\n<\/div>\n<p>[analyse_source url=&#8221;https:\/\/buzaumedia.ro\/stiri-buzau\/incepe-prima-editie-a-buzau-wine-fest\/&#8221;]<\/p>\n","protected":false},"excerpt":{"rendered":"<p>[analyse_image type=&#8221;featured&#8221; src=&#8221;https:\/\/buzaumedia.ro\/wp-content\/uploads\/2026\/08\/778882539_28620398057647011_6898728460527716509_n.jpghttps:\/\/buzaumedia.ro\/wp-content\/uploads\/2026\/08\/778882539_28620398057647011_6898728460527716509_n.jpg&#8221;] B\u0103nic\u0103 Ionel: Dragi locuitori ai comunei Pietroasele \u0219i dragi oaspe\u021bi, Ast\u0103zi, v\u0103 a\u0219tept\u0103m \u00een Zona Tezaur din comuna Pietroasele, la deschiderea primei edi\u021bii a Buz\u0103u Wine Fest \u2013 un eveniment dedicat vinului, tradi\u021biilor, culturii \u0219i patrimoniului nostru local. Timp de trei zile, Pietroasele devine locul \u00een care se \u00eent\u00e2lnesc vinurile cramelor buzoiene, [&hellip;]<\/p>\n","protected":false},"author":1,"featured_media":0,"comment_status":"open","ping_status":"","sticky":false,"template":"","format":"standard","meta":{"footnotes":""},"categories":[2],"tags":[66,226],"class_list":["post-2118460","post","type-post","status-publish","format-standard","hentry","category-politics","tag-buzaumedia-ro","tag-crawlmanager"],"_links":{"self":[{"href":"https:\/\/analyse.optim.biz\/index.php?rest_route=\/wp\/v2\/posts\/2118460","targetHints":{"allow":["GET"]}}],"collection":[{"href":"https:\/\/analyse.optim.biz\/index.php?rest_route=\/wp\/v2\/posts"}],"about":[{"href":"https:\/\/analyse.optim.biz\/index.php?rest_route=\/wp\/v2\/types\/post"}],"author":[{"embeddable":true,"href":"https:\/\/analyse.optim.biz\/index.php?rest_route=\/wp\/v2\/users\/1"}],"replies":[{"embeddable":true,"href":"https:\/\/analyse.optim.biz\/index.php?rest_route=%2Fwp%2Fv2%2Fcomments&post=2118460"}],"version-history":[{"count":0,"href":"https:\/\/analyse.optim.biz\/index.php?rest_route=\/wp\/v2\/posts\/2118460\/revisions"}],"wp:attachment":[{"href":"https:\/\/analyse.optim.biz\/index.php?rest_route=%2Fwp%2Fv2%2Fmedia&parent=2118460"}],"wp:term":[{"taxonomy":"category","embeddable":true,"href":"https:\/\/analyse.optim.biz\/index.php?rest_route=%2Fwp%2Fv2%2Fcategories&post=2118460"},{"taxonomy":"post_tag","embeddable":true,"href":"https:\/\/analyse.optim.biz\/index.php?rest_route=%2Fwp%2Fv2%2Ftags&post=2118460"}],"curies":[{"name":"wp","href":"https:\/\/api.w.org\/{rel}","templated":true}]}}