{"id":2118459,"date":"2026-08-28T04:30:19","date_gmt":"2026-08-28T01:30:19","guid":{"rendered":"https:\/\/analyse.optim.biz\/?p=2118459"},"modified":"2026-08-28T04:30:19","modified_gmt":"2026-08-28T01:30:19","slug":"trotuarul-din-fata-colegiului-mihai-eminescu-a-fost-inchis-de-teama-tiglelor-care-se-prabusesc-de-pe-acoperis","status":"publish","type":"post","link":"https:\/\/analyse.optim.biz\/?p=2118459","title":{"rendered":"Trotuarul din fa\u021ba Colegiului \u201dMihai Eminescu\u201d a fost \u00eenchis, de teama \u021biglelor care se pr\u0103bu\u0219esc de pe acoperi\u0219!"},"content":{"rendered":"<p>[analyse_image type=&#8221;featured&#8221; src=&#8221;https:\/\/buzaumedia.ro\/wp-content\/uploads\/2026\/08\/eminescu.jpghttps:\/\/buzaumedia.ro\/wp-content\/uploads\/2026\/08\/eminescu.jpg&#8221;]<\/p>\n<div class=\"entry-content rbct clearfix is-highlight-shares\">\n<p>Buzoienii nu vor mai putea circula pe trotuarul din fa\u021ba Colegiului<br \/>\nNa\u021bional \u201dMihai Eminescu\u201d o bun\u0103 bucat\u0103 de vreme. Prim\u0103ria Buz\u0103u a<br \/>\nhot\u0103r\u00e2t s\u0103 \u00eenchid\u0103 trotuarul, deoarece de pe acoperi\u0219ul cl\u0103dirii<br \/>\nmonument istoric continu\u0103 se se desprind\u0103 \u0219i s\u0103 cad\u0103 \u021bigle.<br \/>\nReprezentan\u021bii muncipalit\u0103\u021bii precizea c\u0103 m\u0103sura \u00eengr\u0103dirii cu garduri<br \/>\nmetalice a trotuarului a fost luat\u0103, \u00een condi\u021biile \u00een care noul an<br \/>\n\u0219colar bate la u\u0219\u0103, iar zona va fi traversat\u0103 de elevi \u0219i profesori.<br \/>\nDe asemenea, \u00een perioada urm\u0103toare sunt preconizate noi lucr\u0103ri de<br \/>\nrepara\u021bii la acoperi\u0219. Restric\u021biile impuse vor fi men\u021binute p\u00e2n\u0103 la<br \/>\nfinalizarea lucr\u0103rilor \u0219i \u00eendep\u0103rtarea pericolului producerii unui<br \/>\naccident.<br \/>\nPotrivit reprezentan\u021bilor Prim\u0103riei, \u00een acest zile va fi finalizat\u0103<br \/>\nexpertiza, care va indica deficien\u021bele acoperi\u0219ului cl\u0103dirii \u0219i<br \/>\nsolu\u021biile tehice care se impun. Ulterior, muncipalitatea va organiza o<br \/>\nlicita\u021bie pentru desemnareaa unei firme care s\u0103 reabiliteze acoperi\u0219ul<br \/>\nliceului.<br \/>\nPotrivit speciali\u0219tilor \u00een construc\u021bii, problema acoperi\u0219ului cl\u0103dirii<br \/>\nColegiului \u201eMihai Eminescu\u201d se datoreaz\u0103 faptului c\u0103 \u021biglele nu au<br \/>\nfost montate corect. Drept urmare, singura solu\u021bie pentru remedierea<br \/>\nsitua\u021biei ar trebui ca toate \u021biglele s\u0103 fie date jos \u0219i montate, din<br \/>\nnou, corect.<br \/>\nP\u00e2n\u0103 c\u00e2nd acoperi\u0219ul va fi reparat, to\u021bi trec\u0103torii sunt sf\u0103tui\u021bi s\u0103<br \/>\nrespecte m\u0103surile de protec\u021bie instituite \u00een zon\u0103 de Poli\u021bia Local\u0103 \u0219i<br \/>\ns\u0103 fie aten\u021bi c\u00e2nd se deplaseaz\u0103 \u00een apropierea liceului.<\/p>\n<div id=\"gallery-1\" class=\"gallery galleryid-189467 gallery-columns-3 gallery-size-thumbnail\">\n<figure class=\"gallery-item\">\n<div class=\"gallery-icon landscape\"><a href=\"https:\/\/buzaumedia.ro\/stiri-buzau\/fwd-trotuarul-din-fata-colegiului-mihai-eminescu-a-fost-inchis-de-teama-tiglelor-care-se-prabusesc-de-pe-acoperis\/attachment\/eminescu-11\/\"><img loading=\"lazy\" decoding=\"async\" width=\"128\" height=\"72\" src=\"https:\/\/buzaumedia.ro\/wp-content\/uploads\/2026\/08\/eminescu.jpg\" class=\"attachment-thumbnail size-thumbnail\" alt><\/a><\/div>\n<\/figure>\n<\/div>\n<\/div>\n<p>[analyse_source url=&#8221;https:\/\/buzaumedia.ro\/stiri-buzau\/fwd-trotuarul-din-fata-colegiului-mihai-eminescu-a-fost-inchis-de-teama-tiglelor-care-se-prabusesc-de-pe-acoperis\/&#8221;]<\/p>\n","protected":false},"excerpt":{"rendered":"<p>[analyse_image type=&#8221;featured&#8221; src=&#8221;https:\/\/buzaumedia.ro\/wp-content\/uploads\/2026\/08\/eminescu.jpghttps:\/\/buzaumedia.ro\/wp-content\/uploads\/2026\/08\/eminescu.jpg&#8221;] Buzoienii nu vor mai putea circula pe trotuarul din fa\u021ba Colegiului Na\u021bional \u201dMihai Eminescu\u201d o bun\u0103 bucat\u0103 de vreme. Prim\u0103ria Buz\u0103u a hot\u0103r\u00e2t s\u0103 \u00eenchid\u0103 trotuarul, deoarece de pe acoperi\u0219ul cl\u0103dirii monument istoric continu\u0103 se se desprind\u0103 \u0219i s\u0103 cad\u0103 \u021bigle. Reprezentan\u021bii muncipalit\u0103\u021bii precizea c\u0103 m\u0103sura \u00eengr\u0103dirii cu garduri metalice a trotuarului [&hellip;]<\/p>\n","protected":false},"author":1,"featured_media":0,"comment_status":"open","ping_status":"","sticky":false,"template":"","format":"standard","meta":{"footnotes":""},"categories":[2],"tags":[66,226],"class_list":["post-2118459","post","type-post","status-publish","format-standard","hentry","category-politics","tag-buzaumedia-ro","tag-crawlmanager"],"_links":{"self":[{"href":"https:\/\/analyse.optim.biz\/index.php?rest_route=\/wp\/v2\/posts\/2118459","targetHints":{"allow":["GET"]}}],"collection":[{"href":"https:\/\/analyse.optim.biz\/index.php?rest_route=\/wp\/v2\/posts"}],"about":[{"href":"https:\/\/analyse.optim.biz\/index.php?rest_route=\/wp\/v2\/types\/post"}],"author":[{"embeddable":true,"href":"https:\/\/analyse.optim.biz\/index.php?rest_route=\/wp\/v2\/users\/1"}],"replies":[{"embeddable":true,"href":"https:\/\/analyse.optim.biz\/index.php?rest_route=%2Fwp%2Fv2%2Fcomments&post=2118459"}],"version-history":[{"count":0,"href":"https:\/\/analyse.optim.biz\/index.php?rest_route=\/wp\/v2\/posts\/2118459\/revisions"}],"wp:attachment":[{"href":"https:\/\/analyse.optim.biz\/index.php?rest_route=%2Fwp%2Fv2%2Fmedia&parent=2118459"}],"wp:term":[{"taxonomy":"category","embeddable":true,"href":"https:\/\/analyse.optim.biz\/index.php?rest_route=%2Fwp%2Fv2%2Fcategories&post=2118459"},{"taxonomy":"post_tag","embeddable":true,"href":"https:\/\/analyse.optim.biz\/index.php?rest_route=%2Fwp%2Fv2%2Ftags&post=2118459"}],"curies":[{"name":"wp","href":"https:\/\/api.w.org\/{rel}","templated":true}]}}