{"id":2118457,"date":"2026-08-28T04:29:59","date_gmt":"2026-08-28T01:29:59","guid":{"rendered":"https:\/\/analyse.optim.biz\/?p=2118457"},"modified":"2026-08-28T04:29:59","modified_gmt":"2026-08-28T01:29:59","slug":"lucefarul-buzau-start-in-noul-sezon-al-ligii-1-de-futsal","status":"publish","type":"post","link":"https:\/\/analyse.optim.biz\/?p=2118457","title":{"rendered":"Lucef\u0103rul Buz\u0103u, start \u00een noul sezon al Ligii 1 de Futsal!"},"content":{"rendered":"<p>[analyse_image type=&#8221;featured&#8221; src=&#8221;https:\/\/buzaumedia.ro\/wp-content\/uploads\/2026\/08\/futsal.jpghttps:\/\/buzaumedia.ro\/wp-content\/uploads\/2026\/08\/futsal.jpg&#8221;]<\/p>\n<div class=\"entry-content rbct clearfix is-highlight-shares\">\n<p>Se anun\u021b\u0103 un nou sezon extrem de disputat \u00een Liga 1 de Futsal.<br \/>\nLuceaf\u0103rul Buz\u0103u va \u00eencepe campionatul \u00een deplasare, pe 29 august, pe<br \/>\nterenul Universit\u0103\u021bii Craiova, una dintre echipele noi ale edi\u021biei<br \/>\n2026-2027.<br \/>\nPrima lig\u0103 de fotbal \u00een sal\u0103 va avea \u00een acest sezon opt echipe.<br \/>\nAl\u0103turi de Luceaf\u0103rul Buz\u0103u, \u00een competi\u021bie se se mai afl\u0103 United<br \/>\nGala\u021bi, Sepsi SIC, CSM T\u00e2rgu Mure\u0219, CSM Odorheiu Secuiesc \u0219i West<br \/>\nDeva. Alte dou\u0103 forma\u021bii evolueaz\u0103 prima dat\u0103 \u00een Liga 1. ACS Real<br \/>\nOltenia Roji\u0219te este nou-promovat\u0103, iar Universitatea Craiova este nou<br \/>\n\u00eenscris\u0103, \u00een urma unui parteneriat cu ACS CFR Romgaz Craiova.<br \/>\n\u00cen acest sezon, campionatul se va disputa \u00eentr-un format modificat<br \/>\nfa\u021b\u0103 de edi\u021biile precedente. Sezonul regular se va disputa \u00een sistem<br \/>\ntur-retur-tur, astfel c\u0103 fiecare echip\u0103 va juca c\u00e2te 21 de partide<br \/>\n\u00eenaintea fazelor eliminatorii. Dup\u0103 primele 14 etape, se va intra \u00een<br \/>\nturul trei, iar \u00eemperecherea forma\u021biilor se va face dup\u0103 tabela<br \/>\nBerger, numerele echipelor fiind acelea\u0219i cu pozi\u021bia ocupat\u0103 \u00een<br \/>\nclasament.<br \/>\nLa finalul sezonului regular, primele \u0219ase clasate vor juca \u00een<br \/>\nplay-off, iar forma\u021biile de pe pe locurile 7 \u0219i 8 vor intra \u00een<br \/>\nplay-out \u0219i vor avea o confruntare \u00een sistem \u201ecel mai bun din trei\u201d.<br \/>\nEchipa \u00eenvins\u0103 \u00een play-out va retrograda direct \u00een Liga 2, iar<br \/>\nc\u00e2\u0219tig\u0103toarea va juca un baraj tur-retur pentru men\u021binerea \u00een Liga 1<br \/>\ncu ocupanta locului secund din Liga 2.<\/p>\n<div id=\"gallery-1\" class=\"gallery galleryid-189463 gallery-columns-3 gallery-size-thumbnail\">\n<figure class=\"gallery-item\">\n<div class=\"gallery-icon landscape\"><a href=\"https:\/\/buzaumedia.ro\/stiri-buzau\/fwd-lucefarul-buzau-start-in-noul-sezon-al-ligii-1-de-futsal\/attachment\/futsal-22\/\"><img loading=\"lazy\" decoding=\"async\" width=\"128\" height=\"96\" src=\"https:\/\/buzaumedia.ro\/wp-content\/uploads\/2026\/08\/futsal.jpg\" class=\"attachment-thumbnail size-thumbnail\" alt><\/a><\/div>\n<\/figure>\n<\/div>\n<\/div>\n<p>[analyse_source url=&#8221;https:\/\/buzaumedia.ro\/stiri-buzau\/fwd-lucefarul-buzau-start-in-noul-sezon-al-ligii-1-de-futsal\/&#8221;]<\/p>\n","protected":false},"excerpt":{"rendered":"<p>[analyse_image type=&#8221;featured&#8221; src=&#8221;https:\/\/buzaumedia.ro\/wp-content\/uploads\/2026\/08\/futsal.jpghttps:\/\/buzaumedia.ro\/wp-content\/uploads\/2026\/08\/futsal.jpg&#8221;] Se anun\u021b\u0103 un nou sezon extrem de disputat \u00een Liga 1 de Futsal. Luceaf\u0103rul Buz\u0103u va \u00eencepe campionatul \u00een deplasare, pe 29 august, pe terenul Universit\u0103\u021bii Craiova, una dintre echipele noi ale edi\u021biei 2026-2027. Prima lig\u0103 de fotbal \u00een sal\u0103 va avea \u00een acest sezon opt echipe. Al\u0103turi de Luceaf\u0103rul Buz\u0103u, \u00een [&hellip;]<\/p>\n","protected":false},"author":1,"featured_media":0,"comment_status":"open","ping_status":"","sticky":false,"template":"","format":"standard","meta":{"footnotes":""},"categories":[2],"tags":[66,226],"class_list":["post-2118457","post","type-post","status-publish","format-standard","hentry","category-politics","tag-buzaumedia-ro","tag-crawlmanager"],"_links":{"self":[{"href":"https:\/\/analyse.optim.biz\/index.php?rest_route=\/wp\/v2\/posts\/2118457","targetHints":{"allow":["GET"]}}],"collection":[{"href":"https:\/\/analyse.optim.biz\/index.php?rest_route=\/wp\/v2\/posts"}],"about":[{"href":"https:\/\/analyse.optim.biz\/index.php?rest_route=\/wp\/v2\/types\/post"}],"author":[{"embeddable":true,"href":"https:\/\/analyse.optim.biz\/index.php?rest_route=\/wp\/v2\/users\/1"}],"replies":[{"embeddable":true,"href":"https:\/\/analyse.optim.biz\/index.php?rest_route=%2Fwp%2Fv2%2Fcomments&post=2118457"}],"version-history":[{"count":0,"href":"https:\/\/analyse.optim.biz\/index.php?rest_route=\/wp\/v2\/posts\/2118457\/revisions"}],"wp:attachment":[{"href":"https:\/\/analyse.optim.biz\/index.php?rest_route=%2Fwp%2Fv2%2Fmedia&parent=2118457"}],"wp:term":[{"taxonomy":"category","embeddable":true,"href":"https:\/\/analyse.optim.biz\/index.php?rest_route=%2Fwp%2Fv2%2Fcategories&post=2118457"},{"taxonomy":"post_tag","embeddable":true,"href":"https:\/\/analyse.optim.biz\/index.php?rest_route=%2Fwp%2Fv2%2Ftags&post=2118457"}],"curies":[{"name":"wp","href":"https:\/\/api.w.org\/{rel}","templated":true}]}}