{"id":2118456,"date":"2026-08-28T04:30:29","date_gmt":"2026-08-28T01:30:29","guid":{"rendered":"https:\/\/analyse.optim.biz\/?p=2118456"},"modified":"2026-08-28T04:30:29","modified_gmt":"2026-08-28T01:30:29","slug":"noi-restrictii-de-circulatie-pe-strada-frasinet","status":"publish","type":"post","link":"https:\/\/analyse.optim.biz\/?p=2118456","title":{"rendered":"Noi restric\u021bii de circula\u021bie pe strada Fr\u0103sinet!"},"content":{"rendered":"<p>[analyse_image type=&#8221;featured&#8221; src=&#8221;https:\/\/buzaumedia.ro\/wp-content\/uploads\/2026\/08\/frasinet-1.jpghttps:\/\/buzaumedia.ro\/wp-content\/uploads\/2026\/08\/frasinet-1.jpg&#8221;]<\/p>\n<div class=\"entry-content rbct clearfix is-highlight-shares\">\n<p>Lucr\u0103rile avanseaz\u0103 pe una dintre cele mai circulate artere din<br \/>\nmunicipiul Buz\u0103u. Este vorba despre strada Fr\u0103sinet, care se afl\u0103 \u00een<br \/>\nreabilitare, \u00eenc\u0103 de la jum\u0103tate lunii aprilie. Lucr\u0103rile au ajuns la<br \/>\njum\u0103tate \u0219i vor continua pe tronsonul dintre strada Chiristigii \u0219i<br \/>\nstrada Mesteac\u0103nului.<br \/>\nEste \u0219i motivul pentru care Prim\u0103ria Buz\u0103u a impus restric\u021bii<br \/>\ntemporare de circula\u021bie pe segmentul dintre Chiristigii \u0219i<br \/>\nMesteac\u0103nului. Mai pr\u00e9cis, pe acest tronson ma\u0219inile vor circula pe o<br \/>\nsingur\u0103 band\u0103, \u00een regim de sens unic, dinspre strada Mesteac\u0103nului<br \/>\nc\u0103tre strada Chiristigii.<br \/>\n\u00cen continuare, responsabilii Prim\u0103riei Buz\u0103u \u00eei sf\u0103tuiesc pe \u0219oferii<br \/>\ncare ajung \u00een zona Fr\u0103sinet s\u0103 circule cu pruden\u021b\u0103 pe por\u021biunile pe<br \/>\ncare se lucreaz\u0103 \u0219i sunt impuse restric\u021bii de circula\u021bie sau s\u0103<br \/>\nfoloseasc\u0103 trasee alternative.<\/p>\n<div id=\"gallery-1\" class=\"gallery galleryid-189469 gallery-columns-3 gallery-size-thumbnail\">\n<figure class=\"gallery-item\">\n<div class=\"gallery-icon landscape\"><a href=\"https:\/\/buzaumedia.ro\/stiri-buzau\/fwd-noi-restrictii-de-circulatie-pe-strada-frasinet\/attachment\/frasinet-1\/\"><img loading=\"lazy\" decoding=\"async\" width=\"128\" height=\"69\" src=\"https:\/\/buzaumedia.ro\/wp-content\/uploads\/2026\/08\/frasinet-1.jpg\" class=\"attachment-thumbnail size-thumbnail\" alt><\/a><\/div>\n<\/figure>\n<\/div>\n<\/div>\n<p>[analyse_source url=&#8221;https:\/\/buzaumedia.ro\/stiri-buzau\/fwd-noi-restrictii-de-circulatie-pe-strada-frasinet\/&#8221;]<\/p>\n","protected":false},"excerpt":{"rendered":"<p>[analyse_image type=&#8221;featured&#8221; src=&#8221;https:\/\/buzaumedia.ro\/wp-content\/uploads\/2026\/08\/frasinet-1.jpghttps:\/\/buzaumedia.ro\/wp-content\/uploads\/2026\/08\/frasinet-1.jpg&#8221;] Lucr\u0103rile avanseaz\u0103 pe una dintre cele mai circulate artere din municipiul Buz\u0103u. Este vorba despre strada Fr\u0103sinet, care se afl\u0103 \u00een reabilitare, \u00eenc\u0103 de la jum\u0103tate lunii aprilie. Lucr\u0103rile au ajuns la jum\u0103tate \u0219i vor continua pe tronsonul dintre strada Chiristigii \u0219i strada Mesteac\u0103nului. Este \u0219i motivul pentru care Prim\u0103ria Buz\u0103u a [&hellip;]<\/p>\n","protected":false},"author":1,"featured_media":0,"comment_status":"open","ping_status":"","sticky":false,"template":"","format":"standard","meta":{"footnotes":""},"categories":[2],"tags":[66,226],"class_list":["post-2118456","post","type-post","status-publish","format-standard","hentry","category-politics","tag-buzaumedia-ro","tag-crawlmanager"],"_links":{"self":[{"href":"https:\/\/analyse.optim.biz\/index.php?rest_route=\/wp\/v2\/posts\/2118456","targetHints":{"allow":["GET"]}}],"collection":[{"href":"https:\/\/analyse.optim.biz\/index.php?rest_route=\/wp\/v2\/posts"}],"about":[{"href":"https:\/\/analyse.optim.biz\/index.php?rest_route=\/wp\/v2\/types\/post"}],"author":[{"embeddable":true,"href":"https:\/\/analyse.optim.biz\/index.php?rest_route=\/wp\/v2\/users\/1"}],"replies":[{"embeddable":true,"href":"https:\/\/analyse.optim.biz\/index.php?rest_route=%2Fwp%2Fv2%2Fcomments&post=2118456"}],"version-history":[{"count":0,"href":"https:\/\/analyse.optim.biz\/index.php?rest_route=\/wp\/v2\/posts\/2118456\/revisions"}],"wp:attachment":[{"href":"https:\/\/analyse.optim.biz\/index.php?rest_route=%2Fwp%2Fv2%2Fmedia&parent=2118456"}],"wp:term":[{"taxonomy":"category","embeddable":true,"href":"https:\/\/analyse.optim.biz\/index.php?rest_route=%2Fwp%2Fv2%2Fcategories&post=2118456"},{"taxonomy":"post_tag","embeddable":true,"href":"https:\/\/analyse.optim.biz\/index.php?rest_route=%2Fwp%2Fv2%2Ftags&post=2118456"}],"curies":[{"name":"wp","href":"https:\/\/api.w.org\/{rel}","templated":true}]}}