{"id":2118454,"date":"2026-08-29T07:04:13","date_gmt":"2026-08-29T04:04:13","guid":{"rendered":"https:\/\/analyse.optim.biz\/?p=2118454"},"modified":"2026-08-29T07:04:13","modified_gmt":"2026-08-29T04:04:13","slug":"megaproiectul-promis-de-toma-inca-din-2016-prinde-contur-pasaj-peste-calea-ferata-intre-aurel-vlaicu-si","status":"publish","type":"post","link":"https:\/\/analyse.optim.biz\/?p=2118454","title":{"rendered":"Megaproiectul promis de Toma \u00eenc\u0103 din 2016 prinde contur. Pasaj peste calea ferat\u0103 \u00eentre Aurel Vlaicu \u0219i"},"content":{"rendered":"<p>[analyse_image type=&#8221;featured&#8221; src=&#8221;https:\/\/stiridinsursebuzau.ro\/wp-content\/uploads\/2026\/08\/Constantin-Toma.png&#8221;]<\/p>\n<article class=\"page-content-single small single\">\n<div id=\"stiri-3888870220\" class=\"stiri-inainte-de-continut-14 stiri-entity-placement\"><a href=\"https:\/\/www.shoppingcitybuzau.ro\/\" aria-label=\"NEPI_Buzau_Card Colac_1274x158\"><img decoding=\"async\" loading=\"lazy\" src=\"https:\/\/stiridinsursebuzau.ro\/wp-content\/uploads\/2026\/08\/NEPI_Buzau_Card-Colac_1274x158.jpg\" alt width=\"1274\" height=\"158\"><\/a><\/div>\n<div id=\"stiri-835287525\" class=\"stiri-inainte-de-continut-3 stiri-entity-placement\"><a href=\"https:\/\/buzau.21k.ro\/\" aria-label=\"900\u00d7200\"><img decoding=\"async\" loading=\"lazy\" src=\"https:\/\/stiridinsursebuzau.ro\/wp-content\/uploads\/2026\/07\/900x200.gif\" alt width=\"900\" height=\"200\"><\/a><\/div>\n<p class=\"wp-block-paragraph\"><strong>Unul dintre proiectele majore de infrastructur\u0103 despre care s-a vorbit la Buz\u0103u \u00eenc\u0103 din 2016 intr\u0103 \u00eentr-o nou\u0103 etap\u0103. Prim\u0103ria Municipiului Buz\u0103u a demarat procedura de informare public\u0103 pentru realizarea unui pasaj care s\u0103 conecteze strada Aurel Vlaicu \u2013 zona <a href=\"https:\/\/stiridinsursebuzau.ro\/incendiu-in-mihai-viteazul-o-fabrica-a-luat-foc-mesaj-ro-alert\/\">Mihai Viteazul<\/a> \u2013 cu zona G\u0103rii \u0219i a Autog\u0103rii. Investi\u021bia ar urma s\u0103 creeze o nou\u0103 leg\u0103tur\u0103 peste liniile de cale ferat\u0103 \u0219i s\u0103 reduc\u0103 presiunea de pe actualul pasaj de la Dr\u0103gaic\u0103.<\/strong><\/p>\n<p class=\"wp-block-paragraph\">Prim\u0103ria Buz\u0103u a publicat, pe 28 august 2026, anun\u021bul privind etapa preg\u0103titoare elabor\u0103rii Planului Urbanistic Zonal pentru proiectul <strong>\u201ePasaj strada Aurel Vlaicu \u2013 conectare zona industriilor cu zona g\u0103rii\u201d<\/strong>.<\/p>\n<p class=\"wp-block-paragraph\">Potrivit documentului emis de Serviciul de Urbanism \u0219i Dezvoltare Urban\u0103, PUZ-ul vizeaz\u0103 terenurile identificate cu numerele cadastrale <strong>68437, \u00een strada Aurel Vlaicu, \u0219i 69018, \u00een Bulevardul Republicii<\/strong>.<\/p>\n<h3 class=\"wp-block-heading\">O nou\u0103 leg\u0103tur\u0103 \u00eentre Mihai Viteazul \u0219i Gara Buz\u0103u<\/h3>\n<figure class=\"wp-block-image size-large\"><img loading=\"lazy\" decoding=\"async\" width=\"1024\" height=\"427\" src=\"https:\/\/stiridinsursebuzau.ro\/wp-content\/uploads\/2026\/08\/pod-mihai-viteazul-1024x427.png\" alt class=\"wp-image-48569\"><\/figure>\n<p class=\"wp-block-paragraph\">Proiectul presupune realizarea unei noi travers\u0103ri a magistralei feroviare care separ\u0103 zona industrial\u0103 \u0219i cartierul Mihai Viteazul de zona G\u0103rii.<\/p>\n<p class=\"wp-block-paragraph\">Practic, noua infrastructur\u0103 ar urma s\u0103 ofere \u0219oferilor o alternativ\u0103 la traseul actual prin <strong>pasajul de la Dr\u0103gaic\u0103<\/strong>, una dintre principalele c\u0103i de acces \u00eentre partea de sud \u0219i zona central\u0103 a municipiului.<\/p>\n<p class=\"wp-block-paragraph\">Leg\u0103tura ar urma s\u0103 porneasc\u0103 din zona <strong>str\u0103zii Aurel Vlaicu \u2013 Mihai Viteazul<\/strong>, s\u0103 traverseze liniile de cale ferat\u0103 \u0219i s\u0103 ajung\u0103 \u00een zona <strong>G\u0103rii \u0219i Autog\u0103rii Buz\u0103u<\/strong>, oferind astfel un acces mult mai rapid spre centrul ora\u0219ului.<\/p>\n<p class=\"wp-block-paragraph\">Pentru locuitorii din Mihai Viteazul \u0219i din zona industrial\u0103, dar \u0219i pentru miile de \u0219oferi care tranziteaz\u0103 zilnic aceast\u0103 parte a municipiului, proiectul ar putea \u00eensemna eliminarea unui ocol important \u0219i, mai ales, o distribuire mai bun\u0103 a traficului.<\/p>\n<h3 class=\"wp-block-heading\">Proiect promis \u00eenc\u0103 din 2016<\/h3>\n<p class=\"wp-block-paragraph\">Ideea unui pasaj care s\u0103 lege zona Aurel Vlaicu de Gara Buz\u0103u nu este una nou\u0103. Proiectul se afl\u0103 pe lista investi\u021biilor discutate de administra\u021bia condus\u0103 de primarul <strong>Constantin Toma \u00eenc\u0103 din 2016<\/strong>, \u00eens\u0103 realizarea lui presupune o interven\u021bie complex\u0103, av\u00e2nd \u00een vedere traversarea infrastructurii feroviare.<\/p>\n<p class=\"wp-block-paragraph\">La aproape zece ani distan\u021b\u0103, proiectul face acum un pas administrativ concret prin preg\u0103tirea documenta\u021biei urbanistice.<\/p>\n<p class=\"wp-block-paragraph\">\u00cen anun\u021bul public din 28 august, municipalitatea precizeaz\u0103 c\u0103 proprietarii \u0219i vecinii terenurilor din zona studiat\u0103 pot transmite puncte de vedere \u0219i observa\u021bii <strong>p\u00e2n\u0103 la data de 27 septembrie 2026<\/strong>. R\u0103spunsurile la observa\u021biile formulate urmeaz\u0103 s\u0103 fie publicate de Prim\u0103ria Buz\u0103u \u00een perioada <strong>28 septembrie \u2013 12 octombrie 2026<\/strong>.<\/p>\n<h3 class=\"wp-block-heading\">Ar putea schimba radical circula\u021bia din aceast\u0103 parte a Buz\u0103ului<\/h3>\n<p class=\"wp-block-paragraph\">Miza investi\u021biei este una important\u0103. \u00cen prezent, o mare parte din traficul care trebuie s\u0103 traverseze calea ferat\u0103 este concentrat \u00een zona pasajului Dr\u0103gaic\u0103.<\/p>\n<p class=\"wp-block-paragraph\">O nou\u0103 leg\u0103tur\u0103 Aurel Vlaicu \u2013 Gara Buz\u0103u ar putea prelua o parte dintre aceste ma\u0219ini \u0219i ar putea asigura acces direct c\u0103tre <strong>Autogar\u0103, Gar\u0103, Bulevardul 1 Decembrie 1918 \u0219i zona central\u0103<\/strong>.<\/p>\n<p class=\"wp-block-paragraph\">Proiectul se afl\u0103 \u00eens\u0103 \u00een acest moment \u00een faza de preg\u0103tire urbanistic\u0103. Elaborarea PUZ-ului reprezint\u0103 un pas necesar \u00eenaintea etapelor tehnice \u0219i administrative care vor stabili inclusiv configura\u021bia final\u0103, costurile \u0219i calendarul efectiv al investi\u021biei.<\/p>\n<p class=\"wp-block-paragraph\"><strong>Dac\u0103 va ajunge la execu\u021bie, pasajul Aurel Vlaicu \u2013 Gara Buz\u0103u ar putea deveni una dintre cele mai importante investi\u021bii rutiere realizate \u00een municipiu \u00een ultimii ani, schimb\u00e2nd semnificativ circula\u021bia dintre Mihai Viteazul, zona industrial\u0103 \u0219i centrul ora\u0219ului.<\/strong><\/p>\n<div data-wp-interactive=\"core\/file\" class=\"wp-block-file\"><a id=\"wp-block-file--media-17ae9473-b64d-4bd7-9450-4520cd5e89dd\" href=\"https:\/\/stiridinsursebuzau.ro\/wp-content\/uploads\/2026\/08\/Anunt-public-fara-semnaturi.pdf\">Anunt public \u2013 fara semnaturi<\/a><a href=\"https:\/\/stiridinsursebuzau.ro\/wp-content\/uploads\/2026\/08\/Anunt-public-fara-semnaturi.pdf\" class=\"wp-block-file__button wp-element-button\" download aria-describedby=\"wp-block-file--media-17ae9473-b64d-4bd7-9450-4520cd5e89dd\">Descarc\u0103<\/a><\/div>\n<div class=\"post-views content-post post-48566 entry-meta load-static\" data-pvc-type=\"post\" data-pvc-id=\"48566\"><span class=\"post-views-label\">Vizualiz\u0103ri \u0219tire:<\/span><span class=\"post-views-count\">1.481<\/span><\/div>\n<div id=\"stiri-4080894263\" class=\"stiri-dupa-continut-2 stiri-entity-placement\"><a href=\"https:\/\/rapidservicebuzau.ro\/\" aria-label=\"RAPID SUPER SERVICE\"><img decoding=\"async\" loading=\"lazy\" src=\"https:\/\/stiridinsursebuzau.ro\/wp-content\/uploads\/2026\/02\/ChatGPT-Image-10-feb.-2026-22_24_01.png\" alt width=\"1536\" height=\"1024\"><\/a><\/div>\n<div id=\"stiri-2677065763\" class=\"stiri-dupa-continut_2 stiri-entity-placement\"><a href=\"https:\/\/www.facebook.com\/profile.php?id=61564932526740\" aria-label=\"Glamour Pizza &quot;la patrat&quot;\"><img decoding=\"async\" loading=\"lazy\" src=\"https:\/\/stiridinsursebuzau.ro\/wp-content\/uploads\/2026\/02\/ChatGPT-Image-10-feb.-2026-21_57_13.png\" alt=\"Glamour Pizza &quot;la patrat&quot;\" width=\"1536\" height=\"1024\"><\/a><\/div>\n<div id=\"stiri-4170247448\" class=\"stiri-dupa-continut_3 stiri-entity-placement\"><a href=\"https:\/\/www.facebook.com\/profile.php?id=61573613380169&amp;locale=ro_RO\" aria-label=\"ChatGPT Image 10 feb. 2026, 22_10_50\"><img decoding=\"async\" loading=\"lazy\" src=\"https:\/\/stiridinsursebuzau.ro\/wp-content\/uploads\/2026\/02\/ChatGPT-Image-10-feb.-2026-22_10_50.png\" alt width=\"1536\" height=\"1024\"><\/a><\/div>\n<div id=\"stiri-3976548357\" class=\"stiri-dupa-continut_4 stiri-entity-placement\"><a href=\"https:\/\/www.facebook.com\/profile.php?id=100077377992379\" aria-label=\"1536 cu 1024 pixeli\"><img decoding=\"async\" loading=\"lazy\" src=\"https:\/\/stiridinsursebuzau.ro\/wp-content\/uploads\/2026\/02\/ChatGPT-Image-20-feb.-2026-14_05_15.png\" alt=\"1536 cu 1024 pixeli\" width=\"1536\" height=\"1024\"><\/a><\/div>\n<div id=\"stiri-902885179\" class=\"stiri-dupa-continut_5 stiri-entity-placement\"><img decoding=\"async\" loading=\"lazy\" src=\"https:\/\/stiridinsursebuzau.ro\/wp-content\/uploads\/2026\/02\/ChatGPT-Image-10-feb.-2026-23_00_56.png\" alt=\"piese tractoare\" width=\"1536\" height=\"1024\"><\/div>\n<nav class=\"navigation post-navigation\" aria-label=\"Articole\">\n<h2 class=\"screen-reader-text\">Navigare \u00een articole<\/h2>\n<div class=\"nav-links\">\n<div class=\"nav-previous\"><a href=\"https:\/\/stiridinsursebuzau.ro\/fiecare-copil-care-alearga-la-buzau-21k-ajuta-un-alt-copil-taxa-de-50-de-lei-de-la-cursa-copiilor-devine-donatie-pentru-programul-ajungem-mari\/\" rel=\"prev\">Fiecare copil care alearg\u0103 la Buz\u0103u 21k ajut\u0103 un alt copil. Taxa de 50 de lei de la Cursa Copiilor devine dona\u021bie pentru programul Ajungem MARI <\/a><\/div>\n<div class=\"nav-next\"><a href=\"https:\/\/stiridinsursebuzau.ro\/primaria-vintila-voda-in-pragul-unui-blocaj-financiar-data-in-judecata-pentru-aproximativ-900-000-de-lei-dupa-problemele-de-la-podul-din-sarbesti\/\" rel=\"next\"> Prim\u0103ria Vintil\u0103 Vod\u0103, \u00een pragul unui blocaj financiar. Dat\u0103 \u00een judecat\u0103 pentru aproximativ 900.000 de lei dup\u0103 problemele de la podul din S\u00e2rbe\u0219ti<\/a><\/div>\n<\/div>\n<\/nav>\n<\/article>\n<article class=\"page-content-single small single\">\n<div id=\"stiri-3888870220\" class=\"stiri-inainte-de-continut-14 stiri-entity-placement\"><a href=\"https:\/\/www.shoppingcitybuzau.ro\/\" aria-label=\"NEPI_Buzau_Card Colac_1274x158\"><img decoding=\"async\" loading=\"lazy\" src=\"https:\/\/stiridinsursebuzau.ro\/wp-content\/uploads\/2026\/08\/NEPI_Buzau_Card-Colac_1274x158.jpg\" alt width=\"1274\" height=\"158\"><\/a><\/div>\n<div id=\"stiri-835287525\" class=\"stiri-inainte-de-continut-3 stiri-entity-placement\"><a href=\"https:\/\/buzau.21k.ro\/\" aria-label=\"900\u00d7200\"><img decoding=\"async\" loading=\"lazy\" src=\"https:\/\/stiridinsursebuzau.ro\/wp-content\/uploads\/2026\/07\/900x200.gif\" alt width=\"900\" height=\"200\"><\/a><\/div>\n<p class=\"wp-block-paragraph\"><strong>Unul dintre proiectele majore de infrastructur\u0103 despre care s-a vorbit la Buz\u0103u \u00eenc\u0103 din 2016 intr\u0103 \u00eentr-o nou\u0103 etap\u0103. Prim\u0103ria Municipiului Buz\u0103u a demarat procedura de informare public\u0103 pentru realizarea unui pasaj care s\u0103 conecteze strada Aurel Vlaicu \u2013 zona <a href=\"https:\/\/stiridinsursebuzau.ro\/incendiu-in-mihai-viteazul-o-fabrica-a-luat-foc-mesaj-ro-alert\/\">Mihai Viteazul<\/a> \u2013 cu zona G\u0103rii \u0219i a Autog\u0103rii. Investi\u021bia ar urma s\u0103 creeze o nou\u0103 leg\u0103tur\u0103 peste liniile de cale ferat\u0103 \u0219i s\u0103 reduc\u0103 presiunea de pe actualul pasaj de la Dr\u0103gaic\u0103.<\/strong><\/p>\n<p class=\"wp-block-paragraph\">Prim\u0103ria Buz\u0103u a publicat, pe 28 august 2026, anun\u021bul privind etapa preg\u0103titoare elabor\u0103rii Planului Urbanistic Zonal pentru proiectul <strong>\u201ePasaj strada Aurel Vlaicu \u2013 conectare zona industriilor cu zona g\u0103rii\u201d<\/strong>.<\/p>\n<p class=\"wp-block-paragraph\">Potrivit documentului emis de Serviciul de Urbanism \u0219i Dezvoltare Urban\u0103, PUZ-ul vizeaz\u0103 terenurile identificate cu numerele cadastrale <strong>68437, \u00een strada Aurel Vlaicu, \u0219i 69018, \u00een Bulevardul Republicii<\/strong>.<\/p>\n<h3 class=\"wp-block-heading\">O nou\u0103 leg\u0103tur\u0103 \u00eentre Mihai Viteazul \u0219i Gara Buz\u0103u<\/h3>\n<figure class=\"wp-block-image size-large\"><img loading=\"lazy\" decoding=\"async\" width=\"1024\" height=\"427\" src=\"https:\/\/stiridinsursebuzau.ro\/wp-content\/uploads\/2026\/08\/pod-mihai-viteazul-1024x427.png\" alt class=\"wp-image-48569\"><\/figure>\n<p class=\"wp-block-paragraph\">Proiectul presupune realizarea unei noi travers\u0103ri a magistralei feroviare care separ\u0103 zona industrial\u0103 \u0219i cartierul Mihai Viteazul de zona G\u0103rii.<\/p>\n<p class=\"wp-block-paragraph\">Practic, noua infrastructur\u0103 ar urma s\u0103 ofere \u0219oferilor o alternativ\u0103 la traseul actual prin <strong>pasajul de la Dr\u0103gaic\u0103<\/strong>, una dintre principalele c\u0103i de acces \u00eentre partea de sud \u0219i zona central\u0103 a municipiului.<\/p>\n<p class=\"wp-block-paragraph\">Leg\u0103tura ar urma s\u0103 porneasc\u0103 din zona <strong>str\u0103zii Aurel Vlaicu \u2013 Mihai Viteazul<\/strong>, s\u0103 traverseze liniile de cale ferat\u0103 \u0219i s\u0103 ajung\u0103 \u00een zona <strong>G\u0103rii \u0219i Autog\u0103rii Buz\u0103u<\/strong>, oferind astfel un acces mult mai rapid spre centrul ora\u0219ului.<\/p>\n<p class=\"wp-block-paragraph\">Pentru locuitorii din Mihai Viteazul \u0219i din zona industrial\u0103, dar \u0219i pentru miile de \u0219oferi care tranziteaz\u0103 zilnic aceast\u0103 parte a municipiului, proiectul ar putea \u00eensemna eliminarea unui ocol important \u0219i, mai ales, o distribuire mai bun\u0103 a traficului.<\/p>\n<h3 class=\"wp-block-heading\">Proiect promis \u00eenc\u0103 din 2016<\/h3>\n<p class=\"wp-block-paragraph\">Ideea unui pasaj care s\u0103 lege zona Aurel Vlaicu de Gara Buz\u0103u nu este una nou\u0103. Proiectul se afl\u0103 pe lista investi\u021biilor discutate de administra\u021bia condus\u0103 de primarul <strong>Constantin Toma \u00eenc\u0103 din 2016<\/strong>, \u00eens\u0103 realizarea lui presupune o interven\u021bie complex\u0103, av\u00e2nd \u00een vedere traversarea infrastructurii feroviare.<\/p>\n<p class=\"wp-block-paragraph\">La aproape zece ani distan\u021b\u0103, proiectul face acum un pas administrativ concret prin preg\u0103tirea documenta\u021biei urbanistice.<\/p>\n<p class=\"wp-block-paragraph\">\u00cen anun\u021bul public din 28 august, municipalitatea precizeaz\u0103 c\u0103 proprietarii \u0219i vecinii terenurilor din zona studiat\u0103 pot transmite puncte de vedere \u0219i observa\u021bii <strong>p\u00e2n\u0103 la data de 27 septembrie 2026<\/strong>. R\u0103spunsurile la observa\u021biile formulate urmeaz\u0103 s\u0103 fie publicate de Prim\u0103ria Buz\u0103u \u00een perioada <strong>28 septembrie \u2013 12 octombrie 2026<\/strong>.<\/p>\n<h3 class=\"wp-block-heading\">Ar putea schimba radical circula\u021bia din aceast\u0103 parte a Buz\u0103ului<\/h3>\n<p class=\"wp-block-paragraph\">Miza investi\u021biei este una important\u0103. \u00cen prezent, o mare parte din traficul care trebuie s\u0103 traverseze calea ferat\u0103 este concentrat \u00een zona pasajului Dr\u0103gaic\u0103.<\/p>\n<p class=\"wp-block-paragraph\">O nou\u0103 leg\u0103tur\u0103 Aurel Vlaicu \u2013 Gara Buz\u0103u ar putea prelua o parte dintre aceste ma\u0219ini \u0219i ar putea asigura acces direct c\u0103tre <strong>Autogar\u0103, Gar\u0103, Bulevardul 1 Decembrie 1918 \u0219i zona central\u0103<\/strong>.<\/p>\n<p class=\"wp-block-paragraph\">Proiectul se afl\u0103 \u00eens\u0103 \u00een acest moment \u00een faza de preg\u0103tire urbanistic\u0103. Elaborarea PUZ-ului reprezint\u0103 un pas necesar \u00eenaintea etapelor tehnice \u0219i administrative care vor stabili inclusiv configura\u021bia final\u0103, costurile \u0219i calendarul efectiv al investi\u021biei.<\/p>\n<p class=\"wp-block-paragraph\"><strong>Dac\u0103 va ajunge la execu\u021bie, pasajul Aurel Vlaicu \u2013 Gara Buz\u0103u ar putea deveni una dintre cele mai importante investi\u021bii rutiere realizate \u00een municipiu \u00een ultimii ani, schimb\u00e2nd semnificativ circula\u021bia dintre Mihai Viteazul, zona industrial\u0103 \u0219i centrul ora\u0219ului.<\/strong><\/p>\n<div data-wp-interactive=\"core\/file\" class=\"wp-block-file\"><a id=\"wp-block-file--media-17ae9473-b64d-4bd7-9450-4520cd5e89dd\" href=\"https:\/\/stiridinsursebuzau.ro\/wp-content\/uploads\/2026\/08\/Anunt-public-fara-semnaturi.pdf\">Anunt public \u2013 fara semnaturi<\/a><a href=\"https:\/\/stiridinsursebuzau.ro\/wp-content\/uploads\/2026\/08\/Anunt-public-fara-semnaturi.pdf\" class=\"wp-block-file__button wp-element-button\" download aria-describedby=\"wp-block-file--media-17ae9473-b64d-4bd7-9450-4520cd5e89dd\">Descarc\u0103<\/a><\/div>\n<div class=\"post-views content-post post-48566 entry-meta load-static\" data-pvc-type=\"post\" data-pvc-id=\"48566\"><span class=\"post-views-label\">Vizualiz\u0103ri \u0219tire:<\/span><span class=\"post-views-count\">1.481<\/span><\/div>\n<div id=\"stiri-4080894263\" class=\"stiri-dupa-continut-2 stiri-entity-placement\"><a href=\"https:\/\/rapidservicebuzau.ro\/\" aria-label=\"RAPID SUPER SERVICE\"><img decoding=\"async\" loading=\"lazy\" src=\"https:\/\/stiridinsursebuzau.ro\/wp-content\/uploads\/2026\/02\/ChatGPT-Image-10-feb.-2026-22_24_01.png\" alt width=\"1536\" height=\"1024\"><\/a><\/div>\n<div id=\"stiri-2677065763\" class=\"stiri-dupa-continut_2 stiri-entity-placement\"><a href=\"https:\/\/www.facebook.com\/profile.php?id=61564932526740\" aria-label=\"Glamour Pizza &quot;la patrat&quot;\"><img decoding=\"async\" loading=\"lazy\" src=\"https:\/\/stiridinsursebuzau.ro\/wp-content\/uploads\/2026\/02\/ChatGPT-Image-10-feb.-2026-21_57_13.png\" alt=\"Glamour Pizza &quot;la patrat&quot;\" width=\"1536\" height=\"1024\"><\/a><\/div>\n<div id=\"stiri-4170247448\" class=\"stiri-dupa-continut_3 stiri-entity-placement\"><a href=\"https:\/\/www.facebook.com\/profile.php?id=61573613380169&amp;locale=ro_RO\" aria-label=\"ChatGPT Image 10 feb. 2026, 22_10_50\"><img decoding=\"async\" loading=\"lazy\" src=\"https:\/\/stiridinsursebuzau.ro\/wp-content\/uploads\/2026\/02\/ChatGPT-Image-10-feb.-2026-22_10_50.png\" alt width=\"1536\" height=\"1024\"><\/a><\/div>\n<div id=\"stiri-3976548357\" class=\"stiri-dupa-continut_4 stiri-entity-placement\"><a href=\"https:\/\/www.facebook.com\/profile.php?id=100077377992379\" aria-label=\"1536 cu 1024 pixeli\"><img decoding=\"async\" loading=\"lazy\" src=\"https:\/\/stiridinsursebuzau.ro\/wp-content\/uploads\/2026\/02\/ChatGPT-Image-20-feb.-2026-14_05_15.png\" alt=\"1536 cu 1024 pixeli\" width=\"1536\" height=\"1024\"><\/a><\/div>\n<div id=\"stiri-902885179\" class=\"stiri-dupa-continut_5 stiri-entity-placement\"><img decoding=\"async\" loading=\"lazy\" src=\"https:\/\/stiridinsursebuzau.ro\/wp-content\/uploads\/2026\/02\/ChatGPT-Image-10-feb.-2026-23_00_56.png\" alt=\"piese tractoare\" width=\"1536\" height=\"1024\"><\/div>\n<nav class=\"navigation post-navigation\" aria-label=\"Articole\">\n<h2 class=\"screen-reader-text\">Navigare \u00een articole<\/h2>\n<div class=\"nav-links\">\n<div class=\"nav-previous\"><a href=\"https:\/\/stiridinsursebuzau.ro\/fiecare-copil-care-alearga-la-buzau-21k-ajuta-un-alt-copil-taxa-de-50-de-lei-de-la-cursa-copiilor-devine-donatie-pentru-programul-ajungem-mari\/\" rel=\"prev\">Fiecare copil care alearg\u0103 la Buz\u0103u 21k ajut\u0103 un alt copil. Taxa de 50 de lei de la Cursa Copiilor devine dona\u021bie pentru programul Ajungem MARI <\/a><\/div>\n<div class=\"nav-next\"><a href=\"https:\/\/stiridinsursebuzau.ro\/primaria-vintila-voda-in-pragul-unui-blocaj-financiar-data-in-judecata-pentru-aproximativ-900-000-de-lei-dupa-problemele-de-la-podul-din-sarbesti\/\" rel=\"next\"> Prim\u0103ria Vintil\u0103 Vod\u0103, \u00een pragul unui blocaj financiar. Dat\u0103 \u00een judecat\u0103 pentru aproximativ 900.000 de lei dup\u0103 problemele de la podul din S\u00e2rbe\u0219ti<\/a><\/div>\n<\/div>\n<\/nav>\n<\/article>\n<p>[analyse_source url=&#8221;https:\/\/stiridinsursebuzau.ro\/megaproiectul-promis-de-toma-inca-din-2016-prinde-contur-pasaj-peste-calea-ferata-intre-aurel-vlaicu-si-zona-garii\/&#8221;]<\/p>\n","protected":false},"excerpt":{"rendered":"<p>[analyse_image type=&#8221;featured&#8221; src=&#8221;https:\/\/stiridinsursebuzau.ro\/wp-content\/uploads\/2026\/08\/Constantin-Toma.png&#8221;] Unul dintre proiectele majore de infrastructur\u0103 despre care s-a vorbit la Buz\u0103u \u00eenc\u0103 din 2016 intr\u0103 \u00eentr-o nou\u0103 etap\u0103. Prim\u0103ria Municipiului Buz\u0103u a demarat procedura de informare public\u0103 pentru realizarea unui pasaj care s\u0103 conecteze strada Aurel Vlaicu \u2013 zona Mihai Viteazul \u2013 cu zona G\u0103rii \u0219i a Autog\u0103rii. Investi\u021bia ar urma [&hellip;]<\/p>\n","protected":false},"author":1,"featured_media":0,"comment_status":"open","ping_status":"","sticky":false,"template":"","format":"standard","meta":{"footnotes":""},"categories":[2],"tags":[226,60],"class_list":["post-2118454","post","type-post","status-publish","format-standard","hentry","category-politics","tag-crawlmanager","tag-stiridinsursebuzau-ro"],"_links":{"self":[{"href":"https:\/\/analyse.optim.biz\/index.php?rest_route=\/wp\/v2\/posts\/2118454","targetHints":{"allow":["GET"]}}],"collection":[{"href":"https:\/\/analyse.optim.biz\/index.php?rest_route=\/wp\/v2\/posts"}],"about":[{"href":"https:\/\/analyse.optim.biz\/index.php?rest_route=\/wp\/v2\/types\/post"}],"author":[{"embeddable":true,"href":"https:\/\/analyse.optim.biz\/index.php?rest_route=\/wp\/v2\/users\/1"}],"replies":[{"embeddable":true,"href":"https:\/\/analyse.optim.biz\/index.php?rest_route=%2Fwp%2Fv2%2Fcomments&post=2118454"}],"version-history":[{"count":0,"href":"https:\/\/analyse.optim.biz\/index.php?rest_route=\/wp\/v2\/posts\/2118454\/revisions"}],"wp:attachment":[{"href":"https:\/\/analyse.optim.biz\/index.php?rest_route=%2Fwp%2Fv2%2Fmedia&parent=2118454"}],"wp:term":[{"taxonomy":"category","embeddable":true,"href":"https:\/\/analyse.optim.biz\/index.php?rest_route=%2Fwp%2Fv2%2Fcategories&post=2118454"},{"taxonomy":"post_tag","embeddable":true,"href":"https:\/\/analyse.optim.biz\/index.php?rest_route=%2Fwp%2Fv2%2Ftags&post=2118454"}],"curies":[{"name":"wp","href":"https:\/\/api.w.org\/{rel}","templated":true}]}}