{"id":2118444,"date":"2026-08-29T18:35:39","date_gmt":"2026-08-29T15:35:39","guid":{"rendered":"https:\/\/analyse.optim.biz\/?p=2118444"},"modified":"2026-08-29T18:35:39","modified_gmt":"2026-08-29T15:35:39","slug":"oana-toiu-replica-la-acuzatiile-ambasadorului-rus-la-chisinau-rusia-recunoaste-de-fapt-ca-a-pierdut","status":"publish","type":"post","link":"https:\/\/analyse.optim.biz\/?p=2118444","title":{"rendered":"Oana \u021aoiu, replic\u0103 la acuza\u021biile ambasadorului rus la Chi\u0219in\u0103u: \u201eRusia recunoa\u0219te de fapt c\u0103 a pierdut&#8230;"},"content":{"rendered":"<p>[analyse_image type=&#8221;featured&#8221; src=&#8221;https:\/\/s.iw.ro\/gateway\/g\/ZmlsZVNvdXJjZT1odHRwJTNBJTJGJTJG\/c3RvcmFnZTA4dHJhbnNjb2Rlci5yY3Mt\/cmRzLnJvJTJGc3RvcmFnZSUyRjIwMjYl\/MkYwNyUyRjA2JTJGMjgzNjQ4NV8yODM2\/NDg1X1doYXRzQXBwLUltYWdlLTIwMjYt\/MDctMDYtYXQtMTBfMzNfMTItUE0uanBl\/ZyZ3PTEyMDAmaD02MzAmemM9MSZoYXNo\/PTFlNzAyNmNhNjYzMTIzYjcwZmU5MThlNjEzNGI2ZGJm.thumb.jpg&#8221;]<\/p>\n<div class=\"entry data-app-meta data-app-meta-article\" data-embed-base-url-canonical=\"https:\/\/www.digi24.ro\/embed\/stiri\/actualitate\/politica\/oana-toiu-replica-la-acuzatiile-ambasadorului-rus-la-chisinau-rusia-recunoaste-de-fapt-ca-a-pierdut-controlul-3927017\">\n<p data-index=\"1\"><strong>Ministra interimar\u0103 de Externe, Oana \u021aoiu, a declarat s\u00e2mb\u0103t\u0103 seara, la Digi24, privind acuza\u021biile ambasadorului rus la Chi\u0219in\u0103u potrivit c\u0103rora Uniunea European\u0103 \u0219i Rom\u00e2nia vor s\u0103 \u201esubmineze suveranitatea Republicii Moldova\u201d, c\u0103 prin aceste declara\u021bii Rusia recunoa\u0219te de fapt c\u0103 \u201e\u00ee\u0219i pierde din sfera de influen\u021b\u0103\u201d.<\/strong><\/p>\n<p data-index=\"2\">\u201eSunt de fapt declara\u021bii ale Rusiei prin care recunoa\u0219te c\u0103 \u00ee\u0219i pierde din sfera de influen\u021b\u0103, cu siguran\u021b\u0103 \u0219i-au pierdut \u0219i controlul. Cet\u0103\u021benii din Republica Moldova sunt pe drumul ireversibil de aderare la Uniunea European\u0103. De altfel, o reu\u0219it\u0103 extraordinar\u0103 a muncii din ultimul an \u0219i a ultimilor ani de zile este deschiderea a dou\u0103 clustere de negociere \u0219i vrem s\u0103 le deschidem pe toate p\u00e2n\u0103 la sf\u00e2r\u0219itul anului pentru aderarea la Uniunea European\u0103 a Moldovei.<\/p>\n<p data-index=\"3\">Ei sunt pe un drum ireversibil pe calea european\u0103, sigur, ireversibil din perspectiva voin\u021bei cet\u0103\u021benilor, trebuie s\u0103 facem \u0219i \u00een interiorul UE munca diplomatic\u0103, ca toate statele s\u0103 fie aliniate cu acordul respectiv. Dar Rusia reac\u021bioneaz\u0103 la aceast\u0103 eviden\u021b\u0103. Ei nu mai pot s\u0103 concureze, realist vorbind, \u00een scenariile de viitor, nici pentru \u021b\u0103ri ca Rom\u00e2nia, nici pentru \u021b\u0103ri membre ale Uniunii Europene, nici pentru \u021b\u0103ri care vor s\u0103 adere la Uniunea European\u0103.<\/p>\n<p data-index=\"4\">Oana \u021aoiu precizeaz\u0103 c\u0103 Moscova investe\u0219te \u00een propagand\u0103 pentru discreditarea NATO \u0219i a Uniunii Europene.<\/p>\n<p data-index=\"5\">\u201eTrebuie s\u0103 ne reamintim c\u0103 Rusia este singura \u021bar\u0103 din lume care investe\u0219te sute de milioane \u00een propagand\u0103. Nu pentru a-\u0219i promova propria reu\u0219it\u0103, pentru c\u0103 aceast\u0103 reu\u0219it\u0103 nu exist\u0103, situa\u021bia lor economic\u0103 este \u00een acest moment profund \u00eengrijor\u0103toare fa\u021b\u0103 de ce poate s\u0103 ofere propriilor cet\u0103\u021beni, ci folosesc ace\u0219ti bani pentru a \u00eencerca s\u0103 vulnerabilizeze perspectiva fa\u021b\u0103 de NATO sau fa\u021b\u0103 de Uniunea European\u0103. \u0218i exact aceea\u0219i dinamic\u0103 o au \u0219i fa\u021b\u0103 de Republica Moldova\u201d, a mai spus \u0219efa MAE.<\/p>\n<p data-index=\"6\">Replica ministrei vine dup\u0103 acuza\u021biile f\u0103cute de ambasadorul rus la Chi\u0219in\u0103u, Oleg Ozerov.<\/p>\n<p data-index=\"7\">\u201e\u00cencerc\u0103rile f\u0103cute \u00een prezent pentru a submina suveranitatea \u015fi statalitatea Republicii Moldova sunt \u00eenso\u0163ite de eforturi de \u015ftergere din memoria public\u0103 a paginilor glorioase ale istoriei ruso-moldovene\u015fti.<\/p>\n<p data-index=\"8\">Tandemul Bruxelles-Bucure\u015fti, care ac\u0163ioneaz\u0103 \u00een acest context &#8211; din p\u0103cate, cu complicitatea autorit\u0103\u0163ilor locale &#8211; prive\u015fte republica exclusiv ca pe o periferie lipsit\u0103 de drepturi \u015fi \u00eenapoiat\u0103, reproduc\u00e2nd modelul neocolonial al dependen\u0163ei unilaterale, familiar elitelor occidentale \u015fi d\u0103un\u0103tor \u00abproteja\u0163ilor\u00bb acestora\u201d, a declarat diplomatul rus.<\/p>\n<p data-index=\"9\"><a href=\"https:\/\/www.digi24.ro\/stiri\/externe\/moldova\/trimisul-lui-putin-la-chisinau-acuza-occidentul-ca-sterge-istoria-ruso-moldoveneasca-si-invoca-tandemul-bruxelles-bucuresti-3926397\" target=\"_blank\" rel=\"noopener\" data-skip-linkfix=\"1\">Cite\u0219te mai mult AICI<\/a><\/p>\n<p> Editor : <a href=\"https:\/\/www.digi24.ro\/autor\/claudia-bancas\"> C.L.B. <\/a><\/p>\n<\/div>\n<p>[analyse_source url=&#8221;https:\/\/www.digi24.ro\/stiri\/actualitate\/politica\/oana-toiu-replica-la-acuzatiile-ambasadorului-rus-la-chisinau-rusia-recunoaste-de-fapt-ca-a-pierdut-controlul-3927017&#8243;]<\/p>\n","protected":false},"excerpt":{"rendered":"<p>[analyse_image type=&#8221;featured&#8221; src=&#8221;https:\/\/s.iw.ro\/gateway\/g\/ZmlsZVNvdXJjZT1odHRwJTNBJTJGJTJG\/c3RvcmFnZTA4dHJhbnNjb2Rlci5yY3Mt\/cmRzLnJvJTJGc3RvcmFnZSUyRjIwMjYl\/MkYwNyUyRjA2JTJGMjgzNjQ4NV8yODM2\/NDg1X1doYXRzQXBwLUltYWdlLTIwMjYt\/MDctMDYtYXQtMTBfMzNfMTItUE0uanBl\/ZyZ3PTEyMDAmaD02MzAmemM9MSZoYXNo\/PTFlNzAyNmNhNjYzMTIzYjcwZmU5MThlNjEzNGI2ZGJm.thumb.jpg&#8221;] Ministra interimar\u0103 de Externe, Oana \u021aoiu, a declarat s\u00e2mb\u0103t\u0103 seara, la Digi24, privind acuza\u021biile ambasadorului rus la Chi\u0219in\u0103u potrivit c\u0103rora Uniunea European\u0103 \u0219i Rom\u00e2nia vor s\u0103 \u201esubmineze suveranitatea Republicii Moldova\u201d, c\u0103 prin aceste declara\u021bii Rusia recunoa\u0219te de fapt c\u0103 \u201e\u00ee\u0219i pierde din sfera de influen\u021b\u0103\u201d. \u201eSunt de fapt declara\u021bii ale Rusiei prin [&hellip;]<\/p>\n","protected":false},"author":1,"featured_media":0,"comment_status":"open","ping_status":"","sticky":false,"template":"","format":"standard","meta":{"footnotes":""},"categories":[89],"tags":[226,11],"class_list":["post-2118444","post","type-post","status-publish","format-standard","hentry","category-romania","tag-crawlmanager","tag-digi24"],"_links":{"self":[{"href":"https:\/\/analyse.optim.biz\/index.php?rest_route=\/wp\/v2\/posts\/2118444","targetHints":{"allow":["GET"]}}],"collection":[{"href":"https:\/\/analyse.optim.biz\/index.php?rest_route=\/wp\/v2\/posts"}],"about":[{"href":"https:\/\/analyse.optim.biz\/index.php?rest_route=\/wp\/v2\/types\/post"}],"author":[{"embeddable":true,"href":"https:\/\/analyse.optim.biz\/index.php?rest_route=\/wp\/v2\/users\/1"}],"replies":[{"embeddable":true,"href":"https:\/\/analyse.optim.biz\/index.php?rest_route=%2Fwp%2Fv2%2Fcomments&post=2118444"}],"version-history":[{"count":0,"href":"https:\/\/analyse.optim.biz\/index.php?rest_route=\/wp\/v2\/posts\/2118444\/revisions"}],"wp:attachment":[{"href":"https:\/\/analyse.optim.biz\/index.php?rest_route=%2Fwp%2Fv2%2Fmedia&parent=2118444"}],"wp:term":[{"taxonomy":"category","embeddable":true,"href":"https:\/\/analyse.optim.biz\/index.php?rest_route=%2Fwp%2Fv2%2Fcategories&post=2118444"},{"taxonomy":"post_tag","embeddable":true,"href":"https:\/\/analyse.optim.biz\/index.php?rest_route=%2Fwp%2Fv2%2Ftags&post=2118444"}],"curies":[{"name":"wp","href":"https:\/\/api.w.org\/{rel}","templated":true}]}}